{"id":57191,"date":"2012-12-07T17:40:45","date_gmt":"2012-12-07T16:40:45","guid":{"rendered":"https:\/\/sandzakpress.net\/arhiva\/?p=57191"},"modified":"2012-12-07T17:40:45","modified_gmt":"2012-12-07T16:40:45","slug":"prekogranicna-saradnja-prijepolja-i-berana","status":"publish","type":"post","link":"https:\/\/sandzakpress.net\/arhiva\/prekogranicna-saradnja-prijepolja-i-berana\/","title":{"rendered":"Prekograni\u010dna saradnja Prijepolja i Berana"},"content":{"rendered":"<p><strong><a href=\"https:\/\/sandzakpress.net\/arhiva\/wp-content\/uploads\/2012\/12\/prekogranicna-saradnja-prijepolja-i-berana.jpg\"><img loading=\"lazy\" decoding=\"async\" class=\"alignleft size-medium wp-image-57192\" title=\"prekogranicna saradnja prijepolja i berana\" src=\"https:\/\/sandzakpress.net\/arhiva\/wp-content\/uploads\/2012\/12\/prekogranicna-saradnja-prijepolja-i-berana-300x201.jpg\" alt=\"\" width=\"300\" height=\"201\" \/><\/a>Prijepolje, Berane &#8211; Pre dvije godine op\u0161tina Prijepolje je zapo\u010dela prekograni\u010dnu sa op\u0161tinom Berane projektom \u201dOdr\u017eivi turizam za jednake \u0161anse\u201d, koji je finansiran od strane Evopske unije.<\/strong><\/p>\n<p>Projekat je zavr\u0161en, a u obe op\u0161tine vidljivi su njegovi rezultati na polju seoskog turizma. Povodom zavr\u0161etka projekta u op\u0161tini Berane odr\u017eana je zavr\u0161na konferencija na kojoj je predstavljeno \u0161ta je sve postignuto za ovaj period.<\/p>\n<p>\u201cSaradnja sa op\u0161tinom Prijepolje bila je na zavidnom nivou. Ono \u0161to je zaista bitno kada se aplicira za sredstava iz Evropske unije i uop\u0161te kod nekih ozbiljnih donatora, jeste izbor partnera. Jer ukoliko napi\u0161emo projekat samo da bi smo dobili sredstva i na\u0111emo partnere da bi smo imali partnere kasnije se u fazi implementacije nai\u0111e na problem i vidi se to ne\u0161to \u0161to je nedostatak kapaciteta odre\u0111enih partnera. Mi smo u ovom projektu imali sre\u0107e da i jedni i drugi smo imali odre\u0111enih kapaciteta za implementaciju projekta, nadopunjavali smo se me\u0111usobno, u hodu smo u\u010dili neke stvari, neke smo ve\u0107 znali\u201d- Istakla je Olja Stojanovi\u0107 &#8211; menad\u017eer projekta.<\/p>\n<p>Ovaj projekat \u0107e biti dobar po\u010detak za dalji rad op\u0161tine Prijepolje na razvoju turizma, istakao je menad\u017eer projekta, Dragi\u0161a Rakonjac: \u201cMogu re\u0107i da je ovaj projekat sa nizom svojih aktivnosti i nizom analiza postoje\u0107eg stanja, jedna izvanredna podloga za pisanje nekih ozbiljnijih projekata koji se ti\u010du odr\u017eivog razvoja na jednoj i drugoj \u0161ansi. Projekat je dotakao mnoge ciljne grupe, uradio je mnoge aktivnosti i snimio stanja, a sa druge strane mo\u017ee biti \u0161ansa za neke nove projekte\u201d.<\/p>\n<p>I Prijepolje i Berane su krajevi koji imaju izuzetne prirodne uslove, prisutno je bogato kulturno-istorijsko nasle\u0111e, no da bi sve ovo privuklo potencijalne turiste potrebno je jo\u0161u laganja, jo\u0161 ovakvih i njemu sli\u010dnih projekata.<\/p>\n<p>(Rtv NP)<\/p>\n<div><strong><br \/>\n<\/strong><\/div>\n","protected":false},"excerpt":{"rendered":"<p>Prijepolje, Berane &#8211; Pre dvije godine op\u0161tina Prijepolje je zapo\u010dela prekograni\u010dnu sa op\u0161tinom Berane projektom \u201dOdr\u017eivi turizam za jednake \u0161anse\u201d, koji je finansiran od strane Evopske unije. Projekat je zavr\u0161en, a u obe op\u0161tine vidljivi su njegovi rezultati na polju seoskog turizma. Povodom zavr\u0161etka projekta u op\u0161tini Berane odr\u017eana je zavr\u0161na konferencija na kojoj je [&hellip;]<\/p>\n","protected":false},"author":16,"featured_media":57192,"comment_status":"open","ping_status":"open","sticky":false,"template":"","format":"standard","meta":{"footnotes":""},"categories":[397,1,392],"tags":[],"class_list":{"0":"post-57191","1":"post","2":"type-post","3":"status-publish","4":"format-standard","5":"has-post-thumbnail","7":"category-berane","8":"category-politika","9":"category-prijepolje_"},"yoast_head":"<!-- This site is optimized with the Yoast SEO Premium plugin v23.1 (Yoast SEO v24.9) - https:\/\/yoast.com\/wordpress\/plugins\/seo\/ -->\n<title>Prekograni\u010dna saradnja Prijepolja i Berana<\/title>\n<meta name=\"robots\" content=\"index, follow, max-snippet:-1, max-image-preview:large, max-video-preview:-1\" \/>\n<link rel=\"canonical\" href=\"https:\/\/sandzakpress.net\/arhiva\/prekogranicna-saradnja-prijepolja-i-berana\/\" \/>\n<meta property=\"og:locale\" content=\"bs_BA\" \/>\n<meta property=\"og:type\" content=\"article\" \/>\n<meta property=\"og:title\" content=\"Prekograni\u010dna saradnja Prijepolja i Berana\" \/>\n<meta property=\"og:description\" content=\"Prijepolje, Berane &#8211; Pre dvije godine op\u0161tina Prijepolje je zapo\u010dela prekograni\u010dnu sa op\u0161tinom Berane projektom \u201dOdr\u017eivi turizam za jednake \u0161anse\u201d, koji je finansiran od strane Evopske unije. Projekat je zavr\u0161en, a u obe op\u0161tine vidljivi su njegovi rezultati na polju seoskog turizma. Povodom zavr\u0161etka projekta u op\u0161tini Berane odr\u017eana je zavr\u0161na konferencija na kojoj je [&hellip;]\" \/>\n<meta property=\"og:url\" content=\"https:\/\/sandzakpress.net\/arhiva\/prekogranicna-saradnja-prijepolja-i-berana\/\" \/>\n<meta property=\"og:site_name\" content=\"Sand\u017eak PRESS\" \/>\n<meta property=\"article:published_time\" content=\"2012-12-07T16:40:45+00:00\" \/>\n<meta property=\"og:image\" content=\"https:\/\/sandzakpress.net\/arhiva\/wp-content\/uploads\/2012\/12\/prekogranicna-saradnja-prijepolja-i-berana.jpg\" \/>\n\t<meta property=\"og:image:width\" content=\"450\" \/>\n\t<meta property=\"og:image:height\" content=\"302\" \/>\n\t<meta property=\"og:image:type\" content=\"image\/jpeg\" \/>\n<meta name=\"twitter:card\" content=\"summary_large_image\" \/>\n<meta name=\"twitter:label1\" content=\"Written by\" \/>\n\t<meta name=\"twitter:data1\" content=\"\" \/>\n\t<meta name=\"twitter:label2\" content=\"Est. reading time\" \/>\n\t<meta name=\"twitter:data2\" content=\"2 minute\" \/>\n<script type=\"application\/ld+json\" class=\"yoast-schema-graph\">{\"@context\":\"https:\/\/schema.org\",\"@graph\":[{\"@type\":\"Article\",\"@id\":\"https:\/\/sandzakpress.net\/arhiva\/prekogranicna-saradnja-prijepolja-i-berana\/#article\",\"isPartOf\":{\"@id\":\"https:\/\/sandzakpress.net\/arhiva\/prekogranicna-saradnja-prijepolja-i-berana\/\"},\"author\":{\"name\":\"\",\"@id\":\"\"},\"headline\":\"Prekograni\u010dna saradnja Prijepolja i Berana\",\"datePublished\":\"2012-12-07T16:40:45+00:00\",\"mainEntityOfPage\":{\"@id\":\"https:\/\/sandzakpress.net\/arhiva\/prekogranicna-saradnja-prijepolja-i-berana\/\"},\"wordCount\":326,\"commentCount\":0,\"publisher\":{\"@id\":\"https:\/\/sandzakpress.net\/arhiva\/#\/schema\/person\/6e72b67d6e51910a1117b3b483ba20bd\"},\"image\":{\"@id\":\"https:\/\/sandzakpress.net\/arhiva\/prekogranicna-saradnja-prijepolja-i-berana\/#primaryimage\"},\"thumbnailUrl\":\"https:\/\/sandzakpress.net\/arhiva\/wp-content\/uploads\/2012\/12\/prekogranicna-saradnja-prijepolja-i-berana.jpg\",\"articleSection\":[\"Berane\",\"Politika\",\"Prijepolje\"],\"inLanguage\":\"bs-BA\",\"potentialAction\":[{\"@type\":\"CommentAction\",\"name\":\"Comment\",\"target\":[\"https:\/\/sandzakpress.net\/arhiva\/prekogranicna-saradnja-prijepolja-i-berana\/#respond\"]}]},{\"@type\":\"WebPage\",\"@id\":\"https:\/\/sandzakpress.net\/arhiva\/prekogranicna-saradnja-prijepolja-i-berana\/\",\"url\":\"https:\/\/sandzakpress.net\/arhiva\/prekogranicna-saradnja-prijepolja-i-berana\/\",\"name\":\"Prekograni\u010dna saradnja Prijepolja i Berana\",\"isPartOf\":{\"@id\":\"https:\/\/sandzakpress.net\/arhiva\/#website\"},\"primaryImageOfPage\":{\"@id\":\"https:\/\/sandzakpress.net\/arhiva\/prekogranicna-saradnja-prijepolja-i-berana\/#primaryimage\"},\"image\":{\"@id\":\"https:\/\/sandzakpress.net\/arhiva\/prekogranicna-saradnja-prijepolja-i-berana\/#primaryimage\"},\"thumbnailUrl\":\"https:\/\/sandzakpress.net\/arhiva\/wp-content\/uploads\/2012\/12\/prekogranicna-saradnja-prijepolja-i-berana.jpg\",\"datePublished\":\"2012-12-07T16:40:45+00:00\",\"breadcrumb\":{\"@id\":\"https:\/\/sandzakpress.net\/arhiva\/prekogranicna-saradnja-prijepolja-i-berana\/#breadcrumb\"},\"inLanguage\":\"bs-BA\",\"potentialAction\":[{\"@type\":\"ReadAction\",\"target\":[\"https:\/\/sandzakpress.net\/arhiva\/prekogranicna-saradnja-prijepolja-i-berana\/\"]}]},{\"@type\":\"ImageObject\",\"inLanguage\":\"bs-BA\",\"@id\":\"https:\/\/sandzakpress.net\/arhiva\/prekogranicna-saradnja-prijepolja-i-berana\/#primaryimage\",\"url\":\"https:\/\/sandzakpress.net\/arhiva\/wp-content\/uploads\/2012\/12\/prekogranicna-saradnja-prijepolja-i-berana.jpg\",\"contentUrl\":\"https:\/\/sandzakpress.net\/arhiva\/wp-content\/uploads\/2012\/12\/prekogranicna-saradnja-prijepolja-i-berana.jpg\",\"width\":450,\"height\":302},{\"@type\":\"BreadcrumbList\",\"@id\":\"https:\/\/sandzakpress.net\/arhiva\/prekogranicna-saradnja-prijepolja-i-berana\/#breadcrumb\",\"itemListElement\":[{\"@type\":\"ListItem\",\"position\":1,\"name\":\"Home\",\"item\":\"https:\/\/sandzakpress.net\/arhiva\/\"},{\"@type\":\"ListItem\",\"position\":2,\"name\":\"Prekograni\u010dna saradnja Prijepolja i Berana\"}]},{\"@type\":\"WebSite\",\"@id\":\"https:\/\/sandzakpress.net\/arhiva\/#website\",\"url\":\"https:\/\/sandzakpress.net\/arhiva\/\",\"name\":\"Sand\u017eak PRESS\",\"description\":\"Prve elektronske novine u Sand\u017eaku\",\"publisher\":{\"@id\":\"https:\/\/sandzakpress.net\/arhiva\/#\/schema\/person\/6e72b67d6e51910a1117b3b483ba20bd\"},\"potentialAction\":[{\"@type\":\"SearchAction\",\"target\":{\"@type\":\"EntryPoint\",\"urlTemplate\":\"https:\/\/sandzakpress.net\/arhiva\/?s={search_term_string}\"},\"query-input\":{\"@type\":\"PropertyValueSpecification\",\"valueRequired\":true,\"valueName\":\"search_term_string\"}}],\"inLanguage\":\"bs-BA\"},{\"@type\":[\"Person\",\"Organization\"],\"@id\":\"https:\/\/sandzakpress.net\/arhiva\/#\/schema\/person\/6e72b67d6e51910a1117b3b483ba20bd\",\"name\":\"Kul\",\"image\":{\"@type\":\"ImageObject\",\"inLanguage\":\"bs-BA\",\"@id\":\"https:\/\/sandzakpress.net\/arhiva\/#\/schema\/person\/image\/\",\"url\":\"https:\/\/secure.gravatar.com\/avatar\/42263f39aa27ac04c43cab85c280eb2e?s=96&d=mm&r=pg\",\"contentUrl\":\"https:\/\/secure.gravatar.com\/avatar\/42263f39aa27ac04c43cab85c280eb2e?s=96&d=mm&r=pg\",\"caption\":\"Kul\"},\"logo\":{\"@id\":\"https:\/\/sandzakpress.net\/arhiva\/#\/schema\/person\/image\/\"}},{\"@type\":\"Person\",\"@id\":\"\",\"url\":\"https:\/\/sandzakpress.net\/arhiva\/author\/\"}]}<\/script>\n<!-- \/ Yoast SEO Premium plugin. -->","yoast_head_json":{"title":"Prekograni\u010dna saradnja Prijepolja i Berana","robots":{"index":"index","follow":"follow","max-snippet":"max-snippet:-1","max-image-preview":"max-image-preview:large","max-video-preview":"max-video-preview:-1"},"canonical":"https:\/\/sandzakpress.net\/arhiva\/prekogranicna-saradnja-prijepolja-i-berana\/","og_locale":"bs_BA","og_type":"article","og_title":"Prekograni\u010dna saradnja Prijepolja i Berana","og_description":"Prijepolje, Berane &#8211; Pre dvije godine op\u0161tina Prijepolje je zapo\u010dela prekograni\u010dnu sa op\u0161tinom Berane projektom \u201dOdr\u017eivi turizam za jednake \u0161anse\u201d, koji je finansiran od strane Evopske unije. Projekat je zavr\u0161en, a u obe op\u0161tine vidljivi su njegovi rezultati na polju seoskog turizma. Povodom zavr\u0161etka projekta u op\u0161tini Berane odr\u017eana je zavr\u0161na konferencija na kojoj je [&hellip;]","og_url":"https:\/\/sandzakpress.net\/arhiva\/prekogranicna-saradnja-prijepolja-i-berana\/","og_site_name":"Sand\u017eak PRESS","article_published_time":"2012-12-07T16:40:45+00:00","og_image":[{"width":450,"height":302,"url":"https:\/\/sandzakpress.net\/arhiva\/wp-content\/uploads\/2012\/12\/prekogranicna-saradnja-prijepolja-i-berana.jpg","type":"image\/jpeg"}],"twitter_card":"summary_large_image","twitter_misc":{"Written by":"","Est. reading time":"2 minute"},"schema":{"@context":"https:\/\/schema.org","@graph":[{"@type":"Article","@id":"https:\/\/sandzakpress.net\/arhiva\/prekogranicna-saradnja-prijepolja-i-berana\/#article","isPartOf":{"@id":"https:\/\/sandzakpress.net\/arhiva\/prekogranicna-saradnja-prijepolja-i-berana\/"},"author":{"name":"","@id":""},"headline":"Prekograni\u010dna saradnja Prijepolja i Berana","datePublished":"2012-12-07T16:40:45+00:00","mainEntityOfPage":{"@id":"https:\/\/sandzakpress.net\/arhiva\/prekogranicna-saradnja-prijepolja-i-berana\/"},"wordCount":326,"commentCount":0,"publisher":{"@id":"https:\/\/sandzakpress.net\/arhiva\/#\/schema\/person\/6e72b67d6e51910a1117b3b483ba20bd"},"image":{"@id":"https:\/\/sandzakpress.net\/arhiva\/prekogranicna-saradnja-prijepolja-i-berana\/#primaryimage"},"thumbnailUrl":"https:\/\/sandzakpress.net\/arhiva\/wp-content\/uploads\/2012\/12\/prekogranicna-saradnja-prijepolja-i-berana.jpg","articleSection":["Berane","Politika","Prijepolje"],"inLanguage":"bs-BA","potentialAction":[{"@type":"CommentAction","name":"Comment","target":["https:\/\/sandzakpress.net\/arhiva\/prekogranicna-saradnja-prijepolja-i-berana\/#respond"]}]},{"@type":"WebPage","@id":"https:\/\/sandzakpress.net\/arhiva\/prekogranicna-saradnja-prijepolja-i-berana\/","url":"https:\/\/sandzakpress.net\/arhiva\/prekogranicna-saradnja-prijepolja-i-berana\/","name":"Prekograni\u010dna saradnja Prijepolja i Berana","isPartOf":{"@id":"https:\/\/sandzakpress.net\/arhiva\/#website"},"primaryImageOfPage":{"@id":"https:\/\/sandzakpress.net\/arhiva\/prekogranicna-saradnja-prijepolja-i-berana\/#primaryimage"},"image":{"@id":"https:\/\/sandzakpress.net\/arhiva\/prekogranicna-saradnja-prijepolja-i-berana\/#primaryimage"},"thumbnailUrl":"https:\/\/sandzakpress.net\/arhiva\/wp-content\/uploads\/2012\/12\/prekogranicna-saradnja-prijepolja-i-berana.jpg","datePublished":"2012-12-07T16:40:45+00:00","breadcrumb":{"@id":"https:\/\/sandzakpress.net\/arhiva\/prekogranicna-saradnja-prijepolja-i-berana\/#breadcrumb"},"inLanguage":"bs-BA","potentialAction":[{"@type":"ReadAction","target":["https:\/\/sandzakpress.net\/arhiva\/prekogranicna-saradnja-prijepolja-i-berana\/"]}]},{"@type":"ImageObject","inLanguage":"bs-BA","@id":"https:\/\/sandzakpress.net\/arhiva\/prekogranicna-saradnja-prijepolja-i-berana\/#primaryimage","url":"https:\/\/sandzakpress.net\/arhiva\/wp-content\/uploads\/2012\/12\/prekogranicna-saradnja-prijepolja-i-berana.jpg","contentUrl":"https:\/\/sandzakpress.net\/arhiva\/wp-content\/uploads\/2012\/12\/prekogranicna-saradnja-prijepolja-i-berana.jpg","width":450,"height":302},{"@type":"BreadcrumbList","@id":"https:\/\/sandzakpress.net\/arhiva\/prekogranicna-saradnja-prijepolja-i-berana\/#breadcrumb","itemListElement":[{"@type":"ListItem","position":1,"name":"Home","item":"https:\/\/sandzakpress.net\/arhiva\/"},{"@type":"ListItem","position":2,"name":"Prekograni\u010dna saradnja Prijepolja i Berana"}]},{"@type":"WebSite","@id":"https:\/\/sandzakpress.net\/arhiva\/#website","url":"https:\/\/sandzakpress.net\/arhiva\/","name":"Sand\u017eak PRESS","description":"Prve elektronske novine u Sand\u017eaku","publisher":{"@id":"https:\/\/sandzakpress.net\/arhiva\/#\/schema\/person\/6e72b67d6e51910a1117b3b483ba20bd"},"potentialAction":[{"@type":"SearchAction","target":{"@type":"EntryPoint","urlTemplate":"https:\/\/sandzakpress.net\/arhiva\/?s={search_term_string}"},"query-input":{"@type":"PropertyValueSpecification","valueRequired":true,"valueName":"search_term_string"}}],"inLanguage":"bs-BA"},{"@type":["Person","Organization"],"@id":"https:\/\/sandzakpress.net\/arhiva\/#\/schema\/person\/6e72b67d6e51910a1117b3b483ba20bd","name":"Kul","image":{"@type":"ImageObject","inLanguage":"bs-BA","@id":"https:\/\/sandzakpress.net\/arhiva\/#\/schema\/person\/image\/","url":"https:\/\/secure.gravatar.com\/avatar\/42263f39aa27ac04c43cab85c280eb2e?s=96&d=mm&r=pg","contentUrl":"https:\/\/secure.gravatar.com\/avatar\/42263f39aa27ac04c43cab85c280eb2e?s=96&d=mm&r=pg","caption":"Kul"},"logo":{"@id":"https:\/\/sandzakpress.net\/arhiva\/#\/schema\/person\/image\/"}},{"@type":"Person","@id":"","url":"https:\/\/sandzakpress.net\/arhiva\/author\/"}]}},"_links":{"self":[{"href":"https:\/\/sandzakpress.net\/arhiva\/wp-json\/wp\/v2\/posts\/57191"}],"collection":[{"href":"https:\/\/sandzakpress.net\/arhiva\/wp-json\/wp\/v2\/posts"}],"about":[{"href":"https:\/\/sandzakpress.net\/arhiva\/wp-json\/wp\/v2\/types\/post"}],"author":[{"embeddable":true,"href":"https:\/\/sandzakpress.net\/arhiva\/wp-json\/wp\/v2\/users\/16"}],"replies":[{"embeddable":true,"href":"https:\/\/sandzakpress.net\/arhiva\/wp-json\/wp\/v2\/comments?post=57191"}],"version-history":[{"count":0,"href":"https:\/\/sandzakpress.net\/arhiva\/wp-json\/wp\/v2\/posts\/57191\/revisions"}],"wp:featuredmedia":[{"embeddable":true,"href":"https:\/\/sandzakpress.net\/arhiva\/wp-json\/wp\/v2\/media\/57192"}],"wp:attachment":[{"href":"https:\/\/sandzakpress.net\/arhiva\/wp-json\/wp\/v2\/media?parent=57191"}],"wp:term":[{"taxonomy":"category","embeddable":true,"href":"https:\/\/sandzakpress.net\/arhiva\/wp-json\/wp\/v2\/categories?post=57191"},{"taxonomy":"post_tag","embeddable":true,"href":"https:\/\/sandzakpress.net\/arhiva\/wp-json\/wp\/v2\/tags?post=57191"}],"curies":[{"name":"wp","href":"https:\/\/api.w.org\/{rel}","templated":true}]}}