{"id":57139,"date":"2012-12-07T15:41:23","date_gmt":"2012-12-07T14:41:23","guid":{"rendered":"https:\/\/sandzakpress.net\/arhiva\/?p=57139"},"modified":"2012-12-07T15:41:23","modified_gmt":"2012-12-07T14:41:23","slug":"pocela-implementacija-projekta%e2%80%9caktivni-mladi-za-aktivne-zajednice%e2%80%9d","status":"publish","type":"post","link":"https:\/\/sandzakpress.net\/arhiva\/pocela-implementacija-projekta%e2%80%9caktivni-mladi-za-aktivne-zajednice%e2%80%9d\/","title":{"rendered":"Po\u010dela implementacija projekta\u201cAktivni mladi za aktivne zajednice\u201d"},"content":{"rendered":"<p><strong><a href=\"https:\/\/sandzakpress.net\/arhiva\/wp-content\/uploads\/2012\/12\/IMG_0216_sadrzaj.jpg\"><img loading=\"lazy\" decoding=\"async\" class=\"alignleft size-full wp-image-57142\" title=\"IMG_0216_sadrzaj\" src=\"https:\/\/sandzakpress.net\/arhiva\/wp-content\/uploads\/2012\/12\/IMG_0216_sadrzaj.jpg\" alt=\"\" width=\"260\" height=\"195\" \/><\/a>Berane &#8211; Povodom po\u010detka implementacije projekta \u201cAktivni mladi za aktivne zajednice\u201d,\u00a0 \u00a0u Polimskom muzeju, odr\u017eana je\u00a0 konferencija za novinare, na kojoj su govorili: Vuka Golubovi\u0107, predsjednik op\u0161tine Berane,\u00a0Romain Boitard, Delegacija Evropske unije u Crnoj Gori,\u00a0Du\u0161ko Rajkovi\u0107, direktor Centra za stru\u010dno obrazovanje,\u00a0Elvira Had\u017eibegovi\u0107 Bubanja, direktorka Foruma MNE i\u00a0Danijela Radi\u0107, direktorka Centra za omladinski rad, Novi Sad.<\/strong><\/p>\n<p>Predsjednik op\u0161tine Berane\u00a0<strong>Vuka Golubovi\u0107<\/strong> istakao je da je Op\u0161tina Berane \u00a0definisala kvalitetnu omladinsku politiku\u00a0 prvim Lokalnim akcionim planom za mlade u Crnoj Gori koji je ura\u0111en \u00a0u saradnji sa Forumom MNE iz Podgorice.<\/p>\n<p>Nagla\u0161avaju\u0107i da je saradnja sa ovom organizacijom, koja se bavi pitanjima mladih\u00a0 nastavljena, \u0161to potvr\u0111uje po\u010detak implementacije ovog projekta, Golubovi\u0107 je dodao da \u0107e ovim projektom mladi ljudi biti motivisani da iskoriste svoje potencijale i samostalno kreiraju svoju budu\u0107nost.<\/p>\n<p>Predstavnik Delegacije Evropske unije u Crnoj Gori,\u00a0<strong>Romain Boitard, <\/strong>kazao je da \u0107e ovaj projekat\u00a0 omogu\u0107iti mladim ljudima da steknu znanja i vje\u0161tine kako bi aktivno u\u010destvovali u promjenama u crnogorskim lokalnim zajednicama. On je naglasio da su za\u00a0\u00a0 Crnu Goru koja se\u00a0 nalazi u predpristupnoj fazi kada je u pitanju Evropska unija projekti ovakve vrste, koji promovi\u0161u toleranciju i kulturne razli\u010ditosti,\u00a0 od velike va\u017enosti.<\/p>\n<p>Zna\u010daj omladinskog rada je prepoznat i\u00a0 u narednom periodu omladinskom aktivizmu bi\u0107e posve\u0107ena dodatna pa\u017enja, tako \u0161to \u0107e kroz zanimanje omladinskog radnika na scenu vratiti opet omladinski aktivisti koji \u0107e svoje ideje sprovoditi u lokalnim zajednicama gdje \u017eive i rade, rekao je\u00a0<strong>Du\u0161ko Rajkovi\u0107<\/strong>, direktor Centra za stru\u010dno obrazovanje.<\/p>\n<p><strong>Elvira Had\u017eibegovi\u0107 Bubanja<\/strong>, direktorka Foruma MNE i\u00a0<strong>Danijela Radi\u0107<\/strong>, direktorka Centra za omladinski rad, Novi Sad govorile su o samom programu koji \u0107e biti realizovan u toku implementacije projekta kao i o zna\u010daju omladinskog aktivizma\u00a0 za razvoj dru\u0161tva.<\/p>\n<p>Cilj projekta \u201cAktivni mladi za aktivne zajednice\u201d je da se pobolj\u0161a prekograni\u010dna saradnja u polju aktivizma mladih kako bi se doprinijelo procesima demokratizacije u obje zemlje. Projektom su planirane obuke mladih ljudi iz Ro\u017eaja, Plava, Berana, Novog Pazara, Prijepolja i Sjenice o sljede\u0107im temama: multikulturalizam i interkulturalizam, razvoj zajednice i aktivizam mladih.<\/p>\n<p>Projekat, \u010dija implementacija \u0107e trajati 12 mjeseci, je po\u010deo realizacijom obuke \u201cOd multikulturalizma do interkulturalizma\u201d za 34 mladih ljudi iz Plava, Berana, Ro\u017eaja, Prijepolja, Novoga Pazara i Sjenice. Projekat realizuje Forum MNE u partnerstvu sa Centrom za omladinski rad iz Novog Sada i op\u0161tinom Berane, a podr\u017ean je od strane Evropske unije, posredstvom Delegacije Evropske unije u Crnoj Gori i u Srbiji, u okviru Komponente 2 Instrumenta za pretpristupnu podr\u0161ku, a u sklopu \u201cPrograma prekograni\u010dne saradnje Srbija \u2013 Crna Gora\u201d. Pored pomenutih, partneri su i Centar za stru\u010dno obrazovanje Ministarstva prosvjete i sporta iz Crne Gore i Udru\u017eenje Urban In iz Srbije.<\/p>\n<p>(Berane)<\/p>\n","protected":false},"excerpt":{"rendered":"<p>Berane &#8211; Povodom po\u010detka implementacije projekta \u201cAktivni mladi za aktivne zajednice\u201d,\u00a0 \u00a0u Polimskom muzeju, odr\u017eana je\u00a0 konferencija za novinare, na kojoj su govorili: Vuka Golubovi\u0107, predsjednik op\u0161tine Berane,\u00a0Romain Boitard, Delegacija Evropske unije u Crnoj Gori,\u00a0Du\u0161ko Rajkovi\u0107, direktor Centra za stru\u010dno obrazovanje,\u00a0Elvira Had\u017eibegovi\u0107 Bubanja, direktorka Foruma MNE i\u00a0Danijela Radi\u0107, direktorka Centra za omladinski rad, Novi Sad. [&hellip;]<\/p>\n","protected":false},"author":16,"featured_media":57142,"comment_status":"open","ping_status":"open","sticky":false,"template":"","format":"standard","meta":{"footnotes":""},"categories":[397],"tags":[],"class_list":{"0":"post-57139","1":"post","2":"type-post","3":"status-publish","4":"format-standard","5":"has-post-thumbnail","7":"category-berane"},"yoast_head":"<!-- This site is optimized with the Yoast SEO Premium plugin v23.1 (Yoast SEO v24.9) - https:\/\/yoast.com\/wordpress\/plugins\/seo\/ -->\n<title>Po\u010dela implementacija projekta\u201cAktivni mladi za aktivne zajednice\u201d<\/title>\n<meta name=\"robots\" content=\"index, follow, max-snippet:-1, max-image-preview:large, max-video-preview:-1\" \/>\n<link rel=\"canonical\" href=\"https:\/\/sandzakpress.net\/arhiva\/pocela-implementacija-projekta\u201caktivni-mladi-za-aktivne-zajednice\u201d\/\" \/>\n<meta property=\"og:locale\" content=\"bs_BA\" \/>\n<meta property=\"og:type\" content=\"article\" \/>\n<meta property=\"og:title\" content=\"Po\u010dela implementacija projekta\u201cAktivni mladi za aktivne zajednice\u201d\" \/>\n<meta property=\"og:description\" content=\"Berane &#8211; Povodom po\u010detka implementacije projekta \u201cAktivni mladi za aktivne zajednice\u201d,\u00a0 \u00a0u Polimskom muzeju, odr\u017eana je\u00a0 konferencija za novinare, na kojoj su govorili: Vuka Golubovi\u0107, predsjednik op\u0161tine Berane,\u00a0Romain Boitard, Delegacija Evropske unije u Crnoj Gori,\u00a0Du\u0161ko Rajkovi\u0107, direktor Centra za stru\u010dno obrazovanje,\u00a0Elvira Had\u017eibegovi\u0107 Bubanja, direktorka Foruma MNE i\u00a0Danijela Radi\u0107, direktorka Centra za omladinski rad, Novi Sad. [&hellip;]\" \/>\n<meta property=\"og:url\" content=\"https:\/\/sandzakpress.net\/arhiva\/pocela-implementacija-projekta\u201caktivni-mladi-za-aktivne-zajednice\u201d\/\" \/>\n<meta property=\"og:site_name\" content=\"Sand\u017eak PRESS\" \/>\n<meta property=\"article:published_time\" content=\"2012-12-07T14:41:23+00:00\" \/>\n<meta property=\"og:image\" content=\"https:\/\/sandzakpress.net\/arhiva\/wp-content\/uploads\/2012\/12\/IMG_0216_sadrzaj.jpg\" \/>\n\t<meta property=\"og:image:width\" content=\"260\" \/>\n\t<meta property=\"og:image:height\" content=\"195\" \/>\n\t<meta property=\"og:image:type\" content=\"image\/jpeg\" \/>\n<meta name=\"twitter:card\" content=\"summary_large_image\" \/>\n<meta name=\"twitter:label1\" content=\"Written by\" \/>\n\t<meta name=\"twitter:data1\" content=\"\" \/>\n\t<meta name=\"twitter:label2\" content=\"Est. reading time\" \/>\n\t<meta name=\"twitter:data2\" content=\"2 minute\" \/>\n<script type=\"application\/ld+json\" class=\"yoast-schema-graph\">{\"@context\":\"https:\/\/schema.org\",\"@graph\":[{\"@type\":\"Article\",\"@id\":\"https:\/\/sandzakpress.net\/arhiva\/pocela-implementacija-projekta%e2%80%9caktivni-mladi-za-aktivne-zajednice%e2%80%9d\/#article\",\"isPartOf\":{\"@id\":\"https:\/\/sandzakpress.net\/arhiva\/pocela-implementacija-projekta%e2%80%9caktivni-mladi-za-aktivne-zajednice%e2%80%9d\/\"},\"author\":{\"name\":\"\",\"@id\":\"\"},\"headline\":\"Po\u010dela implementacija projekta\u201cAktivni mladi za aktivne zajednice\u201d\",\"datePublished\":\"2012-12-07T14:41:23+00:00\",\"mainEntityOfPage\":{\"@id\":\"https:\/\/sandzakpress.net\/arhiva\/pocela-implementacija-projekta%e2%80%9caktivni-mladi-za-aktivne-zajednice%e2%80%9d\/\"},\"wordCount\":485,\"commentCount\":0,\"publisher\":{\"@id\":\"https:\/\/sandzakpress.net\/arhiva\/#\/schema\/person\/6e72b67d6e51910a1117b3b483ba20bd\"},\"image\":{\"@id\":\"https:\/\/sandzakpress.net\/arhiva\/pocela-implementacija-projekta%e2%80%9caktivni-mladi-za-aktivne-zajednice%e2%80%9d\/#primaryimage\"},\"thumbnailUrl\":\"https:\/\/sandzakpress.net\/arhiva\/wp-content\/uploads\/2012\/12\/IMG_0216_sadrzaj.jpg\",\"articleSection\":[\"Berane\"],\"inLanguage\":\"bs-BA\",\"potentialAction\":[{\"@type\":\"CommentAction\",\"name\":\"Comment\",\"target\":[\"https:\/\/sandzakpress.net\/arhiva\/pocela-implementacija-projekta%e2%80%9caktivni-mladi-za-aktivne-zajednice%e2%80%9d\/#respond\"]}]},{\"@type\":\"WebPage\",\"@id\":\"https:\/\/sandzakpress.net\/arhiva\/pocela-implementacija-projekta%e2%80%9caktivni-mladi-za-aktivne-zajednice%e2%80%9d\/\",\"url\":\"https:\/\/sandzakpress.net\/arhiva\/pocela-implementacija-projekta%e2%80%9caktivni-mladi-za-aktivne-zajednice%e2%80%9d\/\",\"name\":\"Po\u010dela implementacija projekta\u201cAktivni mladi za aktivne zajednice\u201d\",\"isPartOf\":{\"@id\":\"https:\/\/sandzakpress.net\/arhiva\/#website\"},\"primaryImageOfPage\":{\"@id\":\"https:\/\/sandzakpress.net\/arhiva\/pocela-implementacija-projekta%e2%80%9caktivni-mladi-za-aktivne-zajednice%e2%80%9d\/#primaryimage\"},\"image\":{\"@id\":\"https:\/\/sandzakpress.net\/arhiva\/pocela-implementacija-projekta%e2%80%9caktivni-mladi-za-aktivne-zajednice%e2%80%9d\/#primaryimage\"},\"thumbnailUrl\":\"https:\/\/sandzakpress.net\/arhiva\/wp-content\/uploads\/2012\/12\/IMG_0216_sadrzaj.jpg\",\"datePublished\":\"2012-12-07T14:41:23+00:00\",\"breadcrumb\":{\"@id\":\"https:\/\/sandzakpress.net\/arhiva\/pocela-implementacija-projekta%e2%80%9caktivni-mladi-za-aktivne-zajednice%e2%80%9d\/#breadcrumb\"},\"inLanguage\":\"bs-BA\",\"potentialAction\":[{\"@type\":\"ReadAction\",\"target\":[\"https:\/\/sandzakpress.net\/arhiva\/pocela-implementacija-projekta%e2%80%9caktivni-mladi-za-aktivne-zajednice%e2%80%9d\/\"]}]},{\"@type\":\"ImageObject\",\"inLanguage\":\"bs-BA\",\"@id\":\"https:\/\/sandzakpress.net\/arhiva\/pocela-implementacija-projekta%e2%80%9caktivni-mladi-za-aktivne-zajednice%e2%80%9d\/#primaryimage\",\"url\":\"https:\/\/sandzakpress.net\/arhiva\/wp-content\/uploads\/2012\/12\/IMG_0216_sadrzaj.jpg\",\"contentUrl\":\"https:\/\/sandzakpress.net\/arhiva\/wp-content\/uploads\/2012\/12\/IMG_0216_sadrzaj.jpg\",\"width\":260,\"height\":195},{\"@type\":\"BreadcrumbList\",\"@id\":\"https:\/\/sandzakpress.net\/arhiva\/pocela-implementacija-projekta%e2%80%9caktivni-mladi-za-aktivne-zajednice%e2%80%9d\/#breadcrumb\",\"itemListElement\":[{\"@type\":\"ListItem\",\"position\":1,\"name\":\"Home\",\"item\":\"https:\/\/sandzakpress.net\/arhiva\/\"},{\"@type\":\"ListItem\",\"position\":2,\"name\":\"Po\u010dela implementacija projekta\u201cAktivni mladi za aktivne zajednice\u201d\"}]},{\"@type\":\"WebSite\",\"@id\":\"https:\/\/sandzakpress.net\/arhiva\/#website\",\"url\":\"https:\/\/sandzakpress.net\/arhiva\/\",\"name\":\"Sand\u017eak PRESS\",\"description\":\"Prve elektronske novine u Sand\u017eaku\",\"publisher\":{\"@id\":\"https:\/\/sandzakpress.net\/arhiva\/#\/schema\/person\/6e72b67d6e51910a1117b3b483ba20bd\"},\"potentialAction\":[{\"@type\":\"SearchAction\",\"target\":{\"@type\":\"EntryPoint\",\"urlTemplate\":\"https:\/\/sandzakpress.net\/arhiva\/?s={search_term_string}\"},\"query-input\":{\"@type\":\"PropertyValueSpecification\",\"valueRequired\":true,\"valueName\":\"search_term_string\"}}],\"inLanguage\":\"bs-BA\"},{\"@type\":[\"Person\",\"Organization\"],\"@id\":\"https:\/\/sandzakpress.net\/arhiva\/#\/schema\/person\/6e72b67d6e51910a1117b3b483ba20bd\",\"name\":\"Kul\",\"image\":{\"@type\":\"ImageObject\",\"inLanguage\":\"bs-BA\",\"@id\":\"https:\/\/sandzakpress.net\/arhiva\/#\/schema\/person\/image\/\",\"url\":\"https:\/\/secure.gravatar.com\/avatar\/42263f39aa27ac04c43cab85c280eb2e?s=96&d=mm&r=pg\",\"contentUrl\":\"https:\/\/secure.gravatar.com\/avatar\/42263f39aa27ac04c43cab85c280eb2e?s=96&d=mm&r=pg\",\"caption\":\"Kul\"},\"logo\":{\"@id\":\"https:\/\/sandzakpress.net\/arhiva\/#\/schema\/person\/image\/\"}},{\"@type\":\"Person\",\"@id\":\"\",\"url\":\"https:\/\/sandzakpress.net\/arhiva\/author\/\"}]}<\/script>\n<!-- \/ Yoast SEO Premium plugin. -->","yoast_head_json":{"title":"Po\u010dela implementacija projekta\u201cAktivni mladi za aktivne zajednice\u201d","robots":{"index":"index","follow":"follow","max-snippet":"max-snippet:-1","max-image-preview":"max-image-preview:large","max-video-preview":"max-video-preview:-1"},"canonical":"https:\/\/sandzakpress.net\/arhiva\/pocela-implementacija-projekta\u201caktivni-mladi-za-aktivne-zajednice\u201d\/","og_locale":"bs_BA","og_type":"article","og_title":"Po\u010dela implementacija projekta\u201cAktivni mladi za aktivne zajednice\u201d","og_description":"Berane &#8211; Povodom po\u010detka implementacije projekta \u201cAktivni mladi za aktivne zajednice\u201d,\u00a0 \u00a0u Polimskom muzeju, odr\u017eana je\u00a0 konferencija za novinare, na kojoj su govorili: Vuka Golubovi\u0107, predsjednik op\u0161tine Berane,\u00a0Romain Boitard, Delegacija Evropske unije u Crnoj Gori,\u00a0Du\u0161ko Rajkovi\u0107, direktor Centra za stru\u010dno obrazovanje,\u00a0Elvira Had\u017eibegovi\u0107 Bubanja, direktorka Foruma MNE i\u00a0Danijela Radi\u0107, direktorka Centra za omladinski rad, Novi Sad. [&hellip;]","og_url":"https:\/\/sandzakpress.net\/arhiva\/pocela-implementacija-projekta\u201caktivni-mladi-za-aktivne-zajednice\u201d\/","og_site_name":"Sand\u017eak PRESS","article_published_time":"2012-12-07T14:41:23+00:00","og_image":[{"width":260,"height":195,"url":"https:\/\/sandzakpress.net\/arhiva\/wp-content\/uploads\/2012\/12\/IMG_0216_sadrzaj.jpg","type":"image\/jpeg"}],"twitter_card":"summary_large_image","twitter_misc":{"Written by":"","Est. reading time":"2 minute"},"schema":{"@context":"https:\/\/schema.org","@graph":[{"@type":"Article","@id":"https:\/\/sandzakpress.net\/arhiva\/pocela-implementacija-projekta%e2%80%9caktivni-mladi-za-aktivne-zajednice%e2%80%9d\/#article","isPartOf":{"@id":"https:\/\/sandzakpress.net\/arhiva\/pocela-implementacija-projekta%e2%80%9caktivni-mladi-za-aktivne-zajednice%e2%80%9d\/"},"author":{"name":"","@id":""},"headline":"Po\u010dela implementacija projekta\u201cAktivni mladi za aktivne zajednice\u201d","datePublished":"2012-12-07T14:41:23+00:00","mainEntityOfPage":{"@id":"https:\/\/sandzakpress.net\/arhiva\/pocela-implementacija-projekta%e2%80%9caktivni-mladi-za-aktivne-zajednice%e2%80%9d\/"},"wordCount":485,"commentCount":0,"publisher":{"@id":"https:\/\/sandzakpress.net\/arhiva\/#\/schema\/person\/6e72b67d6e51910a1117b3b483ba20bd"},"image":{"@id":"https:\/\/sandzakpress.net\/arhiva\/pocela-implementacija-projekta%e2%80%9caktivni-mladi-za-aktivne-zajednice%e2%80%9d\/#primaryimage"},"thumbnailUrl":"https:\/\/sandzakpress.net\/arhiva\/wp-content\/uploads\/2012\/12\/IMG_0216_sadrzaj.jpg","articleSection":["Berane"],"inLanguage":"bs-BA","potentialAction":[{"@type":"CommentAction","name":"Comment","target":["https:\/\/sandzakpress.net\/arhiva\/pocela-implementacija-projekta%e2%80%9caktivni-mladi-za-aktivne-zajednice%e2%80%9d\/#respond"]}]},{"@type":"WebPage","@id":"https:\/\/sandzakpress.net\/arhiva\/pocela-implementacija-projekta%e2%80%9caktivni-mladi-za-aktivne-zajednice%e2%80%9d\/","url":"https:\/\/sandzakpress.net\/arhiva\/pocela-implementacija-projekta%e2%80%9caktivni-mladi-za-aktivne-zajednice%e2%80%9d\/","name":"Po\u010dela implementacija projekta\u201cAktivni mladi za aktivne zajednice\u201d","isPartOf":{"@id":"https:\/\/sandzakpress.net\/arhiva\/#website"},"primaryImageOfPage":{"@id":"https:\/\/sandzakpress.net\/arhiva\/pocela-implementacija-projekta%e2%80%9caktivni-mladi-za-aktivne-zajednice%e2%80%9d\/#primaryimage"},"image":{"@id":"https:\/\/sandzakpress.net\/arhiva\/pocela-implementacija-projekta%e2%80%9caktivni-mladi-za-aktivne-zajednice%e2%80%9d\/#primaryimage"},"thumbnailUrl":"https:\/\/sandzakpress.net\/arhiva\/wp-content\/uploads\/2012\/12\/IMG_0216_sadrzaj.jpg","datePublished":"2012-12-07T14:41:23+00:00","breadcrumb":{"@id":"https:\/\/sandzakpress.net\/arhiva\/pocela-implementacija-projekta%e2%80%9caktivni-mladi-za-aktivne-zajednice%e2%80%9d\/#breadcrumb"},"inLanguage":"bs-BA","potentialAction":[{"@type":"ReadAction","target":["https:\/\/sandzakpress.net\/arhiva\/pocela-implementacija-projekta%e2%80%9caktivni-mladi-za-aktivne-zajednice%e2%80%9d\/"]}]},{"@type":"ImageObject","inLanguage":"bs-BA","@id":"https:\/\/sandzakpress.net\/arhiva\/pocela-implementacija-projekta%e2%80%9caktivni-mladi-za-aktivne-zajednice%e2%80%9d\/#primaryimage","url":"https:\/\/sandzakpress.net\/arhiva\/wp-content\/uploads\/2012\/12\/IMG_0216_sadrzaj.jpg","contentUrl":"https:\/\/sandzakpress.net\/arhiva\/wp-content\/uploads\/2012\/12\/IMG_0216_sadrzaj.jpg","width":260,"height":195},{"@type":"BreadcrumbList","@id":"https:\/\/sandzakpress.net\/arhiva\/pocela-implementacija-projekta%e2%80%9caktivni-mladi-za-aktivne-zajednice%e2%80%9d\/#breadcrumb","itemListElement":[{"@type":"ListItem","position":1,"name":"Home","item":"https:\/\/sandzakpress.net\/arhiva\/"},{"@type":"ListItem","position":2,"name":"Po\u010dela implementacija projekta\u201cAktivni mladi za aktivne zajednice\u201d"}]},{"@type":"WebSite","@id":"https:\/\/sandzakpress.net\/arhiva\/#website","url":"https:\/\/sandzakpress.net\/arhiva\/","name":"Sand\u017eak PRESS","description":"Prve elektronske novine u Sand\u017eaku","publisher":{"@id":"https:\/\/sandzakpress.net\/arhiva\/#\/schema\/person\/6e72b67d6e51910a1117b3b483ba20bd"},"potentialAction":[{"@type":"SearchAction","target":{"@type":"EntryPoint","urlTemplate":"https:\/\/sandzakpress.net\/arhiva\/?s={search_term_string}"},"query-input":{"@type":"PropertyValueSpecification","valueRequired":true,"valueName":"search_term_string"}}],"inLanguage":"bs-BA"},{"@type":["Person","Organization"],"@id":"https:\/\/sandzakpress.net\/arhiva\/#\/schema\/person\/6e72b67d6e51910a1117b3b483ba20bd","name":"Kul","image":{"@type":"ImageObject","inLanguage":"bs-BA","@id":"https:\/\/sandzakpress.net\/arhiva\/#\/schema\/person\/image\/","url":"https:\/\/secure.gravatar.com\/avatar\/42263f39aa27ac04c43cab85c280eb2e?s=96&d=mm&r=pg","contentUrl":"https:\/\/secure.gravatar.com\/avatar\/42263f39aa27ac04c43cab85c280eb2e?s=96&d=mm&r=pg","caption":"Kul"},"logo":{"@id":"https:\/\/sandzakpress.net\/arhiva\/#\/schema\/person\/image\/"}},{"@type":"Person","@id":"","url":"https:\/\/sandzakpress.net\/arhiva\/author\/"}]}},"_links":{"self":[{"href":"https:\/\/sandzakpress.net\/arhiva\/wp-json\/wp\/v2\/posts\/57139"}],"collection":[{"href":"https:\/\/sandzakpress.net\/arhiva\/wp-json\/wp\/v2\/posts"}],"about":[{"href":"https:\/\/sandzakpress.net\/arhiva\/wp-json\/wp\/v2\/types\/post"}],"author":[{"embeddable":true,"href":"https:\/\/sandzakpress.net\/arhiva\/wp-json\/wp\/v2\/users\/16"}],"replies":[{"embeddable":true,"href":"https:\/\/sandzakpress.net\/arhiva\/wp-json\/wp\/v2\/comments?post=57139"}],"version-history":[{"count":0,"href":"https:\/\/sandzakpress.net\/arhiva\/wp-json\/wp\/v2\/posts\/57139\/revisions"}],"wp:featuredmedia":[{"embeddable":true,"href":"https:\/\/sandzakpress.net\/arhiva\/wp-json\/wp\/v2\/media\/57142"}],"wp:attachment":[{"href":"https:\/\/sandzakpress.net\/arhiva\/wp-json\/wp\/v2\/media?parent=57139"}],"wp:term":[{"taxonomy":"category","embeddable":true,"href":"https:\/\/sandzakpress.net\/arhiva\/wp-json\/wp\/v2\/categories?post=57139"},{"taxonomy":"post_tag","embeddable":true,"href":"https:\/\/sandzakpress.net\/arhiva\/wp-json\/wp\/v2\/tags?post=57139"}],"curies":[{"name":"wp","href":"https:\/\/api.w.org\/{rel}","templated":true}]}}