{"id":56847,"date":"2012-12-05T18:48:47","date_gmt":"2012-12-05T17:48:47","guid":{"rendered":"https:\/\/sandzakpress.net\/arhiva\/pojacan-vaspitni-rad-u-osnovnim-skolama"},"modified":"2012-12-05T18:48:47","modified_gmt":"2012-12-05T17:48:47","slug":"pojacan-vaspitni-rad-u-osnovnim-skolama","status":"publish","type":"post","link":"https:\/\/sandzakpress.net\/arhiva\/pojacan-vaspitni-rad-u-osnovnim-skolama\/","title":{"rendered":"Poja\u010dan vaspitni rad u osnovnim \u0161kolama"},"content":{"rendered":"<p><strong><a href=\"https:\/\/sandzakpress.net\/arhiva\/wp-content\/uploads\/2012\/12\/pojacan-vaspitni-rad-u-osnovnim-skolama.jpg\"><img loading=\"lazy\" decoding=\"async\" class=\"alignleft size-medium wp-image-56845\" title=\"pojacan vaspitni rad u osnovnim skolama\" src=\"https:\/\/sandzakpress.net\/arhiva\/wp-content\/uploads\/2012\/12\/pojacan-vaspitni-rad-u-osnovnim-skolama-300x239.jpg\" alt=\"\" width=\"300\" height=\"239\" \/><\/a>Novi Pazar &#8211; Poja\u010dan vaspitni rad u osnovnim \u0161kolama \u2013 tema je seminara koji je danas odr\u017ean u Regionalnom centru za profesionalni razvoj zaposlenih u obrazovanju. <\/strong><\/p>\n<p>Seminar je organizovao Zavod za ud\u017ebenike, koji je novopazarskoj O\u0160 &#8221;Rifat Burd\u017eovi\u0107 \u2013 Tr\u0161o&#8221; uru\u010dio i donaciju u vidu nastavnih sredstava.<\/p>\n<p>Pored stru\u010dnog usavr\u0161avanja na ovom seminaru oko 60 prosvetnih radnika iz Novog Pazara dobilo je i 8 akreditovanih sati.<\/p>\n<p>&#8221;Zavod za ud\u017ebenike je jedini izdava\u010d \u010diji je osniva\u010d Vlada Republike Srbije i upravo kao deo prosvetnog sistema u\u010destvuje u tom strtu\u010dnom usavr\u0161avanju i to je razlog zbog \u010dega mi upravo to organizujemo na teritoriji \u010ditave Srbije a danas smo u Novom Pazaru&#8221;, izjavio je pomo\u0107nik direktora Zavoda za ud\u017ebenike, Dejan Jovanovi\u0107.<\/p>\n<p>Jovanovi\u0107 je rekao da &#8221;kao jedini izdava\u010d koji ima punu konkurenciju u osnovnoj delatnosti, kroz ovaj vid aktivnosti, Zavod za ud\u017ebenike od u\u010denika, nastavnika i svih korisnika u nastavi dobija informaciju koje su to primedbe i \u0161ta sve treba da izmeni da bi sa\u010duvao svoju poziciju na tr\u017ei\u0161tu.&#8221;<\/p>\n<p>Matemati\u010dke mape za ni\u017ee razrede, anatomski atlas za biologiju, karte za geografiju, modeli atoma i molekula za hemiju, deo su donacije, koju je O\u0160 Rifat Burd\u017eovi\u0107 Tr\u0161o, darovao Zavod za ud\u017ebenike.<\/p>\n<p>&#8221;Naravno, nastavni proces dana\u0161nji ne mo\u017ee da se zamisli bez primene nastavnih sredstava, tako da \u0107e ova donacija poslu\u017eiti i nastavnicima a naro\u010dito deci kojoj su i namenjena, da se \u0161to bli\u017ee upoznaju sa nastavnom materijom i planom i programom&#8221;, izjavio je direktor O\u0160 &#8221;Rifat Burd\u017eovi\u0107 \u2013 Tr\u0161o&#8221; Nusret Zukovi\u0107.<\/p>\n<p>Sli\u010dnu donaciju od Zavoda za ud\u017ebenike pro\u0161le godine dobila je i novopazarska O\u0160 &#8221;Bratstvo&#8221;.<\/p>\n<p>(Rtv NP)<\/p>\n","protected":false},"excerpt":{"rendered":"<p>Novi Pazar &#8211; Poja\u010dan vaspitni rad u osnovnim \u0161kolama \u2013 tema je seminara koji je danas odr\u017ean u Regionalnom centru za profesionalni razvoj zaposlenih u obrazovanju. Seminar je organizovao Zavod za ud\u017ebenike, koji je novopazarskoj O\u0160 &#8221;Rifat Burd\u017eovi\u0107 \u2013 Tr\u0161o&#8221; uru\u010dio i donaciju u vidu nastavnih sredstava. Pored stru\u010dnog usavr\u0161avanja na ovom seminaru oko 60 [&hellip;]<\/p>\n","protected":false},"author":16,"featured_media":56845,"comment_status":"open","ping_status":"open","sticky":false,"template":"","format":"standard","meta":{"footnotes":""},"categories":[72,4],"tags":[],"class_list":{"0":"post-56847","1":"post","2":"type-post","3":"status-publish","4":"format-standard","5":"has-post-thumbnail","7":"category-novi-pazar","8":"category-obrazovanje"},"yoast_head":"<!-- This site is optimized with the Yoast SEO Premium plugin v23.1 (Yoast SEO v24.9) - https:\/\/yoast.com\/wordpress\/plugins\/seo\/ -->\n<title>Poja\u010dan vaspitni rad u osnovnim \u0161kolama<\/title>\n<meta name=\"robots\" content=\"index, follow, max-snippet:-1, max-image-preview:large, max-video-preview:-1\" \/>\n<link rel=\"canonical\" href=\"https:\/\/sandzakpress.net\/arhiva\/pojacan-vaspitni-rad-u-osnovnim-skolama\/\" \/>\n<meta property=\"og:locale\" content=\"bs_BA\" \/>\n<meta property=\"og:type\" content=\"article\" \/>\n<meta property=\"og:title\" content=\"Poja\u010dan vaspitni rad u osnovnim \u0161kolama\" \/>\n<meta property=\"og:description\" content=\"Novi Pazar &#8211; Poja\u010dan vaspitni rad u osnovnim \u0161kolama \u2013 tema je seminara koji je danas odr\u017ean u Regionalnom centru za profesionalni razvoj zaposlenih u obrazovanju. Seminar je organizovao Zavod za ud\u017ebenike, koji je novopazarskoj O\u0160 &#8221;Rifat Burd\u017eovi\u0107 \u2013 Tr\u0161o&#8221; uru\u010dio i donaciju u vidu nastavnih sredstava. Pored stru\u010dnog usavr\u0161avanja na ovom seminaru oko 60 [&hellip;]\" \/>\n<meta property=\"og:url\" content=\"https:\/\/sandzakpress.net\/arhiva\/pojacan-vaspitni-rad-u-osnovnim-skolama\/\" \/>\n<meta property=\"og:site_name\" content=\"Sand\u017eak PRESS\" \/>\n<meta property=\"article:published_time\" content=\"2012-12-05T17:48:47+00:00\" \/>\n<meta property=\"og:image\" content=\"https:\/\/sandzakpress.net\/arhiva\/wp-content\/uploads\/2012\/12\/pojacan-vaspitni-rad-u-osnovnim-skolama.jpg\" \/>\n\t<meta property=\"og:image:width\" content=\"454\" \/>\n\t<meta property=\"og:image:height\" content=\"363\" \/>\n\t<meta property=\"og:image:type\" content=\"image\/jpeg\" \/>\n<meta name=\"twitter:card\" content=\"summary_large_image\" \/>\n<meta name=\"twitter:label1\" content=\"Written by\" \/>\n\t<meta name=\"twitter:data1\" content=\"\" \/>\n\t<meta name=\"twitter:label2\" content=\"Est. reading time\" \/>\n\t<meta name=\"twitter:data2\" content=\"1 minuta\" \/>\n<script type=\"application\/ld+json\" class=\"yoast-schema-graph\">{\"@context\":\"https:\/\/schema.org\",\"@graph\":[{\"@type\":\"Article\",\"@id\":\"https:\/\/sandzakpress.net\/arhiva\/pojacan-vaspitni-rad-u-osnovnim-skolama\/#article\",\"isPartOf\":{\"@id\":\"https:\/\/sandzakpress.net\/arhiva\/pojacan-vaspitni-rad-u-osnovnim-skolama\/\"},\"author\":{\"name\":\"\",\"@id\":\"\"},\"headline\":\"Poja\u010dan vaspitni rad u osnovnim \u0161kolama\",\"datePublished\":\"2012-12-05T17:48:47+00:00\",\"mainEntityOfPage\":{\"@id\":\"https:\/\/sandzakpress.net\/arhiva\/pojacan-vaspitni-rad-u-osnovnim-skolama\/\"},\"wordCount\":299,\"commentCount\":0,\"publisher\":{\"@id\":\"https:\/\/sandzakpress.net\/arhiva\/#\/schema\/person\/6e72b67d6e51910a1117b3b483ba20bd\"},\"image\":{\"@id\":\"https:\/\/sandzakpress.net\/arhiva\/pojacan-vaspitni-rad-u-osnovnim-skolama\/#primaryimage\"},\"thumbnailUrl\":\"https:\/\/sandzakpress.net\/arhiva\/wp-content\/uploads\/2012\/12\/pojacan-vaspitni-rad-u-osnovnim-skolama.jpg\",\"articleSection\":[\"Novi Pazar\",\"Obrazovanje\"],\"inLanguage\":\"bs-BA\",\"potentialAction\":[{\"@type\":\"CommentAction\",\"name\":\"Comment\",\"target\":[\"https:\/\/sandzakpress.net\/arhiva\/pojacan-vaspitni-rad-u-osnovnim-skolama\/#respond\"]}]},{\"@type\":\"WebPage\",\"@id\":\"https:\/\/sandzakpress.net\/arhiva\/pojacan-vaspitni-rad-u-osnovnim-skolama\/\",\"url\":\"https:\/\/sandzakpress.net\/arhiva\/pojacan-vaspitni-rad-u-osnovnim-skolama\/\",\"name\":\"Poja\u010dan vaspitni rad u osnovnim \u0161kolama\",\"isPartOf\":{\"@id\":\"https:\/\/sandzakpress.net\/arhiva\/#website\"},\"primaryImageOfPage\":{\"@id\":\"https:\/\/sandzakpress.net\/arhiva\/pojacan-vaspitni-rad-u-osnovnim-skolama\/#primaryimage\"},\"image\":{\"@id\":\"https:\/\/sandzakpress.net\/arhiva\/pojacan-vaspitni-rad-u-osnovnim-skolama\/#primaryimage\"},\"thumbnailUrl\":\"https:\/\/sandzakpress.net\/arhiva\/wp-content\/uploads\/2012\/12\/pojacan-vaspitni-rad-u-osnovnim-skolama.jpg\",\"datePublished\":\"2012-12-05T17:48:47+00:00\",\"breadcrumb\":{\"@id\":\"https:\/\/sandzakpress.net\/arhiva\/pojacan-vaspitni-rad-u-osnovnim-skolama\/#breadcrumb\"},\"inLanguage\":\"bs-BA\",\"potentialAction\":[{\"@type\":\"ReadAction\",\"target\":[\"https:\/\/sandzakpress.net\/arhiva\/pojacan-vaspitni-rad-u-osnovnim-skolama\/\"]}]},{\"@type\":\"ImageObject\",\"inLanguage\":\"bs-BA\",\"@id\":\"https:\/\/sandzakpress.net\/arhiva\/pojacan-vaspitni-rad-u-osnovnim-skolama\/#primaryimage\",\"url\":\"https:\/\/sandzakpress.net\/arhiva\/wp-content\/uploads\/2012\/12\/pojacan-vaspitni-rad-u-osnovnim-skolama.jpg\",\"contentUrl\":\"https:\/\/sandzakpress.net\/arhiva\/wp-content\/uploads\/2012\/12\/pojacan-vaspitni-rad-u-osnovnim-skolama.jpg\",\"width\":454,\"height\":363},{\"@type\":\"BreadcrumbList\",\"@id\":\"https:\/\/sandzakpress.net\/arhiva\/pojacan-vaspitni-rad-u-osnovnim-skolama\/#breadcrumb\",\"itemListElement\":[{\"@type\":\"ListItem\",\"position\":1,\"name\":\"Home\",\"item\":\"https:\/\/sandzakpress.net\/arhiva\/\"},{\"@type\":\"ListItem\",\"position\":2,\"name\":\"Poja\u010dan vaspitni rad u osnovnim \u0161kolama\"}]},{\"@type\":\"WebSite\",\"@id\":\"https:\/\/sandzakpress.net\/arhiva\/#website\",\"url\":\"https:\/\/sandzakpress.net\/arhiva\/\",\"name\":\"Sand\u017eak PRESS\",\"description\":\"Prve elektronske novine u Sand\u017eaku\",\"publisher\":{\"@id\":\"https:\/\/sandzakpress.net\/arhiva\/#\/schema\/person\/6e72b67d6e51910a1117b3b483ba20bd\"},\"potentialAction\":[{\"@type\":\"SearchAction\",\"target\":{\"@type\":\"EntryPoint\",\"urlTemplate\":\"https:\/\/sandzakpress.net\/arhiva\/?s={search_term_string}\"},\"query-input\":{\"@type\":\"PropertyValueSpecification\",\"valueRequired\":true,\"valueName\":\"search_term_string\"}}],\"inLanguage\":\"bs-BA\"},{\"@type\":[\"Person\",\"Organization\"],\"@id\":\"https:\/\/sandzakpress.net\/arhiva\/#\/schema\/person\/6e72b67d6e51910a1117b3b483ba20bd\",\"name\":\"Kul\",\"image\":{\"@type\":\"ImageObject\",\"inLanguage\":\"bs-BA\",\"@id\":\"https:\/\/sandzakpress.net\/arhiva\/#\/schema\/person\/image\/\",\"url\":\"https:\/\/secure.gravatar.com\/avatar\/42263f39aa27ac04c43cab85c280eb2e?s=96&d=mm&r=pg\",\"contentUrl\":\"https:\/\/secure.gravatar.com\/avatar\/42263f39aa27ac04c43cab85c280eb2e?s=96&d=mm&r=pg\",\"caption\":\"Kul\"},\"logo\":{\"@id\":\"https:\/\/sandzakpress.net\/arhiva\/#\/schema\/person\/image\/\"}},{\"@type\":\"Person\",\"@id\":\"\",\"url\":\"https:\/\/sandzakpress.net\/arhiva\/author\/\"}]}<\/script>\n<!-- \/ Yoast SEO Premium plugin. -->","yoast_head_json":{"title":"Poja\u010dan vaspitni rad u osnovnim \u0161kolama","robots":{"index":"index","follow":"follow","max-snippet":"max-snippet:-1","max-image-preview":"max-image-preview:large","max-video-preview":"max-video-preview:-1"},"canonical":"https:\/\/sandzakpress.net\/arhiva\/pojacan-vaspitni-rad-u-osnovnim-skolama\/","og_locale":"bs_BA","og_type":"article","og_title":"Poja\u010dan vaspitni rad u osnovnim \u0161kolama","og_description":"Novi Pazar &#8211; Poja\u010dan vaspitni rad u osnovnim \u0161kolama \u2013 tema je seminara koji je danas odr\u017ean u Regionalnom centru za profesionalni razvoj zaposlenih u obrazovanju. Seminar je organizovao Zavod za ud\u017ebenike, koji je novopazarskoj O\u0160 &#8221;Rifat Burd\u017eovi\u0107 \u2013 Tr\u0161o&#8221; uru\u010dio i donaciju u vidu nastavnih sredstava. Pored stru\u010dnog usavr\u0161avanja na ovom seminaru oko 60 [&hellip;]","og_url":"https:\/\/sandzakpress.net\/arhiva\/pojacan-vaspitni-rad-u-osnovnim-skolama\/","og_site_name":"Sand\u017eak PRESS","article_published_time":"2012-12-05T17:48:47+00:00","og_image":[{"width":454,"height":363,"url":"https:\/\/sandzakpress.net\/arhiva\/wp-content\/uploads\/2012\/12\/pojacan-vaspitni-rad-u-osnovnim-skolama.jpg","type":"image\/jpeg"}],"twitter_card":"summary_large_image","twitter_misc":{"Written by":"","Est. reading time":"1 minuta"},"schema":{"@context":"https:\/\/schema.org","@graph":[{"@type":"Article","@id":"https:\/\/sandzakpress.net\/arhiva\/pojacan-vaspitni-rad-u-osnovnim-skolama\/#article","isPartOf":{"@id":"https:\/\/sandzakpress.net\/arhiva\/pojacan-vaspitni-rad-u-osnovnim-skolama\/"},"author":{"name":"","@id":""},"headline":"Poja\u010dan vaspitni rad u osnovnim \u0161kolama","datePublished":"2012-12-05T17:48:47+00:00","mainEntityOfPage":{"@id":"https:\/\/sandzakpress.net\/arhiva\/pojacan-vaspitni-rad-u-osnovnim-skolama\/"},"wordCount":299,"commentCount":0,"publisher":{"@id":"https:\/\/sandzakpress.net\/arhiva\/#\/schema\/person\/6e72b67d6e51910a1117b3b483ba20bd"},"image":{"@id":"https:\/\/sandzakpress.net\/arhiva\/pojacan-vaspitni-rad-u-osnovnim-skolama\/#primaryimage"},"thumbnailUrl":"https:\/\/sandzakpress.net\/arhiva\/wp-content\/uploads\/2012\/12\/pojacan-vaspitni-rad-u-osnovnim-skolama.jpg","articleSection":["Novi Pazar","Obrazovanje"],"inLanguage":"bs-BA","potentialAction":[{"@type":"CommentAction","name":"Comment","target":["https:\/\/sandzakpress.net\/arhiva\/pojacan-vaspitni-rad-u-osnovnim-skolama\/#respond"]}]},{"@type":"WebPage","@id":"https:\/\/sandzakpress.net\/arhiva\/pojacan-vaspitni-rad-u-osnovnim-skolama\/","url":"https:\/\/sandzakpress.net\/arhiva\/pojacan-vaspitni-rad-u-osnovnim-skolama\/","name":"Poja\u010dan vaspitni rad u osnovnim \u0161kolama","isPartOf":{"@id":"https:\/\/sandzakpress.net\/arhiva\/#website"},"primaryImageOfPage":{"@id":"https:\/\/sandzakpress.net\/arhiva\/pojacan-vaspitni-rad-u-osnovnim-skolama\/#primaryimage"},"image":{"@id":"https:\/\/sandzakpress.net\/arhiva\/pojacan-vaspitni-rad-u-osnovnim-skolama\/#primaryimage"},"thumbnailUrl":"https:\/\/sandzakpress.net\/arhiva\/wp-content\/uploads\/2012\/12\/pojacan-vaspitni-rad-u-osnovnim-skolama.jpg","datePublished":"2012-12-05T17:48:47+00:00","breadcrumb":{"@id":"https:\/\/sandzakpress.net\/arhiva\/pojacan-vaspitni-rad-u-osnovnim-skolama\/#breadcrumb"},"inLanguage":"bs-BA","potentialAction":[{"@type":"ReadAction","target":["https:\/\/sandzakpress.net\/arhiva\/pojacan-vaspitni-rad-u-osnovnim-skolama\/"]}]},{"@type":"ImageObject","inLanguage":"bs-BA","@id":"https:\/\/sandzakpress.net\/arhiva\/pojacan-vaspitni-rad-u-osnovnim-skolama\/#primaryimage","url":"https:\/\/sandzakpress.net\/arhiva\/wp-content\/uploads\/2012\/12\/pojacan-vaspitni-rad-u-osnovnim-skolama.jpg","contentUrl":"https:\/\/sandzakpress.net\/arhiva\/wp-content\/uploads\/2012\/12\/pojacan-vaspitni-rad-u-osnovnim-skolama.jpg","width":454,"height":363},{"@type":"BreadcrumbList","@id":"https:\/\/sandzakpress.net\/arhiva\/pojacan-vaspitni-rad-u-osnovnim-skolama\/#breadcrumb","itemListElement":[{"@type":"ListItem","position":1,"name":"Home","item":"https:\/\/sandzakpress.net\/arhiva\/"},{"@type":"ListItem","position":2,"name":"Poja\u010dan vaspitni rad u osnovnim \u0161kolama"}]},{"@type":"WebSite","@id":"https:\/\/sandzakpress.net\/arhiva\/#website","url":"https:\/\/sandzakpress.net\/arhiva\/","name":"Sand\u017eak PRESS","description":"Prve elektronske novine u Sand\u017eaku","publisher":{"@id":"https:\/\/sandzakpress.net\/arhiva\/#\/schema\/person\/6e72b67d6e51910a1117b3b483ba20bd"},"potentialAction":[{"@type":"SearchAction","target":{"@type":"EntryPoint","urlTemplate":"https:\/\/sandzakpress.net\/arhiva\/?s={search_term_string}"},"query-input":{"@type":"PropertyValueSpecification","valueRequired":true,"valueName":"search_term_string"}}],"inLanguage":"bs-BA"},{"@type":["Person","Organization"],"@id":"https:\/\/sandzakpress.net\/arhiva\/#\/schema\/person\/6e72b67d6e51910a1117b3b483ba20bd","name":"Kul","image":{"@type":"ImageObject","inLanguage":"bs-BA","@id":"https:\/\/sandzakpress.net\/arhiva\/#\/schema\/person\/image\/","url":"https:\/\/secure.gravatar.com\/avatar\/42263f39aa27ac04c43cab85c280eb2e?s=96&d=mm&r=pg","contentUrl":"https:\/\/secure.gravatar.com\/avatar\/42263f39aa27ac04c43cab85c280eb2e?s=96&d=mm&r=pg","caption":"Kul"},"logo":{"@id":"https:\/\/sandzakpress.net\/arhiva\/#\/schema\/person\/image\/"}},{"@type":"Person","@id":"","url":"https:\/\/sandzakpress.net\/arhiva\/author\/"}]}},"_links":{"self":[{"href":"https:\/\/sandzakpress.net\/arhiva\/wp-json\/wp\/v2\/posts\/56847"}],"collection":[{"href":"https:\/\/sandzakpress.net\/arhiva\/wp-json\/wp\/v2\/posts"}],"about":[{"href":"https:\/\/sandzakpress.net\/arhiva\/wp-json\/wp\/v2\/types\/post"}],"author":[{"embeddable":true,"href":"https:\/\/sandzakpress.net\/arhiva\/wp-json\/wp\/v2\/users\/16"}],"replies":[{"embeddable":true,"href":"https:\/\/sandzakpress.net\/arhiva\/wp-json\/wp\/v2\/comments?post=56847"}],"version-history":[{"count":0,"href":"https:\/\/sandzakpress.net\/arhiva\/wp-json\/wp\/v2\/posts\/56847\/revisions"}],"wp:featuredmedia":[{"embeddable":true,"href":"https:\/\/sandzakpress.net\/arhiva\/wp-json\/wp\/v2\/media\/56845"}],"wp:attachment":[{"href":"https:\/\/sandzakpress.net\/arhiva\/wp-json\/wp\/v2\/media?parent=56847"}],"wp:term":[{"taxonomy":"category","embeddable":true,"href":"https:\/\/sandzakpress.net\/arhiva\/wp-json\/wp\/v2\/categories?post=56847"},{"taxonomy":"post_tag","embeddable":true,"href":"https:\/\/sandzakpress.net\/arhiva\/wp-json\/wp\/v2\/tags?post=56847"}],"curies":[{"name":"wp","href":"https:\/\/api.w.org\/{rel}","templated":true}]}}