{"id":56826,"date":"2012-12-05T18:43:55","date_gmt":"2012-12-05T17:43:55","guid":{"rendered":"https:\/\/sandzakpress.net\/arhiva\/?p=56826"},"modified":"2012-12-05T18:43:55","modified_gmt":"2012-12-05T17:43:55","slug":"austrija-pocela-gradnja-bosnjacko-kulturno-vjerskog-centra-u-vorarlbergu","status":"publish","type":"post","link":"https:\/\/sandzakpress.net\/arhiva\/austrija-pocela-gradnja-bosnjacko-kulturno-vjerskog-centra-u-vorarlbergu\/","title":{"rendered":"Austrija: Po\u010dela gradnja Bo\u0161nja\u010dko kulturno vjerskog centra u Vorarlbergu"},"content":{"rendered":"<p><strong><a href=\"https:\/\/sandzakpress.net\/arhiva\/wp-content\/uploads\/2012\/12\/4883d25872ff9bcd9ce78462f1bdc780.jpg\"><img loading=\"lazy\" decoding=\"async\" class=\"alignleft size-full wp-image-56831\" title=\"4883d25872ff9bcd9ce78462f1bdc780\" src=\"https:\/\/sandzakpress.net\/arhiva\/wp-content\/uploads\/2012\/12\/4883d25872ff9bcd9ce78462f1bdc780.jpg\" alt=\"\" width=\"200\" height=\"125\" \/><\/a>Austrija, BIH, Novi Pazar &#8211; Na samom dnu Austrije, ta\u010dnije u pokrajini Vorarlberg po\u010dela je gradnja Bo\u0161nja\u010dko kulturno vjerskog centra, koji \u0107e insaAllah biti ponos Bo\u0161njaka ovog kraja.<\/strong><\/p>\n<p>Bo\u0161nja\u010dki centar osim mesd\u017eida \u0107e imati savremenu mektebsku u\u010dionicu, kutubhanu, imamski stan, prostorije za omladinu-\u010demu treba posvetiti naro\u010ditu pa\u017enju. Omladina u Dijaspori treba mjesto gdje \u0107e prona\u0107i \u201csebe i svoje\u201d i sa\u010duvati se od potpune asimilacije.<\/p>\n<p>In\u0161aAllah djeca \u0107e u ovim prostorijama pozitivnije odrastati.<\/p>\n<p>Na dozvolu gradnje ovog objekta dugo se \u010dekalo.\u00a0\u201cA ko \u010deka, taj i do\u010deka\u201d ka\u017ee narodna poslovica.<\/p>\n<p>Dana 25.10.2012. od strane austrijskih vlasti dobijena je dozvola za gradnju.<\/p>\n<p>Ne \u010dekajuci ni tren \u010dlanovi BMZ-e Vorarlberg zapo\u010deli su odmah sa radovima. Zaklan je kurban i prou\u010dena dova.<\/p>\n<p>Pristupilo se iskopavanju temelja i gradnja podrumskih prostorija ve\u0107 je po\u010dela. Naravno, finansijski to je jako veliki korak za ovu Zajednicu, jer se moraju ispo\u0161tovati evropski standardi u izgradnji. Ali se isto tako uzdamo u Allaha d\u017e.\u0161. i nadamo se da \u0107emo i ovim putem prona\u0107i VAKIFE na\u0161eg Centra. BMZ Vorarlberg vam se unaprijed zahvaljuje na svakom upla\u0107enom prilogu.<\/p>\n<p>\u201cZar nagrada za dobro u\u010dinjeno djelo mo\u017ee biti ne\u0161to drugo do dobro?\u201d(Kur\u2019an)<\/p>\n<p>(Izba)<\/p>\n","protected":false},"excerpt":{"rendered":"<p>Austrija, BIH, Novi Pazar &#8211; Na samom dnu Austrije, ta\u010dnije u pokrajini Vorarlberg po\u010dela je gradnja Bo\u0161nja\u010dko kulturno vjerskog centra, koji \u0107e insaAllah biti ponos Bo\u0161njaka ovog kraja. Bo\u0161nja\u010dki centar osim mesd\u017eida \u0107e imati savremenu mektebsku u\u010dionicu, kutubhanu, imamski stan, prostorije za omladinu-\u010demu treba posvetiti naro\u010ditu pa\u017enju. Omladina u Dijaspori treba mjesto gdje \u0107e prona\u0107i [&hellip;]<\/p>\n","protected":false},"author":16,"featured_media":56831,"comment_status":"open","ping_status":"open","sticky":false,"template":"","format":"standard","meta":{"footnotes":""},"categories":[72,2860,9539,802],"tags":[],"class_list":{"0":"post-56826","1":"post","2":"type-post","3":"status-publish","4":"format-standard","5":"has-post-thumbnail","7":"category-novi-pazar","8":"category-bosna-i-hercegovina-gradovi","9":"category-austrija-dijaspora-gradovi-vase-vijesti","10":"category-islamska_zajednica"},"yoast_head":"<!-- This site is optimized with the Yoast SEO Premium plugin v23.1 (Yoast SEO v24.9) - https:\/\/yoast.com\/wordpress\/plugins\/seo\/ -->\n<title>Austrija: Po\u010dela gradnja Bo\u0161nja\u010dko kulturno vjerskog centra u Vorarlbergu<\/title>\n<meta name=\"robots\" content=\"index, follow, max-snippet:-1, max-image-preview:large, max-video-preview:-1\" \/>\n<link rel=\"canonical\" href=\"https:\/\/sandzakpress.net\/arhiva\/austrija-pocela-gradnja-bosnjacko-kulturno-vjerskog-centra-u-vorarlbergu\/\" \/>\n<meta property=\"og:locale\" content=\"bs_BA\" \/>\n<meta property=\"og:type\" content=\"article\" \/>\n<meta property=\"og:title\" content=\"Austrija: Po\u010dela gradnja Bo\u0161nja\u010dko kulturno vjerskog centra u Vorarlbergu\" \/>\n<meta property=\"og:description\" content=\"Austrija, BIH, Novi Pazar &#8211; Na samom dnu Austrije, ta\u010dnije u pokrajini Vorarlberg po\u010dela je gradnja Bo\u0161nja\u010dko kulturno vjerskog centra, koji \u0107e insaAllah biti ponos Bo\u0161njaka ovog kraja. Bo\u0161nja\u010dki centar osim mesd\u017eida \u0107e imati savremenu mektebsku u\u010dionicu, kutubhanu, imamski stan, prostorije za omladinu-\u010demu treba posvetiti naro\u010ditu pa\u017enju. Omladina u Dijaspori treba mjesto gdje \u0107e prona\u0107i [&hellip;]\" \/>\n<meta property=\"og:url\" content=\"https:\/\/sandzakpress.net\/arhiva\/austrija-pocela-gradnja-bosnjacko-kulturno-vjerskog-centra-u-vorarlbergu\/\" \/>\n<meta property=\"og:site_name\" content=\"Sand\u017eak PRESS\" \/>\n<meta property=\"article:published_time\" content=\"2012-12-05T17:43:55+00:00\" \/>\n<meta property=\"og:image\" content=\"https:\/\/sandzakpress.net\/arhiva\/wp-content\/uploads\/2012\/12\/4883d25872ff9bcd9ce78462f1bdc780.jpg\" \/>\n\t<meta property=\"og:image:width\" content=\"200\" \/>\n\t<meta property=\"og:image:height\" content=\"125\" \/>\n\t<meta property=\"og:image:type\" content=\"image\/jpeg\" \/>\n<meta name=\"twitter:card\" content=\"summary_large_image\" \/>\n<meta name=\"twitter:label1\" content=\"Written by\" \/>\n\t<meta name=\"twitter:data1\" content=\"\" \/>\n\t<meta name=\"twitter:label2\" content=\"Est. reading time\" \/>\n\t<meta name=\"twitter:data2\" content=\"1 minuta\" \/>\n<script type=\"application\/ld+json\" class=\"yoast-schema-graph\">{\"@context\":\"https:\/\/schema.org\",\"@graph\":[{\"@type\":\"Article\",\"@id\":\"https:\/\/sandzakpress.net\/arhiva\/austrija-pocela-gradnja-bosnjacko-kulturno-vjerskog-centra-u-vorarlbergu\/#article\",\"isPartOf\":{\"@id\":\"https:\/\/sandzakpress.net\/arhiva\/austrija-pocela-gradnja-bosnjacko-kulturno-vjerskog-centra-u-vorarlbergu\/\"},\"author\":{\"name\":\"\",\"@id\":\"\"},\"headline\":\"Austrija: Po\u010dela gradnja Bo\u0161nja\u010dko kulturno vjerskog centra u Vorarlbergu\",\"datePublished\":\"2012-12-05T17:43:55+00:00\",\"mainEntityOfPage\":{\"@id\":\"https:\/\/sandzakpress.net\/arhiva\/austrija-pocela-gradnja-bosnjacko-kulturno-vjerskog-centra-u-vorarlbergu\/\"},\"wordCount\":230,\"commentCount\":0,\"publisher\":{\"@id\":\"https:\/\/sandzakpress.net\/arhiva\/#\/schema\/person\/6e72b67d6e51910a1117b3b483ba20bd\"},\"image\":{\"@id\":\"https:\/\/sandzakpress.net\/arhiva\/austrija-pocela-gradnja-bosnjacko-kulturno-vjerskog-centra-u-vorarlbergu\/#primaryimage\"},\"thumbnailUrl\":\"https:\/\/sandzakpress.net\/arhiva\/wp-content\/uploads\/2012\/12\/4883d25872ff9bcd9ce78462f1bdc780.jpg\",\"articleSection\":[\"Novi Pazar\",\"Bosna i Hercegovina\",\"Austrija\",\"Islamska zajednica\"],\"inLanguage\":\"bs-BA\",\"potentialAction\":[{\"@type\":\"CommentAction\",\"name\":\"Comment\",\"target\":[\"https:\/\/sandzakpress.net\/arhiva\/austrija-pocela-gradnja-bosnjacko-kulturno-vjerskog-centra-u-vorarlbergu\/#respond\"]}]},{\"@type\":\"WebPage\",\"@id\":\"https:\/\/sandzakpress.net\/arhiva\/austrija-pocela-gradnja-bosnjacko-kulturno-vjerskog-centra-u-vorarlbergu\/\",\"url\":\"https:\/\/sandzakpress.net\/arhiva\/austrija-pocela-gradnja-bosnjacko-kulturno-vjerskog-centra-u-vorarlbergu\/\",\"name\":\"Austrija: Po\u010dela gradnja Bo\u0161nja\u010dko kulturno vjerskog centra u Vorarlbergu\",\"isPartOf\":{\"@id\":\"https:\/\/sandzakpress.net\/arhiva\/#website\"},\"primaryImageOfPage\":{\"@id\":\"https:\/\/sandzakpress.net\/arhiva\/austrija-pocela-gradnja-bosnjacko-kulturno-vjerskog-centra-u-vorarlbergu\/#primaryimage\"},\"image\":{\"@id\":\"https:\/\/sandzakpress.net\/arhiva\/austrija-pocela-gradnja-bosnjacko-kulturno-vjerskog-centra-u-vorarlbergu\/#primaryimage\"},\"thumbnailUrl\":\"https:\/\/sandzakpress.net\/arhiva\/wp-content\/uploads\/2012\/12\/4883d25872ff9bcd9ce78462f1bdc780.jpg\",\"datePublished\":\"2012-12-05T17:43:55+00:00\",\"breadcrumb\":{\"@id\":\"https:\/\/sandzakpress.net\/arhiva\/austrija-pocela-gradnja-bosnjacko-kulturno-vjerskog-centra-u-vorarlbergu\/#breadcrumb\"},\"inLanguage\":\"bs-BA\",\"potentialAction\":[{\"@type\":\"ReadAction\",\"target\":[\"https:\/\/sandzakpress.net\/arhiva\/austrija-pocela-gradnja-bosnjacko-kulturno-vjerskog-centra-u-vorarlbergu\/\"]}]},{\"@type\":\"ImageObject\",\"inLanguage\":\"bs-BA\",\"@id\":\"https:\/\/sandzakpress.net\/arhiva\/austrija-pocela-gradnja-bosnjacko-kulturno-vjerskog-centra-u-vorarlbergu\/#primaryimage\",\"url\":\"https:\/\/sandzakpress.net\/arhiva\/wp-content\/uploads\/2012\/12\/4883d25872ff9bcd9ce78462f1bdc780.jpg\",\"contentUrl\":\"https:\/\/sandzakpress.net\/arhiva\/wp-content\/uploads\/2012\/12\/4883d25872ff9bcd9ce78462f1bdc780.jpg\",\"width\":200,\"height\":125},{\"@type\":\"BreadcrumbList\",\"@id\":\"https:\/\/sandzakpress.net\/arhiva\/austrija-pocela-gradnja-bosnjacko-kulturno-vjerskog-centra-u-vorarlbergu\/#breadcrumb\",\"itemListElement\":[{\"@type\":\"ListItem\",\"position\":1,\"name\":\"Home\",\"item\":\"https:\/\/sandzakpress.net\/arhiva\/\"},{\"@type\":\"ListItem\",\"position\":2,\"name\":\"Austrija: Po\u010dela gradnja Bo\u0161nja\u010dko kulturno vjerskog centra u Vorarlbergu\"}]},{\"@type\":\"WebSite\",\"@id\":\"https:\/\/sandzakpress.net\/arhiva\/#website\",\"url\":\"https:\/\/sandzakpress.net\/arhiva\/\",\"name\":\"Sand\u017eak PRESS\",\"description\":\"Prve elektronske novine u Sand\u017eaku\",\"publisher\":{\"@id\":\"https:\/\/sandzakpress.net\/arhiva\/#\/schema\/person\/6e72b67d6e51910a1117b3b483ba20bd\"},\"potentialAction\":[{\"@type\":\"SearchAction\",\"target\":{\"@type\":\"EntryPoint\",\"urlTemplate\":\"https:\/\/sandzakpress.net\/arhiva\/?s={search_term_string}\"},\"query-input\":{\"@type\":\"PropertyValueSpecification\",\"valueRequired\":true,\"valueName\":\"search_term_string\"}}],\"inLanguage\":\"bs-BA\"},{\"@type\":[\"Person\",\"Organization\"],\"@id\":\"https:\/\/sandzakpress.net\/arhiva\/#\/schema\/person\/6e72b67d6e51910a1117b3b483ba20bd\",\"name\":\"Kul\",\"image\":{\"@type\":\"ImageObject\",\"inLanguage\":\"bs-BA\",\"@id\":\"https:\/\/sandzakpress.net\/arhiva\/#\/schema\/person\/image\/\",\"url\":\"https:\/\/secure.gravatar.com\/avatar\/42263f39aa27ac04c43cab85c280eb2e?s=96&d=mm&r=pg\",\"contentUrl\":\"https:\/\/secure.gravatar.com\/avatar\/42263f39aa27ac04c43cab85c280eb2e?s=96&d=mm&r=pg\",\"caption\":\"Kul\"},\"logo\":{\"@id\":\"https:\/\/sandzakpress.net\/arhiva\/#\/schema\/person\/image\/\"}},{\"@type\":\"Person\",\"@id\":\"\",\"url\":\"https:\/\/sandzakpress.net\/arhiva\/author\/\"}]}<\/script>\n<!-- \/ Yoast SEO Premium plugin. -->","yoast_head_json":{"title":"Austrija: Po\u010dela gradnja Bo\u0161nja\u010dko kulturno vjerskog centra u Vorarlbergu","robots":{"index":"index","follow":"follow","max-snippet":"max-snippet:-1","max-image-preview":"max-image-preview:large","max-video-preview":"max-video-preview:-1"},"canonical":"https:\/\/sandzakpress.net\/arhiva\/austrija-pocela-gradnja-bosnjacko-kulturno-vjerskog-centra-u-vorarlbergu\/","og_locale":"bs_BA","og_type":"article","og_title":"Austrija: Po\u010dela gradnja Bo\u0161nja\u010dko kulturno vjerskog centra u Vorarlbergu","og_description":"Austrija, BIH, Novi Pazar &#8211; Na samom dnu Austrije, ta\u010dnije u pokrajini Vorarlberg po\u010dela je gradnja Bo\u0161nja\u010dko kulturno vjerskog centra, koji \u0107e insaAllah biti ponos Bo\u0161njaka ovog kraja. Bo\u0161nja\u010dki centar osim mesd\u017eida \u0107e imati savremenu mektebsku u\u010dionicu, kutubhanu, imamski stan, prostorije za omladinu-\u010demu treba posvetiti naro\u010ditu pa\u017enju. Omladina u Dijaspori treba mjesto gdje \u0107e prona\u0107i [&hellip;]","og_url":"https:\/\/sandzakpress.net\/arhiva\/austrija-pocela-gradnja-bosnjacko-kulturno-vjerskog-centra-u-vorarlbergu\/","og_site_name":"Sand\u017eak PRESS","article_published_time":"2012-12-05T17:43:55+00:00","og_image":[{"width":200,"height":125,"url":"https:\/\/sandzakpress.net\/arhiva\/wp-content\/uploads\/2012\/12\/4883d25872ff9bcd9ce78462f1bdc780.jpg","type":"image\/jpeg"}],"twitter_card":"summary_large_image","twitter_misc":{"Written by":"","Est. reading time":"1 minuta"},"schema":{"@context":"https:\/\/schema.org","@graph":[{"@type":"Article","@id":"https:\/\/sandzakpress.net\/arhiva\/austrija-pocela-gradnja-bosnjacko-kulturno-vjerskog-centra-u-vorarlbergu\/#article","isPartOf":{"@id":"https:\/\/sandzakpress.net\/arhiva\/austrija-pocela-gradnja-bosnjacko-kulturno-vjerskog-centra-u-vorarlbergu\/"},"author":{"name":"","@id":""},"headline":"Austrija: Po\u010dela gradnja Bo\u0161nja\u010dko kulturno vjerskog centra u Vorarlbergu","datePublished":"2012-12-05T17:43:55+00:00","mainEntityOfPage":{"@id":"https:\/\/sandzakpress.net\/arhiva\/austrija-pocela-gradnja-bosnjacko-kulturno-vjerskog-centra-u-vorarlbergu\/"},"wordCount":230,"commentCount":0,"publisher":{"@id":"https:\/\/sandzakpress.net\/arhiva\/#\/schema\/person\/6e72b67d6e51910a1117b3b483ba20bd"},"image":{"@id":"https:\/\/sandzakpress.net\/arhiva\/austrija-pocela-gradnja-bosnjacko-kulturno-vjerskog-centra-u-vorarlbergu\/#primaryimage"},"thumbnailUrl":"https:\/\/sandzakpress.net\/arhiva\/wp-content\/uploads\/2012\/12\/4883d25872ff9bcd9ce78462f1bdc780.jpg","articleSection":["Novi Pazar","Bosna i Hercegovina","Austrija","Islamska zajednica"],"inLanguage":"bs-BA","potentialAction":[{"@type":"CommentAction","name":"Comment","target":["https:\/\/sandzakpress.net\/arhiva\/austrija-pocela-gradnja-bosnjacko-kulturno-vjerskog-centra-u-vorarlbergu\/#respond"]}]},{"@type":"WebPage","@id":"https:\/\/sandzakpress.net\/arhiva\/austrija-pocela-gradnja-bosnjacko-kulturno-vjerskog-centra-u-vorarlbergu\/","url":"https:\/\/sandzakpress.net\/arhiva\/austrija-pocela-gradnja-bosnjacko-kulturno-vjerskog-centra-u-vorarlbergu\/","name":"Austrija: Po\u010dela gradnja Bo\u0161nja\u010dko kulturno vjerskog centra u Vorarlbergu","isPartOf":{"@id":"https:\/\/sandzakpress.net\/arhiva\/#website"},"primaryImageOfPage":{"@id":"https:\/\/sandzakpress.net\/arhiva\/austrija-pocela-gradnja-bosnjacko-kulturno-vjerskog-centra-u-vorarlbergu\/#primaryimage"},"image":{"@id":"https:\/\/sandzakpress.net\/arhiva\/austrija-pocela-gradnja-bosnjacko-kulturno-vjerskog-centra-u-vorarlbergu\/#primaryimage"},"thumbnailUrl":"https:\/\/sandzakpress.net\/arhiva\/wp-content\/uploads\/2012\/12\/4883d25872ff9bcd9ce78462f1bdc780.jpg","datePublished":"2012-12-05T17:43:55+00:00","breadcrumb":{"@id":"https:\/\/sandzakpress.net\/arhiva\/austrija-pocela-gradnja-bosnjacko-kulturno-vjerskog-centra-u-vorarlbergu\/#breadcrumb"},"inLanguage":"bs-BA","potentialAction":[{"@type":"ReadAction","target":["https:\/\/sandzakpress.net\/arhiva\/austrija-pocela-gradnja-bosnjacko-kulturno-vjerskog-centra-u-vorarlbergu\/"]}]},{"@type":"ImageObject","inLanguage":"bs-BA","@id":"https:\/\/sandzakpress.net\/arhiva\/austrija-pocela-gradnja-bosnjacko-kulturno-vjerskog-centra-u-vorarlbergu\/#primaryimage","url":"https:\/\/sandzakpress.net\/arhiva\/wp-content\/uploads\/2012\/12\/4883d25872ff9bcd9ce78462f1bdc780.jpg","contentUrl":"https:\/\/sandzakpress.net\/arhiva\/wp-content\/uploads\/2012\/12\/4883d25872ff9bcd9ce78462f1bdc780.jpg","width":200,"height":125},{"@type":"BreadcrumbList","@id":"https:\/\/sandzakpress.net\/arhiva\/austrija-pocela-gradnja-bosnjacko-kulturno-vjerskog-centra-u-vorarlbergu\/#breadcrumb","itemListElement":[{"@type":"ListItem","position":1,"name":"Home","item":"https:\/\/sandzakpress.net\/arhiva\/"},{"@type":"ListItem","position":2,"name":"Austrija: Po\u010dela gradnja Bo\u0161nja\u010dko kulturno vjerskog centra u Vorarlbergu"}]},{"@type":"WebSite","@id":"https:\/\/sandzakpress.net\/arhiva\/#website","url":"https:\/\/sandzakpress.net\/arhiva\/","name":"Sand\u017eak PRESS","description":"Prve elektronske novine u Sand\u017eaku","publisher":{"@id":"https:\/\/sandzakpress.net\/arhiva\/#\/schema\/person\/6e72b67d6e51910a1117b3b483ba20bd"},"potentialAction":[{"@type":"SearchAction","target":{"@type":"EntryPoint","urlTemplate":"https:\/\/sandzakpress.net\/arhiva\/?s={search_term_string}"},"query-input":{"@type":"PropertyValueSpecification","valueRequired":true,"valueName":"search_term_string"}}],"inLanguage":"bs-BA"},{"@type":["Person","Organization"],"@id":"https:\/\/sandzakpress.net\/arhiva\/#\/schema\/person\/6e72b67d6e51910a1117b3b483ba20bd","name":"Kul","image":{"@type":"ImageObject","inLanguage":"bs-BA","@id":"https:\/\/sandzakpress.net\/arhiva\/#\/schema\/person\/image\/","url":"https:\/\/secure.gravatar.com\/avatar\/42263f39aa27ac04c43cab85c280eb2e?s=96&d=mm&r=pg","contentUrl":"https:\/\/secure.gravatar.com\/avatar\/42263f39aa27ac04c43cab85c280eb2e?s=96&d=mm&r=pg","caption":"Kul"},"logo":{"@id":"https:\/\/sandzakpress.net\/arhiva\/#\/schema\/person\/image\/"}},{"@type":"Person","@id":"","url":"https:\/\/sandzakpress.net\/arhiva\/author\/"}]}},"_links":{"self":[{"href":"https:\/\/sandzakpress.net\/arhiva\/wp-json\/wp\/v2\/posts\/56826"}],"collection":[{"href":"https:\/\/sandzakpress.net\/arhiva\/wp-json\/wp\/v2\/posts"}],"about":[{"href":"https:\/\/sandzakpress.net\/arhiva\/wp-json\/wp\/v2\/types\/post"}],"author":[{"embeddable":true,"href":"https:\/\/sandzakpress.net\/arhiva\/wp-json\/wp\/v2\/users\/16"}],"replies":[{"embeddable":true,"href":"https:\/\/sandzakpress.net\/arhiva\/wp-json\/wp\/v2\/comments?post=56826"}],"version-history":[{"count":0,"href":"https:\/\/sandzakpress.net\/arhiva\/wp-json\/wp\/v2\/posts\/56826\/revisions"}],"wp:featuredmedia":[{"embeddable":true,"href":"https:\/\/sandzakpress.net\/arhiva\/wp-json\/wp\/v2\/media\/56831"}],"wp:attachment":[{"href":"https:\/\/sandzakpress.net\/arhiva\/wp-json\/wp\/v2\/media?parent=56826"}],"wp:term":[{"taxonomy":"category","embeddable":true,"href":"https:\/\/sandzakpress.net\/arhiva\/wp-json\/wp\/v2\/categories?post=56826"},{"taxonomy":"post_tag","embeddable":true,"href":"https:\/\/sandzakpress.net\/arhiva\/wp-json\/wp\/v2\/tags?post=56826"}],"curies":[{"name":"wp","href":"https:\/\/api.w.org\/{rel}","templated":true}]}}