{"id":56820,"date":"2012-12-05T18:41:57","date_gmt":"2012-12-05T17:41:57","guid":{"rendered":"https:\/\/sandzakpress.net\/arhiva\/?p=56820"},"modified":"2012-12-05T18:41:57","modified_gmt":"2012-12-05T17:41:57","slug":"makedonija-turska-obnavlja-hajdar-kadi-dzamiju","status":"publish","type":"post","link":"https:\/\/sandzakpress.net\/arhiva\/makedonija-turska-obnavlja-hajdar-kadi-dzamiju\/","title":{"rendered":"Makedonija: Turska obnavlja Hajdar Kadi d\u017eamiju"},"content":{"rendered":"<div>\n<div><a href=\"https:\/\/sandzakpress.net\/arhiva\/wp-content\/uploads\/2012\/12\/copyright_aabadoluajansi_2012_201212051717031.jpg\"><img loading=\"lazy\" decoding=\"async\" class=\"alignleft size-medium wp-image-56828\" title=\"copyright_aabadoluajansi_2012_20121205171703\" src=\"https:\/\/sandzakpress.net\/arhiva\/wp-content\/uploads\/2012\/12\/copyright_aabadoluajansi_2012_201212051717031-300x208.jpg\" alt=\"\" width=\"300\" height=\"208\" \/><\/a><strong>Turski Ured za vakufe i Nacionalni centar za konzervaciju u Makedoniji potpisali protokol o obnovi d\u017eamije<\/strong><\/div>\n<\/div>\n<div id=\"news-maincontent\">\n<p>U gradu Manastir u Makedoniji uskoro bi trebala po\u010deti obnova poznate\u00a0<a href=\"http:\/\/www.aa.com.tr\/ba\/mod\/tag\/hajdar\">Hajdar<\/a> <a href=\"http:\/\/www.aa.com.tr\/ba\/mod\/tag\/kadi\">Kadi<\/a> d\u017eamije koja je u vrijeme komunisti\u010dkog re\u017eima preuzeta od Islamske zajednice Makedonije i kori\u0161tena u razli\u010dite svrhe.<\/p>\n<p>Naime, u Skoplju su zamjenik direktora Ureda za vakufe pri vladi Turske Ali Hurata i direktor Nacionalnog centra za konzervaciju Makedonije Mehmet Selmani potpisali protokol o saradnji koji se odnosi na skoru restauraciju\u00a0<a href=\"http:\/\/www.aa.com.tr\/ba\/mod\/tag\/hajdar\">Hajdar<\/a> <a href=\"http:\/\/www.aa.com.tr\/ba\/mod\/tag\/kadi\">Kadi<\/a> d\u017eamije.<\/p>\n<p>Hurata je u obra\u0107anju novinarima izjavio da je ovo samo jedan u nizu projekata koje je Ured realizirao do sada na Balkanu, podsjetiv\u0161i i na projekat restauracije hamama Isa-bega u Sarajevu.<\/p>\n<p>\u201cSva ova kulturna ostav\u0161tina na Balkanu nije samo na\u0161a nego je to prije svega odgovornost \u010ditavog \u010dovje\u010danstva. Naprimjer, mi danas u Turskoj pored d\u017eamija i medresa obnavljamo crkve, sinagoge i sli\u010dne kulturne i vjerske ustanove\u201d, kazao je Hurata.<\/p>\n<p><a href=\"http:\/\/www.aa.com.tr\/ba\/mod\/tag\/hajdar\">Hajdar<\/a> <a href=\"http:\/\/www.aa.com.tr\/ba\/mod\/tag\/kadi\">Kadi<\/a> d\u017eamija je izgra\u0111ena u peridou 1561-62. godina, a 2004. godine je ponovo data na kori\u0161tenje Islamskoj zajednici Makedonije.<\/p>\n<p>Direktor Nacionalnog centra za konzervaciju Makedonije Mehmet Selmani je istakao da je\u00a0<a href=\"http:\/\/www.aa.com.tr\/ba\/mod\/tag\/hajdar\">Hajdar<\/a> <a href=\"http:\/\/www.aa.com.tr\/ba\/mod\/tag\/kadi\">Kadi<\/a>d\u017eamija zna\u010dajan simbol zajedni\u010dke kulturne ba\u0161tine na Balkanu.<\/p>\n<p>\u201cOvaj historijski objekat je simbol o\u010duvanja na\u0161e zajedni\u010dke kulturne ostav\u0161tine. Ovo je i simbol na\u0161e zajedni\u010dke pro\u0161losti kada su na\u0161i preci u harmoniji i miru \u017eivjeli jedni pored drugih. Stoga i mi u budu\u0107nosti moramo sa\u010duvati sje\u0107anje na zajedni\u010dku pro\u0161lost\u201d, rekao je Selmani.<\/p>\n<p>Sve materijalne i financijske tro\u0161kove na obnovi\u00a0<a href=\"http:\/\/www.aa.com.tr\/ba\/mod\/tag\/hajdar\">Hajdar<\/a> <a href=\"http:\/\/www.aa.com.tr\/ba\/mod\/tag\/kadi\">Kadi<\/a> d\u017eamije snosit \u0107e Ured za vakufe pri vladi Turske.<\/p>\n<\/div>\n<div>\n<div><\/div>\n<\/div>\n","protected":false},"excerpt":{"rendered":"<p>Turski Ured za vakufe i Nacionalni centar za konzervaciju u Makedoniji potpisali protokol o obnovi d\u017eamije U gradu Manastir u Makedoniji uskoro bi trebala po\u010deti obnova poznate\u00a0Hajdar Kadi d\u017eamije koja je u vrijeme komunisti\u010dkog re\u017eima preuzeta od Islamske zajednice Makedonije i kori\u0161tena u razli\u010dite svrhe. Naime, u Skoplju su zamjenik direktora Ureda za vakufe pri [&hellip;]<\/p>\n","protected":false},"author":33,"featured_media":56828,"comment_status":"open","ping_status":"open","sticky":false,"template":"","format":"standard","meta":{"footnotes":""},"categories":[2691],"tags":[],"class_list":{"0":"post-56820","1":"post","2":"type-post","3":"status-publish","4":"format-standard","5":"has-post-thumbnail","7":"category-makedonija"},"yoast_head":"<!-- This site is optimized with the Yoast SEO Premium plugin v23.1 (Yoast SEO v24.9) - https:\/\/yoast.com\/wordpress\/plugins\/seo\/ -->\n<title>Makedonija: Turska obnavlja Hajdar Kadi d\u017eamiju<\/title>\n<meta name=\"robots\" content=\"index, follow, max-snippet:-1, max-image-preview:large, max-video-preview:-1\" \/>\n<link rel=\"canonical\" href=\"https:\/\/sandzakpress.net\/arhiva\/makedonija-turska-obnavlja-hajdar-kadi-dzamiju\/\" \/>\n<meta property=\"og:locale\" content=\"bs_BA\" \/>\n<meta property=\"og:type\" content=\"article\" \/>\n<meta property=\"og:title\" content=\"Makedonija: Turska obnavlja Hajdar Kadi d\u017eamiju\" \/>\n<meta property=\"og:description\" content=\"Turski Ured za vakufe i Nacionalni centar za konzervaciju u Makedoniji potpisali protokol o obnovi d\u017eamije U gradu Manastir u Makedoniji uskoro bi trebala po\u010deti obnova poznate\u00a0Hajdar Kadi d\u017eamije koja je u vrijeme komunisti\u010dkog re\u017eima preuzeta od Islamske zajednice Makedonije i kori\u0161tena u razli\u010dite svrhe. Naime, u Skoplju su zamjenik direktora Ureda za vakufe pri [&hellip;]\" \/>\n<meta property=\"og:url\" content=\"https:\/\/sandzakpress.net\/arhiva\/makedonija-turska-obnavlja-hajdar-kadi-dzamiju\/\" \/>\n<meta property=\"og:site_name\" content=\"Sand\u017eak PRESS\" \/>\n<meta property=\"article:published_time\" content=\"2012-12-05T17:41:57+00:00\" \/>\n<meta property=\"og:image\" content=\"https:\/\/sandzakpress.net\/arhiva\/wp-content\/uploads\/2012\/12\/copyright_aabadoluajansi_2012_201212051717031.jpg\" \/>\n\t<meta property=\"og:image:width\" content=\"609\" \/>\n\t<meta property=\"og:image:height\" content=\"424\" \/>\n\t<meta property=\"og:image:type\" content=\"image\/jpeg\" \/>\n<meta name=\"twitter:card\" content=\"summary_large_image\" \/>\n<meta name=\"twitter:label1\" content=\"Written by\" \/>\n\t<meta name=\"twitter:data1\" content=\"\" \/>\n\t<meta name=\"twitter:label2\" content=\"Est. reading time\" \/>\n\t<meta name=\"twitter:data2\" content=\"1 minuta\" \/>\n<script type=\"application\/ld+json\" class=\"yoast-schema-graph\">{\"@context\":\"https:\/\/schema.org\",\"@graph\":[{\"@type\":\"Article\",\"@id\":\"https:\/\/sandzakpress.net\/arhiva\/makedonija-turska-obnavlja-hajdar-kadi-dzamiju\/#article\",\"isPartOf\":{\"@id\":\"https:\/\/sandzakpress.net\/arhiva\/makedonija-turska-obnavlja-hajdar-kadi-dzamiju\/\"},\"author\":{\"name\":\"\",\"@id\":\"\"},\"headline\":\"Makedonija: Turska obnavlja Hajdar Kadi d\u017eamiju\",\"datePublished\":\"2012-12-05T17:41:57+00:00\",\"mainEntityOfPage\":{\"@id\":\"https:\/\/sandzakpress.net\/arhiva\/makedonija-turska-obnavlja-hajdar-kadi-dzamiju\/\"},\"wordCount\":296,\"commentCount\":0,\"publisher\":{\"@id\":\"https:\/\/sandzakpress.net\/arhiva\/#\/schema\/person\/6e72b67d6e51910a1117b3b483ba20bd\"},\"image\":{\"@id\":\"https:\/\/sandzakpress.net\/arhiva\/makedonija-turska-obnavlja-hajdar-kadi-dzamiju\/#primaryimage\"},\"thumbnailUrl\":\"https:\/\/sandzakpress.net\/arhiva\/wp-content\/uploads\/2012\/12\/copyright_aabadoluajansi_2012_201212051717031.jpg\",\"articleSection\":[\"Makedonija\"],\"inLanguage\":\"bs-BA\",\"potentialAction\":[{\"@type\":\"CommentAction\",\"name\":\"Comment\",\"target\":[\"https:\/\/sandzakpress.net\/arhiva\/makedonija-turska-obnavlja-hajdar-kadi-dzamiju\/#respond\"]}]},{\"@type\":\"WebPage\",\"@id\":\"https:\/\/sandzakpress.net\/arhiva\/makedonija-turska-obnavlja-hajdar-kadi-dzamiju\/\",\"url\":\"https:\/\/sandzakpress.net\/arhiva\/makedonija-turska-obnavlja-hajdar-kadi-dzamiju\/\",\"name\":\"Makedonija: Turska obnavlja Hajdar Kadi d\u017eamiju\",\"isPartOf\":{\"@id\":\"https:\/\/sandzakpress.net\/arhiva\/#website\"},\"primaryImageOfPage\":{\"@id\":\"https:\/\/sandzakpress.net\/arhiva\/makedonija-turska-obnavlja-hajdar-kadi-dzamiju\/#primaryimage\"},\"image\":{\"@id\":\"https:\/\/sandzakpress.net\/arhiva\/makedonija-turska-obnavlja-hajdar-kadi-dzamiju\/#primaryimage\"},\"thumbnailUrl\":\"https:\/\/sandzakpress.net\/arhiva\/wp-content\/uploads\/2012\/12\/copyright_aabadoluajansi_2012_201212051717031.jpg\",\"datePublished\":\"2012-12-05T17:41:57+00:00\",\"breadcrumb\":{\"@id\":\"https:\/\/sandzakpress.net\/arhiva\/makedonija-turska-obnavlja-hajdar-kadi-dzamiju\/#breadcrumb\"},\"inLanguage\":\"bs-BA\",\"potentialAction\":[{\"@type\":\"ReadAction\",\"target\":[\"https:\/\/sandzakpress.net\/arhiva\/makedonija-turska-obnavlja-hajdar-kadi-dzamiju\/\"]}]},{\"@type\":\"ImageObject\",\"inLanguage\":\"bs-BA\",\"@id\":\"https:\/\/sandzakpress.net\/arhiva\/makedonija-turska-obnavlja-hajdar-kadi-dzamiju\/#primaryimage\",\"url\":\"https:\/\/sandzakpress.net\/arhiva\/wp-content\/uploads\/2012\/12\/copyright_aabadoluajansi_2012_201212051717031.jpg\",\"contentUrl\":\"https:\/\/sandzakpress.net\/arhiva\/wp-content\/uploads\/2012\/12\/copyright_aabadoluajansi_2012_201212051717031.jpg\",\"width\":609,\"height\":424},{\"@type\":\"BreadcrumbList\",\"@id\":\"https:\/\/sandzakpress.net\/arhiva\/makedonija-turska-obnavlja-hajdar-kadi-dzamiju\/#breadcrumb\",\"itemListElement\":[{\"@type\":\"ListItem\",\"position\":1,\"name\":\"Home\",\"item\":\"https:\/\/sandzakpress.net\/arhiva\/\"},{\"@type\":\"ListItem\",\"position\":2,\"name\":\"Makedonija: Turska obnavlja Hajdar Kadi d\u017eamiju\"}]},{\"@type\":\"WebSite\",\"@id\":\"https:\/\/sandzakpress.net\/arhiva\/#website\",\"url\":\"https:\/\/sandzakpress.net\/arhiva\/\",\"name\":\"Sand\u017eak PRESS\",\"description\":\"Prve elektronske novine u Sand\u017eaku\",\"publisher\":{\"@id\":\"https:\/\/sandzakpress.net\/arhiva\/#\/schema\/person\/6e72b67d6e51910a1117b3b483ba20bd\"},\"potentialAction\":[{\"@type\":\"SearchAction\",\"target\":{\"@type\":\"EntryPoint\",\"urlTemplate\":\"https:\/\/sandzakpress.net\/arhiva\/?s={search_term_string}\"},\"query-input\":{\"@type\":\"PropertyValueSpecification\",\"valueRequired\":true,\"valueName\":\"search_term_string\"}}],\"inLanguage\":\"bs-BA\"},{\"@type\":[\"Person\",\"Organization\"],\"@id\":\"https:\/\/sandzakpress.net\/arhiva\/#\/schema\/person\/6e72b67d6e51910a1117b3b483ba20bd\",\"name\":\"Kul\",\"image\":{\"@type\":\"ImageObject\",\"inLanguage\":\"bs-BA\",\"@id\":\"https:\/\/sandzakpress.net\/arhiva\/#\/schema\/person\/image\/\",\"url\":\"https:\/\/secure.gravatar.com\/avatar\/42263f39aa27ac04c43cab85c280eb2e?s=96&d=mm&r=pg\",\"contentUrl\":\"https:\/\/secure.gravatar.com\/avatar\/42263f39aa27ac04c43cab85c280eb2e?s=96&d=mm&r=pg\",\"caption\":\"Kul\"},\"logo\":{\"@id\":\"https:\/\/sandzakpress.net\/arhiva\/#\/schema\/person\/image\/\"}},{\"@type\":\"Person\",\"@id\":\"\",\"url\":\"https:\/\/sandzakpress.net\/arhiva\/author\/\"}]}<\/script>\n<!-- \/ Yoast SEO Premium plugin. -->","yoast_head_json":{"title":"Makedonija: Turska obnavlja Hajdar Kadi d\u017eamiju","robots":{"index":"index","follow":"follow","max-snippet":"max-snippet:-1","max-image-preview":"max-image-preview:large","max-video-preview":"max-video-preview:-1"},"canonical":"https:\/\/sandzakpress.net\/arhiva\/makedonija-turska-obnavlja-hajdar-kadi-dzamiju\/","og_locale":"bs_BA","og_type":"article","og_title":"Makedonija: Turska obnavlja Hajdar Kadi d\u017eamiju","og_description":"Turski Ured za vakufe i Nacionalni centar za konzervaciju u Makedoniji potpisali protokol o obnovi d\u017eamije U gradu Manastir u Makedoniji uskoro bi trebala po\u010deti obnova poznate\u00a0Hajdar Kadi d\u017eamije koja je u vrijeme komunisti\u010dkog re\u017eima preuzeta od Islamske zajednice Makedonije i kori\u0161tena u razli\u010dite svrhe. Naime, u Skoplju su zamjenik direktora Ureda za vakufe pri [&hellip;]","og_url":"https:\/\/sandzakpress.net\/arhiva\/makedonija-turska-obnavlja-hajdar-kadi-dzamiju\/","og_site_name":"Sand\u017eak PRESS","article_published_time":"2012-12-05T17:41:57+00:00","og_image":[{"width":609,"height":424,"url":"https:\/\/sandzakpress.net\/arhiva\/wp-content\/uploads\/2012\/12\/copyright_aabadoluajansi_2012_201212051717031.jpg","type":"image\/jpeg"}],"twitter_card":"summary_large_image","twitter_misc":{"Written by":"","Est. reading time":"1 minuta"},"schema":{"@context":"https:\/\/schema.org","@graph":[{"@type":"Article","@id":"https:\/\/sandzakpress.net\/arhiva\/makedonija-turska-obnavlja-hajdar-kadi-dzamiju\/#article","isPartOf":{"@id":"https:\/\/sandzakpress.net\/arhiva\/makedonija-turska-obnavlja-hajdar-kadi-dzamiju\/"},"author":{"name":"","@id":""},"headline":"Makedonija: Turska obnavlja Hajdar Kadi d\u017eamiju","datePublished":"2012-12-05T17:41:57+00:00","mainEntityOfPage":{"@id":"https:\/\/sandzakpress.net\/arhiva\/makedonija-turska-obnavlja-hajdar-kadi-dzamiju\/"},"wordCount":296,"commentCount":0,"publisher":{"@id":"https:\/\/sandzakpress.net\/arhiva\/#\/schema\/person\/6e72b67d6e51910a1117b3b483ba20bd"},"image":{"@id":"https:\/\/sandzakpress.net\/arhiva\/makedonija-turska-obnavlja-hajdar-kadi-dzamiju\/#primaryimage"},"thumbnailUrl":"https:\/\/sandzakpress.net\/arhiva\/wp-content\/uploads\/2012\/12\/copyright_aabadoluajansi_2012_201212051717031.jpg","articleSection":["Makedonija"],"inLanguage":"bs-BA","potentialAction":[{"@type":"CommentAction","name":"Comment","target":["https:\/\/sandzakpress.net\/arhiva\/makedonija-turska-obnavlja-hajdar-kadi-dzamiju\/#respond"]}]},{"@type":"WebPage","@id":"https:\/\/sandzakpress.net\/arhiva\/makedonija-turska-obnavlja-hajdar-kadi-dzamiju\/","url":"https:\/\/sandzakpress.net\/arhiva\/makedonija-turska-obnavlja-hajdar-kadi-dzamiju\/","name":"Makedonija: Turska obnavlja Hajdar Kadi d\u017eamiju","isPartOf":{"@id":"https:\/\/sandzakpress.net\/arhiva\/#website"},"primaryImageOfPage":{"@id":"https:\/\/sandzakpress.net\/arhiva\/makedonija-turska-obnavlja-hajdar-kadi-dzamiju\/#primaryimage"},"image":{"@id":"https:\/\/sandzakpress.net\/arhiva\/makedonija-turska-obnavlja-hajdar-kadi-dzamiju\/#primaryimage"},"thumbnailUrl":"https:\/\/sandzakpress.net\/arhiva\/wp-content\/uploads\/2012\/12\/copyright_aabadoluajansi_2012_201212051717031.jpg","datePublished":"2012-12-05T17:41:57+00:00","breadcrumb":{"@id":"https:\/\/sandzakpress.net\/arhiva\/makedonija-turska-obnavlja-hajdar-kadi-dzamiju\/#breadcrumb"},"inLanguage":"bs-BA","potentialAction":[{"@type":"ReadAction","target":["https:\/\/sandzakpress.net\/arhiva\/makedonija-turska-obnavlja-hajdar-kadi-dzamiju\/"]}]},{"@type":"ImageObject","inLanguage":"bs-BA","@id":"https:\/\/sandzakpress.net\/arhiva\/makedonija-turska-obnavlja-hajdar-kadi-dzamiju\/#primaryimage","url":"https:\/\/sandzakpress.net\/arhiva\/wp-content\/uploads\/2012\/12\/copyright_aabadoluajansi_2012_201212051717031.jpg","contentUrl":"https:\/\/sandzakpress.net\/arhiva\/wp-content\/uploads\/2012\/12\/copyright_aabadoluajansi_2012_201212051717031.jpg","width":609,"height":424},{"@type":"BreadcrumbList","@id":"https:\/\/sandzakpress.net\/arhiva\/makedonija-turska-obnavlja-hajdar-kadi-dzamiju\/#breadcrumb","itemListElement":[{"@type":"ListItem","position":1,"name":"Home","item":"https:\/\/sandzakpress.net\/arhiva\/"},{"@type":"ListItem","position":2,"name":"Makedonija: Turska obnavlja Hajdar Kadi d\u017eamiju"}]},{"@type":"WebSite","@id":"https:\/\/sandzakpress.net\/arhiva\/#website","url":"https:\/\/sandzakpress.net\/arhiva\/","name":"Sand\u017eak PRESS","description":"Prve elektronske novine u Sand\u017eaku","publisher":{"@id":"https:\/\/sandzakpress.net\/arhiva\/#\/schema\/person\/6e72b67d6e51910a1117b3b483ba20bd"},"potentialAction":[{"@type":"SearchAction","target":{"@type":"EntryPoint","urlTemplate":"https:\/\/sandzakpress.net\/arhiva\/?s={search_term_string}"},"query-input":{"@type":"PropertyValueSpecification","valueRequired":true,"valueName":"search_term_string"}}],"inLanguage":"bs-BA"},{"@type":["Person","Organization"],"@id":"https:\/\/sandzakpress.net\/arhiva\/#\/schema\/person\/6e72b67d6e51910a1117b3b483ba20bd","name":"Kul","image":{"@type":"ImageObject","inLanguage":"bs-BA","@id":"https:\/\/sandzakpress.net\/arhiva\/#\/schema\/person\/image\/","url":"https:\/\/secure.gravatar.com\/avatar\/42263f39aa27ac04c43cab85c280eb2e?s=96&d=mm&r=pg","contentUrl":"https:\/\/secure.gravatar.com\/avatar\/42263f39aa27ac04c43cab85c280eb2e?s=96&d=mm&r=pg","caption":"Kul"},"logo":{"@id":"https:\/\/sandzakpress.net\/arhiva\/#\/schema\/person\/image\/"}},{"@type":"Person","@id":"","url":"https:\/\/sandzakpress.net\/arhiva\/author\/"}]}},"_links":{"self":[{"href":"https:\/\/sandzakpress.net\/arhiva\/wp-json\/wp\/v2\/posts\/56820"}],"collection":[{"href":"https:\/\/sandzakpress.net\/arhiva\/wp-json\/wp\/v2\/posts"}],"about":[{"href":"https:\/\/sandzakpress.net\/arhiva\/wp-json\/wp\/v2\/types\/post"}],"author":[{"embeddable":true,"href":"https:\/\/sandzakpress.net\/arhiva\/wp-json\/wp\/v2\/users\/33"}],"replies":[{"embeddable":true,"href":"https:\/\/sandzakpress.net\/arhiva\/wp-json\/wp\/v2\/comments?post=56820"}],"version-history":[{"count":0,"href":"https:\/\/sandzakpress.net\/arhiva\/wp-json\/wp\/v2\/posts\/56820\/revisions"}],"wp:featuredmedia":[{"embeddable":true,"href":"https:\/\/sandzakpress.net\/arhiva\/wp-json\/wp\/v2\/media\/56828"}],"wp:attachment":[{"href":"https:\/\/sandzakpress.net\/arhiva\/wp-json\/wp\/v2\/media?parent=56820"}],"wp:term":[{"taxonomy":"category","embeddable":true,"href":"https:\/\/sandzakpress.net\/arhiva\/wp-json\/wp\/v2\/categories?post=56820"},{"taxonomy":"post_tag","embeddable":true,"href":"https:\/\/sandzakpress.net\/arhiva\/wp-json\/wp\/v2\/tags?post=56820"}],"curies":[{"name":"wp","href":"https:\/\/api.w.org\/{rel}","templated":true}]}}