{"id":56778,"date":"2012-12-05T18:13:29","date_gmt":"2012-12-05T17:13:29","guid":{"rendered":"https:\/\/sandzakpress.net\/arhiva\/?p=56778"},"modified":"2012-12-05T18:21:26","modified_gmt":"2012-12-05T17:21:26","slug":"djukanovic-zahvaljujuci-bosnjacima-po-sedmi-put-premijer","status":"publish","type":"post","link":"https:\/\/sandzakpress.net\/arhiva\/djukanovic-zahvaljujuci-bosnjacima-po-sedmi-put-premijer\/","title":{"rendered":"\u0110ukanovi\u0107 zahvaljuju\u0107i Bo\u0161njacima po sedmi put premijer"},"content":{"rendered":"<p><strong><a href=\"https:\/\/sandzakpress.net\/arhiva\/wp-content\/uploads\/2012\/12\/016429053_40100.jpg\"><img loading=\"lazy\" decoding=\"async\" class=\"alignleft size-medium wp-image-56779\" title=\"0,,16429053_401,00\" src=\"https:\/\/sandzakpress.net\/arhiva\/wp-content\/uploads\/2012\/12\/016429053_40100-300x168.jpg\" alt=\"\" width=\"300\" height=\"168\" \/><\/a>Ju\u017eni Sand\u017eak &#8211; Crnogorski parlament je izabrao Milu \u0110ukanovi\u0107a za novog crnogorskog premijera. <\/strong><\/p>\n<p>Te\u0161ka ekonomska kriza i zahtjevi Europske unije bit \u0107e najte\u017ei teret za sedmostrukog predsjednika vlade te zemlje.<\/p>\n<p>Novi crnogorski premijer potvrdio je da \u0107e i ova vlada biti vlada kontinuiteta. Priznao je da je zemlja u te\u0161koj ekonomskoj i socijalnoj situaciji, te da je on, kao lider najja\u010de stranke u toj dr\u017eavi, razumio poruku bira\u010da i izveo najbolji tim: \u201eSvi mi, u\u010desnici nedavne predizborne kampanje, mogli smo identi\u010dno pro\u010ditati poruku bira\u010dke javnosti Crne Gore da se od nas o\u010dekuje ve\u0107a posve\u0107enost i uspje\u0161nost u rje\u0161avanju egzistencijalnih problema koji mu\u010de manje-vi\u0161e svaku crnogorsku porodicu.\u201c<\/p>\n<p>\u0110ukanovi\u0107 je ponovio da \u0107e tijekom njegovog mandata biti realizirano predizborno obe\u0107anje da \u0107e se u Crnoj Gori zaposliti \u010dak 40.000 ljudi, \u0161to bi prakti\u010dno zna\u010dilo da \u0107e posao na\u0107i svi oni koji su danas na uredima za zapo\u0161ljavanje. Novi premijer gra\u0111ane je pozvao na stezanje remena, ali i izrazio uvjerenje da Crnogorci pravilno shva\u0107aju ekonomska kretanja u svijetu: \u201e\u010cini se da na\u0161i gra\u0111ani to pravilno percipiraju i strpljivije podnose od mnogih koje je kriza zatekla i na desetostruko ve\u0107em nivou \u017eivotnog standarda nego \u0161to je na\u0161.\u201c<\/p>\n<p><strong>Sumnji\u010dava oporba i strogi EU<\/strong><\/p>\n<p>U oporbi sumnjaju da provjereni partijski kadrovi, koji \u010dine novu vladu, mogu izvesti bolne reforme. Potpredsjednik skup\u0161tine Crne Gore iz redova oporbene Demokratske fronte Branko Radulovi\u0107 prihvatio je ponudu premijera da se zajedni\u010dki radi u interesu zemlje, iako je, kako je istakao, i suvi\u0161e mnogo otvorenih problema i pitanja. \u201eRekli ste: \u2019Evo ruka!\u2019 Evo ruka u skup\u0161tini Crne Gore kako da napravimo Kombinat aluminija u Podgorici, \u017deljezaru u Nik\u0161i\u0107u, kako da izgradimo hidrocentrale, kako, kako, kako?\u201c<\/p>\n<p>Ali, jo\u0161 sna\u017eniji pritisak na \u0110ukanovi\u0107evu vladu dolazit \u0107e iz Bruxellesa, jer je Crna Gora nedavno otvorila pristupne pregovore s Europskom unijom. \u0160ef Delegacije Unije u Podgorici Mitja Drobni\u010d novoj vladi je ve\u0107 poru\u010dio: \u201eNas ne interesira toliko \u0161to je napravljeno, nego \u0161to jo\u0161 nije napravljeno. Proces na kraju mora zavr\u0161iti ispunjenjem svih kriterija. Prema tome, to je krajnji cilj i tu ne\u0107e biti ustupaka. EU \u0107e biti jako strog\u201c, rekao je Drobni\u010d.<\/p>\n<p><strong>\u010celnici manjina na probi<\/strong><\/p>\n<p>U novoj crnogorskoj vladi bit \u0107e zastupljeni predstavnici manjinskih nacionalnih stranaka (Bo\u0161njaka, Hrvata i Albanaca), koji su prema rezultatima izbora bili \u201ejezi\u010dac na vagi\u201c, jer je \u0110ukanovi\u0107eva koalicija osvojila 39 od 81 mandata u crnogorskom parlamentu. Njihovi \u010delnici smatraju da je veoma va\u017eno \u0161to \u0107e nova vlada biti posve\u0107ena ulasku Crne Gore u NATO, kao i ravnomjernom razvoju regija gdje oni \u010dine ve\u0107inu stanovni\u0161tva.<\/p>\n<p>No, mnogi analiti\u010dari u Podgorici tvrde da su \u010delnici manjina, priklanjanjem \u0110ukanovi\u0107u, propustili povijesnu \u0161ansu da odlu\u010duju\u0107e utje\u010du na demokratizaciju Crne Gore i crnogorskog dru\u0161tva.<\/p>\n<p>(DW)<\/p>\n","protected":false},"excerpt":{"rendered":"<p>Ju\u017eni Sand\u017eak &#8211; Crnogorski parlament je izabrao Milu \u0110ukanovi\u0107a za novog crnogorskog premijera. Te\u0161ka ekonomska kriza i zahtjevi Europske unije bit \u0107e najte\u017ei teret za sedmostrukog predsjednika vlade te zemlje. Novi crnogorski premijer potvrdio je da \u0107e i ova vlada biti vlada kontinuiteta. Priznao je da je zemlja u te\u0161koj ekonomskoj i socijalnoj situaciji, te [&hellip;]<\/p>\n","protected":false},"author":16,"featured_media":56779,"comment_status":"open","ping_status":"open","sticky":false,"template":"","format":"standard","meta":{"footnotes":""},"categories":[398,1,397,399,8957],"tags":[],"class_list":{"0":"post-56778","1":"post","2":"type-post","3":"status-publish","4":"format-standard","5":"has-post-thumbnail","7":"category-rozaje","8":"category-politika","9":"category-berane","10":"category-plav_","11":"category-vijesti-dana"},"yoast_head":"<!-- This site is optimized with the Yoast SEO Premium plugin v23.1 (Yoast SEO v24.9) - https:\/\/yoast.com\/wordpress\/plugins\/seo\/ -->\n<title>\u0110ukanovi\u0107 zahvaljuju\u0107i Bo\u0161njacima po sedmi put premijer<\/title>\n<meta name=\"robots\" content=\"index, follow, max-snippet:-1, max-image-preview:large, max-video-preview:-1\" \/>\n<link rel=\"canonical\" href=\"https:\/\/sandzakpress.net\/arhiva\/djukanovic-zahvaljujuci-bosnjacima-po-sedmi-put-premijer\/\" \/>\n<meta property=\"og:locale\" content=\"bs_BA\" \/>\n<meta property=\"og:type\" content=\"article\" \/>\n<meta property=\"og:title\" content=\"\u0110ukanovi\u0107 zahvaljuju\u0107i Bo\u0161njacima po sedmi put premijer\" \/>\n<meta property=\"og:description\" content=\"Ju\u017eni Sand\u017eak &#8211; Crnogorski parlament je izabrao Milu \u0110ukanovi\u0107a za novog crnogorskog premijera. Te\u0161ka ekonomska kriza i zahtjevi Europske unije bit \u0107e najte\u017ei teret za sedmostrukog predsjednika vlade te zemlje. Novi crnogorski premijer potvrdio je da \u0107e i ova vlada biti vlada kontinuiteta. Priznao je da je zemlja u te\u0161koj ekonomskoj i socijalnoj situaciji, te [&hellip;]\" \/>\n<meta property=\"og:url\" content=\"https:\/\/sandzakpress.net\/arhiva\/djukanovic-zahvaljujuci-bosnjacima-po-sedmi-put-premijer\/\" \/>\n<meta property=\"og:site_name\" content=\"Sand\u017eak PRESS\" \/>\n<meta property=\"article:published_time\" content=\"2012-12-05T17:13:29+00:00\" \/>\n<meta property=\"article:modified_time\" content=\"2012-12-05T17:21:26+00:00\" \/>\n<meta property=\"og:image\" content=\"https:\/\/sandzakpress.net\/arhiva\/wp-content\/uploads\/2012\/12\/016429053_40100.jpg\" \/>\n\t<meta property=\"og:image:width\" content=\"616\" \/>\n\t<meta property=\"og:image:height\" content=\"347\" \/>\n\t<meta property=\"og:image:type\" content=\"image\/jpeg\" \/>\n<meta name=\"twitter:card\" content=\"summary_large_image\" \/>\n<meta name=\"twitter:label1\" content=\"Written by\" \/>\n\t<meta name=\"twitter:data1\" content=\"\" \/>\n\t<meta name=\"twitter:label2\" content=\"Est. reading time\" \/>\n\t<meta name=\"twitter:data2\" content=\"2 minute\" \/>\n<script type=\"application\/ld+json\" class=\"yoast-schema-graph\">{\"@context\":\"https:\/\/schema.org\",\"@graph\":[{\"@type\":\"Article\",\"@id\":\"https:\/\/sandzakpress.net\/arhiva\/djukanovic-zahvaljujuci-bosnjacima-po-sedmi-put-premijer\/#article\",\"isPartOf\":{\"@id\":\"https:\/\/sandzakpress.net\/arhiva\/djukanovic-zahvaljujuci-bosnjacima-po-sedmi-put-premijer\/\"},\"author\":{\"name\":\"\",\"@id\":\"\"},\"headline\":\"\u0110ukanovi\u0107 zahvaljuju\u0107i Bo\u0161njacima po sedmi put premijer\",\"datePublished\":\"2012-12-05T17:13:29+00:00\",\"dateModified\":\"2012-12-05T17:21:26+00:00\",\"mainEntityOfPage\":{\"@id\":\"https:\/\/sandzakpress.net\/arhiva\/djukanovic-zahvaljujuci-bosnjacima-po-sedmi-put-premijer\/\"},\"wordCount\":502,\"commentCount\":1,\"publisher\":{\"@id\":\"https:\/\/sandzakpress.net\/arhiva\/#\/schema\/person\/6e72b67d6e51910a1117b3b483ba20bd\"},\"image\":{\"@id\":\"https:\/\/sandzakpress.net\/arhiva\/djukanovic-zahvaljujuci-bosnjacima-po-sedmi-put-premijer\/#primaryimage\"},\"thumbnailUrl\":\"https:\/\/sandzakpress.net\/arhiva\/wp-content\/uploads\/2012\/12\/016429053_40100.jpg\",\"articleSection\":[\"Ro\u017eaje\",\"Politika\",\"Berane\",\"Plav\",\"VIJESTI DANA\"],\"inLanguage\":\"bs-BA\",\"potentialAction\":[{\"@type\":\"CommentAction\",\"name\":\"Comment\",\"target\":[\"https:\/\/sandzakpress.net\/arhiva\/djukanovic-zahvaljujuci-bosnjacima-po-sedmi-put-premijer\/#respond\"]}]},{\"@type\":\"WebPage\",\"@id\":\"https:\/\/sandzakpress.net\/arhiva\/djukanovic-zahvaljujuci-bosnjacima-po-sedmi-put-premijer\/\",\"url\":\"https:\/\/sandzakpress.net\/arhiva\/djukanovic-zahvaljujuci-bosnjacima-po-sedmi-put-premijer\/\",\"name\":\"\u0110ukanovi\u0107 zahvaljuju\u0107i Bo\u0161njacima po sedmi put premijer\",\"isPartOf\":{\"@id\":\"https:\/\/sandzakpress.net\/arhiva\/#website\"},\"primaryImageOfPage\":{\"@id\":\"https:\/\/sandzakpress.net\/arhiva\/djukanovic-zahvaljujuci-bosnjacima-po-sedmi-put-premijer\/#primaryimage\"},\"image\":{\"@id\":\"https:\/\/sandzakpress.net\/arhiva\/djukanovic-zahvaljujuci-bosnjacima-po-sedmi-put-premijer\/#primaryimage\"},\"thumbnailUrl\":\"https:\/\/sandzakpress.net\/arhiva\/wp-content\/uploads\/2012\/12\/016429053_40100.jpg\",\"datePublished\":\"2012-12-05T17:13:29+00:00\",\"dateModified\":\"2012-12-05T17:21:26+00:00\",\"breadcrumb\":{\"@id\":\"https:\/\/sandzakpress.net\/arhiva\/djukanovic-zahvaljujuci-bosnjacima-po-sedmi-put-premijer\/#breadcrumb\"},\"inLanguage\":\"bs-BA\",\"potentialAction\":[{\"@type\":\"ReadAction\",\"target\":[\"https:\/\/sandzakpress.net\/arhiva\/djukanovic-zahvaljujuci-bosnjacima-po-sedmi-put-premijer\/\"]}]},{\"@type\":\"ImageObject\",\"inLanguage\":\"bs-BA\",\"@id\":\"https:\/\/sandzakpress.net\/arhiva\/djukanovic-zahvaljujuci-bosnjacima-po-sedmi-put-premijer\/#primaryimage\",\"url\":\"https:\/\/sandzakpress.net\/arhiva\/wp-content\/uploads\/2012\/12\/016429053_40100.jpg\",\"contentUrl\":\"https:\/\/sandzakpress.net\/arhiva\/wp-content\/uploads\/2012\/12\/016429053_40100.jpg\",\"width\":616,\"height\":347},{\"@type\":\"BreadcrumbList\",\"@id\":\"https:\/\/sandzakpress.net\/arhiva\/djukanovic-zahvaljujuci-bosnjacima-po-sedmi-put-premijer\/#breadcrumb\",\"itemListElement\":[{\"@type\":\"ListItem\",\"position\":1,\"name\":\"Home\",\"item\":\"https:\/\/sandzakpress.net\/arhiva\/\"},{\"@type\":\"ListItem\",\"position\":2,\"name\":\"\u0110ukanovi\u0107 zahvaljuju\u0107i Bo\u0161njacima po sedmi put premijer\"}]},{\"@type\":\"WebSite\",\"@id\":\"https:\/\/sandzakpress.net\/arhiva\/#website\",\"url\":\"https:\/\/sandzakpress.net\/arhiva\/\",\"name\":\"Sand\u017eak PRESS\",\"description\":\"Prve elektronske novine u Sand\u017eaku\",\"publisher\":{\"@id\":\"https:\/\/sandzakpress.net\/arhiva\/#\/schema\/person\/6e72b67d6e51910a1117b3b483ba20bd\"},\"potentialAction\":[{\"@type\":\"SearchAction\",\"target\":{\"@type\":\"EntryPoint\",\"urlTemplate\":\"https:\/\/sandzakpress.net\/arhiva\/?s={search_term_string}\"},\"query-input\":{\"@type\":\"PropertyValueSpecification\",\"valueRequired\":true,\"valueName\":\"search_term_string\"}}],\"inLanguage\":\"bs-BA\"},{\"@type\":[\"Person\",\"Organization\"],\"@id\":\"https:\/\/sandzakpress.net\/arhiva\/#\/schema\/person\/6e72b67d6e51910a1117b3b483ba20bd\",\"name\":\"Kul\",\"image\":{\"@type\":\"ImageObject\",\"inLanguage\":\"bs-BA\",\"@id\":\"https:\/\/sandzakpress.net\/arhiva\/#\/schema\/person\/image\/\",\"url\":\"https:\/\/secure.gravatar.com\/avatar\/42263f39aa27ac04c43cab85c280eb2e?s=96&d=mm&r=pg\",\"contentUrl\":\"https:\/\/secure.gravatar.com\/avatar\/42263f39aa27ac04c43cab85c280eb2e?s=96&d=mm&r=pg\",\"caption\":\"Kul\"},\"logo\":{\"@id\":\"https:\/\/sandzakpress.net\/arhiva\/#\/schema\/person\/image\/\"}},{\"@type\":\"Person\",\"@id\":\"\",\"url\":\"https:\/\/sandzakpress.net\/arhiva\/author\/\"}]}<\/script>\n<!-- \/ Yoast SEO Premium plugin. -->","yoast_head_json":{"title":"\u0110ukanovi\u0107 zahvaljuju\u0107i Bo\u0161njacima po sedmi put premijer","robots":{"index":"index","follow":"follow","max-snippet":"max-snippet:-1","max-image-preview":"max-image-preview:large","max-video-preview":"max-video-preview:-1"},"canonical":"https:\/\/sandzakpress.net\/arhiva\/djukanovic-zahvaljujuci-bosnjacima-po-sedmi-put-premijer\/","og_locale":"bs_BA","og_type":"article","og_title":"\u0110ukanovi\u0107 zahvaljuju\u0107i Bo\u0161njacima po sedmi put premijer","og_description":"Ju\u017eni Sand\u017eak &#8211; Crnogorski parlament je izabrao Milu \u0110ukanovi\u0107a za novog crnogorskog premijera. Te\u0161ka ekonomska kriza i zahtjevi Europske unije bit \u0107e najte\u017ei teret za sedmostrukog predsjednika vlade te zemlje. Novi crnogorski premijer potvrdio je da \u0107e i ova vlada biti vlada kontinuiteta. Priznao je da je zemlja u te\u0161koj ekonomskoj i socijalnoj situaciji, te [&hellip;]","og_url":"https:\/\/sandzakpress.net\/arhiva\/djukanovic-zahvaljujuci-bosnjacima-po-sedmi-put-premijer\/","og_site_name":"Sand\u017eak PRESS","article_published_time":"2012-12-05T17:13:29+00:00","article_modified_time":"2012-12-05T17:21:26+00:00","og_image":[{"width":616,"height":347,"url":"https:\/\/sandzakpress.net\/arhiva\/wp-content\/uploads\/2012\/12\/016429053_40100.jpg","type":"image\/jpeg"}],"twitter_card":"summary_large_image","twitter_misc":{"Written by":"","Est. reading time":"2 minute"},"schema":{"@context":"https:\/\/schema.org","@graph":[{"@type":"Article","@id":"https:\/\/sandzakpress.net\/arhiva\/djukanovic-zahvaljujuci-bosnjacima-po-sedmi-put-premijer\/#article","isPartOf":{"@id":"https:\/\/sandzakpress.net\/arhiva\/djukanovic-zahvaljujuci-bosnjacima-po-sedmi-put-premijer\/"},"author":{"name":"","@id":""},"headline":"\u0110ukanovi\u0107 zahvaljuju\u0107i Bo\u0161njacima po sedmi put premijer","datePublished":"2012-12-05T17:13:29+00:00","dateModified":"2012-12-05T17:21:26+00:00","mainEntityOfPage":{"@id":"https:\/\/sandzakpress.net\/arhiva\/djukanovic-zahvaljujuci-bosnjacima-po-sedmi-put-premijer\/"},"wordCount":502,"commentCount":1,"publisher":{"@id":"https:\/\/sandzakpress.net\/arhiva\/#\/schema\/person\/6e72b67d6e51910a1117b3b483ba20bd"},"image":{"@id":"https:\/\/sandzakpress.net\/arhiva\/djukanovic-zahvaljujuci-bosnjacima-po-sedmi-put-premijer\/#primaryimage"},"thumbnailUrl":"https:\/\/sandzakpress.net\/arhiva\/wp-content\/uploads\/2012\/12\/016429053_40100.jpg","articleSection":["Ro\u017eaje","Politika","Berane","Plav","VIJESTI DANA"],"inLanguage":"bs-BA","potentialAction":[{"@type":"CommentAction","name":"Comment","target":["https:\/\/sandzakpress.net\/arhiva\/djukanovic-zahvaljujuci-bosnjacima-po-sedmi-put-premijer\/#respond"]}]},{"@type":"WebPage","@id":"https:\/\/sandzakpress.net\/arhiva\/djukanovic-zahvaljujuci-bosnjacima-po-sedmi-put-premijer\/","url":"https:\/\/sandzakpress.net\/arhiva\/djukanovic-zahvaljujuci-bosnjacima-po-sedmi-put-premijer\/","name":"\u0110ukanovi\u0107 zahvaljuju\u0107i Bo\u0161njacima po sedmi put premijer","isPartOf":{"@id":"https:\/\/sandzakpress.net\/arhiva\/#website"},"primaryImageOfPage":{"@id":"https:\/\/sandzakpress.net\/arhiva\/djukanovic-zahvaljujuci-bosnjacima-po-sedmi-put-premijer\/#primaryimage"},"image":{"@id":"https:\/\/sandzakpress.net\/arhiva\/djukanovic-zahvaljujuci-bosnjacima-po-sedmi-put-premijer\/#primaryimage"},"thumbnailUrl":"https:\/\/sandzakpress.net\/arhiva\/wp-content\/uploads\/2012\/12\/016429053_40100.jpg","datePublished":"2012-12-05T17:13:29+00:00","dateModified":"2012-12-05T17:21:26+00:00","breadcrumb":{"@id":"https:\/\/sandzakpress.net\/arhiva\/djukanovic-zahvaljujuci-bosnjacima-po-sedmi-put-premijer\/#breadcrumb"},"inLanguage":"bs-BA","potentialAction":[{"@type":"ReadAction","target":["https:\/\/sandzakpress.net\/arhiva\/djukanovic-zahvaljujuci-bosnjacima-po-sedmi-put-premijer\/"]}]},{"@type":"ImageObject","inLanguage":"bs-BA","@id":"https:\/\/sandzakpress.net\/arhiva\/djukanovic-zahvaljujuci-bosnjacima-po-sedmi-put-premijer\/#primaryimage","url":"https:\/\/sandzakpress.net\/arhiva\/wp-content\/uploads\/2012\/12\/016429053_40100.jpg","contentUrl":"https:\/\/sandzakpress.net\/arhiva\/wp-content\/uploads\/2012\/12\/016429053_40100.jpg","width":616,"height":347},{"@type":"BreadcrumbList","@id":"https:\/\/sandzakpress.net\/arhiva\/djukanovic-zahvaljujuci-bosnjacima-po-sedmi-put-premijer\/#breadcrumb","itemListElement":[{"@type":"ListItem","position":1,"name":"Home","item":"https:\/\/sandzakpress.net\/arhiva\/"},{"@type":"ListItem","position":2,"name":"\u0110ukanovi\u0107 zahvaljuju\u0107i Bo\u0161njacima po sedmi put premijer"}]},{"@type":"WebSite","@id":"https:\/\/sandzakpress.net\/arhiva\/#website","url":"https:\/\/sandzakpress.net\/arhiva\/","name":"Sand\u017eak PRESS","description":"Prve elektronske novine u Sand\u017eaku","publisher":{"@id":"https:\/\/sandzakpress.net\/arhiva\/#\/schema\/person\/6e72b67d6e51910a1117b3b483ba20bd"},"potentialAction":[{"@type":"SearchAction","target":{"@type":"EntryPoint","urlTemplate":"https:\/\/sandzakpress.net\/arhiva\/?s={search_term_string}"},"query-input":{"@type":"PropertyValueSpecification","valueRequired":true,"valueName":"search_term_string"}}],"inLanguage":"bs-BA"},{"@type":["Person","Organization"],"@id":"https:\/\/sandzakpress.net\/arhiva\/#\/schema\/person\/6e72b67d6e51910a1117b3b483ba20bd","name":"Kul","image":{"@type":"ImageObject","inLanguage":"bs-BA","@id":"https:\/\/sandzakpress.net\/arhiva\/#\/schema\/person\/image\/","url":"https:\/\/secure.gravatar.com\/avatar\/42263f39aa27ac04c43cab85c280eb2e?s=96&d=mm&r=pg","contentUrl":"https:\/\/secure.gravatar.com\/avatar\/42263f39aa27ac04c43cab85c280eb2e?s=96&d=mm&r=pg","caption":"Kul"},"logo":{"@id":"https:\/\/sandzakpress.net\/arhiva\/#\/schema\/person\/image\/"}},{"@type":"Person","@id":"","url":"https:\/\/sandzakpress.net\/arhiva\/author\/"}]}},"_links":{"self":[{"href":"https:\/\/sandzakpress.net\/arhiva\/wp-json\/wp\/v2\/posts\/56778"}],"collection":[{"href":"https:\/\/sandzakpress.net\/arhiva\/wp-json\/wp\/v2\/posts"}],"about":[{"href":"https:\/\/sandzakpress.net\/arhiva\/wp-json\/wp\/v2\/types\/post"}],"author":[{"embeddable":true,"href":"https:\/\/sandzakpress.net\/arhiva\/wp-json\/wp\/v2\/users\/16"}],"replies":[{"embeddable":true,"href":"https:\/\/sandzakpress.net\/arhiva\/wp-json\/wp\/v2\/comments?post=56778"}],"version-history":[{"count":0,"href":"https:\/\/sandzakpress.net\/arhiva\/wp-json\/wp\/v2\/posts\/56778\/revisions"}],"wp:featuredmedia":[{"embeddable":true,"href":"https:\/\/sandzakpress.net\/arhiva\/wp-json\/wp\/v2\/media\/56779"}],"wp:attachment":[{"href":"https:\/\/sandzakpress.net\/arhiva\/wp-json\/wp\/v2\/media?parent=56778"}],"wp:term":[{"taxonomy":"category","embeddable":true,"href":"https:\/\/sandzakpress.net\/arhiva\/wp-json\/wp\/v2\/categories?post=56778"},{"taxonomy":"post_tag","embeddable":true,"href":"https:\/\/sandzakpress.net\/arhiva\/wp-json\/wp\/v2\/tags?post=56778"}],"curies":[{"name":"wp","href":"https:\/\/api.w.org\/{rel}","templated":true}]}}