{"id":56742,"date":"2012-12-05T12:09:13","date_gmt":"2012-12-05T11:09:13","guid":{"rendered":"https:\/\/sandzakpress.net\/arhiva\/?p=56742"},"modified":"2012-12-05T12:14:55","modified_gmt":"2012-12-05T11:14:55","slug":"dacic-i-tachi-postigli-dogovor-o-granicnim-prelazima","status":"publish","type":"post","link":"https:\/\/sandzakpress.net\/arhiva\/dacic-i-tachi-postigli-dogovor-o-granicnim-prelazima\/","title":{"rendered":"Da\u010di\u0107 i Tachi postigli dogovor o grani\u010dnim prelazima"},"content":{"rendered":"<p><strong><a href=\"https:\/\/sandzakpress.net\/arhiva\/wp-content\/uploads\/2012\/12\/copyright_aabadoluajansi_2012_20121205110903.jpg\"><img loading=\"lazy\" decoding=\"async\" class=\"alignleft size-medium wp-image-56743\" title=\"copyright_aabadoluajansi_2012_20121205110903\" src=\"https:\/\/sandzakpress.net\/arhiva\/wp-content\/uploads\/2012\/12\/copyright_aabadoluajansi_2012_20121205110903-300x208.jpg\" alt=\"\" width=\"300\" height=\"208\" \/><\/a>Kosovo &#8211; Premijeri Srbije i Kosova Ivica Da\u010di\u0107 i Hashim Tachi postigli su sino\u0107 u Bruxellesu dogovor o sprovo\u0111enju Sporazuma o prelazima, prenijeli su beogradski mediji, javlja dopisnik agencije Anadolija.<\/strong><\/p>\n<p>Kako je prenijela Radio-televiziju Srbije (RTS), Da\u010di\u0107 je nakon sastanka sa Tachijem, uz posredovanje visoke predstavnice Evropske unije Catherine Ashton, izjavio da \u0107e od Nove godine izme\u0111u Srbije i Kosova biti pu\u0161tena u rad \u010detiri prelaza, po istom re\u017eimu koji je na sjeveru bio sprovo\u0111en i do sada.<\/p>\n<p>Na sastanku u Bruxellesu, koji je sino\u0107 zavr\u0161en oko pono\u0107i, predsjednici vlada Srbije i Kosova i visoka predstavnica Evropske unije razgovarali su o primjeni Sporazuma o integrisanom upravljanju prijelazima \u010dija primjena treba da po\u010dne u ponedjeljak, 10. decembra.<\/p>\n<p>Ashton se najprije odvojeno sastala sa Da\u010di\u0107em i Tachijem, a potom je odr\u017ean trojni sastanak.<\/p>\n<p>Istakav\u0161i da je poseab status Srba sa sjevera Kosova bio uslov Vlade Srbije za zapo\u010dinjanje primjene dogovora o prelazima, Da\u010di\u0107 je rekao da kao i do sada, za Srbe na sjeveru Kosova ne\u0107e biti potrebno da prikupljaju dokumenta i registarske tablice Kosova i da ne\u0107e biti napla\u0107ivana carina.<\/p>\n<p>Premijer Srbije je kazao da \u0107e radne grupe od 10. januara nastaviti da razgovaraju o pitanjima naplate carine i o tome gdje \u0107e i\u0107i prihodi, kao i da je postignut dogovor o za\u0161titi kulturne ba\u0161tine i jedinicama kosovske policije koje \u0107e je \u0161tititi.<\/p>\n<p>Da\u010di\u0107 je ju\u010de pred odlazak u Bruxelles izjavio da ne\u0107e biti nikakve carine izme\u0111u Kosova i Srbije, te\u00a0da niko ne treba da bude u zabludi da Srbija na Kosovu ima ne\u0161to \u0161to mo\u017ee da izgubi.<\/p>\n<p>On je poru\u010dio da je Srbiji oteto Kosovo i da \u0107e se za &#8220;ono \u0161to se mo\u017ee vratiti&#8221; boriti mirnim sredstvima.<\/p>\n<p>(Anadolu)<\/p>\n","protected":false},"excerpt":{"rendered":"<p>Kosovo &#8211; Premijeri Srbije i Kosova Ivica Da\u010di\u0107 i Hashim Tachi postigli su sino\u0107 u Bruxellesu dogovor o sprovo\u0111enju Sporazuma o prelazima, prenijeli su beogradski mediji, javlja dopisnik agencije Anadolija. Kako je prenijela Radio-televiziju Srbije (RTS), Da\u010di\u0107 je nakon sastanka sa Tachijem, uz posredovanje visoke predstavnice Evropske unije Catherine Ashton, izjavio da \u0107e od Nove [&hellip;]<\/p>\n","protected":false},"author":83,"featured_media":56743,"comment_status":"open","ping_status":"open","sticky":false,"template":"","format":"standard","meta":{"footnotes":""},"categories":[72,2690],"tags":[],"class_list":{"0":"post-56742","1":"post","2":"type-post","3":"status-publish","4":"format-standard","5":"has-post-thumbnail","7":"category-novi-pazar","8":"category-kosovo-gradovi"},"yoast_head":"<!-- This site is optimized with the Yoast SEO Premium plugin v23.1 (Yoast SEO v24.9) - https:\/\/yoast.com\/wordpress\/plugins\/seo\/ -->\n<title>Da\u010di\u0107 i Tachi postigli dogovor o grani\u010dnim prelazima<\/title>\n<meta name=\"robots\" content=\"index, follow, max-snippet:-1, max-image-preview:large, max-video-preview:-1\" \/>\n<link rel=\"canonical\" href=\"https:\/\/sandzakpress.net\/arhiva\/dacic-i-tachi-postigli-dogovor-o-granicnim-prelazima\/\" \/>\n<meta property=\"og:locale\" content=\"bs_BA\" \/>\n<meta property=\"og:type\" content=\"article\" \/>\n<meta property=\"og:title\" content=\"Da\u010di\u0107 i Tachi postigli dogovor o grani\u010dnim prelazima\" \/>\n<meta property=\"og:description\" content=\"Kosovo &#8211; Premijeri Srbije i Kosova Ivica Da\u010di\u0107 i Hashim Tachi postigli su sino\u0107 u Bruxellesu dogovor o sprovo\u0111enju Sporazuma o prelazima, prenijeli su beogradski mediji, javlja dopisnik agencije Anadolija. Kako je prenijela Radio-televiziju Srbije (RTS), Da\u010di\u0107 je nakon sastanka sa Tachijem, uz posredovanje visoke predstavnice Evropske unije Catherine Ashton, izjavio da \u0107e od Nove [&hellip;]\" \/>\n<meta property=\"og:url\" content=\"https:\/\/sandzakpress.net\/arhiva\/dacic-i-tachi-postigli-dogovor-o-granicnim-prelazima\/\" \/>\n<meta property=\"og:site_name\" content=\"Sand\u017eak PRESS\" \/>\n<meta property=\"article:published_time\" content=\"2012-12-05T11:09:13+00:00\" \/>\n<meta property=\"article:modified_time\" content=\"2012-12-05T11:14:55+00:00\" \/>\n<meta property=\"og:image\" content=\"https:\/\/sandzakpress.net\/arhiva\/wp-content\/uploads\/2012\/12\/copyright_aabadoluajansi_2012_20121205110903.jpg\" \/>\n\t<meta property=\"og:image:width\" content=\"609\" \/>\n\t<meta property=\"og:image:height\" content=\"424\" \/>\n\t<meta property=\"og:image:type\" content=\"image\/jpeg\" \/>\n<meta name=\"author\" content=\"bosniak\" \/>\n<meta name=\"twitter:card\" content=\"summary_large_image\" \/>\n<meta name=\"twitter:label1\" content=\"Written by\" \/>\n\t<meta name=\"twitter:data1\" content=\"bosniak\" \/>\n\t<meta name=\"twitter:label2\" content=\"Est. reading time\" \/>\n\t<meta name=\"twitter:data2\" content=\"2 minute\" \/>\n<script type=\"application\/ld+json\" class=\"yoast-schema-graph\">{\"@context\":\"https:\/\/schema.org\",\"@graph\":[{\"@type\":\"Article\",\"@id\":\"https:\/\/sandzakpress.net\/arhiva\/dacic-i-tachi-postigli-dogovor-o-granicnim-prelazima\/#article\",\"isPartOf\":{\"@id\":\"https:\/\/sandzakpress.net\/arhiva\/dacic-i-tachi-postigli-dogovor-o-granicnim-prelazima\/\"},\"author\":{\"name\":\"bosniak\",\"@id\":\"https:\/\/sandzakpress.net\/arhiva\/#\/schema\/person\/c8baee722073534b583ea7bdb2e36c02\"},\"headline\":\"Da\u010di\u0107 i Tachi postigli dogovor o grani\u010dnim prelazima\",\"datePublished\":\"2012-12-05T11:09:13+00:00\",\"dateModified\":\"2012-12-05T11:14:55+00:00\",\"mainEntityOfPage\":{\"@id\":\"https:\/\/sandzakpress.net\/arhiva\/dacic-i-tachi-postigli-dogovor-o-granicnim-prelazima\/\"},\"wordCount\":318,\"commentCount\":0,\"publisher\":{\"@id\":\"https:\/\/sandzakpress.net\/arhiva\/#\/schema\/person\/6e72b67d6e51910a1117b3b483ba20bd\"},\"image\":{\"@id\":\"https:\/\/sandzakpress.net\/arhiva\/dacic-i-tachi-postigli-dogovor-o-granicnim-prelazima\/#primaryimage\"},\"thumbnailUrl\":\"https:\/\/sandzakpress.net\/arhiva\/wp-content\/uploads\/2012\/12\/copyright_aabadoluajansi_2012_20121205110903.jpg\",\"articleSection\":[\"Novi Pazar\",\"Kosovo\"],\"inLanguage\":\"bs-BA\",\"potentialAction\":[{\"@type\":\"CommentAction\",\"name\":\"Comment\",\"target\":[\"https:\/\/sandzakpress.net\/arhiva\/dacic-i-tachi-postigli-dogovor-o-granicnim-prelazima\/#respond\"]}]},{\"@type\":\"WebPage\",\"@id\":\"https:\/\/sandzakpress.net\/arhiva\/dacic-i-tachi-postigli-dogovor-o-granicnim-prelazima\/\",\"url\":\"https:\/\/sandzakpress.net\/arhiva\/dacic-i-tachi-postigli-dogovor-o-granicnim-prelazima\/\",\"name\":\"Da\u010di\u0107 i Tachi postigli dogovor o grani\u010dnim prelazima\",\"isPartOf\":{\"@id\":\"https:\/\/sandzakpress.net\/arhiva\/#website\"},\"primaryImageOfPage\":{\"@id\":\"https:\/\/sandzakpress.net\/arhiva\/dacic-i-tachi-postigli-dogovor-o-granicnim-prelazima\/#primaryimage\"},\"image\":{\"@id\":\"https:\/\/sandzakpress.net\/arhiva\/dacic-i-tachi-postigli-dogovor-o-granicnim-prelazima\/#primaryimage\"},\"thumbnailUrl\":\"https:\/\/sandzakpress.net\/arhiva\/wp-content\/uploads\/2012\/12\/copyright_aabadoluajansi_2012_20121205110903.jpg\",\"datePublished\":\"2012-12-05T11:09:13+00:00\",\"dateModified\":\"2012-12-05T11:14:55+00:00\",\"breadcrumb\":{\"@id\":\"https:\/\/sandzakpress.net\/arhiva\/dacic-i-tachi-postigli-dogovor-o-granicnim-prelazima\/#breadcrumb\"},\"inLanguage\":\"bs-BA\",\"potentialAction\":[{\"@type\":\"ReadAction\",\"target\":[\"https:\/\/sandzakpress.net\/arhiva\/dacic-i-tachi-postigli-dogovor-o-granicnim-prelazima\/\"]}]},{\"@type\":\"ImageObject\",\"inLanguage\":\"bs-BA\",\"@id\":\"https:\/\/sandzakpress.net\/arhiva\/dacic-i-tachi-postigli-dogovor-o-granicnim-prelazima\/#primaryimage\",\"url\":\"https:\/\/sandzakpress.net\/arhiva\/wp-content\/uploads\/2012\/12\/copyright_aabadoluajansi_2012_20121205110903.jpg\",\"contentUrl\":\"https:\/\/sandzakpress.net\/arhiva\/wp-content\/uploads\/2012\/12\/copyright_aabadoluajansi_2012_20121205110903.jpg\",\"width\":609,\"height\":424},{\"@type\":\"BreadcrumbList\",\"@id\":\"https:\/\/sandzakpress.net\/arhiva\/dacic-i-tachi-postigli-dogovor-o-granicnim-prelazima\/#breadcrumb\",\"itemListElement\":[{\"@type\":\"ListItem\",\"position\":1,\"name\":\"Home\",\"item\":\"https:\/\/sandzakpress.net\/arhiva\/\"},{\"@type\":\"ListItem\",\"position\":2,\"name\":\"Da\u010di\u0107 i Tachi postigli dogovor o grani\u010dnim prelazima\"}]},{\"@type\":\"WebSite\",\"@id\":\"https:\/\/sandzakpress.net\/arhiva\/#website\",\"url\":\"https:\/\/sandzakpress.net\/arhiva\/\",\"name\":\"Sand\u017eak PRESS\",\"description\":\"Prve elektronske novine u Sand\u017eaku\",\"publisher\":{\"@id\":\"https:\/\/sandzakpress.net\/arhiva\/#\/schema\/person\/6e72b67d6e51910a1117b3b483ba20bd\"},\"potentialAction\":[{\"@type\":\"SearchAction\",\"target\":{\"@type\":\"EntryPoint\",\"urlTemplate\":\"https:\/\/sandzakpress.net\/arhiva\/?s={search_term_string}\"},\"query-input\":{\"@type\":\"PropertyValueSpecification\",\"valueRequired\":true,\"valueName\":\"search_term_string\"}}],\"inLanguage\":\"bs-BA\"},{\"@type\":[\"Person\",\"Organization\"],\"@id\":\"https:\/\/sandzakpress.net\/arhiva\/#\/schema\/person\/6e72b67d6e51910a1117b3b483ba20bd\",\"name\":\"Kul\",\"image\":{\"@type\":\"ImageObject\",\"inLanguage\":\"bs-BA\",\"@id\":\"https:\/\/sandzakpress.net\/arhiva\/#\/schema\/person\/image\/\",\"url\":\"https:\/\/secure.gravatar.com\/avatar\/42263f39aa27ac04c43cab85c280eb2e?s=96&d=mm&r=pg\",\"contentUrl\":\"https:\/\/secure.gravatar.com\/avatar\/42263f39aa27ac04c43cab85c280eb2e?s=96&d=mm&r=pg\",\"caption\":\"Kul\"},\"logo\":{\"@id\":\"https:\/\/sandzakpress.net\/arhiva\/#\/schema\/person\/image\/\"}},{\"@type\":\"Person\",\"@id\":\"https:\/\/sandzakpress.net\/arhiva\/#\/schema\/person\/c8baee722073534b583ea7bdb2e36c02\",\"name\":\"bosniak\",\"image\":{\"@type\":\"ImageObject\",\"inLanguage\":\"bs-BA\",\"@id\":\"https:\/\/sandzakpress.net\/arhiva\/#\/schema\/person\/image\/\",\"url\":\"https:\/\/secure.gravatar.com\/avatar\/a04fd330bfe3a36a72a0ad4a6d89fca7?s=96&d=mm&r=pg\",\"contentUrl\":\"https:\/\/secure.gravatar.com\/avatar\/a04fd330bfe3a36a72a0ad4a6d89fca7?s=96&d=mm&r=pg\",\"caption\":\"bosniak\"},\"url\":\"https:\/\/sandzakpress.net\/arhiva\/author\/bosniak\/\"}]}<\/script>\n<!-- \/ Yoast SEO Premium plugin. -->","yoast_head_json":{"title":"Da\u010di\u0107 i Tachi postigli dogovor o grani\u010dnim prelazima","robots":{"index":"index","follow":"follow","max-snippet":"max-snippet:-1","max-image-preview":"max-image-preview:large","max-video-preview":"max-video-preview:-1"},"canonical":"https:\/\/sandzakpress.net\/arhiva\/dacic-i-tachi-postigli-dogovor-o-granicnim-prelazima\/","og_locale":"bs_BA","og_type":"article","og_title":"Da\u010di\u0107 i Tachi postigli dogovor o grani\u010dnim prelazima","og_description":"Kosovo &#8211; Premijeri Srbije i Kosova Ivica Da\u010di\u0107 i Hashim Tachi postigli su sino\u0107 u Bruxellesu dogovor o sprovo\u0111enju Sporazuma o prelazima, prenijeli su beogradski mediji, javlja dopisnik agencije Anadolija. Kako je prenijela Radio-televiziju Srbije (RTS), Da\u010di\u0107 je nakon sastanka sa Tachijem, uz posredovanje visoke predstavnice Evropske unije Catherine Ashton, izjavio da \u0107e od Nove [&hellip;]","og_url":"https:\/\/sandzakpress.net\/arhiva\/dacic-i-tachi-postigli-dogovor-o-granicnim-prelazima\/","og_site_name":"Sand\u017eak PRESS","article_published_time":"2012-12-05T11:09:13+00:00","article_modified_time":"2012-12-05T11:14:55+00:00","og_image":[{"width":609,"height":424,"url":"https:\/\/sandzakpress.net\/arhiva\/wp-content\/uploads\/2012\/12\/copyright_aabadoluajansi_2012_20121205110903.jpg","type":"image\/jpeg"}],"author":"bosniak","twitter_card":"summary_large_image","twitter_misc":{"Written by":"bosniak","Est. reading time":"2 minute"},"schema":{"@context":"https:\/\/schema.org","@graph":[{"@type":"Article","@id":"https:\/\/sandzakpress.net\/arhiva\/dacic-i-tachi-postigli-dogovor-o-granicnim-prelazima\/#article","isPartOf":{"@id":"https:\/\/sandzakpress.net\/arhiva\/dacic-i-tachi-postigli-dogovor-o-granicnim-prelazima\/"},"author":{"name":"bosniak","@id":"https:\/\/sandzakpress.net\/arhiva\/#\/schema\/person\/c8baee722073534b583ea7bdb2e36c02"},"headline":"Da\u010di\u0107 i Tachi postigli dogovor o grani\u010dnim prelazima","datePublished":"2012-12-05T11:09:13+00:00","dateModified":"2012-12-05T11:14:55+00:00","mainEntityOfPage":{"@id":"https:\/\/sandzakpress.net\/arhiva\/dacic-i-tachi-postigli-dogovor-o-granicnim-prelazima\/"},"wordCount":318,"commentCount":0,"publisher":{"@id":"https:\/\/sandzakpress.net\/arhiva\/#\/schema\/person\/6e72b67d6e51910a1117b3b483ba20bd"},"image":{"@id":"https:\/\/sandzakpress.net\/arhiva\/dacic-i-tachi-postigli-dogovor-o-granicnim-prelazima\/#primaryimage"},"thumbnailUrl":"https:\/\/sandzakpress.net\/arhiva\/wp-content\/uploads\/2012\/12\/copyright_aabadoluajansi_2012_20121205110903.jpg","articleSection":["Novi Pazar","Kosovo"],"inLanguage":"bs-BA","potentialAction":[{"@type":"CommentAction","name":"Comment","target":["https:\/\/sandzakpress.net\/arhiva\/dacic-i-tachi-postigli-dogovor-o-granicnim-prelazima\/#respond"]}]},{"@type":"WebPage","@id":"https:\/\/sandzakpress.net\/arhiva\/dacic-i-tachi-postigli-dogovor-o-granicnim-prelazima\/","url":"https:\/\/sandzakpress.net\/arhiva\/dacic-i-tachi-postigli-dogovor-o-granicnim-prelazima\/","name":"Da\u010di\u0107 i Tachi postigli dogovor o grani\u010dnim prelazima","isPartOf":{"@id":"https:\/\/sandzakpress.net\/arhiva\/#website"},"primaryImageOfPage":{"@id":"https:\/\/sandzakpress.net\/arhiva\/dacic-i-tachi-postigli-dogovor-o-granicnim-prelazima\/#primaryimage"},"image":{"@id":"https:\/\/sandzakpress.net\/arhiva\/dacic-i-tachi-postigli-dogovor-o-granicnim-prelazima\/#primaryimage"},"thumbnailUrl":"https:\/\/sandzakpress.net\/arhiva\/wp-content\/uploads\/2012\/12\/copyright_aabadoluajansi_2012_20121205110903.jpg","datePublished":"2012-12-05T11:09:13+00:00","dateModified":"2012-12-05T11:14:55+00:00","breadcrumb":{"@id":"https:\/\/sandzakpress.net\/arhiva\/dacic-i-tachi-postigli-dogovor-o-granicnim-prelazima\/#breadcrumb"},"inLanguage":"bs-BA","potentialAction":[{"@type":"ReadAction","target":["https:\/\/sandzakpress.net\/arhiva\/dacic-i-tachi-postigli-dogovor-o-granicnim-prelazima\/"]}]},{"@type":"ImageObject","inLanguage":"bs-BA","@id":"https:\/\/sandzakpress.net\/arhiva\/dacic-i-tachi-postigli-dogovor-o-granicnim-prelazima\/#primaryimage","url":"https:\/\/sandzakpress.net\/arhiva\/wp-content\/uploads\/2012\/12\/copyright_aabadoluajansi_2012_20121205110903.jpg","contentUrl":"https:\/\/sandzakpress.net\/arhiva\/wp-content\/uploads\/2012\/12\/copyright_aabadoluajansi_2012_20121205110903.jpg","width":609,"height":424},{"@type":"BreadcrumbList","@id":"https:\/\/sandzakpress.net\/arhiva\/dacic-i-tachi-postigli-dogovor-o-granicnim-prelazima\/#breadcrumb","itemListElement":[{"@type":"ListItem","position":1,"name":"Home","item":"https:\/\/sandzakpress.net\/arhiva\/"},{"@type":"ListItem","position":2,"name":"Da\u010di\u0107 i Tachi postigli dogovor o grani\u010dnim prelazima"}]},{"@type":"WebSite","@id":"https:\/\/sandzakpress.net\/arhiva\/#website","url":"https:\/\/sandzakpress.net\/arhiva\/","name":"Sand\u017eak PRESS","description":"Prve elektronske novine u Sand\u017eaku","publisher":{"@id":"https:\/\/sandzakpress.net\/arhiva\/#\/schema\/person\/6e72b67d6e51910a1117b3b483ba20bd"},"potentialAction":[{"@type":"SearchAction","target":{"@type":"EntryPoint","urlTemplate":"https:\/\/sandzakpress.net\/arhiva\/?s={search_term_string}"},"query-input":{"@type":"PropertyValueSpecification","valueRequired":true,"valueName":"search_term_string"}}],"inLanguage":"bs-BA"},{"@type":["Person","Organization"],"@id":"https:\/\/sandzakpress.net\/arhiva\/#\/schema\/person\/6e72b67d6e51910a1117b3b483ba20bd","name":"Kul","image":{"@type":"ImageObject","inLanguage":"bs-BA","@id":"https:\/\/sandzakpress.net\/arhiva\/#\/schema\/person\/image\/","url":"https:\/\/secure.gravatar.com\/avatar\/42263f39aa27ac04c43cab85c280eb2e?s=96&d=mm&r=pg","contentUrl":"https:\/\/secure.gravatar.com\/avatar\/42263f39aa27ac04c43cab85c280eb2e?s=96&d=mm&r=pg","caption":"Kul"},"logo":{"@id":"https:\/\/sandzakpress.net\/arhiva\/#\/schema\/person\/image\/"}},{"@type":"Person","@id":"https:\/\/sandzakpress.net\/arhiva\/#\/schema\/person\/c8baee722073534b583ea7bdb2e36c02","name":"bosniak","image":{"@type":"ImageObject","inLanguage":"bs-BA","@id":"https:\/\/sandzakpress.net\/arhiva\/#\/schema\/person\/image\/","url":"https:\/\/secure.gravatar.com\/avatar\/a04fd330bfe3a36a72a0ad4a6d89fca7?s=96&d=mm&r=pg","contentUrl":"https:\/\/secure.gravatar.com\/avatar\/a04fd330bfe3a36a72a0ad4a6d89fca7?s=96&d=mm&r=pg","caption":"bosniak"},"url":"https:\/\/sandzakpress.net\/arhiva\/author\/bosniak\/"}]}},"_links":{"self":[{"href":"https:\/\/sandzakpress.net\/arhiva\/wp-json\/wp\/v2\/posts\/56742"}],"collection":[{"href":"https:\/\/sandzakpress.net\/arhiva\/wp-json\/wp\/v2\/posts"}],"about":[{"href":"https:\/\/sandzakpress.net\/arhiva\/wp-json\/wp\/v2\/types\/post"}],"author":[{"embeddable":true,"href":"https:\/\/sandzakpress.net\/arhiva\/wp-json\/wp\/v2\/users\/83"}],"replies":[{"embeddable":true,"href":"https:\/\/sandzakpress.net\/arhiva\/wp-json\/wp\/v2\/comments?post=56742"}],"version-history":[{"count":0,"href":"https:\/\/sandzakpress.net\/arhiva\/wp-json\/wp\/v2\/posts\/56742\/revisions"}],"wp:featuredmedia":[{"embeddable":true,"href":"https:\/\/sandzakpress.net\/arhiva\/wp-json\/wp\/v2\/media\/56743"}],"wp:attachment":[{"href":"https:\/\/sandzakpress.net\/arhiva\/wp-json\/wp\/v2\/media?parent=56742"}],"wp:term":[{"taxonomy":"category","embeddable":true,"href":"https:\/\/sandzakpress.net\/arhiva\/wp-json\/wp\/v2\/categories?post=56742"},{"taxonomy":"post_tag","embeddable":true,"href":"https:\/\/sandzakpress.net\/arhiva\/wp-json\/wp\/v2\/tags?post=56742"}],"curies":[{"name":"wp","href":"https:\/\/api.w.org\/{rel}","templated":true}]}}