{"id":56595,"date":"2012-12-04T15:52:17","date_gmt":"2012-12-04T14:52:17","guid":{"rendered":"https:\/\/sandzakpress.net\/arhiva\/?p=56595"},"modified":"2012-12-04T15:53:03","modified_gmt":"2012-12-04T14:53:03","slug":"orjentalista-tanaskovic-o-islamskoj-zajednici","status":"publish","type":"post","link":"https:\/\/sandzakpress.net\/arhiva\/orjentalista-tanaskovic-o-islamskoj-zajednici\/","title":{"rendered":"Orjentalista Tanaskovi\u0107 o Islamskoj zajednici"},"content":{"rendered":"<p><strong><a href=\"https:\/\/sandzakpress.net\/arhiva\/wp-content\/uploads\/2012\/12\/pol-tanaskovic.jpg\"><img loading=\"lazy\" decoding=\"async\" class=\"alignleft size-medium wp-image-56600\" title=\"pol-tanaskovic\" src=\"https:\/\/sandzakpress.net\/arhiva\/wp-content\/uploads\/2012\/12\/pol-tanaskovic-300x201.jpg\" alt=\"\" width=\"300\" height=\"201\" \/><\/a>Sjeverni Sand\u017eak, BiH &#8211; Islamolog, profesor Darko Tanskovi\u0107 tvrdi da Tursku u njenoj neoosmanisti\u010dkoj politici zanimaju pravshodno dva etnokonfesionalna korpusa na Balkanu \u2013 Bo\u0161njaci i albanski muslimani.<\/strong><\/p>\n<p>Osvrnuv\u0161i se na nedavnu izjavu turskog premijeta Red\u017eepa Tajip Erdogan koji je potrebu za ujedinjavanje muslimana ilustrovao primjerom neprirodne podjele Islamske zajednice u Sand\u017eaku, Tanaskovi\u0107 je ukazao da to nije ni\u0161ta novo, ali je zanimljivo da premijer ne pominje Srbiju \u010diji je Sand\u017eak sastavni dio.<\/p>\n<p>Erdogan je, naime, na zasijedanju islamskog samita Evroazijskih zemalja u Istambulu ukazao na potrebu za ujedinjavanje muslimana u Sand\u017eaku.<\/p>\n<p>\u201eSve \u0161to Turska preduzima svodi se na to da oja\u010da polo\u017eaj Bo\u0161njaka i albanskih muslimana, i u tom smislu djeluje i poku\u0161aj objedinjavanja Bo\u0161njaka\u201c, rekao je Tanaskovi\u0107 Tanjugu na marginama konferencije \u201eTurska \u2013 regionalna sila?\u201c, u Beogradu.<\/p>\n<p>Objektivno, to je problem jer je podijeljenost Islamske zajednice u Srbiji evidentna i nastoji se da bude prevazi\u0111ena\u201c, upozorava Tanaskovi\u0107.<\/p>\n<p>Kako tvrdi, ukoliko bi se prevazi\u0161la podijeljenost onda bi se na cijelom prostoru biv\u0161e Jugoslavije u su\u0161tini ostvario ve\u0107i stepen jedinstva Islamske zajednice gdje bi, naravno, Turska i njen Direktorat za vjerska pitanja imali jednu \u201esigurnu, konsultativnu funkciju\u201c.<\/p>\n<p>\u201eTo nije ni\u0161ta novo, ali je dobro da i Erdogan i \u0161ef turske diplomatije Ahmet Davutoglu otvoreno govore o onome \u0161ta Turska radi. Treba shvatiti da je to sa turske ta\u010dke gledi\u0161ta i logi\u010dno i legitimno\u201c, jasan je Tanaskovi\u0107.<\/p>\n<p>Sagovornik Tanjuga osvrnuo se i na promjene na \u010delu Islamske zajednice u Bosni i Hercegovici, sa \u010dije je javne scene formalno si\u0161ao Mustafa Ceri\u0107.<\/p>\n<p>Tu scenu, smatra Tanaskovi\u0107, Ceri\u0107 je obilje\u017eio vi\u0161e politi\u010dkim nego vjerskim djelovanjem i sada je logi\u010dno da se mora razmi\u0161ljati kako \u0107e se pona\u0161ati njegov nasljednik Hausein Kavazovi\u0107.<\/p>\n<p>\u201eKavazovi\u0107 je odavno bio najja\u010di kandidat za reis-ul-ulemu i vrlo je iskusan \u010dovjek, dobar komunikator, oprezan\u2026 Tek treba da se vidi kako \u0107e se on pona\u0161ati. Ne vjerujem da \u0107e, \u0161to se stila ti\u010de, to biti nastavak Ceri\u0107evog djelovanja, iako su ga neki progla\u0161avali njegovim \u010dovjekom\u201c, smatra profesor Filolo\u0161kog fakulteta u Beogradu.<\/p>\n<p>Misli da su to samo spekulacije koje treba uzimati sa velikom dozom rezerve i nagla\u0161ava da se od nekih turskih zvani\u010dnika, dobro obavje\u0161tenih, prije vi\u0161e od pola godine moglo \u010duti ko \u0107e biti reis-ul-ulema, kao i da ostali kandidati \u201enisu imali nikakve \u0161anse\u201c.<\/p>\n<p>\u201eKada se vidi koji kandidati nisu izabrani, odnosno nisu pro\u0161li ni u u\u017ei izbor, onda je jasno da je ovo nastavak jedne linije koja odra\u017eava turske interese na Balkanu. Mislim da \u0107e Kavazovi\u0107 djelovati iz baze na bolji i promi\u0161ljeniji na\u010din, vi\u0161e u skladu sa realnim okolnostima\u201c, zaklju\u010dak je Tanaskovi\u0107a.<\/p>\n<p>(Sand\u017eak X)<\/p>\n","protected":false},"excerpt":{"rendered":"<p>Sjeverni Sand\u017eak, BiH &#8211; Islamolog, profesor Darko Tanskovi\u0107 tvrdi da Tursku u njenoj neoosmanisti\u010dkoj politici zanimaju pravshodno dva etnokonfesionalna korpusa na Balkanu \u2013 Bo\u0161njaci i albanski muslimani. Osvrnuv\u0161i se na nedavnu izjavu turskog premijeta Red\u017eepa Tajip Erdogan koji je potrebu za ujedinjavanje muslimana ilustrovao primjerom neprirodne podjele Islamske zajednice u Sand\u017eaku, Tanaskovi\u0107 je ukazao da [&hellip;]<\/p>\n","protected":false},"author":83,"featured_media":56600,"comment_status":"open","ping_status":"open","sticky":false,"template":"","format":"standard","meta":{"footnotes":""},"categories":[2860,72,52,1,327,8957],"tags":[],"class_list":{"0":"post-56595","1":"post","2":"type-post","3":"status-publish","4":"format-standard","5":"has-post-thumbnail","7":"category-bosna-i-hercegovina-gradovi","8":"category-novi-pazar","9":"category-sjenica","10":"category-politika","11":"category-tutin","12":"category-vijesti-dana"},"yoast_head":"<!-- This site is optimized with the Yoast SEO Premium plugin v23.1 (Yoast SEO v24.9) - https:\/\/yoast.com\/wordpress\/plugins\/seo\/ -->\n<title>Orjentalista Tanaskovi\u0107 o Islamskoj zajednici<\/title>\n<meta name=\"robots\" content=\"index, follow, max-snippet:-1, max-image-preview:large, max-video-preview:-1\" \/>\n<link rel=\"canonical\" href=\"https:\/\/sandzakpress.net\/arhiva\/orjentalista-tanaskovic-o-islamskoj-zajednici\/\" \/>\n<meta property=\"og:locale\" content=\"bs_BA\" \/>\n<meta property=\"og:type\" content=\"article\" \/>\n<meta property=\"og:title\" content=\"Orjentalista Tanaskovi\u0107 o Islamskoj zajednici\" \/>\n<meta property=\"og:description\" content=\"Sjeverni Sand\u017eak, BiH &#8211; Islamolog, profesor Darko Tanskovi\u0107 tvrdi da Tursku u njenoj neoosmanisti\u010dkoj politici zanimaju pravshodno dva etnokonfesionalna korpusa na Balkanu \u2013 Bo\u0161njaci i albanski muslimani. Osvrnuv\u0161i se na nedavnu izjavu turskog premijeta Red\u017eepa Tajip Erdogan koji je potrebu za ujedinjavanje muslimana ilustrovao primjerom neprirodne podjele Islamske zajednice u Sand\u017eaku, Tanaskovi\u0107 je ukazao da [&hellip;]\" \/>\n<meta property=\"og:url\" content=\"https:\/\/sandzakpress.net\/arhiva\/orjentalista-tanaskovic-o-islamskoj-zajednici\/\" \/>\n<meta property=\"og:site_name\" content=\"Sand\u017eak PRESS\" \/>\n<meta property=\"article:published_time\" content=\"2012-12-04T14:52:17+00:00\" \/>\n<meta property=\"article:modified_time\" content=\"2012-12-04T14:53:03+00:00\" \/>\n<meta property=\"og:image\" content=\"https:\/\/sandzakpress.net\/arhiva\/wp-content\/uploads\/2012\/12\/pol-tanaskovic.jpg\" \/>\n\t<meta property=\"og:image:width\" content=\"616\" \/>\n\t<meta property=\"og:image:height\" content=\"413\" \/>\n\t<meta property=\"og:image:type\" content=\"image\/jpeg\" \/>\n<meta name=\"author\" content=\"bosniak\" \/>\n<meta name=\"twitter:card\" content=\"summary_large_image\" \/>\n<meta name=\"twitter:label1\" content=\"Written by\" \/>\n\t<meta name=\"twitter:data1\" content=\"bosniak\" \/>\n\t<meta name=\"twitter:label2\" content=\"Est. reading time\" \/>\n\t<meta name=\"twitter:data2\" content=\"2 minute\" \/>\n<script type=\"application\/ld+json\" class=\"yoast-schema-graph\">{\"@context\":\"https:\/\/schema.org\",\"@graph\":[{\"@type\":\"Article\",\"@id\":\"https:\/\/sandzakpress.net\/arhiva\/orjentalista-tanaskovic-o-islamskoj-zajednici\/#article\",\"isPartOf\":{\"@id\":\"https:\/\/sandzakpress.net\/arhiva\/orjentalista-tanaskovic-o-islamskoj-zajednici\/\"},\"author\":{\"name\":\"bosniak\",\"@id\":\"https:\/\/sandzakpress.net\/arhiva\/#\/schema\/person\/c8baee722073534b583ea7bdb2e36c02\"},\"headline\":\"Orjentalista Tanaskovi\u0107 o Islamskoj zajednici\",\"datePublished\":\"2012-12-04T14:52:17+00:00\",\"dateModified\":\"2012-12-04T14:53:03+00:00\",\"mainEntityOfPage\":{\"@id\":\"https:\/\/sandzakpress.net\/arhiva\/orjentalista-tanaskovic-o-islamskoj-zajednici\/\"},\"wordCount\":476,\"commentCount\":11,\"publisher\":{\"@id\":\"https:\/\/sandzakpress.net\/arhiva\/#\/schema\/person\/6e72b67d6e51910a1117b3b483ba20bd\"},\"image\":{\"@id\":\"https:\/\/sandzakpress.net\/arhiva\/orjentalista-tanaskovic-o-islamskoj-zajednici\/#primaryimage\"},\"thumbnailUrl\":\"https:\/\/sandzakpress.net\/arhiva\/wp-content\/uploads\/2012\/12\/pol-tanaskovic.jpg\",\"articleSection\":[\"Bosna i Hercegovina\",\"Novi Pazar\",\"Sjenica\",\"Politika\",\"Tutin\",\"VIJESTI DANA\"],\"inLanguage\":\"bs-BA\",\"potentialAction\":[{\"@type\":\"CommentAction\",\"name\":\"Comment\",\"target\":[\"https:\/\/sandzakpress.net\/arhiva\/orjentalista-tanaskovic-o-islamskoj-zajednici\/#respond\"]}]},{\"@type\":\"WebPage\",\"@id\":\"https:\/\/sandzakpress.net\/arhiva\/orjentalista-tanaskovic-o-islamskoj-zajednici\/\",\"url\":\"https:\/\/sandzakpress.net\/arhiva\/orjentalista-tanaskovic-o-islamskoj-zajednici\/\",\"name\":\"Orjentalista Tanaskovi\u0107 o Islamskoj zajednici\",\"isPartOf\":{\"@id\":\"https:\/\/sandzakpress.net\/arhiva\/#website\"},\"primaryImageOfPage\":{\"@id\":\"https:\/\/sandzakpress.net\/arhiva\/orjentalista-tanaskovic-o-islamskoj-zajednici\/#primaryimage\"},\"image\":{\"@id\":\"https:\/\/sandzakpress.net\/arhiva\/orjentalista-tanaskovic-o-islamskoj-zajednici\/#primaryimage\"},\"thumbnailUrl\":\"https:\/\/sandzakpress.net\/arhiva\/wp-content\/uploads\/2012\/12\/pol-tanaskovic.jpg\",\"datePublished\":\"2012-12-04T14:52:17+00:00\",\"dateModified\":\"2012-12-04T14:53:03+00:00\",\"breadcrumb\":{\"@id\":\"https:\/\/sandzakpress.net\/arhiva\/orjentalista-tanaskovic-o-islamskoj-zajednici\/#breadcrumb\"},\"inLanguage\":\"bs-BA\",\"potentialAction\":[{\"@type\":\"ReadAction\",\"target\":[\"https:\/\/sandzakpress.net\/arhiva\/orjentalista-tanaskovic-o-islamskoj-zajednici\/\"]}]},{\"@type\":\"ImageObject\",\"inLanguage\":\"bs-BA\",\"@id\":\"https:\/\/sandzakpress.net\/arhiva\/orjentalista-tanaskovic-o-islamskoj-zajednici\/#primaryimage\",\"url\":\"https:\/\/sandzakpress.net\/arhiva\/wp-content\/uploads\/2012\/12\/pol-tanaskovic.jpg\",\"contentUrl\":\"https:\/\/sandzakpress.net\/arhiva\/wp-content\/uploads\/2012\/12\/pol-tanaskovic.jpg\",\"width\":616,\"height\":413},{\"@type\":\"BreadcrumbList\",\"@id\":\"https:\/\/sandzakpress.net\/arhiva\/orjentalista-tanaskovic-o-islamskoj-zajednici\/#breadcrumb\",\"itemListElement\":[{\"@type\":\"ListItem\",\"position\":1,\"name\":\"Home\",\"item\":\"https:\/\/sandzakpress.net\/arhiva\/\"},{\"@type\":\"ListItem\",\"position\":2,\"name\":\"Orjentalista Tanaskovi\u0107 o Islamskoj zajednici\"}]},{\"@type\":\"WebSite\",\"@id\":\"https:\/\/sandzakpress.net\/arhiva\/#website\",\"url\":\"https:\/\/sandzakpress.net\/arhiva\/\",\"name\":\"Sand\u017eak PRESS\",\"description\":\"Prve elektronske novine u Sand\u017eaku\",\"publisher\":{\"@id\":\"https:\/\/sandzakpress.net\/arhiva\/#\/schema\/person\/6e72b67d6e51910a1117b3b483ba20bd\"},\"potentialAction\":[{\"@type\":\"SearchAction\",\"target\":{\"@type\":\"EntryPoint\",\"urlTemplate\":\"https:\/\/sandzakpress.net\/arhiva\/?s={search_term_string}\"},\"query-input\":{\"@type\":\"PropertyValueSpecification\",\"valueRequired\":true,\"valueName\":\"search_term_string\"}}],\"inLanguage\":\"bs-BA\"},{\"@type\":[\"Person\",\"Organization\"],\"@id\":\"https:\/\/sandzakpress.net\/arhiva\/#\/schema\/person\/6e72b67d6e51910a1117b3b483ba20bd\",\"name\":\"Kul\",\"image\":{\"@type\":\"ImageObject\",\"inLanguage\":\"bs-BA\",\"@id\":\"https:\/\/sandzakpress.net\/arhiva\/#\/schema\/person\/image\/\",\"url\":\"https:\/\/secure.gravatar.com\/avatar\/42263f39aa27ac04c43cab85c280eb2e?s=96&d=mm&r=pg\",\"contentUrl\":\"https:\/\/secure.gravatar.com\/avatar\/42263f39aa27ac04c43cab85c280eb2e?s=96&d=mm&r=pg\",\"caption\":\"Kul\"},\"logo\":{\"@id\":\"https:\/\/sandzakpress.net\/arhiva\/#\/schema\/person\/image\/\"}},{\"@type\":\"Person\",\"@id\":\"https:\/\/sandzakpress.net\/arhiva\/#\/schema\/person\/c8baee722073534b583ea7bdb2e36c02\",\"name\":\"bosniak\",\"image\":{\"@type\":\"ImageObject\",\"inLanguage\":\"bs-BA\",\"@id\":\"https:\/\/sandzakpress.net\/arhiva\/#\/schema\/person\/image\/\",\"url\":\"https:\/\/secure.gravatar.com\/avatar\/a04fd330bfe3a36a72a0ad4a6d89fca7?s=96&d=mm&r=pg\",\"contentUrl\":\"https:\/\/secure.gravatar.com\/avatar\/a04fd330bfe3a36a72a0ad4a6d89fca7?s=96&d=mm&r=pg\",\"caption\":\"bosniak\"},\"url\":\"https:\/\/sandzakpress.net\/arhiva\/author\/bosniak\/\"}]}<\/script>\n<!-- \/ Yoast SEO Premium plugin. -->","yoast_head_json":{"title":"Orjentalista Tanaskovi\u0107 o Islamskoj zajednici","robots":{"index":"index","follow":"follow","max-snippet":"max-snippet:-1","max-image-preview":"max-image-preview:large","max-video-preview":"max-video-preview:-1"},"canonical":"https:\/\/sandzakpress.net\/arhiva\/orjentalista-tanaskovic-o-islamskoj-zajednici\/","og_locale":"bs_BA","og_type":"article","og_title":"Orjentalista Tanaskovi\u0107 o Islamskoj zajednici","og_description":"Sjeverni Sand\u017eak, BiH &#8211; Islamolog, profesor Darko Tanskovi\u0107 tvrdi da Tursku u njenoj neoosmanisti\u010dkoj politici zanimaju pravshodno dva etnokonfesionalna korpusa na Balkanu \u2013 Bo\u0161njaci i albanski muslimani. Osvrnuv\u0161i se na nedavnu izjavu turskog premijeta Red\u017eepa Tajip Erdogan koji je potrebu za ujedinjavanje muslimana ilustrovao primjerom neprirodne podjele Islamske zajednice u Sand\u017eaku, Tanaskovi\u0107 je ukazao da [&hellip;]","og_url":"https:\/\/sandzakpress.net\/arhiva\/orjentalista-tanaskovic-o-islamskoj-zajednici\/","og_site_name":"Sand\u017eak PRESS","article_published_time":"2012-12-04T14:52:17+00:00","article_modified_time":"2012-12-04T14:53:03+00:00","og_image":[{"width":616,"height":413,"url":"https:\/\/sandzakpress.net\/arhiva\/wp-content\/uploads\/2012\/12\/pol-tanaskovic.jpg","type":"image\/jpeg"}],"author":"bosniak","twitter_card":"summary_large_image","twitter_misc":{"Written by":"bosniak","Est. reading time":"2 minute"},"schema":{"@context":"https:\/\/schema.org","@graph":[{"@type":"Article","@id":"https:\/\/sandzakpress.net\/arhiva\/orjentalista-tanaskovic-o-islamskoj-zajednici\/#article","isPartOf":{"@id":"https:\/\/sandzakpress.net\/arhiva\/orjentalista-tanaskovic-o-islamskoj-zajednici\/"},"author":{"name":"bosniak","@id":"https:\/\/sandzakpress.net\/arhiva\/#\/schema\/person\/c8baee722073534b583ea7bdb2e36c02"},"headline":"Orjentalista Tanaskovi\u0107 o Islamskoj zajednici","datePublished":"2012-12-04T14:52:17+00:00","dateModified":"2012-12-04T14:53:03+00:00","mainEntityOfPage":{"@id":"https:\/\/sandzakpress.net\/arhiva\/orjentalista-tanaskovic-o-islamskoj-zajednici\/"},"wordCount":476,"commentCount":11,"publisher":{"@id":"https:\/\/sandzakpress.net\/arhiva\/#\/schema\/person\/6e72b67d6e51910a1117b3b483ba20bd"},"image":{"@id":"https:\/\/sandzakpress.net\/arhiva\/orjentalista-tanaskovic-o-islamskoj-zajednici\/#primaryimage"},"thumbnailUrl":"https:\/\/sandzakpress.net\/arhiva\/wp-content\/uploads\/2012\/12\/pol-tanaskovic.jpg","articleSection":["Bosna i Hercegovina","Novi Pazar","Sjenica","Politika","Tutin","VIJESTI DANA"],"inLanguage":"bs-BA","potentialAction":[{"@type":"CommentAction","name":"Comment","target":["https:\/\/sandzakpress.net\/arhiva\/orjentalista-tanaskovic-o-islamskoj-zajednici\/#respond"]}]},{"@type":"WebPage","@id":"https:\/\/sandzakpress.net\/arhiva\/orjentalista-tanaskovic-o-islamskoj-zajednici\/","url":"https:\/\/sandzakpress.net\/arhiva\/orjentalista-tanaskovic-o-islamskoj-zajednici\/","name":"Orjentalista Tanaskovi\u0107 o Islamskoj zajednici","isPartOf":{"@id":"https:\/\/sandzakpress.net\/arhiva\/#website"},"primaryImageOfPage":{"@id":"https:\/\/sandzakpress.net\/arhiva\/orjentalista-tanaskovic-o-islamskoj-zajednici\/#primaryimage"},"image":{"@id":"https:\/\/sandzakpress.net\/arhiva\/orjentalista-tanaskovic-o-islamskoj-zajednici\/#primaryimage"},"thumbnailUrl":"https:\/\/sandzakpress.net\/arhiva\/wp-content\/uploads\/2012\/12\/pol-tanaskovic.jpg","datePublished":"2012-12-04T14:52:17+00:00","dateModified":"2012-12-04T14:53:03+00:00","breadcrumb":{"@id":"https:\/\/sandzakpress.net\/arhiva\/orjentalista-tanaskovic-o-islamskoj-zajednici\/#breadcrumb"},"inLanguage":"bs-BA","potentialAction":[{"@type":"ReadAction","target":["https:\/\/sandzakpress.net\/arhiva\/orjentalista-tanaskovic-o-islamskoj-zajednici\/"]}]},{"@type":"ImageObject","inLanguage":"bs-BA","@id":"https:\/\/sandzakpress.net\/arhiva\/orjentalista-tanaskovic-o-islamskoj-zajednici\/#primaryimage","url":"https:\/\/sandzakpress.net\/arhiva\/wp-content\/uploads\/2012\/12\/pol-tanaskovic.jpg","contentUrl":"https:\/\/sandzakpress.net\/arhiva\/wp-content\/uploads\/2012\/12\/pol-tanaskovic.jpg","width":616,"height":413},{"@type":"BreadcrumbList","@id":"https:\/\/sandzakpress.net\/arhiva\/orjentalista-tanaskovic-o-islamskoj-zajednici\/#breadcrumb","itemListElement":[{"@type":"ListItem","position":1,"name":"Home","item":"https:\/\/sandzakpress.net\/arhiva\/"},{"@type":"ListItem","position":2,"name":"Orjentalista Tanaskovi\u0107 o Islamskoj zajednici"}]},{"@type":"WebSite","@id":"https:\/\/sandzakpress.net\/arhiva\/#website","url":"https:\/\/sandzakpress.net\/arhiva\/","name":"Sand\u017eak PRESS","description":"Prve elektronske novine u Sand\u017eaku","publisher":{"@id":"https:\/\/sandzakpress.net\/arhiva\/#\/schema\/person\/6e72b67d6e51910a1117b3b483ba20bd"},"potentialAction":[{"@type":"SearchAction","target":{"@type":"EntryPoint","urlTemplate":"https:\/\/sandzakpress.net\/arhiva\/?s={search_term_string}"},"query-input":{"@type":"PropertyValueSpecification","valueRequired":true,"valueName":"search_term_string"}}],"inLanguage":"bs-BA"},{"@type":["Person","Organization"],"@id":"https:\/\/sandzakpress.net\/arhiva\/#\/schema\/person\/6e72b67d6e51910a1117b3b483ba20bd","name":"Kul","image":{"@type":"ImageObject","inLanguage":"bs-BA","@id":"https:\/\/sandzakpress.net\/arhiva\/#\/schema\/person\/image\/","url":"https:\/\/secure.gravatar.com\/avatar\/42263f39aa27ac04c43cab85c280eb2e?s=96&d=mm&r=pg","contentUrl":"https:\/\/secure.gravatar.com\/avatar\/42263f39aa27ac04c43cab85c280eb2e?s=96&d=mm&r=pg","caption":"Kul"},"logo":{"@id":"https:\/\/sandzakpress.net\/arhiva\/#\/schema\/person\/image\/"}},{"@type":"Person","@id":"https:\/\/sandzakpress.net\/arhiva\/#\/schema\/person\/c8baee722073534b583ea7bdb2e36c02","name":"bosniak","image":{"@type":"ImageObject","inLanguage":"bs-BA","@id":"https:\/\/sandzakpress.net\/arhiva\/#\/schema\/person\/image\/","url":"https:\/\/secure.gravatar.com\/avatar\/a04fd330bfe3a36a72a0ad4a6d89fca7?s=96&d=mm&r=pg","contentUrl":"https:\/\/secure.gravatar.com\/avatar\/a04fd330bfe3a36a72a0ad4a6d89fca7?s=96&d=mm&r=pg","caption":"bosniak"},"url":"https:\/\/sandzakpress.net\/arhiva\/author\/bosniak\/"}]}},"_links":{"self":[{"href":"https:\/\/sandzakpress.net\/arhiva\/wp-json\/wp\/v2\/posts\/56595"}],"collection":[{"href":"https:\/\/sandzakpress.net\/arhiva\/wp-json\/wp\/v2\/posts"}],"about":[{"href":"https:\/\/sandzakpress.net\/arhiva\/wp-json\/wp\/v2\/types\/post"}],"author":[{"embeddable":true,"href":"https:\/\/sandzakpress.net\/arhiva\/wp-json\/wp\/v2\/users\/83"}],"replies":[{"embeddable":true,"href":"https:\/\/sandzakpress.net\/arhiva\/wp-json\/wp\/v2\/comments?post=56595"}],"version-history":[{"count":0,"href":"https:\/\/sandzakpress.net\/arhiva\/wp-json\/wp\/v2\/posts\/56595\/revisions"}],"wp:featuredmedia":[{"embeddable":true,"href":"https:\/\/sandzakpress.net\/arhiva\/wp-json\/wp\/v2\/media\/56600"}],"wp:attachment":[{"href":"https:\/\/sandzakpress.net\/arhiva\/wp-json\/wp\/v2\/media?parent=56595"}],"wp:term":[{"taxonomy":"category","embeddable":true,"href":"https:\/\/sandzakpress.net\/arhiva\/wp-json\/wp\/v2\/categories?post=56595"},{"taxonomy":"post_tag","embeddable":true,"href":"https:\/\/sandzakpress.net\/arhiva\/wp-json\/wp\/v2\/tags?post=56595"}],"curies":[{"name":"wp","href":"https:\/\/api.w.org\/{rel}","templated":true}]}}