{"id":56561,"date":"2012-12-04T11:42:05","date_gmt":"2012-12-04T10:42:05","guid":{"rendered":"https:\/\/sandzakpress.net\/arhiva\/?p=56561"},"modified":"2012-12-04T11:42:05","modified_gmt":"2012-12-04T10:42:05","slug":"ako-trazite-posao-pazite-sta-je-na-vasem-facebook-profilu","status":"publish","type":"post","link":"https:\/\/sandzakpress.net\/arhiva\/ako-trazite-posao-pazite-sta-je-na-vasem-facebook-profilu\/","title":{"rendered":"Ako tra\u017eite posao, pazite \u0161ta je na va\u0161em Facebook profilu"},"content":{"rendered":"<p><strong><a href=\"https:\/\/sandzakpress.net\/arhiva\/wp-content\/uploads\/2012\/12\/43afcf40c514c64bd8f1fb2f5b4e3c56.png\"><img loading=\"lazy\" decoding=\"async\" class=\"alignleft size-full wp-image-56562\" title=\"43afcf40c514c64bd8f1fb2f5b4e3c56\" src=\"https:\/\/sandzakpress.net\/arhiva\/wp-content\/uploads\/2012\/12\/43afcf40c514c64bd8f1fb2f5b4e3c56.png\" alt=\"\" width=\"180\" height=\"220\" \/><\/a>Predsjednik Medijske i informacijske federacije  (IMEF) u Turskoj Nizamettin Bilici upozorio je na kori\u0161tenje Facebook  profila prilikom pronala\u017eenja zaposlenja.<\/strong><\/p>\n<p>&#8220;Poslodavci koriste Facebook profile kako bi vidjeli  kakva je uistinu osoba koja je aplicirala za neko radno mjesto&#8221;, kazao  je Bilici.<\/p>\n<p>U izjavi za agenciju Anadolija (AA), Bilici je upozorio kako je  kori\u0161tenje dru\u0161tvenih mre\u017ea jako unaprije\u0111eno u posljednje vrijeme  Turskoj, te da se ova zemlja nalazi na tre\u0107em mjestu u svijetu po  kori\u0161tenju dru\u0161tvenih mre\u017ea.<\/p>\n<p>Bilici je kazao da sve \u0161to je napisano na profilima na dru\u0161tvenim  mre\u017eama, kao i grupe u kojima je osoba aktivna, mo\u017ee uticati na \u017eivot te  osobe.<\/p>\n<p>&#8220;Mladi se priklju\u010duju grupama, ali siteovi kao \u0161to su Facebook,  stalno se mijenjaju. Ta ista grupa nakon nekog vremena mo\u017ee se  pretvoriti u ne\u0161to totalno drugo. Poslodavci, nakon va\u0161e aplikacije za  posao, pogledaju va\u0161 Facebook profil. Osobe koje apliciraju za posao ili  su pozvani na razgovor za posao, trebale bi privremeno deaktivirati  svoj profil ukoliko misle da imaju ne\u0161to neprimjereno na njemu.  Obavje\u0161tajne slu\u017ebe sada sve rade preko interneta. Stoga, ljudi trebaju  biti oprezni. Recimo, Izrael prou\u010dava sumnjive grupe na Facebooku. Ne  ostavljajte na svom profilu brojeve telefona ili adresu&#8221;, poru\u010dio je  Bilici.<\/p>\n<p>Istaknuv\u0161i da je prije dva mjeseca u Turskoj osnovana Konfederacija  internetske komunikacije (TIKOM), Bilici je kazao da je svrha ovog  udru\u017eenja &#8220;rekonstruisati sigurnost online medija i zaposliti diplomante  fakulteta za komunikacije&#8221;.<\/p>\n<p>&#8220;Ljudi danas najvi\u0161e pa\u017enje posve\u0107uju novim medijima kako zbog  bogatog sadr\u017eaja tako i zbog brzine kojima ovi mediji prenose vijesti&#8221;,  zaklju\u010dio je predsjedniik IMEF-a.<\/p>\n<p>(IslamBosna)<\/p>\n","protected":false},"excerpt":{"rendered":"<p>Predsjednik Medijske i informacijske federacije (IMEF) u Turskoj Nizamettin Bilici upozorio je na kori\u0161tenje Facebook profila prilikom pronala\u017eenja zaposlenja. &#8220;Poslodavci koriste Facebook profile kako bi vidjeli kakva je uistinu osoba koja je aplicirala za neko radno mjesto&#8221;, kazao je Bilici. U izjavi za agenciju Anadolija (AA), Bilici je upozorio kako je kori\u0161tenje dru\u0161tvenih mre\u017ea jako [&hellip;]<\/p>\n","protected":false},"author":13,"featured_media":56562,"comment_status":"open","ping_status":"open","sticky":false,"template":"","format":"standard","meta":{"footnotes":""},"categories":[2695],"tags":[],"class_list":{"0":"post-56561","1":"post","2":"type-post","3":"status-publish","4":"format-standard","5":"has-post-thumbnail","7":"category-zanimljivo"},"yoast_head":"<!-- This site is optimized with the Yoast SEO Premium plugin v23.1 (Yoast SEO v24.9) - https:\/\/yoast.com\/wordpress\/plugins\/seo\/ -->\n<title>Ako tra\u017eite posao, pazite \u0161ta je na va\u0161em Facebook profilu<\/title>\n<meta name=\"robots\" content=\"index, follow, max-snippet:-1, max-image-preview:large, max-video-preview:-1\" \/>\n<link rel=\"canonical\" href=\"https:\/\/sandzakpress.net\/arhiva\/ako-trazite-posao-pazite-sta-je-na-vasem-facebook-profilu\/\" \/>\n<meta property=\"og:locale\" content=\"bs_BA\" \/>\n<meta property=\"og:type\" content=\"article\" \/>\n<meta property=\"og:title\" content=\"Ako tra\u017eite posao, pazite \u0161ta je na va\u0161em Facebook profilu\" \/>\n<meta property=\"og:description\" content=\"Predsjednik Medijske i informacijske federacije (IMEF) u Turskoj Nizamettin Bilici upozorio je na kori\u0161tenje Facebook profila prilikom pronala\u017eenja zaposlenja. &#8220;Poslodavci koriste Facebook profile kako bi vidjeli kakva je uistinu osoba koja je aplicirala za neko radno mjesto&#8221;, kazao je Bilici. U izjavi za agenciju Anadolija (AA), Bilici je upozorio kako je kori\u0161tenje dru\u0161tvenih mre\u017ea jako [&hellip;]\" \/>\n<meta property=\"og:url\" content=\"https:\/\/sandzakpress.net\/arhiva\/ako-trazite-posao-pazite-sta-je-na-vasem-facebook-profilu\/\" \/>\n<meta property=\"og:site_name\" content=\"Sand\u017eak PRESS\" \/>\n<meta property=\"article:published_time\" content=\"2012-12-04T10:42:05+00:00\" \/>\n<meta property=\"og:image\" content=\"https:\/\/sandzakpress.net\/arhiva\/wp-content\/uploads\/2012\/12\/43afcf40c514c64bd8f1fb2f5b4e3c56.png\" \/>\n\t<meta property=\"og:image:width\" content=\"180\" \/>\n\t<meta property=\"og:image:height\" content=\"220\" \/>\n\t<meta property=\"og:image:type\" content=\"image\/png\" \/>\n<meta name=\"twitter:card\" content=\"summary_large_image\" \/>\n<meta name=\"twitter:label1\" content=\"Written by\" \/>\n\t<meta name=\"twitter:data1\" content=\"\" \/>\n\t<meta name=\"twitter:label2\" content=\"Est. reading time\" \/>\n\t<meta name=\"twitter:data2\" content=\"1 minuta\" \/>\n<script type=\"application\/ld+json\" class=\"yoast-schema-graph\">{\"@context\":\"https:\/\/schema.org\",\"@graph\":[{\"@type\":\"Article\",\"@id\":\"https:\/\/sandzakpress.net\/arhiva\/ako-trazite-posao-pazite-sta-je-na-vasem-facebook-profilu\/#article\",\"isPartOf\":{\"@id\":\"https:\/\/sandzakpress.net\/arhiva\/ako-trazite-posao-pazite-sta-je-na-vasem-facebook-profilu\/\"},\"author\":{\"name\":\"\",\"@id\":\"\"},\"headline\":\"Ako tra\u017eite posao, pazite \u0161ta je na va\u0161em Facebook profilu\",\"datePublished\":\"2012-12-04T10:42:05+00:00\",\"mainEntityOfPage\":{\"@id\":\"https:\/\/sandzakpress.net\/arhiva\/ako-trazite-posao-pazite-sta-je-na-vasem-facebook-profilu\/\"},\"wordCount\":292,\"commentCount\":0,\"publisher\":{\"@id\":\"https:\/\/sandzakpress.net\/arhiva\/#\/schema\/person\/6e72b67d6e51910a1117b3b483ba20bd\"},\"image\":{\"@id\":\"https:\/\/sandzakpress.net\/arhiva\/ako-trazite-posao-pazite-sta-je-na-vasem-facebook-profilu\/#primaryimage\"},\"thumbnailUrl\":\"https:\/\/sandzakpress.net\/arhiva\/wp-content\/uploads\/2012\/12\/43afcf40c514c64bd8f1fb2f5b4e3c56.png\",\"articleSection\":[\"Zanimljivo\"],\"inLanguage\":\"bs-BA\",\"potentialAction\":[{\"@type\":\"CommentAction\",\"name\":\"Comment\",\"target\":[\"https:\/\/sandzakpress.net\/arhiva\/ako-trazite-posao-pazite-sta-je-na-vasem-facebook-profilu\/#respond\"]}]},{\"@type\":\"WebPage\",\"@id\":\"https:\/\/sandzakpress.net\/arhiva\/ako-trazite-posao-pazite-sta-je-na-vasem-facebook-profilu\/\",\"url\":\"https:\/\/sandzakpress.net\/arhiva\/ako-trazite-posao-pazite-sta-je-na-vasem-facebook-profilu\/\",\"name\":\"Ako tra\u017eite posao, pazite \u0161ta je na va\u0161em Facebook profilu\",\"isPartOf\":{\"@id\":\"https:\/\/sandzakpress.net\/arhiva\/#website\"},\"primaryImageOfPage\":{\"@id\":\"https:\/\/sandzakpress.net\/arhiva\/ako-trazite-posao-pazite-sta-je-na-vasem-facebook-profilu\/#primaryimage\"},\"image\":{\"@id\":\"https:\/\/sandzakpress.net\/arhiva\/ako-trazite-posao-pazite-sta-je-na-vasem-facebook-profilu\/#primaryimage\"},\"thumbnailUrl\":\"https:\/\/sandzakpress.net\/arhiva\/wp-content\/uploads\/2012\/12\/43afcf40c514c64bd8f1fb2f5b4e3c56.png\",\"datePublished\":\"2012-12-04T10:42:05+00:00\",\"breadcrumb\":{\"@id\":\"https:\/\/sandzakpress.net\/arhiva\/ako-trazite-posao-pazite-sta-je-na-vasem-facebook-profilu\/#breadcrumb\"},\"inLanguage\":\"bs-BA\",\"potentialAction\":[{\"@type\":\"ReadAction\",\"target\":[\"https:\/\/sandzakpress.net\/arhiva\/ako-trazite-posao-pazite-sta-je-na-vasem-facebook-profilu\/\"]}]},{\"@type\":\"ImageObject\",\"inLanguage\":\"bs-BA\",\"@id\":\"https:\/\/sandzakpress.net\/arhiva\/ako-trazite-posao-pazite-sta-je-na-vasem-facebook-profilu\/#primaryimage\",\"url\":\"https:\/\/sandzakpress.net\/arhiva\/wp-content\/uploads\/2012\/12\/43afcf40c514c64bd8f1fb2f5b4e3c56.png\",\"contentUrl\":\"https:\/\/sandzakpress.net\/arhiva\/wp-content\/uploads\/2012\/12\/43afcf40c514c64bd8f1fb2f5b4e3c56.png\",\"width\":180,\"height\":220},{\"@type\":\"BreadcrumbList\",\"@id\":\"https:\/\/sandzakpress.net\/arhiva\/ako-trazite-posao-pazite-sta-je-na-vasem-facebook-profilu\/#breadcrumb\",\"itemListElement\":[{\"@type\":\"ListItem\",\"position\":1,\"name\":\"Home\",\"item\":\"https:\/\/sandzakpress.net\/arhiva\/\"},{\"@type\":\"ListItem\",\"position\":2,\"name\":\"Ako tra\u017eite posao, pazite \u0161ta je na va\u0161em Facebook profilu\"}]},{\"@type\":\"WebSite\",\"@id\":\"https:\/\/sandzakpress.net\/arhiva\/#website\",\"url\":\"https:\/\/sandzakpress.net\/arhiva\/\",\"name\":\"Sand\u017eak PRESS\",\"description\":\"Prve elektronske novine u Sand\u017eaku\",\"publisher\":{\"@id\":\"https:\/\/sandzakpress.net\/arhiva\/#\/schema\/person\/6e72b67d6e51910a1117b3b483ba20bd\"},\"potentialAction\":[{\"@type\":\"SearchAction\",\"target\":{\"@type\":\"EntryPoint\",\"urlTemplate\":\"https:\/\/sandzakpress.net\/arhiva\/?s={search_term_string}\"},\"query-input\":{\"@type\":\"PropertyValueSpecification\",\"valueRequired\":true,\"valueName\":\"search_term_string\"}}],\"inLanguage\":\"bs-BA\"},{\"@type\":[\"Person\",\"Organization\"],\"@id\":\"https:\/\/sandzakpress.net\/arhiva\/#\/schema\/person\/6e72b67d6e51910a1117b3b483ba20bd\",\"name\":\"Kul\",\"image\":{\"@type\":\"ImageObject\",\"inLanguage\":\"bs-BA\",\"@id\":\"https:\/\/sandzakpress.net\/arhiva\/#\/schema\/person\/image\/\",\"url\":\"https:\/\/secure.gravatar.com\/avatar\/42263f39aa27ac04c43cab85c280eb2e?s=96&d=mm&r=pg\",\"contentUrl\":\"https:\/\/secure.gravatar.com\/avatar\/42263f39aa27ac04c43cab85c280eb2e?s=96&d=mm&r=pg\",\"caption\":\"Kul\"},\"logo\":{\"@id\":\"https:\/\/sandzakpress.net\/arhiva\/#\/schema\/person\/image\/\"}},{\"@type\":\"Person\",\"@id\":\"\",\"url\":\"https:\/\/sandzakpress.net\/arhiva\/author\/\"}]}<\/script>\n<!-- \/ Yoast SEO Premium plugin. -->","yoast_head_json":{"title":"Ako tra\u017eite posao, pazite \u0161ta je na va\u0161em Facebook profilu","robots":{"index":"index","follow":"follow","max-snippet":"max-snippet:-1","max-image-preview":"max-image-preview:large","max-video-preview":"max-video-preview:-1"},"canonical":"https:\/\/sandzakpress.net\/arhiva\/ako-trazite-posao-pazite-sta-je-na-vasem-facebook-profilu\/","og_locale":"bs_BA","og_type":"article","og_title":"Ako tra\u017eite posao, pazite \u0161ta je na va\u0161em Facebook profilu","og_description":"Predsjednik Medijske i informacijske federacije (IMEF) u Turskoj Nizamettin Bilici upozorio je na kori\u0161tenje Facebook profila prilikom pronala\u017eenja zaposlenja. &#8220;Poslodavci koriste Facebook profile kako bi vidjeli kakva je uistinu osoba koja je aplicirala za neko radno mjesto&#8221;, kazao je Bilici. U izjavi za agenciju Anadolija (AA), Bilici je upozorio kako je kori\u0161tenje dru\u0161tvenih mre\u017ea jako [&hellip;]","og_url":"https:\/\/sandzakpress.net\/arhiva\/ako-trazite-posao-pazite-sta-je-na-vasem-facebook-profilu\/","og_site_name":"Sand\u017eak PRESS","article_published_time":"2012-12-04T10:42:05+00:00","og_image":[{"width":180,"height":220,"url":"https:\/\/sandzakpress.net\/arhiva\/wp-content\/uploads\/2012\/12\/43afcf40c514c64bd8f1fb2f5b4e3c56.png","type":"image\/png"}],"twitter_card":"summary_large_image","twitter_misc":{"Written by":"","Est. reading time":"1 minuta"},"schema":{"@context":"https:\/\/schema.org","@graph":[{"@type":"Article","@id":"https:\/\/sandzakpress.net\/arhiva\/ako-trazite-posao-pazite-sta-je-na-vasem-facebook-profilu\/#article","isPartOf":{"@id":"https:\/\/sandzakpress.net\/arhiva\/ako-trazite-posao-pazite-sta-je-na-vasem-facebook-profilu\/"},"author":{"name":"","@id":""},"headline":"Ako tra\u017eite posao, pazite \u0161ta je na va\u0161em Facebook profilu","datePublished":"2012-12-04T10:42:05+00:00","mainEntityOfPage":{"@id":"https:\/\/sandzakpress.net\/arhiva\/ako-trazite-posao-pazite-sta-je-na-vasem-facebook-profilu\/"},"wordCount":292,"commentCount":0,"publisher":{"@id":"https:\/\/sandzakpress.net\/arhiva\/#\/schema\/person\/6e72b67d6e51910a1117b3b483ba20bd"},"image":{"@id":"https:\/\/sandzakpress.net\/arhiva\/ako-trazite-posao-pazite-sta-je-na-vasem-facebook-profilu\/#primaryimage"},"thumbnailUrl":"https:\/\/sandzakpress.net\/arhiva\/wp-content\/uploads\/2012\/12\/43afcf40c514c64bd8f1fb2f5b4e3c56.png","articleSection":["Zanimljivo"],"inLanguage":"bs-BA","potentialAction":[{"@type":"CommentAction","name":"Comment","target":["https:\/\/sandzakpress.net\/arhiva\/ako-trazite-posao-pazite-sta-je-na-vasem-facebook-profilu\/#respond"]}]},{"@type":"WebPage","@id":"https:\/\/sandzakpress.net\/arhiva\/ako-trazite-posao-pazite-sta-je-na-vasem-facebook-profilu\/","url":"https:\/\/sandzakpress.net\/arhiva\/ako-trazite-posao-pazite-sta-je-na-vasem-facebook-profilu\/","name":"Ako tra\u017eite posao, pazite \u0161ta je na va\u0161em Facebook profilu","isPartOf":{"@id":"https:\/\/sandzakpress.net\/arhiva\/#website"},"primaryImageOfPage":{"@id":"https:\/\/sandzakpress.net\/arhiva\/ako-trazite-posao-pazite-sta-je-na-vasem-facebook-profilu\/#primaryimage"},"image":{"@id":"https:\/\/sandzakpress.net\/arhiva\/ako-trazite-posao-pazite-sta-je-na-vasem-facebook-profilu\/#primaryimage"},"thumbnailUrl":"https:\/\/sandzakpress.net\/arhiva\/wp-content\/uploads\/2012\/12\/43afcf40c514c64bd8f1fb2f5b4e3c56.png","datePublished":"2012-12-04T10:42:05+00:00","breadcrumb":{"@id":"https:\/\/sandzakpress.net\/arhiva\/ako-trazite-posao-pazite-sta-je-na-vasem-facebook-profilu\/#breadcrumb"},"inLanguage":"bs-BA","potentialAction":[{"@type":"ReadAction","target":["https:\/\/sandzakpress.net\/arhiva\/ako-trazite-posao-pazite-sta-je-na-vasem-facebook-profilu\/"]}]},{"@type":"ImageObject","inLanguage":"bs-BA","@id":"https:\/\/sandzakpress.net\/arhiva\/ako-trazite-posao-pazite-sta-je-na-vasem-facebook-profilu\/#primaryimage","url":"https:\/\/sandzakpress.net\/arhiva\/wp-content\/uploads\/2012\/12\/43afcf40c514c64bd8f1fb2f5b4e3c56.png","contentUrl":"https:\/\/sandzakpress.net\/arhiva\/wp-content\/uploads\/2012\/12\/43afcf40c514c64bd8f1fb2f5b4e3c56.png","width":180,"height":220},{"@type":"BreadcrumbList","@id":"https:\/\/sandzakpress.net\/arhiva\/ako-trazite-posao-pazite-sta-je-na-vasem-facebook-profilu\/#breadcrumb","itemListElement":[{"@type":"ListItem","position":1,"name":"Home","item":"https:\/\/sandzakpress.net\/arhiva\/"},{"@type":"ListItem","position":2,"name":"Ako tra\u017eite posao, pazite \u0161ta je na va\u0161em Facebook profilu"}]},{"@type":"WebSite","@id":"https:\/\/sandzakpress.net\/arhiva\/#website","url":"https:\/\/sandzakpress.net\/arhiva\/","name":"Sand\u017eak PRESS","description":"Prve elektronske novine u Sand\u017eaku","publisher":{"@id":"https:\/\/sandzakpress.net\/arhiva\/#\/schema\/person\/6e72b67d6e51910a1117b3b483ba20bd"},"potentialAction":[{"@type":"SearchAction","target":{"@type":"EntryPoint","urlTemplate":"https:\/\/sandzakpress.net\/arhiva\/?s={search_term_string}"},"query-input":{"@type":"PropertyValueSpecification","valueRequired":true,"valueName":"search_term_string"}}],"inLanguage":"bs-BA"},{"@type":["Person","Organization"],"@id":"https:\/\/sandzakpress.net\/arhiva\/#\/schema\/person\/6e72b67d6e51910a1117b3b483ba20bd","name":"Kul","image":{"@type":"ImageObject","inLanguage":"bs-BA","@id":"https:\/\/sandzakpress.net\/arhiva\/#\/schema\/person\/image\/","url":"https:\/\/secure.gravatar.com\/avatar\/42263f39aa27ac04c43cab85c280eb2e?s=96&d=mm&r=pg","contentUrl":"https:\/\/secure.gravatar.com\/avatar\/42263f39aa27ac04c43cab85c280eb2e?s=96&d=mm&r=pg","caption":"Kul"},"logo":{"@id":"https:\/\/sandzakpress.net\/arhiva\/#\/schema\/person\/image\/"}},{"@type":"Person","@id":"","url":"https:\/\/sandzakpress.net\/arhiva\/author\/"}]}},"_links":{"self":[{"href":"https:\/\/sandzakpress.net\/arhiva\/wp-json\/wp\/v2\/posts\/56561"}],"collection":[{"href":"https:\/\/sandzakpress.net\/arhiva\/wp-json\/wp\/v2\/posts"}],"about":[{"href":"https:\/\/sandzakpress.net\/arhiva\/wp-json\/wp\/v2\/types\/post"}],"author":[{"embeddable":true,"href":"https:\/\/sandzakpress.net\/arhiva\/wp-json\/wp\/v2\/users\/13"}],"replies":[{"embeddable":true,"href":"https:\/\/sandzakpress.net\/arhiva\/wp-json\/wp\/v2\/comments?post=56561"}],"version-history":[{"count":0,"href":"https:\/\/sandzakpress.net\/arhiva\/wp-json\/wp\/v2\/posts\/56561\/revisions"}],"wp:featuredmedia":[{"embeddable":true,"href":"https:\/\/sandzakpress.net\/arhiva\/wp-json\/wp\/v2\/media\/56562"}],"wp:attachment":[{"href":"https:\/\/sandzakpress.net\/arhiva\/wp-json\/wp\/v2\/media?parent=56561"}],"wp:term":[{"taxonomy":"category","embeddable":true,"href":"https:\/\/sandzakpress.net\/arhiva\/wp-json\/wp\/v2\/categories?post=56561"},{"taxonomy":"post_tag","embeddable":true,"href":"https:\/\/sandzakpress.net\/arhiva\/wp-json\/wp\/v2\/tags?post=56561"}],"curies":[{"name":"wp","href":"https:\/\/api.w.org\/{rel}","templated":true}]}}