{"id":56468,"date":"2012-12-03T17:51:00","date_gmt":"2012-12-03T16:51:00","guid":{"rendered":"https:\/\/sandzakpress.net\/arhiva\/?p=56468"},"modified":"2012-12-03T17:51:00","modified_gmt":"2012-12-03T16:51:00","slug":"%e2%80%9craskrsca-bastine%e2%80%9d-u-muzeju-ras","status":"publish","type":"post","link":"https:\/\/sandzakpress.net\/arhiva\/%e2%80%9craskrsca-bastine%e2%80%9d-u-muzeju-ras\/","title":{"rendered":"\u201cRaskr\u0161\u0107a ba\u0161tine\u201d u muzeju Ras"},"content":{"rendered":"<p><strong><a href=\"https:\/\/sandzakpress.net\/arhiva\/wp-content\/uploads\/2012\/12\/27001397c062d1a8d159f4cdbccfd026_M.jpg\"><img loading=\"lazy\" decoding=\"async\" class=\"alignleft size-medium wp-image-56469\" title=\"27001397c062d1a8d159f4cdbccfd026_M\" src=\"https:\/\/sandzakpress.net\/arhiva\/wp-content\/uploads\/2012\/12\/27001397c062d1a8d159f4cdbccfd026_M-300x199.jpg\" alt=\"\" width=\"300\" height=\"199\" \/><\/a>Novi Pazar &#8211; Novopazarski muzej \u201cRas\u201d u saradnji sa Centrom za muzeologiju i heritologiju Filozofskog fakulteta u Beogradu u srijedu po\u010dinje realizaciju projekta \u201eRaskr\u0161\u0107a ba\u0161tine\u201c.<br \/>\n<\/strong><br \/>\nIz muzeja navode da projekat obuhvata\u00a0 izlo\u017ebu, nau\u010dni skup i radionice sa lokalnim stanovni\u0161tvom, sa ciljem da se Novopazarci upoznaju sa slojevito\u0161\u0107u ba\u0161tine i lokalne zajednice u procesima \u010duvanja i promovisanja vrijednosti Novog Pazara.<\/p>\n<p>\u201eBi\u0107e organizovana izlo\u017eba pod nazivom \u2019Novi Pazar na mapi istorijskih puteva\u2019 i predstavlja\u0107e uticaje i \u0161irenje razli\u010ditih kultura koje su se kroz istoriju smenjivale na \u0161ire novopazarsko podru\u010dje.<\/p>\n<p>U isto vrijeme bi\u0107e organizovan nau\u010dni skup \u2019Raskr\u0161\u0107a ba\u0161tine-ukr\u0161tanja kultura\u2019, na kojem \u0107e u\u010destvovati istra\u017eiva\u010di iz Istanbula, Zagreba, Sarajeva, Beograda i Novog Pazara, kao i radionice sa\u00a0 temama iz anti\u010dkog, srednjovekovnog, osmanskog i modernog nasle\u0111a\u201c, dodaje se u saop\u0161tenju.<\/p>\n<p>Projekat, koji \u0107e u muzeju \u201eRas\u201c biti organizovan od 5. do 7. decembra, realizuje se uz podr\u0161ku Ministarstva kulture i informisanja, kao i Ministarstva prosvete, nauke i tehnolo\u0161kog razvoja Republike Srbije.<\/p>\n<p>(RadioStoPlus)<\/p>\n","protected":false},"excerpt":{"rendered":"<p>Novi Pazar &#8211; Novopazarski muzej \u201cRas\u201d u saradnji sa Centrom za muzeologiju i heritologiju Filozofskog fakulteta u Beogradu u srijedu po\u010dinje realizaciju projekta \u201eRaskr\u0161\u0107a ba\u0161tine\u201c. Iz muzeja navode da projekat obuhvata\u00a0 izlo\u017ebu, nau\u010dni skup i radionice sa lokalnim stanovni\u0161tvom, sa ciljem da se Novopazarci upoznaju sa slojevito\u0161\u0107u ba\u0161tine i lokalne zajednice u procesima \u010duvanja i [&hellip;]<\/p>\n","protected":false},"author":16,"featured_media":56469,"comment_status":"open","ping_status":"open","sticky":false,"template":"","format":"standard","meta":{"footnotes":""},"categories":[72],"tags":[],"class_list":{"0":"post-56468","1":"post","2":"type-post","3":"status-publish","4":"format-standard","5":"has-post-thumbnail","7":"category-novi-pazar"},"yoast_head":"<!-- This site is optimized with the Yoast SEO Premium plugin v23.1 (Yoast SEO v24.9) - https:\/\/yoast.com\/wordpress\/plugins\/seo\/ -->\n<title>\u201cRaskr\u0161\u0107a ba\u0161tine\u201d u muzeju Ras<\/title>\n<meta name=\"robots\" content=\"index, follow, max-snippet:-1, max-image-preview:large, max-video-preview:-1\" \/>\n<link rel=\"canonical\" href=\"https:\/\/sandzakpress.net\/arhiva\/\u201craskrsca-bastine\u201d-u-muzeju-ras\/\" \/>\n<meta property=\"og:locale\" content=\"bs_BA\" \/>\n<meta property=\"og:type\" content=\"article\" \/>\n<meta property=\"og:title\" content=\"\u201cRaskr\u0161\u0107a ba\u0161tine\u201d u muzeju Ras\" \/>\n<meta property=\"og:description\" content=\"Novi Pazar &#8211; Novopazarski muzej \u201cRas\u201d u saradnji sa Centrom za muzeologiju i heritologiju Filozofskog fakulteta u Beogradu u srijedu po\u010dinje realizaciju projekta \u201eRaskr\u0161\u0107a ba\u0161tine\u201c. Iz muzeja navode da projekat obuhvata\u00a0 izlo\u017ebu, nau\u010dni skup i radionice sa lokalnim stanovni\u0161tvom, sa ciljem da se Novopazarci upoznaju sa slojevito\u0161\u0107u ba\u0161tine i lokalne zajednice u procesima \u010duvanja i [&hellip;]\" \/>\n<meta property=\"og:url\" content=\"https:\/\/sandzakpress.net\/arhiva\/\u201craskrsca-bastine\u201d-u-muzeju-ras\/\" \/>\n<meta property=\"og:site_name\" content=\"Sand\u017eak PRESS\" \/>\n<meta property=\"article:published_time\" content=\"2012-12-03T16:51:00+00:00\" \/>\n<meta property=\"og:image\" content=\"https:\/\/sandzakpress.net\/arhiva\/wp-content\/uploads\/2012\/12\/27001397c062d1a8d159f4cdbccfd026_M.jpg\" \/>\n\t<meta property=\"og:image:width\" content=\"310\" \/>\n\t<meta property=\"og:image:height\" content=\"206\" \/>\n\t<meta property=\"og:image:type\" content=\"image\/jpeg\" \/>\n<meta name=\"twitter:card\" content=\"summary_large_image\" \/>\n<meta name=\"twitter:label1\" content=\"Written by\" \/>\n\t<meta name=\"twitter:data1\" content=\"\" \/>\n\t<meta name=\"twitter:label2\" content=\"Est. reading time\" \/>\n\t<meta name=\"twitter:data2\" content=\"1 minuta\" \/>\n<script type=\"application\/ld+json\" class=\"yoast-schema-graph\">{\"@context\":\"https:\/\/schema.org\",\"@graph\":[{\"@type\":\"Article\",\"@id\":\"https:\/\/sandzakpress.net\/arhiva\/%e2%80%9craskrsca-bastine%e2%80%9d-u-muzeju-ras\/#article\",\"isPartOf\":{\"@id\":\"https:\/\/sandzakpress.net\/arhiva\/%e2%80%9craskrsca-bastine%e2%80%9d-u-muzeju-ras\/\"},\"author\":{\"name\":\"\",\"@id\":\"\"},\"headline\":\"\u201cRaskr\u0161\u0107a ba\u0161tine\u201d u muzeju Ras\",\"datePublished\":\"2012-12-03T16:51:00+00:00\",\"mainEntityOfPage\":{\"@id\":\"https:\/\/sandzakpress.net\/arhiva\/%e2%80%9craskrsca-bastine%e2%80%9d-u-muzeju-ras\/\"},\"wordCount\":189,\"commentCount\":0,\"publisher\":{\"@id\":\"https:\/\/sandzakpress.net\/arhiva\/#\/schema\/person\/6e72b67d6e51910a1117b3b483ba20bd\"},\"image\":{\"@id\":\"https:\/\/sandzakpress.net\/arhiva\/%e2%80%9craskrsca-bastine%e2%80%9d-u-muzeju-ras\/#primaryimage\"},\"thumbnailUrl\":\"https:\/\/sandzakpress.net\/arhiva\/wp-content\/uploads\/2012\/12\/27001397c062d1a8d159f4cdbccfd026_M.jpg\",\"articleSection\":[\"Novi Pazar\"],\"inLanguage\":\"bs-BA\",\"potentialAction\":[{\"@type\":\"CommentAction\",\"name\":\"Comment\",\"target\":[\"https:\/\/sandzakpress.net\/arhiva\/%e2%80%9craskrsca-bastine%e2%80%9d-u-muzeju-ras\/#respond\"]}]},{\"@type\":\"WebPage\",\"@id\":\"https:\/\/sandzakpress.net\/arhiva\/%e2%80%9craskrsca-bastine%e2%80%9d-u-muzeju-ras\/\",\"url\":\"https:\/\/sandzakpress.net\/arhiva\/%e2%80%9craskrsca-bastine%e2%80%9d-u-muzeju-ras\/\",\"name\":\"\u201cRaskr\u0161\u0107a ba\u0161tine\u201d u muzeju Ras\",\"isPartOf\":{\"@id\":\"https:\/\/sandzakpress.net\/arhiva\/#website\"},\"primaryImageOfPage\":{\"@id\":\"https:\/\/sandzakpress.net\/arhiva\/%e2%80%9craskrsca-bastine%e2%80%9d-u-muzeju-ras\/#primaryimage\"},\"image\":{\"@id\":\"https:\/\/sandzakpress.net\/arhiva\/%e2%80%9craskrsca-bastine%e2%80%9d-u-muzeju-ras\/#primaryimage\"},\"thumbnailUrl\":\"https:\/\/sandzakpress.net\/arhiva\/wp-content\/uploads\/2012\/12\/27001397c062d1a8d159f4cdbccfd026_M.jpg\",\"datePublished\":\"2012-12-03T16:51:00+00:00\",\"breadcrumb\":{\"@id\":\"https:\/\/sandzakpress.net\/arhiva\/%e2%80%9craskrsca-bastine%e2%80%9d-u-muzeju-ras\/#breadcrumb\"},\"inLanguage\":\"bs-BA\",\"potentialAction\":[{\"@type\":\"ReadAction\",\"target\":[\"https:\/\/sandzakpress.net\/arhiva\/%e2%80%9craskrsca-bastine%e2%80%9d-u-muzeju-ras\/\"]}]},{\"@type\":\"ImageObject\",\"inLanguage\":\"bs-BA\",\"@id\":\"https:\/\/sandzakpress.net\/arhiva\/%e2%80%9craskrsca-bastine%e2%80%9d-u-muzeju-ras\/#primaryimage\",\"url\":\"https:\/\/sandzakpress.net\/arhiva\/wp-content\/uploads\/2012\/12\/27001397c062d1a8d159f4cdbccfd026_M.jpg\",\"contentUrl\":\"https:\/\/sandzakpress.net\/arhiva\/wp-content\/uploads\/2012\/12\/27001397c062d1a8d159f4cdbccfd026_M.jpg\",\"width\":310,\"height\":206},{\"@type\":\"BreadcrumbList\",\"@id\":\"https:\/\/sandzakpress.net\/arhiva\/%e2%80%9craskrsca-bastine%e2%80%9d-u-muzeju-ras\/#breadcrumb\",\"itemListElement\":[{\"@type\":\"ListItem\",\"position\":1,\"name\":\"Home\",\"item\":\"https:\/\/sandzakpress.net\/arhiva\/\"},{\"@type\":\"ListItem\",\"position\":2,\"name\":\"\u201cRaskr\u0161\u0107a ba\u0161tine\u201d u muzeju Ras\"}]},{\"@type\":\"WebSite\",\"@id\":\"https:\/\/sandzakpress.net\/arhiva\/#website\",\"url\":\"https:\/\/sandzakpress.net\/arhiva\/\",\"name\":\"Sand\u017eak PRESS\",\"description\":\"Prve elektronske novine u Sand\u017eaku\",\"publisher\":{\"@id\":\"https:\/\/sandzakpress.net\/arhiva\/#\/schema\/person\/6e72b67d6e51910a1117b3b483ba20bd\"},\"potentialAction\":[{\"@type\":\"SearchAction\",\"target\":{\"@type\":\"EntryPoint\",\"urlTemplate\":\"https:\/\/sandzakpress.net\/arhiva\/?s={search_term_string}\"},\"query-input\":{\"@type\":\"PropertyValueSpecification\",\"valueRequired\":true,\"valueName\":\"search_term_string\"}}],\"inLanguage\":\"bs-BA\"},{\"@type\":[\"Person\",\"Organization\"],\"@id\":\"https:\/\/sandzakpress.net\/arhiva\/#\/schema\/person\/6e72b67d6e51910a1117b3b483ba20bd\",\"name\":\"Kul\",\"image\":{\"@type\":\"ImageObject\",\"inLanguage\":\"bs-BA\",\"@id\":\"https:\/\/sandzakpress.net\/arhiva\/#\/schema\/person\/image\/\",\"url\":\"https:\/\/secure.gravatar.com\/avatar\/42263f39aa27ac04c43cab85c280eb2e?s=96&d=mm&r=pg\",\"contentUrl\":\"https:\/\/secure.gravatar.com\/avatar\/42263f39aa27ac04c43cab85c280eb2e?s=96&d=mm&r=pg\",\"caption\":\"Kul\"},\"logo\":{\"@id\":\"https:\/\/sandzakpress.net\/arhiva\/#\/schema\/person\/image\/\"}},{\"@type\":\"Person\",\"@id\":\"\",\"url\":\"https:\/\/sandzakpress.net\/arhiva\/author\/\"}]}<\/script>\n<!-- \/ Yoast SEO Premium plugin. -->","yoast_head_json":{"title":"\u201cRaskr\u0161\u0107a ba\u0161tine\u201d u muzeju Ras","robots":{"index":"index","follow":"follow","max-snippet":"max-snippet:-1","max-image-preview":"max-image-preview:large","max-video-preview":"max-video-preview:-1"},"canonical":"https:\/\/sandzakpress.net\/arhiva\/\u201craskrsca-bastine\u201d-u-muzeju-ras\/","og_locale":"bs_BA","og_type":"article","og_title":"\u201cRaskr\u0161\u0107a ba\u0161tine\u201d u muzeju Ras","og_description":"Novi Pazar &#8211; Novopazarski muzej \u201cRas\u201d u saradnji sa Centrom za muzeologiju i heritologiju Filozofskog fakulteta u Beogradu u srijedu po\u010dinje realizaciju projekta \u201eRaskr\u0161\u0107a ba\u0161tine\u201c. Iz muzeja navode da projekat obuhvata\u00a0 izlo\u017ebu, nau\u010dni skup i radionice sa lokalnim stanovni\u0161tvom, sa ciljem da se Novopazarci upoznaju sa slojevito\u0161\u0107u ba\u0161tine i lokalne zajednice u procesima \u010duvanja i [&hellip;]","og_url":"https:\/\/sandzakpress.net\/arhiva\/\u201craskrsca-bastine\u201d-u-muzeju-ras\/","og_site_name":"Sand\u017eak PRESS","article_published_time":"2012-12-03T16:51:00+00:00","og_image":[{"width":310,"height":206,"url":"https:\/\/sandzakpress.net\/arhiva\/wp-content\/uploads\/2012\/12\/27001397c062d1a8d159f4cdbccfd026_M.jpg","type":"image\/jpeg"}],"twitter_card":"summary_large_image","twitter_misc":{"Written by":"","Est. reading time":"1 minuta"},"schema":{"@context":"https:\/\/schema.org","@graph":[{"@type":"Article","@id":"https:\/\/sandzakpress.net\/arhiva\/%e2%80%9craskrsca-bastine%e2%80%9d-u-muzeju-ras\/#article","isPartOf":{"@id":"https:\/\/sandzakpress.net\/arhiva\/%e2%80%9craskrsca-bastine%e2%80%9d-u-muzeju-ras\/"},"author":{"name":"","@id":""},"headline":"\u201cRaskr\u0161\u0107a ba\u0161tine\u201d u muzeju Ras","datePublished":"2012-12-03T16:51:00+00:00","mainEntityOfPage":{"@id":"https:\/\/sandzakpress.net\/arhiva\/%e2%80%9craskrsca-bastine%e2%80%9d-u-muzeju-ras\/"},"wordCount":189,"commentCount":0,"publisher":{"@id":"https:\/\/sandzakpress.net\/arhiva\/#\/schema\/person\/6e72b67d6e51910a1117b3b483ba20bd"},"image":{"@id":"https:\/\/sandzakpress.net\/arhiva\/%e2%80%9craskrsca-bastine%e2%80%9d-u-muzeju-ras\/#primaryimage"},"thumbnailUrl":"https:\/\/sandzakpress.net\/arhiva\/wp-content\/uploads\/2012\/12\/27001397c062d1a8d159f4cdbccfd026_M.jpg","articleSection":["Novi Pazar"],"inLanguage":"bs-BA","potentialAction":[{"@type":"CommentAction","name":"Comment","target":["https:\/\/sandzakpress.net\/arhiva\/%e2%80%9craskrsca-bastine%e2%80%9d-u-muzeju-ras\/#respond"]}]},{"@type":"WebPage","@id":"https:\/\/sandzakpress.net\/arhiva\/%e2%80%9craskrsca-bastine%e2%80%9d-u-muzeju-ras\/","url":"https:\/\/sandzakpress.net\/arhiva\/%e2%80%9craskrsca-bastine%e2%80%9d-u-muzeju-ras\/","name":"\u201cRaskr\u0161\u0107a ba\u0161tine\u201d u muzeju Ras","isPartOf":{"@id":"https:\/\/sandzakpress.net\/arhiva\/#website"},"primaryImageOfPage":{"@id":"https:\/\/sandzakpress.net\/arhiva\/%e2%80%9craskrsca-bastine%e2%80%9d-u-muzeju-ras\/#primaryimage"},"image":{"@id":"https:\/\/sandzakpress.net\/arhiva\/%e2%80%9craskrsca-bastine%e2%80%9d-u-muzeju-ras\/#primaryimage"},"thumbnailUrl":"https:\/\/sandzakpress.net\/arhiva\/wp-content\/uploads\/2012\/12\/27001397c062d1a8d159f4cdbccfd026_M.jpg","datePublished":"2012-12-03T16:51:00+00:00","breadcrumb":{"@id":"https:\/\/sandzakpress.net\/arhiva\/%e2%80%9craskrsca-bastine%e2%80%9d-u-muzeju-ras\/#breadcrumb"},"inLanguage":"bs-BA","potentialAction":[{"@type":"ReadAction","target":["https:\/\/sandzakpress.net\/arhiva\/%e2%80%9craskrsca-bastine%e2%80%9d-u-muzeju-ras\/"]}]},{"@type":"ImageObject","inLanguage":"bs-BA","@id":"https:\/\/sandzakpress.net\/arhiva\/%e2%80%9craskrsca-bastine%e2%80%9d-u-muzeju-ras\/#primaryimage","url":"https:\/\/sandzakpress.net\/arhiva\/wp-content\/uploads\/2012\/12\/27001397c062d1a8d159f4cdbccfd026_M.jpg","contentUrl":"https:\/\/sandzakpress.net\/arhiva\/wp-content\/uploads\/2012\/12\/27001397c062d1a8d159f4cdbccfd026_M.jpg","width":310,"height":206},{"@type":"BreadcrumbList","@id":"https:\/\/sandzakpress.net\/arhiva\/%e2%80%9craskrsca-bastine%e2%80%9d-u-muzeju-ras\/#breadcrumb","itemListElement":[{"@type":"ListItem","position":1,"name":"Home","item":"https:\/\/sandzakpress.net\/arhiva\/"},{"@type":"ListItem","position":2,"name":"\u201cRaskr\u0161\u0107a ba\u0161tine\u201d u muzeju Ras"}]},{"@type":"WebSite","@id":"https:\/\/sandzakpress.net\/arhiva\/#website","url":"https:\/\/sandzakpress.net\/arhiva\/","name":"Sand\u017eak PRESS","description":"Prve elektronske novine u Sand\u017eaku","publisher":{"@id":"https:\/\/sandzakpress.net\/arhiva\/#\/schema\/person\/6e72b67d6e51910a1117b3b483ba20bd"},"potentialAction":[{"@type":"SearchAction","target":{"@type":"EntryPoint","urlTemplate":"https:\/\/sandzakpress.net\/arhiva\/?s={search_term_string}"},"query-input":{"@type":"PropertyValueSpecification","valueRequired":true,"valueName":"search_term_string"}}],"inLanguage":"bs-BA"},{"@type":["Person","Organization"],"@id":"https:\/\/sandzakpress.net\/arhiva\/#\/schema\/person\/6e72b67d6e51910a1117b3b483ba20bd","name":"Kul","image":{"@type":"ImageObject","inLanguage":"bs-BA","@id":"https:\/\/sandzakpress.net\/arhiva\/#\/schema\/person\/image\/","url":"https:\/\/secure.gravatar.com\/avatar\/42263f39aa27ac04c43cab85c280eb2e?s=96&d=mm&r=pg","contentUrl":"https:\/\/secure.gravatar.com\/avatar\/42263f39aa27ac04c43cab85c280eb2e?s=96&d=mm&r=pg","caption":"Kul"},"logo":{"@id":"https:\/\/sandzakpress.net\/arhiva\/#\/schema\/person\/image\/"}},{"@type":"Person","@id":"","url":"https:\/\/sandzakpress.net\/arhiva\/author\/"}]}},"_links":{"self":[{"href":"https:\/\/sandzakpress.net\/arhiva\/wp-json\/wp\/v2\/posts\/56468"}],"collection":[{"href":"https:\/\/sandzakpress.net\/arhiva\/wp-json\/wp\/v2\/posts"}],"about":[{"href":"https:\/\/sandzakpress.net\/arhiva\/wp-json\/wp\/v2\/types\/post"}],"author":[{"embeddable":true,"href":"https:\/\/sandzakpress.net\/arhiva\/wp-json\/wp\/v2\/users\/16"}],"replies":[{"embeddable":true,"href":"https:\/\/sandzakpress.net\/arhiva\/wp-json\/wp\/v2\/comments?post=56468"}],"version-history":[{"count":0,"href":"https:\/\/sandzakpress.net\/arhiva\/wp-json\/wp\/v2\/posts\/56468\/revisions"}],"wp:featuredmedia":[{"embeddable":true,"href":"https:\/\/sandzakpress.net\/arhiva\/wp-json\/wp\/v2\/media\/56469"}],"wp:attachment":[{"href":"https:\/\/sandzakpress.net\/arhiva\/wp-json\/wp\/v2\/media?parent=56468"}],"wp:term":[{"taxonomy":"category","embeddable":true,"href":"https:\/\/sandzakpress.net\/arhiva\/wp-json\/wp\/v2\/categories?post=56468"},{"taxonomy":"post_tag","embeddable":true,"href":"https:\/\/sandzakpress.net\/arhiva\/wp-json\/wp\/v2\/tags?post=56468"}],"curies":[{"name":"wp","href":"https:\/\/api.w.org\/{rel}","templated":true}]}}