{"id":56319,"date":"2012-12-03T15:04:53","date_gmt":"2012-12-03T14:04:53","guid":{"rendered":"https:\/\/sandzakpress.net\/arhiva\/?p=56319"},"modified":"2012-12-03T15:04:53","modified_gmt":"2012-12-03T14:04:53","slug":"zabijelio-se-prvi-snijeg-u-sandzaku","status":"publish","type":"post","link":"https:\/\/sandzakpress.net\/arhiva\/zabijelio-se-prvi-snijeg-u-sandzaku\/","title":{"rendered":"Zabijelio se prvi snijeg u Sand\u017eaku"},"content":{"rendered":"<p><strong><a href=\"https:\/\/sandzakpress.net\/arhiva\/wp-content\/uploads\/2012\/12\/Novi-Pazar-pod-snegom-9.jpg\"><img loading=\"lazy\" decoding=\"async\" class=\"alignleft size-medium wp-image-56320\" title=\"Novi-Pazar-pod-snegom-9\" src=\"https:\/\/sandzakpress.net\/arhiva\/wp-content\/uploads\/2012\/12\/Novi-Pazar-pod-snegom-9-300x225.jpg\" alt=\"\" width=\"300\" height=\"225\" \/><\/a>Sjeverni Sand\u017eak &#8211; Prvi snijeg zabelio je jutros na planinama u okolini Novog Pazara, a u Novoj Varo\u0161i, gradu ispod Zlatara, ima nekoliko centimetara snijega koji se ne zadr\u017eava na kolovozu.<\/strong><\/p>\n<p>Snijeg slabijeg intenziteta je po\u010deo da pada i u ni\u017eim prijedjelima, ali ne pri\u010dinjava naro\u010diti problem u odvijanju saobra\u0107aja.<\/p>\n<p>Saradnik za poljoprivredu u Skup\u0161tini op\u0161tine Prijepolje Ifet Hamzi\u0107 ocenio je da su se \u201ckao retko kad do sada\u201d snijegu obradovali stanovnici u brdsko-planinskom podru\u010dju jer \u0107e se makar i na ovaj na\u010din olak\u0161ati snabdijevanje vodom.<\/p>\n<p>Zbog velike su\u0161e ove godine mnogi izvori su presu\u0161ili, pa su seljaci i njihov imetak bili upu\u0107eni na cisterne koje su i tokom jeseni transportovale vodu sa gradskog vodovoda i u planinska sela.<\/p>\n<p>(Radio100+)<\/p>\n","protected":false},"excerpt":{"rendered":"<p>Sjeverni Sand\u017eak &#8211; Prvi snijeg zabelio je jutros na planinama u okolini Novog Pazara, a u Novoj Varo\u0161i, gradu ispod Zlatara, ima nekoliko centimetara snijega koji se ne zadr\u017eava na kolovozu. Snijeg slabijeg intenziteta je po\u010deo da pada i u ni\u017eim prijedjelima, ali ne pri\u010dinjava naro\u010diti problem u odvijanju saobra\u0107aja. Saradnik za poljoprivredu u Skup\u0161tini [&hellip;]<\/p>\n","protected":false},"author":83,"featured_media":56320,"comment_status":"open","ping_status":"open","sticky":false,"template":"","format":"standard","meta":{"footnotes":""},"categories":[72,52,327,3,392,393,394,8957],"tags":[],"class_list":{"0":"post-56319","1":"post","2":"type-post","3":"status-publish","4":"format-standard","5":"has-post-thumbnail","7":"category-novi-pazar","8":"category-sjenica","9":"category-tutin","10":"category-privreda","11":"category-prijepolje_","12":"category-priboj","13":"category-nova-varos","14":"category-vijesti-dana"},"yoast_head":"<!-- This site is optimized with the Yoast SEO Premium plugin v23.1 (Yoast SEO v24.9) - https:\/\/yoast.com\/wordpress\/plugins\/seo\/ -->\n<title>Zabijelio se prvi snijeg u Sand\u017eaku<\/title>\n<meta name=\"robots\" content=\"index, follow, max-snippet:-1, max-image-preview:large, max-video-preview:-1\" \/>\n<link rel=\"canonical\" href=\"https:\/\/sandzakpress.net\/arhiva\/zabijelio-se-prvi-snijeg-u-sandzaku\/\" \/>\n<meta property=\"og:locale\" content=\"bs_BA\" \/>\n<meta property=\"og:type\" content=\"article\" \/>\n<meta property=\"og:title\" content=\"Zabijelio se prvi snijeg u Sand\u017eaku\" \/>\n<meta property=\"og:description\" content=\"Sjeverni Sand\u017eak &#8211; Prvi snijeg zabelio je jutros na planinama u okolini Novog Pazara, a u Novoj Varo\u0161i, gradu ispod Zlatara, ima nekoliko centimetara snijega koji se ne zadr\u017eava na kolovozu. Snijeg slabijeg intenziteta je po\u010deo da pada i u ni\u017eim prijedjelima, ali ne pri\u010dinjava naro\u010diti problem u odvijanju saobra\u0107aja. Saradnik za poljoprivredu u Skup\u0161tini [&hellip;]\" \/>\n<meta property=\"og:url\" content=\"https:\/\/sandzakpress.net\/arhiva\/zabijelio-se-prvi-snijeg-u-sandzaku\/\" \/>\n<meta property=\"og:site_name\" content=\"Sand\u017eak PRESS\" \/>\n<meta property=\"article:published_time\" content=\"2012-12-03T14:04:53+00:00\" \/>\n<meta property=\"og:image\" content=\"https:\/\/sandzakpress.net\/arhiva\/wp-content\/uploads\/2012\/12\/Novi-Pazar-pod-snegom-9.jpg\" \/>\n\t<meta property=\"og:image:width\" content=\"604\" \/>\n\t<meta property=\"og:image:height\" content=\"453\" \/>\n\t<meta property=\"og:image:type\" content=\"image\/jpeg\" \/>\n<meta name=\"author\" content=\"bosniak\" \/>\n<meta name=\"twitter:card\" content=\"summary_large_image\" \/>\n<meta name=\"twitter:label1\" content=\"Written by\" \/>\n\t<meta name=\"twitter:data1\" content=\"bosniak\" \/>\n\t<meta name=\"twitter:label2\" content=\"Est. reading time\" \/>\n\t<meta name=\"twitter:data2\" content=\"1 minuta\" \/>\n<script type=\"application\/ld+json\" class=\"yoast-schema-graph\">{\"@context\":\"https:\/\/schema.org\",\"@graph\":[{\"@type\":\"Article\",\"@id\":\"https:\/\/sandzakpress.net\/arhiva\/zabijelio-se-prvi-snijeg-u-sandzaku\/#article\",\"isPartOf\":{\"@id\":\"https:\/\/sandzakpress.net\/arhiva\/zabijelio-se-prvi-snijeg-u-sandzaku\/\"},\"author\":{\"name\":\"bosniak\",\"@id\":\"https:\/\/sandzakpress.net\/arhiva\/#\/schema\/person\/c8baee722073534b583ea7bdb2e36c02\"},\"headline\":\"Zabijelio se prvi snijeg u Sand\u017eaku\",\"datePublished\":\"2012-12-03T14:04:53+00:00\",\"mainEntityOfPage\":{\"@id\":\"https:\/\/sandzakpress.net\/arhiva\/zabijelio-se-prvi-snijeg-u-sandzaku\/\"},\"wordCount\":143,\"commentCount\":0,\"publisher\":{\"@id\":\"https:\/\/sandzakpress.net\/arhiva\/#\/schema\/person\/6e72b67d6e51910a1117b3b483ba20bd\"},\"image\":{\"@id\":\"https:\/\/sandzakpress.net\/arhiva\/zabijelio-se-prvi-snijeg-u-sandzaku\/#primaryimage\"},\"thumbnailUrl\":\"https:\/\/sandzakpress.net\/arhiva\/wp-content\/uploads\/2012\/12\/Novi-Pazar-pod-snegom-9.jpg\",\"articleSection\":[\"Novi Pazar\",\"Sjenica\",\"Tutin\",\"Privreda\",\"Prijepolje\",\"Priboj\",\"Nova Varo\u0161\",\"VIJESTI DANA\"],\"inLanguage\":\"bs-BA\",\"potentialAction\":[{\"@type\":\"CommentAction\",\"name\":\"Comment\",\"target\":[\"https:\/\/sandzakpress.net\/arhiva\/zabijelio-se-prvi-snijeg-u-sandzaku\/#respond\"]}]},{\"@type\":\"WebPage\",\"@id\":\"https:\/\/sandzakpress.net\/arhiva\/zabijelio-se-prvi-snijeg-u-sandzaku\/\",\"url\":\"https:\/\/sandzakpress.net\/arhiva\/zabijelio-se-prvi-snijeg-u-sandzaku\/\",\"name\":\"Zabijelio se prvi snijeg u Sand\u017eaku\",\"isPartOf\":{\"@id\":\"https:\/\/sandzakpress.net\/arhiva\/#website\"},\"primaryImageOfPage\":{\"@id\":\"https:\/\/sandzakpress.net\/arhiva\/zabijelio-se-prvi-snijeg-u-sandzaku\/#primaryimage\"},\"image\":{\"@id\":\"https:\/\/sandzakpress.net\/arhiva\/zabijelio-se-prvi-snijeg-u-sandzaku\/#primaryimage\"},\"thumbnailUrl\":\"https:\/\/sandzakpress.net\/arhiva\/wp-content\/uploads\/2012\/12\/Novi-Pazar-pod-snegom-9.jpg\",\"datePublished\":\"2012-12-03T14:04:53+00:00\",\"breadcrumb\":{\"@id\":\"https:\/\/sandzakpress.net\/arhiva\/zabijelio-se-prvi-snijeg-u-sandzaku\/#breadcrumb\"},\"inLanguage\":\"bs-BA\",\"potentialAction\":[{\"@type\":\"ReadAction\",\"target\":[\"https:\/\/sandzakpress.net\/arhiva\/zabijelio-se-prvi-snijeg-u-sandzaku\/\"]}]},{\"@type\":\"ImageObject\",\"inLanguage\":\"bs-BA\",\"@id\":\"https:\/\/sandzakpress.net\/arhiva\/zabijelio-se-prvi-snijeg-u-sandzaku\/#primaryimage\",\"url\":\"https:\/\/sandzakpress.net\/arhiva\/wp-content\/uploads\/2012\/12\/Novi-Pazar-pod-snegom-9.jpg\",\"contentUrl\":\"https:\/\/sandzakpress.net\/arhiva\/wp-content\/uploads\/2012\/12\/Novi-Pazar-pod-snegom-9.jpg\",\"width\":604,\"height\":453},{\"@type\":\"BreadcrumbList\",\"@id\":\"https:\/\/sandzakpress.net\/arhiva\/zabijelio-se-prvi-snijeg-u-sandzaku\/#breadcrumb\",\"itemListElement\":[{\"@type\":\"ListItem\",\"position\":1,\"name\":\"Home\",\"item\":\"https:\/\/sandzakpress.net\/arhiva\/\"},{\"@type\":\"ListItem\",\"position\":2,\"name\":\"Zabijelio se prvi snijeg u Sand\u017eaku\"}]},{\"@type\":\"WebSite\",\"@id\":\"https:\/\/sandzakpress.net\/arhiva\/#website\",\"url\":\"https:\/\/sandzakpress.net\/arhiva\/\",\"name\":\"Sand\u017eak PRESS\",\"description\":\"Prve elektronske novine u Sand\u017eaku\",\"publisher\":{\"@id\":\"https:\/\/sandzakpress.net\/arhiva\/#\/schema\/person\/6e72b67d6e51910a1117b3b483ba20bd\"},\"potentialAction\":[{\"@type\":\"SearchAction\",\"target\":{\"@type\":\"EntryPoint\",\"urlTemplate\":\"https:\/\/sandzakpress.net\/arhiva\/?s={search_term_string}\"},\"query-input\":{\"@type\":\"PropertyValueSpecification\",\"valueRequired\":true,\"valueName\":\"search_term_string\"}}],\"inLanguage\":\"bs-BA\"},{\"@type\":[\"Person\",\"Organization\"],\"@id\":\"https:\/\/sandzakpress.net\/arhiva\/#\/schema\/person\/6e72b67d6e51910a1117b3b483ba20bd\",\"name\":\"Kul\",\"image\":{\"@type\":\"ImageObject\",\"inLanguage\":\"bs-BA\",\"@id\":\"https:\/\/sandzakpress.net\/arhiva\/#\/schema\/person\/image\/\",\"url\":\"https:\/\/secure.gravatar.com\/avatar\/42263f39aa27ac04c43cab85c280eb2e?s=96&d=mm&r=pg\",\"contentUrl\":\"https:\/\/secure.gravatar.com\/avatar\/42263f39aa27ac04c43cab85c280eb2e?s=96&d=mm&r=pg\",\"caption\":\"Kul\"},\"logo\":{\"@id\":\"https:\/\/sandzakpress.net\/arhiva\/#\/schema\/person\/image\/\"}},{\"@type\":\"Person\",\"@id\":\"https:\/\/sandzakpress.net\/arhiva\/#\/schema\/person\/c8baee722073534b583ea7bdb2e36c02\",\"name\":\"bosniak\",\"image\":{\"@type\":\"ImageObject\",\"inLanguage\":\"bs-BA\",\"@id\":\"https:\/\/sandzakpress.net\/arhiva\/#\/schema\/person\/image\/\",\"url\":\"https:\/\/secure.gravatar.com\/avatar\/a04fd330bfe3a36a72a0ad4a6d89fca7?s=96&d=mm&r=pg\",\"contentUrl\":\"https:\/\/secure.gravatar.com\/avatar\/a04fd330bfe3a36a72a0ad4a6d89fca7?s=96&d=mm&r=pg\",\"caption\":\"bosniak\"},\"url\":\"https:\/\/sandzakpress.net\/arhiva\/author\/bosniak\/\"}]}<\/script>\n<!-- \/ Yoast SEO Premium plugin. -->","yoast_head_json":{"title":"Zabijelio se prvi snijeg u Sand\u017eaku","robots":{"index":"index","follow":"follow","max-snippet":"max-snippet:-1","max-image-preview":"max-image-preview:large","max-video-preview":"max-video-preview:-1"},"canonical":"https:\/\/sandzakpress.net\/arhiva\/zabijelio-se-prvi-snijeg-u-sandzaku\/","og_locale":"bs_BA","og_type":"article","og_title":"Zabijelio se prvi snijeg u Sand\u017eaku","og_description":"Sjeverni Sand\u017eak &#8211; Prvi snijeg zabelio je jutros na planinama u okolini Novog Pazara, a u Novoj Varo\u0161i, gradu ispod Zlatara, ima nekoliko centimetara snijega koji se ne zadr\u017eava na kolovozu. Snijeg slabijeg intenziteta je po\u010deo da pada i u ni\u017eim prijedjelima, ali ne pri\u010dinjava naro\u010diti problem u odvijanju saobra\u0107aja. Saradnik za poljoprivredu u Skup\u0161tini [&hellip;]","og_url":"https:\/\/sandzakpress.net\/arhiva\/zabijelio-se-prvi-snijeg-u-sandzaku\/","og_site_name":"Sand\u017eak PRESS","article_published_time":"2012-12-03T14:04:53+00:00","og_image":[{"width":604,"height":453,"url":"https:\/\/sandzakpress.net\/arhiva\/wp-content\/uploads\/2012\/12\/Novi-Pazar-pod-snegom-9.jpg","type":"image\/jpeg"}],"author":"bosniak","twitter_card":"summary_large_image","twitter_misc":{"Written by":"bosniak","Est. reading time":"1 minuta"},"schema":{"@context":"https:\/\/schema.org","@graph":[{"@type":"Article","@id":"https:\/\/sandzakpress.net\/arhiva\/zabijelio-se-prvi-snijeg-u-sandzaku\/#article","isPartOf":{"@id":"https:\/\/sandzakpress.net\/arhiva\/zabijelio-se-prvi-snijeg-u-sandzaku\/"},"author":{"name":"bosniak","@id":"https:\/\/sandzakpress.net\/arhiva\/#\/schema\/person\/c8baee722073534b583ea7bdb2e36c02"},"headline":"Zabijelio se prvi snijeg u Sand\u017eaku","datePublished":"2012-12-03T14:04:53+00:00","mainEntityOfPage":{"@id":"https:\/\/sandzakpress.net\/arhiva\/zabijelio-se-prvi-snijeg-u-sandzaku\/"},"wordCount":143,"commentCount":0,"publisher":{"@id":"https:\/\/sandzakpress.net\/arhiva\/#\/schema\/person\/6e72b67d6e51910a1117b3b483ba20bd"},"image":{"@id":"https:\/\/sandzakpress.net\/arhiva\/zabijelio-se-prvi-snijeg-u-sandzaku\/#primaryimage"},"thumbnailUrl":"https:\/\/sandzakpress.net\/arhiva\/wp-content\/uploads\/2012\/12\/Novi-Pazar-pod-snegom-9.jpg","articleSection":["Novi Pazar","Sjenica","Tutin","Privreda","Prijepolje","Priboj","Nova Varo\u0161","VIJESTI DANA"],"inLanguage":"bs-BA","potentialAction":[{"@type":"CommentAction","name":"Comment","target":["https:\/\/sandzakpress.net\/arhiva\/zabijelio-se-prvi-snijeg-u-sandzaku\/#respond"]}]},{"@type":"WebPage","@id":"https:\/\/sandzakpress.net\/arhiva\/zabijelio-se-prvi-snijeg-u-sandzaku\/","url":"https:\/\/sandzakpress.net\/arhiva\/zabijelio-se-prvi-snijeg-u-sandzaku\/","name":"Zabijelio se prvi snijeg u Sand\u017eaku","isPartOf":{"@id":"https:\/\/sandzakpress.net\/arhiva\/#website"},"primaryImageOfPage":{"@id":"https:\/\/sandzakpress.net\/arhiva\/zabijelio-se-prvi-snijeg-u-sandzaku\/#primaryimage"},"image":{"@id":"https:\/\/sandzakpress.net\/arhiva\/zabijelio-se-prvi-snijeg-u-sandzaku\/#primaryimage"},"thumbnailUrl":"https:\/\/sandzakpress.net\/arhiva\/wp-content\/uploads\/2012\/12\/Novi-Pazar-pod-snegom-9.jpg","datePublished":"2012-12-03T14:04:53+00:00","breadcrumb":{"@id":"https:\/\/sandzakpress.net\/arhiva\/zabijelio-se-prvi-snijeg-u-sandzaku\/#breadcrumb"},"inLanguage":"bs-BA","potentialAction":[{"@type":"ReadAction","target":["https:\/\/sandzakpress.net\/arhiva\/zabijelio-se-prvi-snijeg-u-sandzaku\/"]}]},{"@type":"ImageObject","inLanguage":"bs-BA","@id":"https:\/\/sandzakpress.net\/arhiva\/zabijelio-se-prvi-snijeg-u-sandzaku\/#primaryimage","url":"https:\/\/sandzakpress.net\/arhiva\/wp-content\/uploads\/2012\/12\/Novi-Pazar-pod-snegom-9.jpg","contentUrl":"https:\/\/sandzakpress.net\/arhiva\/wp-content\/uploads\/2012\/12\/Novi-Pazar-pod-snegom-9.jpg","width":604,"height":453},{"@type":"BreadcrumbList","@id":"https:\/\/sandzakpress.net\/arhiva\/zabijelio-se-prvi-snijeg-u-sandzaku\/#breadcrumb","itemListElement":[{"@type":"ListItem","position":1,"name":"Home","item":"https:\/\/sandzakpress.net\/arhiva\/"},{"@type":"ListItem","position":2,"name":"Zabijelio se prvi snijeg u Sand\u017eaku"}]},{"@type":"WebSite","@id":"https:\/\/sandzakpress.net\/arhiva\/#website","url":"https:\/\/sandzakpress.net\/arhiva\/","name":"Sand\u017eak PRESS","description":"Prve elektronske novine u Sand\u017eaku","publisher":{"@id":"https:\/\/sandzakpress.net\/arhiva\/#\/schema\/person\/6e72b67d6e51910a1117b3b483ba20bd"},"potentialAction":[{"@type":"SearchAction","target":{"@type":"EntryPoint","urlTemplate":"https:\/\/sandzakpress.net\/arhiva\/?s={search_term_string}"},"query-input":{"@type":"PropertyValueSpecification","valueRequired":true,"valueName":"search_term_string"}}],"inLanguage":"bs-BA"},{"@type":["Person","Organization"],"@id":"https:\/\/sandzakpress.net\/arhiva\/#\/schema\/person\/6e72b67d6e51910a1117b3b483ba20bd","name":"Kul","image":{"@type":"ImageObject","inLanguage":"bs-BA","@id":"https:\/\/sandzakpress.net\/arhiva\/#\/schema\/person\/image\/","url":"https:\/\/secure.gravatar.com\/avatar\/42263f39aa27ac04c43cab85c280eb2e?s=96&d=mm&r=pg","contentUrl":"https:\/\/secure.gravatar.com\/avatar\/42263f39aa27ac04c43cab85c280eb2e?s=96&d=mm&r=pg","caption":"Kul"},"logo":{"@id":"https:\/\/sandzakpress.net\/arhiva\/#\/schema\/person\/image\/"}},{"@type":"Person","@id":"https:\/\/sandzakpress.net\/arhiva\/#\/schema\/person\/c8baee722073534b583ea7bdb2e36c02","name":"bosniak","image":{"@type":"ImageObject","inLanguage":"bs-BA","@id":"https:\/\/sandzakpress.net\/arhiva\/#\/schema\/person\/image\/","url":"https:\/\/secure.gravatar.com\/avatar\/a04fd330bfe3a36a72a0ad4a6d89fca7?s=96&d=mm&r=pg","contentUrl":"https:\/\/secure.gravatar.com\/avatar\/a04fd330bfe3a36a72a0ad4a6d89fca7?s=96&d=mm&r=pg","caption":"bosniak"},"url":"https:\/\/sandzakpress.net\/arhiva\/author\/bosniak\/"}]}},"_links":{"self":[{"href":"https:\/\/sandzakpress.net\/arhiva\/wp-json\/wp\/v2\/posts\/56319"}],"collection":[{"href":"https:\/\/sandzakpress.net\/arhiva\/wp-json\/wp\/v2\/posts"}],"about":[{"href":"https:\/\/sandzakpress.net\/arhiva\/wp-json\/wp\/v2\/types\/post"}],"author":[{"embeddable":true,"href":"https:\/\/sandzakpress.net\/arhiva\/wp-json\/wp\/v2\/users\/83"}],"replies":[{"embeddable":true,"href":"https:\/\/sandzakpress.net\/arhiva\/wp-json\/wp\/v2\/comments?post=56319"}],"version-history":[{"count":0,"href":"https:\/\/sandzakpress.net\/arhiva\/wp-json\/wp\/v2\/posts\/56319\/revisions"}],"wp:featuredmedia":[{"embeddable":true,"href":"https:\/\/sandzakpress.net\/arhiva\/wp-json\/wp\/v2\/media\/56320"}],"wp:attachment":[{"href":"https:\/\/sandzakpress.net\/arhiva\/wp-json\/wp\/v2\/media?parent=56319"}],"wp:term":[{"taxonomy":"category","embeddable":true,"href":"https:\/\/sandzakpress.net\/arhiva\/wp-json\/wp\/v2\/categories?post=56319"},{"taxonomy":"post_tag","embeddable":true,"href":"https:\/\/sandzakpress.net\/arhiva\/wp-json\/wp\/v2\/tags?post=56319"}],"curies":[{"name":"wp","href":"https:\/\/api.w.org\/{rel}","templated":true}]}}