{"id":56053,"date":"2012-12-01T17:14:45","date_gmt":"2012-12-01T16:14:45","guid":{"rendered":"https:\/\/sandzakpress.net\/arhiva\/?p=56053"},"modified":"2012-12-02T17:16:01","modified_gmt":"2012-12-02T16:16:01","slug":"stotinu-godina-samoce","status":"publish","type":"post","link":"https:\/\/sandzakpress.net\/arhiva\/stotinu-godina-samoce\/","title":{"rendered":"Stotinu godina samo\u0107e"},"content":{"rendered":"<p><a href=\"https:\/\/sandzakpress.net\/arhiva\/wp-content\/uploads\/2012\/11\/20110827_EUM974.gif\"><img loading=\"lazy\" decoding=\"async\" class=\"aligncenter size-full wp-image-56057\" title=\"20110827_EUM974\" src=\"https:\/\/sandzakpress.net\/arhiva\/wp-content\/uploads\/2012\/11\/20110827_EUM974.gif\" alt=\"\" width=\"500\" height=\"433\" \/><\/a><\/p>\n<p>Od kada je nobelovac\u00a0Gabriel Garcia Marquez davne 1967. godine objavio svoj roman, nasloviv\u0161i ga sa \u201eSto godina samo\u0107e\u201c, ova sintagma je postala pored ostalog i sinonim za cikli\u010dno ponavljanje historije kao posljedice zaborava sa neminovnim ru\u017enim konsekvencama.<\/p>\n<figure style=\"width: 193px\" class=\"wp-caption alignleft\"><img loading=\"lazy\" decoding=\"async\" title=\"Hazbija Kala\u010d, glavni i odgovorni urednik revije Sand\u017eak\" src=\"http:\/\/mesihat.org\/images\/stories\/hazbo%20kalac.jpg\" alt=\"\" width=\"193\" height=\"182\" \/><figcaption class=\"wp-caption-text\">Hazbija Kala\u010d, glavni i odgovorni urednik revije Sand\u017eak<\/figcaption><\/figure>\n<p>Ovih na\u0161ih sand\u017ea\u010dkih sto godina, od kada Turci napusti\u0161e Sand\u017eak, skoro da ni\u0161ta drugo i nisu do godine koje se cikli\u010dno ponavljaju i donose jednu u\u017easnu samo\u0107u protkanu strahom od novog zlo\u010dina, nakon kojeg obavezno dolazi prisilno zaboravljanje tog zlo\u010dina, zata\u0161kavanje, \u0161utnja&#8230;<\/p>\n<p>\u201eU historiji djeluju suprotne sile, sile osloba\u0111anja i sile pokoravanja. &#8230;Srpski i crnogorski interesi, ne nacionalni, nego interesi \u0161irenja njihovih dr\u017eava u tom momentu, doveli su do toga da autonomija Sand\u017eaka bude ukinuta. Ne mo\u017ee se smatrati da je oduzimanje prava da sami odlu\u010duju o svojoj sudbini bilo kojoj grupi stanovnika ili naroda u ne\u010dijem nacionalnom interesu. Takve solucije uvijek produbljuju nerazumijevanje, sukobe i predstavljaju trajne razloge i uzroke nezadovoljstva, predstavljaju one tamne rupe u historiji. U takvoj jednoj tamnoj rupi ste vi \u017eivjeli, od 1912. do danas\u201c \u2013 poru\u010duje sand\u017ea\u010dkim Bo\u0161njacima akademik Muhamed Filipovi\u0107 u svojoj besjedi na nau\u010dnom skupu odr\u017eanom na Internacionalnom univerzitetu u Novom Pazaru, povodom Dana Sand\u017eaka, 20. novembra.<\/p>\n<p>Sand\u017ea\u010dki vijek samo\u0107e, ta tamna rupa historije, po rije\u010dima akademika Filipovi\u0107a, ulazi u novu fazu \u017eivljenja u Sand\u017eaku, kada \u201enau\u010dna misao po\u010dinje da supstituira politi\u010dki duh, jer je politi\u010dki duh &#8211; duh kompromisa, sporazumijevanja, interesa&#8230;\u00a0To zna\u010di da vi sada imate preduvjete na na\u010din koji je u svijetu legitiman i koji ima punu vrijednost, jer nau\u010dne istine imaju vrijednosti koje ne ovise o politi\u010dkim konstelacijama, da se odnosite prema svojoj sudbini i prema historiji\u201c.<\/p>\n<p>U sand\u017ea\u010dkom vijeku samo\u0107e predsjednik Bo\u0161nja\u010dke akademije nauka i umjetnosti, akademik Ferid Muhi\u0107, u postavljenoj dilemi naslova teme pomenutog nau\u010dnog simpozijuma \u201eSand\u017eak izme\u0111u 1912. i 2012. &#8211; emancipacija ili okupacija\u201c i pored vidljivih elemenata okupacije prepoznaje i emancipaciju, nagla\u0161avaju\u0107i da se ba\u0161 ovdje u Sand\u017eaku konstituirala BANU, Internacionalni univerzitet i brojne druge nacionalne institucije. Akademik Muhi\u0107 postavlja aksiom postojanja i opstajanja Bo\u0161njaka u Sand\u017eaku. Odgovaraju\u0107i na ovo pitanje kazuje: \u201eBo\u0161njaci su tu otkad se zeleni trava po planinama koje opasuju Sand\u017eak, od Prokletija do Golije, i od Haile do Zvijezde, i od kad se zeleni Pe\u0161terska visoravan. Jedini ljudi, prvi ljudi koji su tu oduvijek \u017eivjeli jesu Bo\u0161njaci&#8230; Bo\u0161njaci Sand\u017eaka su ovdje prije svih drugih naroda, jer Bo\u0161njaci spadaju u proto-evropske narode. Oni su tu prije Slovena&#8230; Hiljadu godina prije nove ere, od kad se pamti. Najstarija nalazi\u0161ta pokazuju da ovdje \u017eive upravo ti ljudi&#8230; Prvi mezar koji je u ovoj zemlji iskopan bio je mezar za Bo\u0161njaka.\u201c<\/p>\n<p>Marquezova fabula u romanu \u201eSto godina samo\u0107e\u201c je pri\u010da o vijeku koji je prevazi\u0161ao svoje trajanje. Sand\u017ea\u010dka pri\u010da o posljednjih sto godina je pri\u010da o narodu koji je nekoliko puta nad\u017eivio jedan vijek, jer su Bo\u0161njaci u njemu, uprkos kontinuitetu zlo\u010dina nad njim, pretekli i pre\u017eivjeli, nad\u017eivjeli i one \u201enajobjektivnije\u201c planere da nakon \u201eosloba\u0111anja\u201c Sand\u017eaka 1912. godine, 2012. godinu Srbi i Crnogorci ne do\u010dekaju sa \u201eTurcima\u201c ili \u201ePoturicama\u201c.<\/p>\n<p>Izgleda da \u201eplaneri\u201c nisu shvatili da su Bo\u0161njaci, ustvari, duboki korijen Sand\u017eaka i da se on ne da i\u0161\u010dupati, pogotovo kada se to radi zlo\u010dinom i isklju\u010divo zlo\u010dinom.<\/p>\n<p><strong>Hazbija Kala\u010d, glavni i odgovorni urednik Revije Sand\u017eak<\/strong><\/p>\n<p>(Tekst je &#8220;Rije\u010d autora&#8221; preuzeta iz Revije Sand\u017eak, broj 169 od 25. novembra 2012. godine)<\/p>\n","protected":false},"excerpt":{"rendered":"<p>Od kada je nobelovac\u00a0Gabriel Garcia Marquez davne 1967. godine objavio svoj roman, nasloviv\u0161i ga sa \u201eSto godina samo\u0107e\u201c, ova sintagma je postala pored ostalog i sinonim za cikli\u010dno ponavljanje historije kao posljedice zaborava sa neminovnim ru\u017enim konsekvencama. Ovih na\u0161ih sand\u017ea\u010dkih sto godina, od kada Turci napusti\u0161e Sand\u017eak, skoro da ni\u0161ta drugo i nisu do godine [&hellip;]<\/p>\n","protected":false},"author":83,"featured_media":56057,"comment_status":"open","ping_status":"open","sticky":false,"template":"","format":"standard","meta":{"footnotes":""},"categories":[72,398,397,396,395,399],"tags":[],"class_list":{"0":"post-56053","1":"post","2":"type-post","3":"status-publish","4":"format-standard","5":"has-post-thumbnail","7":"category-novi-pazar","8":"category-rozaje","9":"category-berane","10":"category-bijelo_polje","11":"category-pljevlja_","12":"category-plav_"},"yoast_head":"<!-- This site is optimized with the Yoast SEO Premium plugin v23.1 (Yoast SEO v24.9) - https:\/\/yoast.com\/wordpress\/plugins\/seo\/ -->\n<title>Stotinu godina samo\u0107e<\/title>\n<meta name=\"robots\" content=\"index, follow, max-snippet:-1, max-image-preview:large, max-video-preview:-1\" \/>\n<link rel=\"canonical\" href=\"https:\/\/sandzakpress.net\/arhiva\/stotinu-godina-samoce\/\" \/>\n<meta property=\"og:locale\" content=\"bs_BA\" \/>\n<meta property=\"og:type\" content=\"article\" \/>\n<meta property=\"og:title\" content=\"Stotinu godina samo\u0107e\" \/>\n<meta property=\"og:description\" content=\"Od kada je nobelovac\u00a0Gabriel Garcia Marquez davne 1967. godine objavio svoj roman, nasloviv\u0161i ga sa \u201eSto godina samo\u0107e\u201c, ova sintagma je postala pored ostalog i sinonim za cikli\u010dno ponavljanje historije kao posljedice zaborava sa neminovnim ru\u017enim konsekvencama. Ovih na\u0161ih sand\u017ea\u010dkih sto godina, od kada Turci napusti\u0161e Sand\u017eak, skoro da ni\u0161ta drugo i nisu do godine [&hellip;]\" \/>\n<meta property=\"og:url\" content=\"https:\/\/sandzakpress.net\/arhiva\/stotinu-godina-samoce\/\" \/>\n<meta property=\"og:site_name\" content=\"Sand\u017eak PRESS\" \/>\n<meta property=\"article:published_time\" content=\"2012-12-01T16:14:45+00:00\" \/>\n<meta property=\"article:modified_time\" content=\"2012-12-02T16:16:01+00:00\" \/>\n<meta property=\"og:image\" content=\"https:\/\/sandzakpress.net\/arhiva\/wp-content\/uploads\/2012\/11\/20110827_EUM974.gif\" \/>\n\t<meta property=\"og:image:width\" content=\"500\" \/>\n\t<meta property=\"og:image:height\" content=\"433\" \/>\n\t<meta property=\"og:image:type\" content=\"image\/gif\" \/>\n<meta name=\"author\" content=\"bosniak\" \/>\n<meta name=\"twitter:card\" content=\"summary_large_image\" \/>\n<meta name=\"twitter:label1\" content=\"Written by\" \/>\n\t<meta name=\"twitter:data1\" content=\"bosniak\" \/>\n\t<meta name=\"twitter:label2\" content=\"Est. reading time\" \/>\n\t<meta name=\"twitter:data2\" content=\"3 minute\" \/>\n<script type=\"application\/ld+json\" class=\"yoast-schema-graph\">{\"@context\":\"https:\/\/schema.org\",\"@graph\":[{\"@type\":\"Article\",\"@id\":\"https:\/\/sandzakpress.net\/arhiva\/stotinu-godina-samoce\/#article\",\"isPartOf\":{\"@id\":\"https:\/\/sandzakpress.net\/arhiva\/stotinu-godina-samoce\/\"},\"author\":{\"name\":\"bosniak\",\"@id\":\"https:\/\/sandzakpress.net\/arhiva\/#\/schema\/person\/c8baee722073534b583ea7bdb2e36c02\"},\"headline\":\"Stotinu godina samo\u0107e\",\"datePublished\":\"2012-12-01T16:14:45+00:00\",\"dateModified\":\"2012-12-02T16:16:01+00:00\",\"mainEntityOfPage\":{\"@id\":\"https:\/\/sandzakpress.net\/arhiva\/stotinu-godina-samoce\/\"},\"wordCount\":642,\"commentCount\":0,\"publisher\":{\"@id\":\"https:\/\/sandzakpress.net\/arhiva\/#\/schema\/person\/6e72b67d6e51910a1117b3b483ba20bd\"},\"image\":{\"@id\":\"https:\/\/sandzakpress.net\/arhiva\/stotinu-godina-samoce\/#primaryimage\"},\"thumbnailUrl\":\"https:\/\/sandzakpress.net\/arhiva\/wp-content\/uploads\/2012\/11\/20110827_EUM974.gif\",\"articleSection\":[\"Novi Pazar\",\"Ro\u017eaje\",\"Berane\",\"Bijelo Polje\",\"Pljevlja\",\"Plav\"],\"inLanguage\":\"bs-BA\",\"potentialAction\":[{\"@type\":\"CommentAction\",\"name\":\"Comment\",\"target\":[\"https:\/\/sandzakpress.net\/arhiva\/stotinu-godina-samoce\/#respond\"]}]},{\"@type\":\"WebPage\",\"@id\":\"https:\/\/sandzakpress.net\/arhiva\/stotinu-godina-samoce\/\",\"url\":\"https:\/\/sandzakpress.net\/arhiva\/stotinu-godina-samoce\/\",\"name\":\"Stotinu godina samo\u0107e\",\"isPartOf\":{\"@id\":\"https:\/\/sandzakpress.net\/arhiva\/#website\"},\"primaryImageOfPage\":{\"@id\":\"https:\/\/sandzakpress.net\/arhiva\/stotinu-godina-samoce\/#primaryimage\"},\"image\":{\"@id\":\"https:\/\/sandzakpress.net\/arhiva\/stotinu-godina-samoce\/#primaryimage\"},\"thumbnailUrl\":\"https:\/\/sandzakpress.net\/arhiva\/wp-content\/uploads\/2012\/11\/20110827_EUM974.gif\",\"datePublished\":\"2012-12-01T16:14:45+00:00\",\"dateModified\":\"2012-12-02T16:16:01+00:00\",\"breadcrumb\":{\"@id\":\"https:\/\/sandzakpress.net\/arhiva\/stotinu-godina-samoce\/#breadcrumb\"},\"inLanguage\":\"bs-BA\",\"potentialAction\":[{\"@type\":\"ReadAction\",\"target\":[\"https:\/\/sandzakpress.net\/arhiva\/stotinu-godina-samoce\/\"]}]},{\"@type\":\"ImageObject\",\"inLanguage\":\"bs-BA\",\"@id\":\"https:\/\/sandzakpress.net\/arhiva\/stotinu-godina-samoce\/#primaryimage\",\"url\":\"https:\/\/sandzakpress.net\/arhiva\/wp-content\/uploads\/2012\/11\/20110827_EUM974.gif\",\"contentUrl\":\"https:\/\/sandzakpress.net\/arhiva\/wp-content\/uploads\/2012\/11\/20110827_EUM974.gif\",\"width\":500,\"height\":433},{\"@type\":\"BreadcrumbList\",\"@id\":\"https:\/\/sandzakpress.net\/arhiva\/stotinu-godina-samoce\/#breadcrumb\",\"itemListElement\":[{\"@type\":\"ListItem\",\"position\":1,\"name\":\"Home\",\"item\":\"https:\/\/sandzakpress.net\/arhiva\/\"},{\"@type\":\"ListItem\",\"position\":2,\"name\":\"Stotinu godina samo\u0107e\"}]},{\"@type\":\"WebSite\",\"@id\":\"https:\/\/sandzakpress.net\/arhiva\/#website\",\"url\":\"https:\/\/sandzakpress.net\/arhiva\/\",\"name\":\"Sand\u017eak PRESS\",\"description\":\"Prve elektronske novine u Sand\u017eaku\",\"publisher\":{\"@id\":\"https:\/\/sandzakpress.net\/arhiva\/#\/schema\/person\/6e72b67d6e51910a1117b3b483ba20bd\"},\"potentialAction\":[{\"@type\":\"SearchAction\",\"target\":{\"@type\":\"EntryPoint\",\"urlTemplate\":\"https:\/\/sandzakpress.net\/arhiva\/?s={search_term_string}\"},\"query-input\":{\"@type\":\"PropertyValueSpecification\",\"valueRequired\":true,\"valueName\":\"search_term_string\"}}],\"inLanguage\":\"bs-BA\"},{\"@type\":[\"Person\",\"Organization\"],\"@id\":\"https:\/\/sandzakpress.net\/arhiva\/#\/schema\/person\/6e72b67d6e51910a1117b3b483ba20bd\",\"name\":\"Kul\",\"image\":{\"@type\":\"ImageObject\",\"inLanguage\":\"bs-BA\",\"@id\":\"https:\/\/sandzakpress.net\/arhiva\/#\/schema\/person\/image\/\",\"url\":\"https:\/\/secure.gravatar.com\/avatar\/42263f39aa27ac04c43cab85c280eb2e?s=96&d=mm&r=pg\",\"contentUrl\":\"https:\/\/secure.gravatar.com\/avatar\/42263f39aa27ac04c43cab85c280eb2e?s=96&d=mm&r=pg\",\"caption\":\"Kul\"},\"logo\":{\"@id\":\"https:\/\/sandzakpress.net\/arhiva\/#\/schema\/person\/image\/\"}},{\"@type\":\"Person\",\"@id\":\"https:\/\/sandzakpress.net\/arhiva\/#\/schema\/person\/c8baee722073534b583ea7bdb2e36c02\",\"name\":\"bosniak\",\"image\":{\"@type\":\"ImageObject\",\"inLanguage\":\"bs-BA\",\"@id\":\"https:\/\/sandzakpress.net\/arhiva\/#\/schema\/person\/image\/\",\"url\":\"https:\/\/secure.gravatar.com\/avatar\/a04fd330bfe3a36a72a0ad4a6d89fca7?s=96&d=mm&r=pg\",\"contentUrl\":\"https:\/\/secure.gravatar.com\/avatar\/a04fd330bfe3a36a72a0ad4a6d89fca7?s=96&d=mm&r=pg\",\"caption\":\"bosniak\"},\"url\":\"https:\/\/sandzakpress.net\/arhiva\/author\/bosniak\/\"}]}<\/script>\n<!-- \/ Yoast SEO Premium plugin. -->","yoast_head_json":{"title":"Stotinu godina samo\u0107e","robots":{"index":"index","follow":"follow","max-snippet":"max-snippet:-1","max-image-preview":"max-image-preview:large","max-video-preview":"max-video-preview:-1"},"canonical":"https:\/\/sandzakpress.net\/arhiva\/stotinu-godina-samoce\/","og_locale":"bs_BA","og_type":"article","og_title":"Stotinu godina samo\u0107e","og_description":"Od kada je nobelovac\u00a0Gabriel Garcia Marquez davne 1967. godine objavio svoj roman, nasloviv\u0161i ga sa \u201eSto godina samo\u0107e\u201c, ova sintagma je postala pored ostalog i sinonim za cikli\u010dno ponavljanje historije kao posljedice zaborava sa neminovnim ru\u017enim konsekvencama. Ovih na\u0161ih sand\u017ea\u010dkih sto godina, od kada Turci napusti\u0161e Sand\u017eak, skoro da ni\u0161ta drugo i nisu do godine [&hellip;]","og_url":"https:\/\/sandzakpress.net\/arhiva\/stotinu-godina-samoce\/","og_site_name":"Sand\u017eak PRESS","article_published_time":"2012-12-01T16:14:45+00:00","article_modified_time":"2012-12-02T16:16:01+00:00","og_image":[{"width":500,"height":433,"url":"https:\/\/sandzakpress.net\/arhiva\/wp-content\/uploads\/2012\/11\/20110827_EUM974.gif","type":"image\/gif"}],"author":"bosniak","twitter_card":"summary_large_image","twitter_misc":{"Written by":"bosniak","Est. reading time":"3 minute"},"schema":{"@context":"https:\/\/schema.org","@graph":[{"@type":"Article","@id":"https:\/\/sandzakpress.net\/arhiva\/stotinu-godina-samoce\/#article","isPartOf":{"@id":"https:\/\/sandzakpress.net\/arhiva\/stotinu-godina-samoce\/"},"author":{"name":"bosniak","@id":"https:\/\/sandzakpress.net\/arhiva\/#\/schema\/person\/c8baee722073534b583ea7bdb2e36c02"},"headline":"Stotinu godina samo\u0107e","datePublished":"2012-12-01T16:14:45+00:00","dateModified":"2012-12-02T16:16:01+00:00","mainEntityOfPage":{"@id":"https:\/\/sandzakpress.net\/arhiva\/stotinu-godina-samoce\/"},"wordCount":642,"commentCount":0,"publisher":{"@id":"https:\/\/sandzakpress.net\/arhiva\/#\/schema\/person\/6e72b67d6e51910a1117b3b483ba20bd"},"image":{"@id":"https:\/\/sandzakpress.net\/arhiva\/stotinu-godina-samoce\/#primaryimage"},"thumbnailUrl":"https:\/\/sandzakpress.net\/arhiva\/wp-content\/uploads\/2012\/11\/20110827_EUM974.gif","articleSection":["Novi Pazar","Ro\u017eaje","Berane","Bijelo Polje","Pljevlja","Plav"],"inLanguage":"bs-BA","potentialAction":[{"@type":"CommentAction","name":"Comment","target":["https:\/\/sandzakpress.net\/arhiva\/stotinu-godina-samoce\/#respond"]}]},{"@type":"WebPage","@id":"https:\/\/sandzakpress.net\/arhiva\/stotinu-godina-samoce\/","url":"https:\/\/sandzakpress.net\/arhiva\/stotinu-godina-samoce\/","name":"Stotinu godina samo\u0107e","isPartOf":{"@id":"https:\/\/sandzakpress.net\/arhiva\/#website"},"primaryImageOfPage":{"@id":"https:\/\/sandzakpress.net\/arhiva\/stotinu-godina-samoce\/#primaryimage"},"image":{"@id":"https:\/\/sandzakpress.net\/arhiva\/stotinu-godina-samoce\/#primaryimage"},"thumbnailUrl":"https:\/\/sandzakpress.net\/arhiva\/wp-content\/uploads\/2012\/11\/20110827_EUM974.gif","datePublished":"2012-12-01T16:14:45+00:00","dateModified":"2012-12-02T16:16:01+00:00","breadcrumb":{"@id":"https:\/\/sandzakpress.net\/arhiva\/stotinu-godina-samoce\/#breadcrumb"},"inLanguage":"bs-BA","potentialAction":[{"@type":"ReadAction","target":["https:\/\/sandzakpress.net\/arhiva\/stotinu-godina-samoce\/"]}]},{"@type":"ImageObject","inLanguage":"bs-BA","@id":"https:\/\/sandzakpress.net\/arhiva\/stotinu-godina-samoce\/#primaryimage","url":"https:\/\/sandzakpress.net\/arhiva\/wp-content\/uploads\/2012\/11\/20110827_EUM974.gif","contentUrl":"https:\/\/sandzakpress.net\/arhiva\/wp-content\/uploads\/2012\/11\/20110827_EUM974.gif","width":500,"height":433},{"@type":"BreadcrumbList","@id":"https:\/\/sandzakpress.net\/arhiva\/stotinu-godina-samoce\/#breadcrumb","itemListElement":[{"@type":"ListItem","position":1,"name":"Home","item":"https:\/\/sandzakpress.net\/arhiva\/"},{"@type":"ListItem","position":2,"name":"Stotinu godina samo\u0107e"}]},{"@type":"WebSite","@id":"https:\/\/sandzakpress.net\/arhiva\/#website","url":"https:\/\/sandzakpress.net\/arhiva\/","name":"Sand\u017eak PRESS","description":"Prve elektronske novine u Sand\u017eaku","publisher":{"@id":"https:\/\/sandzakpress.net\/arhiva\/#\/schema\/person\/6e72b67d6e51910a1117b3b483ba20bd"},"potentialAction":[{"@type":"SearchAction","target":{"@type":"EntryPoint","urlTemplate":"https:\/\/sandzakpress.net\/arhiva\/?s={search_term_string}"},"query-input":{"@type":"PropertyValueSpecification","valueRequired":true,"valueName":"search_term_string"}}],"inLanguage":"bs-BA"},{"@type":["Person","Organization"],"@id":"https:\/\/sandzakpress.net\/arhiva\/#\/schema\/person\/6e72b67d6e51910a1117b3b483ba20bd","name":"Kul","image":{"@type":"ImageObject","inLanguage":"bs-BA","@id":"https:\/\/sandzakpress.net\/arhiva\/#\/schema\/person\/image\/","url":"https:\/\/secure.gravatar.com\/avatar\/42263f39aa27ac04c43cab85c280eb2e?s=96&d=mm&r=pg","contentUrl":"https:\/\/secure.gravatar.com\/avatar\/42263f39aa27ac04c43cab85c280eb2e?s=96&d=mm&r=pg","caption":"Kul"},"logo":{"@id":"https:\/\/sandzakpress.net\/arhiva\/#\/schema\/person\/image\/"}},{"@type":"Person","@id":"https:\/\/sandzakpress.net\/arhiva\/#\/schema\/person\/c8baee722073534b583ea7bdb2e36c02","name":"bosniak","image":{"@type":"ImageObject","inLanguage":"bs-BA","@id":"https:\/\/sandzakpress.net\/arhiva\/#\/schema\/person\/image\/","url":"https:\/\/secure.gravatar.com\/avatar\/a04fd330bfe3a36a72a0ad4a6d89fca7?s=96&d=mm&r=pg","contentUrl":"https:\/\/secure.gravatar.com\/avatar\/a04fd330bfe3a36a72a0ad4a6d89fca7?s=96&d=mm&r=pg","caption":"bosniak"},"url":"https:\/\/sandzakpress.net\/arhiva\/author\/bosniak\/"}]}},"_links":{"self":[{"href":"https:\/\/sandzakpress.net\/arhiva\/wp-json\/wp\/v2\/posts\/56053"}],"collection":[{"href":"https:\/\/sandzakpress.net\/arhiva\/wp-json\/wp\/v2\/posts"}],"about":[{"href":"https:\/\/sandzakpress.net\/arhiva\/wp-json\/wp\/v2\/types\/post"}],"author":[{"embeddable":true,"href":"https:\/\/sandzakpress.net\/arhiva\/wp-json\/wp\/v2\/users\/83"}],"replies":[{"embeddable":true,"href":"https:\/\/sandzakpress.net\/arhiva\/wp-json\/wp\/v2\/comments?post=56053"}],"version-history":[{"count":0,"href":"https:\/\/sandzakpress.net\/arhiva\/wp-json\/wp\/v2\/posts\/56053\/revisions"}],"wp:featuredmedia":[{"embeddable":true,"href":"https:\/\/sandzakpress.net\/arhiva\/wp-json\/wp\/v2\/media\/56057"}],"wp:attachment":[{"href":"https:\/\/sandzakpress.net\/arhiva\/wp-json\/wp\/v2\/media?parent=56053"}],"wp:term":[{"taxonomy":"category","embeddable":true,"href":"https:\/\/sandzakpress.net\/arhiva\/wp-json\/wp\/v2\/categories?post=56053"},{"taxonomy":"post_tag","embeddable":true,"href":"https:\/\/sandzakpress.net\/arhiva\/wp-json\/wp\/v2\/tags?post=56053"}],"curies":[{"name":"wp","href":"https:\/\/api.w.org\/{rel}","templated":true}]}}