{"id":56052,"date":"2012-11-30T17:44:52","date_gmt":"2012-11-30T16:44:52","guid":{"rendered":"https:\/\/sandzakpress.net\/arhiva\/?p=56052"},"modified":"2012-11-30T17:44:52","modified_gmt":"2012-11-30T16:44:52","slug":"berane-se-prvi-put-pominje-u-turskom-popisu-iz-1580-godine","status":"publish","type":"post","link":"https:\/\/sandzakpress.net\/arhiva\/berane-se-prvi-put-pominje-u-turskom-popisu-iz-1580-godine\/","title":{"rendered":"Berane se prvi put pominje u turskom popisu iz 1580. godine"},"content":{"rendered":"<p><strong><a href=\"https:\/\/sandzakpress.net\/arhiva\/wp-content\/uploads\/2012\/11\/nova-naucna-saznanja-berane-se-prvi-put-pominje-turskom-popisu-1580-godine-slika-194026.jpg\"><img loading=\"lazy\" decoding=\"async\" class=\"alignleft size-medium wp-image-56054\" title=\"nova-naucna-saznanja-berane-se-prvi-put-pominje-turskom-popisu-1580-godine-slika-194026\" src=\"https:\/\/sandzakpress.net\/arhiva\/wp-content\/uploads\/2012\/11\/nova-naucna-saznanja-berane-se-prvi-put-pominje-turskom-popisu-1580-godine-slika-194026-300x182.jpg\" alt=\"\" width=\"300\" height=\"182\" \/><\/a>Berane &#8211; &#8220;Malo nam je bilo \u010dudno da je ovo 150. godi\u0161njica postojanja Berana, a eto Berane je bilo zabilje\u017eeno u literaturi i u godi\u0161njacima jo\u0161 1580. godine&#8221;<\/strong><\/p>\n<p>Profesori sa Univerziteta u Pri\u0161tini dr Tad\u017eida Zup\u010devi\u0107-Hafiz i Nimetulah Hafiz saop\u0161tili su ju\u010de da se naselje Berane prvi put pojavljuje u jednom od turskih popisa iz 1580. godine i tako osporili godinu kada je formirano za skoro \u010detiri i po vijeka.<\/p>\n<p>Oni su na simpozijumu koji je ju\u010de prire\u0111en u Beranama povodom obilje\u017eavanja dva velika jubileja, stotinu godina od osloba\u0111anja Berana od otomanske imperije i prisajedinjenja Crnoj Gori, i 150 godina od osnivanja grada, saop\u0161tili podatak da se Berane, kao sresko mjesto, ili centar sreza, prvi put pojavljuje u jednom od turskih popisa iz 1580. godine.<\/p>\n<p>\u201eNa\u0161 zadatak je bio da istra\u017eimo Berane u tursko-osmanlijskim izvorima, i to se pokazalo kao veoma dobro, jer smo do\u0161li do nekih podataka koji se razlikuju od ovih sa kojima se ovdje, koliko smo mogli da \u010dujemo, raspola\u017ee\u201c, kazala je profesorica Zup\u010devi\u0107-Hafiz u razgovoru za \u201eVijesti\u201c.<\/p>\n<p>Ona je objasnila da je rije\u010d o godi\u0161njacima, kao arhivskim dokumentima, i da je prva godina pojavljivanja Berana, do koje su oni mogli do\u0107i, 1850.<\/p>\n<p>\u201eTo je bio prvi popis u kojem se pojavljuje. Iza toga postoji jedan vakuum do 1800. godine, i onda imamo jo\u0161 dva puta da se Berane pojavljuje u godi\u0161njacima. Te \u010dinjenice smo razradili, malo smo gledali odakle, kako, koliko je u to vrijeme bilo stanovnika.<\/p>\n<p>Interesantno je da se Berane u sva ta tri izvora pojavljuje kao administrativni centar \u2013 srez, odnosno centar sreza\u201c, tvrdi prof. dr Zup\u010devi\u0107-Hafiz.<\/p>\n<p>Ona zato izra\u017eava \u010du\u0111enje da se proslavlja i obilje\u017eava tek sto pedeset godina od formiranja grada.<\/p>\n<p>\u201eMalo nam je bilo \u010dudno da je ovo 150. godi\u0161njica postojanja Berana, a eto Berane je bilo zabilje\u017eeno u literaturi i u godi\u0161njacima jo\u0161 1580. godine\u201c, kazala je ona.<\/p>\n<p>Kako je rekla, niko od kolega istori\u010dara i nau\u010dnika na ju\u010dera\u0161njem skupu nije se protivio tim novim podacima, i ukazala je na potrebu daljih istra\u017eivanja.<\/p>\n<p>\u201eMi imamo podatak iz salname u kojem pi\u0161e da je Berane kao srez postojao 1580. godine. Ali treba istra\u017eivati dublje, da se istra\u017ee i drugi dokumenti iz tog vremena, jer je ovo vrlo zna\u010dajan podatak kojim se pomjera granica, odnosno datum postojanja i formiranja grada nekoliko vjekova unazad.<\/p>\n<p>Interesantno je i to da je izme\u0111u te godine i idu\u0107eg puta, odnosno idu\u0107e salname, pro\u0161lo 250 do trista godina, odnosno ponovo se pojavljuje 1800. Tako da je potrebno jedno podrobnije istra\u017eivanje\u201c, rekla je u razgovoru za \u201eVijesti\u201c prof. dr Zup\u010devi\u0107-Hafiz.<\/p>\n<p>Kao godina osnivanja grada do sada se zvani\u010dno uzimala 1862, pa se, u skladu sa tim, ove godine zvani\u010dno obilje\u017eava 150 godina Berana. U isto vrijeme se u Beranama u naredna tri dana, kroz mnogobrojne programe, obilje\u017eava i 100 godina od kada je Berane oslobo\u0111eno od Turaka i pripojeno Crnoj Gori.<\/p>\n<p><strong>Podaci biblioteke Centra za turkolo\u0161ka istra\u017eivanja<\/strong><\/p>\n<p>Prof. dr Zup\u010devi\u0107-Hafiz dodaje da su dokumenta u kojima se decidno ka\u017ee da se Berane kao srez pominje 1580. godine prona\u0161li u biblioteci Centra za turkolo\u0161ka istra\u017eivanja Balkana, koji je osnovan prije jedanaest godina u Prizrenu.<\/p>\n<p>\u201eBiblioteka, sa vi\u0161e od 40 hiljada knjiga, je upravo najja\u010di dio tog Centra.<\/p>\n<p>To je stru\u010dna, turkolo\u0161ka biblioteka, i mogu slobodno re\u0107i da je najja\u010da, najbogatija i najbolje opremljena u Evropi, kao turkolo\u0161ka stru\u010dna biblioteka\u201c, dodala je ona.<\/p>\n<p>Na pitanje koliko su pouzdani dokumenti koji govore o postojanju Berana kao grada nekoliko vjekova unazad, Zup\u010devi\u0107-Hafiz odgovara da je u pitanju osmanska salnama iz te godine.<\/p>\n<p>\u201eTo je godi\u0161njak, odnosno popis svega onoga \u0161to je bilo u Beranama i oko Berana. Almanah ili godi\u0161njak se na turskom jeziku ka\u017ee salnama.<\/p>\n<p>To su dokumenti koji su sasvim pouzdani\u201c, ka\u017ee prof. dr Zup\u010devi\u0107.<\/p>\n<p>(Vijesti)<\/p>\n","protected":false},"excerpt":{"rendered":"<p>Berane &#8211; &#8220;Malo nam je bilo \u010dudno da je ovo 150. godi\u0161njica postojanja Berana, a eto Berane je bilo zabilje\u017eeno u literaturi i u godi\u0161njacima jo\u0161 1580. godine&#8221; Profesori sa Univerziteta u Pri\u0161tini dr Tad\u017eida Zup\u010devi\u0107-Hafiz i Nimetulah Hafiz saop\u0161tili su ju\u010de da se naselje Berane prvi put pojavljuje u jednom od turskih popisa iz [&hellip;]<\/p>\n","protected":false},"author":16,"featured_media":56054,"comment_status":"open","ping_status":"open","sticky":false,"template":"","format":"standard","meta":{"footnotes":""},"categories":[800,397],"tags":[],"class_list":{"0":"post-56052","1":"post","2":"type-post","3":"status-publish","4":"format-standard","5":"has-post-thumbnail","7":"category-nacija","8":"category-berane"},"yoast_head":"<!-- This site is optimized with the Yoast SEO Premium plugin v23.1 (Yoast SEO v24.9) - https:\/\/yoast.com\/wordpress\/plugins\/seo\/ -->\n<title>Berane se prvi put pominje u turskom popisu iz 1580. godine<\/title>\n<meta name=\"robots\" content=\"index, follow, max-snippet:-1, max-image-preview:large, max-video-preview:-1\" \/>\n<link rel=\"canonical\" href=\"https:\/\/sandzakpress.net\/arhiva\/berane-se-prvi-put-pominje-u-turskom-popisu-iz-1580-godine\/\" \/>\n<meta property=\"og:locale\" content=\"bs_BA\" \/>\n<meta property=\"og:type\" content=\"article\" \/>\n<meta property=\"og:title\" content=\"Berane se prvi put pominje u turskom popisu iz 1580. godine\" \/>\n<meta property=\"og:description\" content=\"Berane &#8211; &#8220;Malo nam je bilo \u010dudno da je ovo 150. godi\u0161njica postojanja Berana, a eto Berane je bilo zabilje\u017eeno u literaturi i u godi\u0161njacima jo\u0161 1580. godine&#8221; Profesori sa Univerziteta u Pri\u0161tini dr Tad\u017eida Zup\u010devi\u0107-Hafiz i Nimetulah Hafiz saop\u0161tili su ju\u010de da se naselje Berane prvi put pojavljuje u jednom od turskih popisa iz [&hellip;]\" \/>\n<meta property=\"og:url\" content=\"https:\/\/sandzakpress.net\/arhiva\/berane-se-prvi-put-pominje-u-turskom-popisu-iz-1580-godine\/\" \/>\n<meta property=\"og:site_name\" content=\"Sand\u017eak PRESS\" \/>\n<meta property=\"article:published_time\" content=\"2012-11-30T16:44:52+00:00\" \/>\n<meta property=\"og:image\" content=\"https:\/\/sandzakpress.net\/arhiva\/wp-content\/uploads\/2012\/11\/nova-naucna-saznanja-berane-se-prvi-put-pominje-turskom-popisu-1580-godine-slika-194026.jpg\" \/>\n\t<meta property=\"og:image:width\" content=\"519\" \/>\n\t<meta property=\"og:image:height\" content=\"316\" \/>\n\t<meta property=\"og:image:type\" content=\"image\/jpeg\" \/>\n<meta name=\"twitter:card\" content=\"summary_large_image\" \/>\n<meta name=\"twitter:label1\" content=\"Written by\" \/>\n\t<meta name=\"twitter:data1\" content=\"\" \/>\n\t<meta name=\"twitter:label2\" content=\"Est. reading time\" \/>\n\t<meta name=\"twitter:data2\" content=\"3 minute\" \/>\n<script type=\"application\/ld+json\" class=\"yoast-schema-graph\">{\"@context\":\"https:\/\/schema.org\",\"@graph\":[{\"@type\":\"Article\",\"@id\":\"https:\/\/sandzakpress.net\/arhiva\/berane-se-prvi-put-pominje-u-turskom-popisu-iz-1580-godine\/#article\",\"isPartOf\":{\"@id\":\"https:\/\/sandzakpress.net\/arhiva\/berane-se-prvi-put-pominje-u-turskom-popisu-iz-1580-godine\/\"},\"author\":{\"name\":\"\",\"@id\":\"\"},\"headline\":\"Berane se prvi put pominje u turskom popisu iz 1580. godine\",\"datePublished\":\"2012-11-30T16:44:52+00:00\",\"mainEntityOfPage\":{\"@id\":\"https:\/\/sandzakpress.net\/arhiva\/berane-se-prvi-put-pominje-u-turskom-popisu-iz-1580-godine\/\"},\"wordCount\":683,\"commentCount\":0,\"publisher\":{\"@id\":\"https:\/\/sandzakpress.net\/arhiva\/#\/schema\/person\/6e72b67d6e51910a1117b3b483ba20bd\"},\"image\":{\"@id\":\"https:\/\/sandzakpress.net\/arhiva\/berane-se-prvi-put-pominje-u-turskom-popisu-iz-1580-godine\/#primaryimage\"},\"thumbnailUrl\":\"https:\/\/sandzakpress.net\/arhiva\/wp-content\/uploads\/2012\/11\/nova-naucna-saznanja-berane-se-prvi-put-pominje-turskom-popisu-1580-godine-slika-194026.jpg\",\"articleSection\":[\"Nacija\",\"Berane\"],\"inLanguage\":\"bs-BA\",\"potentialAction\":[{\"@type\":\"CommentAction\",\"name\":\"Comment\",\"target\":[\"https:\/\/sandzakpress.net\/arhiva\/berane-se-prvi-put-pominje-u-turskom-popisu-iz-1580-godine\/#respond\"]}]},{\"@type\":\"WebPage\",\"@id\":\"https:\/\/sandzakpress.net\/arhiva\/berane-se-prvi-put-pominje-u-turskom-popisu-iz-1580-godine\/\",\"url\":\"https:\/\/sandzakpress.net\/arhiva\/berane-se-prvi-put-pominje-u-turskom-popisu-iz-1580-godine\/\",\"name\":\"Berane se prvi put pominje u turskom popisu iz 1580. godine\",\"isPartOf\":{\"@id\":\"https:\/\/sandzakpress.net\/arhiva\/#website\"},\"primaryImageOfPage\":{\"@id\":\"https:\/\/sandzakpress.net\/arhiva\/berane-se-prvi-put-pominje-u-turskom-popisu-iz-1580-godine\/#primaryimage\"},\"image\":{\"@id\":\"https:\/\/sandzakpress.net\/arhiva\/berane-se-prvi-put-pominje-u-turskom-popisu-iz-1580-godine\/#primaryimage\"},\"thumbnailUrl\":\"https:\/\/sandzakpress.net\/arhiva\/wp-content\/uploads\/2012\/11\/nova-naucna-saznanja-berane-se-prvi-put-pominje-turskom-popisu-1580-godine-slika-194026.jpg\",\"datePublished\":\"2012-11-30T16:44:52+00:00\",\"breadcrumb\":{\"@id\":\"https:\/\/sandzakpress.net\/arhiva\/berane-se-prvi-put-pominje-u-turskom-popisu-iz-1580-godine\/#breadcrumb\"},\"inLanguage\":\"bs-BA\",\"potentialAction\":[{\"@type\":\"ReadAction\",\"target\":[\"https:\/\/sandzakpress.net\/arhiva\/berane-se-prvi-put-pominje-u-turskom-popisu-iz-1580-godine\/\"]}]},{\"@type\":\"ImageObject\",\"inLanguage\":\"bs-BA\",\"@id\":\"https:\/\/sandzakpress.net\/arhiva\/berane-se-prvi-put-pominje-u-turskom-popisu-iz-1580-godine\/#primaryimage\",\"url\":\"https:\/\/sandzakpress.net\/arhiva\/wp-content\/uploads\/2012\/11\/nova-naucna-saznanja-berane-se-prvi-put-pominje-turskom-popisu-1580-godine-slika-194026.jpg\",\"contentUrl\":\"https:\/\/sandzakpress.net\/arhiva\/wp-content\/uploads\/2012\/11\/nova-naucna-saznanja-berane-se-prvi-put-pominje-turskom-popisu-1580-godine-slika-194026.jpg\",\"width\":519,\"height\":316},{\"@type\":\"BreadcrumbList\",\"@id\":\"https:\/\/sandzakpress.net\/arhiva\/berane-se-prvi-put-pominje-u-turskom-popisu-iz-1580-godine\/#breadcrumb\",\"itemListElement\":[{\"@type\":\"ListItem\",\"position\":1,\"name\":\"Home\",\"item\":\"https:\/\/sandzakpress.net\/arhiva\/\"},{\"@type\":\"ListItem\",\"position\":2,\"name\":\"Berane se prvi put pominje u turskom popisu iz 1580. godine\"}]},{\"@type\":\"WebSite\",\"@id\":\"https:\/\/sandzakpress.net\/arhiva\/#website\",\"url\":\"https:\/\/sandzakpress.net\/arhiva\/\",\"name\":\"Sand\u017eak PRESS\",\"description\":\"Prve elektronske novine u Sand\u017eaku\",\"publisher\":{\"@id\":\"https:\/\/sandzakpress.net\/arhiva\/#\/schema\/person\/6e72b67d6e51910a1117b3b483ba20bd\"},\"potentialAction\":[{\"@type\":\"SearchAction\",\"target\":{\"@type\":\"EntryPoint\",\"urlTemplate\":\"https:\/\/sandzakpress.net\/arhiva\/?s={search_term_string}\"},\"query-input\":{\"@type\":\"PropertyValueSpecification\",\"valueRequired\":true,\"valueName\":\"search_term_string\"}}],\"inLanguage\":\"bs-BA\"},{\"@type\":[\"Person\",\"Organization\"],\"@id\":\"https:\/\/sandzakpress.net\/arhiva\/#\/schema\/person\/6e72b67d6e51910a1117b3b483ba20bd\",\"name\":\"Kul\",\"image\":{\"@type\":\"ImageObject\",\"inLanguage\":\"bs-BA\",\"@id\":\"https:\/\/sandzakpress.net\/arhiva\/#\/schema\/person\/image\/\",\"url\":\"https:\/\/secure.gravatar.com\/avatar\/42263f39aa27ac04c43cab85c280eb2e?s=96&d=mm&r=pg\",\"contentUrl\":\"https:\/\/secure.gravatar.com\/avatar\/42263f39aa27ac04c43cab85c280eb2e?s=96&d=mm&r=pg\",\"caption\":\"Kul\"},\"logo\":{\"@id\":\"https:\/\/sandzakpress.net\/arhiva\/#\/schema\/person\/image\/\"}},{\"@type\":\"Person\",\"@id\":\"\",\"url\":\"https:\/\/sandzakpress.net\/arhiva\/author\/\"}]}<\/script>\n<!-- \/ Yoast SEO Premium plugin. -->","yoast_head_json":{"title":"Berane se prvi put pominje u turskom popisu iz 1580. godine","robots":{"index":"index","follow":"follow","max-snippet":"max-snippet:-1","max-image-preview":"max-image-preview:large","max-video-preview":"max-video-preview:-1"},"canonical":"https:\/\/sandzakpress.net\/arhiva\/berane-se-prvi-put-pominje-u-turskom-popisu-iz-1580-godine\/","og_locale":"bs_BA","og_type":"article","og_title":"Berane se prvi put pominje u turskom popisu iz 1580. godine","og_description":"Berane &#8211; &#8220;Malo nam je bilo \u010dudno da je ovo 150. godi\u0161njica postojanja Berana, a eto Berane je bilo zabilje\u017eeno u literaturi i u godi\u0161njacima jo\u0161 1580. godine&#8221; Profesori sa Univerziteta u Pri\u0161tini dr Tad\u017eida Zup\u010devi\u0107-Hafiz i Nimetulah Hafiz saop\u0161tili su ju\u010de da se naselje Berane prvi put pojavljuje u jednom od turskih popisa iz [&hellip;]","og_url":"https:\/\/sandzakpress.net\/arhiva\/berane-se-prvi-put-pominje-u-turskom-popisu-iz-1580-godine\/","og_site_name":"Sand\u017eak PRESS","article_published_time":"2012-11-30T16:44:52+00:00","og_image":[{"width":519,"height":316,"url":"https:\/\/sandzakpress.net\/arhiva\/wp-content\/uploads\/2012\/11\/nova-naucna-saznanja-berane-se-prvi-put-pominje-turskom-popisu-1580-godine-slika-194026.jpg","type":"image\/jpeg"}],"twitter_card":"summary_large_image","twitter_misc":{"Written by":"","Est. reading time":"3 minute"},"schema":{"@context":"https:\/\/schema.org","@graph":[{"@type":"Article","@id":"https:\/\/sandzakpress.net\/arhiva\/berane-se-prvi-put-pominje-u-turskom-popisu-iz-1580-godine\/#article","isPartOf":{"@id":"https:\/\/sandzakpress.net\/arhiva\/berane-se-prvi-put-pominje-u-turskom-popisu-iz-1580-godine\/"},"author":{"name":"","@id":""},"headline":"Berane se prvi put pominje u turskom popisu iz 1580. godine","datePublished":"2012-11-30T16:44:52+00:00","mainEntityOfPage":{"@id":"https:\/\/sandzakpress.net\/arhiva\/berane-se-prvi-put-pominje-u-turskom-popisu-iz-1580-godine\/"},"wordCount":683,"commentCount":0,"publisher":{"@id":"https:\/\/sandzakpress.net\/arhiva\/#\/schema\/person\/6e72b67d6e51910a1117b3b483ba20bd"},"image":{"@id":"https:\/\/sandzakpress.net\/arhiva\/berane-se-prvi-put-pominje-u-turskom-popisu-iz-1580-godine\/#primaryimage"},"thumbnailUrl":"https:\/\/sandzakpress.net\/arhiva\/wp-content\/uploads\/2012\/11\/nova-naucna-saznanja-berane-se-prvi-put-pominje-turskom-popisu-1580-godine-slika-194026.jpg","articleSection":["Nacija","Berane"],"inLanguage":"bs-BA","potentialAction":[{"@type":"CommentAction","name":"Comment","target":["https:\/\/sandzakpress.net\/arhiva\/berane-se-prvi-put-pominje-u-turskom-popisu-iz-1580-godine\/#respond"]}]},{"@type":"WebPage","@id":"https:\/\/sandzakpress.net\/arhiva\/berane-se-prvi-put-pominje-u-turskom-popisu-iz-1580-godine\/","url":"https:\/\/sandzakpress.net\/arhiva\/berane-se-prvi-put-pominje-u-turskom-popisu-iz-1580-godine\/","name":"Berane se prvi put pominje u turskom popisu iz 1580. godine","isPartOf":{"@id":"https:\/\/sandzakpress.net\/arhiva\/#website"},"primaryImageOfPage":{"@id":"https:\/\/sandzakpress.net\/arhiva\/berane-se-prvi-put-pominje-u-turskom-popisu-iz-1580-godine\/#primaryimage"},"image":{"@id":"https:\/\/sandzakpress.net\/arhiva\/berane-se-prvi-put-pominje-u-turskom-popisu-iz-1580-godine\/#primaryimage"},"thumbnailUrl":"https:\/\/sandzakpress.net\/arhiva\/wp-content\/uploads\/2012\/11\/nova-naucna-saznanja-berane-se-prvi-put-pominje-turskom-popisu-1580-godine-slika-194026.jpg","datePublished":"2012-11-30T16:44:52+00:00","breadcrumb":{"@id":"https:\/\/sandzakpress.net\/arhiva\/berane-se-prvi-put-pominje-u-turskom-popisu-iz-1580-godine\/#breadcrumb"},"inLanguage":"bs-BA","potentialAction":[{"@type":"ReadAction","target":["https:\/\/sandzakpress.net\/arhiva\/berane-se-prvi-put-pominje-u-turskom-popisu-iz-1580-godine\/"]}]},{"@type":"ImageObject","inLanguage":"bs-BA","@id":"https:\/\/sandzakpress.net\/arhiva\/berane-se-prvi-put-pominje-u-turskom-popisu-iz-1580-godine\/#primaryimage","url":"https:\/\/sandzakpress.net\/arhiva\/wp-content\/uploads\/2012\/11\/nova-naucna-saznanja-berane-se-prvi-put-pominje-turskom-popisu-1580-godine-slika-194026.jpg","contentUrl":"https:\/\/sandzakpress.net\/arhiva\/wp-content\/uploads\/2012\/11\/nova-naucna-saznanja-berane-se-prvi-put-pominje-turskom-popisu-1580-godine-slika-194026.jpg","width":519,"height":316},{"@type":"BreadcrumbList","@id":"https:\/\/sandzakpress.net\/arhiva\/berane-se-prvi-put-pominje-u-turskom-popisu-iz-1580-godine\/#breadcrumb","itemListElement":[{"@type":"ListItem","position":1,"name":"Home","item":"https:\/\/sandzakpress.net\/arhiva\/"},{"@type":"ListItem","position":2,"name":"Berane se prvi put pominje u turskom popisu iz 1580. godine"}]},{"@type":"WebSite","@id":"https:\/\/sandzakpress.net\/arhiva\/#website","url":"https:\/\/sandzakpress.net\/arhiva\/","name":"Sand\u017eak PRESS","description":"Prve elektronske novine u Sand\u017eaku","publisher":{"@id":"https:\/\/sandzakpress.net\/arhiva\/#\/schema\/person\/6e72b67d6e51910a1117b3b483ba20bd"},"potentialAction":[{"@type":"SearchAction","target":{"@type":"EntryPoint","urlTemplate":"https:\/\/sandzakpress.net\/arhiva\/?s={search_term_string}"},"query-input":{"@type":"PropertyValueSpecification","valueRequired":true,"valueName":"search_term_string"}}],"inLanguage":"bs-BA"},{"@type":["Person","Organization"],"@id":"https:\/\/sandzakpress.net\/arhiva\/#\/schema\/person\/6e72b67d6e51910a1117b3b483ba20bd","name":"Kul","image":{"@type":"ImageObject","inLanguage":"bs-BA","@id":"https:\/\/sandzakpress.net\/arhiva\/#\/schema\/person\/image\/","url":"https:\/\/secure.gravatar.com\/avatar\/42263f39aa27ac04c43cab85c280eb2e?s=96&d=mm&r=pg","contentUrl":"https:\/\/secure.gravatar.com\/avatar\/42263f39aa27ac04c43cab85c280eb2e?s=96&d=mm&r=pg","caption":"Kul"},"logo":{"@id":"https:\/\/sandzakpress.net\/arhiva\/#\/schema\/person\/image\/"}},{"@type":"Person","@id":"","url":"https:\/\/sandzakpress.net\/arhiva\/author\/"}]}},"_links":{"self":[{"href":"https:\/\/sandzakpress.net\/arhiva\/wp-json\/wp\/v2\/posts\/56052"}],"collection":[{"href":"https:\/\/sandzakpress.net\/arhiva\/wp-json\/wp\/v2\/posts"}],"about":[{"href":"https:\/\/sandzakpress.net\/arhiva\/wp-json\/wp\/v2\/types\/post"}],"author":[{"embeddable":true,"href":"https:\/\/sandzakpress.net\/arhiva\/wp-json\/wp\/v2\/users\/16"}],"replies":[{"embeddable":true,"href":"https:\/\/sandzakpress.net\/arhiva\/wp-json\/wp\/v2\/comments?post=56052"}],"version-history":[{"count":0,"href":"https:\/\/sandzakpress.net\/arhiva\/wp-json\/wp\/v2\/posts\/56052\/revisions"}],"wp:featuredmedia":[{"embeddable":true,"href":"https:\/\/sandzakpress.net\/arhiva\/wp-json\/wp\/v2\/media\/56054"}],"wp:attachment":[{"href":"https:\/\/sandzakpress.net\/arhiva\/wp-json\/wp\/v2\/media?parent=56052"}],"wp:term":[{"taxonomy":"category","embeddable":true,"href":"https:\/\/sandzakpress.net\/arhiva\/wp-json\/wp\/v2\/categories?post=56052"},{"taxonomy":"post_tag","embeddable":true,"href":"https:\/\/sandzakpress.net\/arhiva\/wp-json\/wp\/v2\/tags?post=56052"}],"curies":[{"name":"wp","href":"https:\/\/api.w.org\/{rel}","templated":true}]}}