{"id":5597,"date":"2010-06-29T15:36:26","date_gmt":"2010-06-29T15:36:26","guid":{"rendered":"https:\/\/sandzakpress.net\/arhiva\/?p=5597"},"modified":"2010-06-29T15:36:26","modified_gmt":"2010-06-29T15:36:26","slug":"ublazene-kazne-vehabijama","status":"publish","type":"post","link":"https:\/\/sandzakpress.net\/arhiva\/ublazene-kazne-vehabijama\/","title":{"rendered":"Ubla\u017eene kazne vehabijama"},"content":{"rendered":"<p><strong><a href=\"https:\/\/sandzakpress.net\/arhiva\/wp-content\/uploads\/2010\/06\/vijest-3063.jpg\"><img loading=\"lazy\" decoding=\"async\" class=\"alignleft size-medium wp-image-5598\" title=\"vijest-3063\" src=\"https:\/\/sandzakpress.net\/arhiva\/wp-content\/uploads\/2010\/06\/vijest-3063-300x219.jpg\" alt=\"\" width=\"300\" height=\"219\" \/><\/a>Novi Pazar, Sjenica &#8211; Mirsad Prenti\u0107 i Erhan Smailovi\u0107 \u0107e u zatvoru provesti \u0161est godina i \u0161est meseci, a prvostepenom presudom trebalo je da odslu\u017ee sedam godina.<\/strong><\/p>\n<p>Grupa vehabija osu\u0111ena je 3. jula 2009. godine pred Specijalnim sudom. Vo\u0111a novopazarske grupe Senad Ramovi\u0107 tada je osu\u0111en na 13 godina zatvora.<\/p>\n<p>Na osam godina osu\u0111en je Jasmin Smailovi\u0107. Na po tri godine osu\u0111eni su Senad Vejselovi\u0107 i Vahid Vejselovi\u0107.<\/p>\n<p>Na zatvorsku kaznu od po dvije godine i \u0161est mjeseci osu\u0111eni su Damir Berbo, Husein \u010culjak i Albin Puli\u0107, dok je Bekto Memi\u0107 dobio \u0161est mjeseci i izdr\u017eao je kaznu.<\/p>\n<p>Optu\u017ebi su oslobo\u0111eni Mehmedin Kolj\u0161i i Safet Be\u0107irovi\u0107.<\/p>\n<p>Sud je utvrdio da su oni nabavili ve\u0107e koli\u010dine oru\u017eja s namjerom da razviju strah i nesigurnost kod gra\u0111ana, kao i da su bili sposobni za specijalna teroristi\u010dka dejstava, protivtenkovske i protivpje\u0161adijske borbe.<\/p>\n<p>Utvr\u0111eno je da su detaljno planirali ubistvo muftije Muamera Zukorli\u0107a, napad na Arap d\u017eamiju u Novom Pazaru i na policijsku stanicu u tom gradu.<\/p>\n<p>Sudski postupak vo\u0111en je protiv 15 novopazarskih vehabija, ali je u me\u0111uvremenu postupak protiv Ned\u017eada Memi\u0107a razdvojen. Grupa je uhap\u0161ena 16. marta 2007. godine.<\/p>\n<p>Izvor: <strong>B92.net<\/strong><\/p>\n","protected":false},"excerpt":{"rendered":"<p>Novi Pazar, Sjenica &#8211; Mirsad Prenti\u0107 i Erhan Smailovi\u0107 \u0107e u zatvoru provesti \u0161est godina i \u0161est meseci, a prvostepenom presudom trebalo je da odslu\u017ee sedam godina. Grupa vehabija osu\u0111ena je 3. jula 2009. godine pred Specijalnim sudom. Vo\u0111a novopazarske grupe Senad Ramovi\u0107 tada je osu\u0111en na 13 godina zatvora. Na osam godina osu\u0111en je [&hellip;]<\/p>\n","protected":false},"author":83,"featured_media":5598,"comment_status":"open","ping_status":"open","sticky":false,"template":"","format":"standard","meta":{"footnotes":""},"categories":[72,1,52],"tags":[],"class_list":{"0":"post-5597","1":"post","2":"type-post","3":"status-publish","4":"format-standard","5":"has-post-thumbnail","7":"category-novi-pazar","8":"category-politika","9":"category-sjenica"},"yoast_head":"<!-- This site is optimized with the Yoast SEO Premium plugin v23.1 (Yoast SEO v24.9) - https:\/\/yoast.com\/wordpress\/plugins\/seo\/ -->\n<title>Ubla\u017eene kazne vehabijama<\/title>\n<meta name=\"robots\" content=\"index, follow, max-snippet:-1, max-image-preview:large, max-video-preview:-1\" \/>\n<link rel=\"canonical\" href=\"https:\/\/sandzakpress.net\/arhiva\/ublazene-kazne-vehabijama\/\" \/>\n<meta property=\"og:locale\" content=\"bs_BA\" \/>\n<meta property=\"og:type\" content=\"article\" \/>\n<meta property=\"og:title\" content=\"Ubla\u017eene kazne vehabijama\" \/>\n<meta property=\"og:description\" content=\"Novi Pazar, Sjenica &#8211; Mirsad Prenti\u0107 i Erhan Smailovi\u0107 \u0107e u zatvoru provesti \u0161est godina i \u0161est meseci, a prvostepenom presudom trebalo je da odslu\u017ee sedam godina. Grupa vehabija osu\u0111ena je 3. jula 2009. godine pred Specijalnim sudom. Vo\u0111a novopazarske grupe Senad Ramovi\u0107 tada je osu\u0111en na 13 godina zatvora. Na osam godina osu\u0111en je [&hellip;]\" \/>\n<meta property=\"og:url\" content=\"https:\/\/sandzakpress.net\/arhiva\/ublazene-kazne-vehabijama\/\" \/>\n<meta property=\"og:site_name\" content=\"Sand\u017eak PRESS\" \/>\n<meta property=\"article:published_time\" content=\"2010-06-29T15:36:26+00:00\" \/>\n<meta property=\"og:image\" content=\"https:\/\/sandzakpress.net\/arhiva\/wp-content\/uploads\/2010\/06\/vijest-3063.jpg\" \/>\n\t<meta property=\"og:image:width\" content=\"450\" \/>\n\t<meta property=\"og:image:height\" content=\"329\" \/>\n\t<meta property=\"og:image:type\" content=\"image\/jpeg\" \/>\n<meta name=\"author\" content=\"bosniak\" \/>\n<meta name=\"twitter:card\" content=\"summary_large_image\" \/>\n<meta name=\"twitter:label1\" content=\"Written by\" \/>\n\t<meta name=\"twitter:data1\" content=\"bosniak\" \/>\n\t<meta name=\"twitter:label2\" content=\"Est. reading time\" \/>\n\t<meta name=\"twitter:data2\" content=\"1 minuta\" \/>\n<script type=\"application\/ld+json\" class=\"yoast-schema-graph\">{\"@context\":\"https:\/\/schema.org\",\"@graph\":[{\"@type\":\"Article\",\"@id\":\"https:\/\/sandzakpress.net\/arhiva\/ublazene-kazne-vehabijama\/#article\",\"isPartOf\":{\"@id\":\"https:\/\/sandzakpress.net\/arhiva\/ublazene-kazne-vehabijama\/\"},\"author\":{\"name\":\"bosniak\",\"@id\":\"https:\/\/sandzakpress.net\/arhiva\/#\/schema\/person\/c8baee722073534b583ea7bdb2e36c02\"},\"headline\":\"Ubla\u017eene kazne vehabijama\",\"datePublished\":\"2010-06-29T15:36:26+00:00\",\"mainEntityOfPage\":{\"@id\":\"https:\/\/sandzakpress.net\/arhiva\/ublazene-kazne-vehabijama\/\"},\"wordCount\":214,\"commentCount\":0,\"publisher\":{\"@id\":\"https:\/\/sandzakpress.net\/arhiva\/#\/schema\/person\/6e72b67d6e51910a1117b3b483ba20bd\"},\"image\":{\"@id\":\"https:\/\/sandzakpress.net\/arhiva\/ublazene-kazne-vehabijama\/#primaryimage\"},\"thumbnailUrl\":\"https:\/\/sandzakpress.net\/arhiva\/wp-content\/uploads\/2010\/06\/vijest-3063.jpg\",\"articleSection\":[\"Novi Pazar\",\"Politika\",\"Sjenica\"],\"inLanguage\":\"bs-BA\",\"potentialAction\":[{\"@type\":\"CommentAction\",\"name\":\"Comment\",\"target\":[\"https:\/\/sandzakpress.net\/arhiva\/ublazene-kazne-vehabijama\/#respond\"]}]},{\"@type\":\"WebPage\",\"@id\":\"https:\/\/sandzakpress.net\/arhiva\/ublazene-kazne-vehabijama\/\",\"url\":\"https:\/\/sandzakpress.net\/arhiva\/ublazene-kazne-vehabijama\/\",\"name\":\"Ubla\u017eene kazne vehabijama\",\"isPartOf\":{\"@id\":\"https:\/\/sandzakpress.net\/arhiva\/#website\"},\"primaryImageOfPage\":{\"@id\":\"https:\/\/sandzakpress.net\/arhiva\/ublazene-kazne-vehabijama\/#primaryimage\"},\"image\":{\"@id\":\"https:\/\/sandzakpress.net\/arhiva\/ublazene-kazne-vehabijama\/#primaryimage\"},\"thumbnailUrl\":\"https:\/\/sandzakpress.net\/arhiva\/wp-content\/uploads\/2010\/06\/vijest-3063.jpg\",\"datePublished\":\"2010-06-29T15:36:26+00:00\",\"breadcrumb\":{\"@id\":\"https:\/\/sandzakpress.net\/arhiva\/ublazene-kazne-vehabijama\/#breadcrumb\"},\"inLanguage\":\"bs-BA\",\"potentialAction\":[{\"@type\":\"ReadAction\",\"target\":[\"https:\/\/sandzakpress.net\/arhiva\/ublazene-kazne-vehabijama\/\"]}]},{\"@type\":\"ImageObject\",\"inLanguage\":\"bs-BA\",\"@id\":\"https:\/\/sandzakpress.net\/arhiva\/ublazene-kazne-vehabijama\/#primaryimage\",\"url\":\"https:\/\/sandzakpress.net\/arhiva\/wp-content\/uploads\/2010\/06\/vijest-3063.jpg\",\"contentUrl\":\"https:\/\/sandzakpress.net\/arhiva\/wp-content\/uploads\/2010\/06\/vijest-3063.jpg\",\"width\":450,\"height\":329},{\"@type\":\"BreadcrumbList\",\"@id\":\"https:\/\/sandzakpress.net\/arhiva\/ublazene-kazne-vehabijama\/#breadcrumb\",\"itemListElement\":[{\"@type\":\"ListItem\",\"position\":1,\"name\":\"Home\",\"item\":\"https:\/\/sandzakpress.net\/arhiva\/\"},{\"@type\":\"ListItem\",\"position\":2,\"name\":\"Ubla\u017eene kazne vehabijama\"}]},{\"@type\":\"WebSite\",\"@id\":\"https:\/\/sandzakpress.net\/arhiva\/#website\",\"url\":\"https:\/\/sandzakpress.net\/arhiva\/\",\"name\":\"Sand\u017eak PRESS\",\"description\":\"Prve elektronske novine u Sand\u017eaku\",\"publisher\":{\"@id\":\"https:\/\/sandzakpress.net\/arhiva\/#\/schema\/person\/6e72b67d6e51910a1117b3b483ba20bd\"},\"potentialAction\":[{\"@type\":\"SearchAction\",\"target\":{\"@type\":\"EntryPoint\",\"urlTemplate\":\"https:\/\/sandzakpress.net\/arhiva\/?s={search_term_string}\"},\"query-input\":{\"@type\":\"PropertyValueSpecification\",\"valueRequired\":true,\"valueName\":\"search_term_string\"}}],\"inLanguage\":\"bs-BA\"},{\"@type\":[\"Person\",\"Organization\"],\"@id\":\"https:\/\/sandzakpress.net\/arhiva\/#\/schema\/person\/6e72b67d6e51910a1117b3b483ba20bd\",\"name\":\"Kul\",\"image\":{\"@type\":\"ImageObject\",\"inLanguage\":\"bs-BA\",\"@id\":\"https:\/\/sandzakpress.net\/arhiva\/#\/schema\/person\/image\/\",\"url\":\"https:\/\/secure.gravatar.com\/avatar\/42263f39aa27ac04c43cab85c280eb2e?s=96&d=mm&r=pg\",\"contentUrl\":\"https:\/\/secure.gravatar.com\/avatar\/42263f39aa27ac04c43cab85c280eb2e?s=96&d=mm&r=pg\",\"caption\":\"Kul\"},\"logo\":{\"@id\":\"https:\/\/sandzakpress.net\/arhiva\/#\/schema\/person\/image\/\"}},{\"@type\":\"Person\",\"@id\":\"https:\/\/sandzakpress.net\/arhiva\/#\/schema\/person\/c8baee722073534b583ea7bdb2e36c02\",\"name\":\"bosniak\",\"image\":{\"@type\":\"ImageObject\",\"inLanguage\":\"bs-BA\",\"@id\":\"https:\/\/sandzakpress.net\/arhiva\/#\/schema\/person\/image\/\",\"url\":\"https:\/\/secure.gravatar.com\/avatar\/a04fd330bfe3a36a72a0ad4a6d89fca7?s=96&d=mm&r=pg\",\"contentUrl\":\"https:\/\/secure.gravatar.com\/avatar\/a04fd330bfe3a36a72a0ad4a6d89fca7?s=96&d=mm&r=pg\",\"caption\":\"bosniak\"},\"url\":\"https:\/\/sandzakpress.net\/arhiva\/author\/bosniak\/\"}]}<\/script>\n<!-- \/ Yoast SEO Premium plugin. -->","yoast_head_json":{"title":"Ubla\u017eene kazne vehabijama","robots":{"index":"index","follow":"follow","max-snippet":"max-snippet:-1","max-image-preview":"max-image-preview:large","max-video-preview":"max-video-preview:-1"},"canonical":"https:\/\/sandzakpress.net\/arhiva\/ublazene-kazne-vehabijama\/","og_locale":"bs_BA","og_type":"article","og_title":"Ubla\u017eene kazne vehabijama","og_description":"Novi Pazar, Sjenica &#8211; Mirsad Prenti\u0107 i Erhan Smailovi\u0107 \u0107e u zatvoru provesti \u0161est godina i \u0161est meseci, a prvostepenom presudom trebalo je da odslu\u017ee sedam godina. Grupa vehabija osu\u0111ena je 3. jula 2009. godine pred Specijalnim sudom. Vo\u0111a novopazarske grupe Senad Ramovi\u0107 tada je osu\u0111en na 13 godina zatvora. Na osam godina osu\u0111en je [&hellip;]","og_url":"https:\/\/sandzakpress.net\/arhiva\/ublazene-kazne-vehabijama\/","og_site_name":"Sand\u017eak PRESS","article_published_time":"2010-06-29T15:36:26+00:00","og_image":[{"width":450,"height":329,"url":"https:\/\/sandzakpress.net\/arhiva\/wp-content\/uploads\/2010\/06\/vijest-3063.jpg","type":"image\/jpeg"}],"author":"bosniak","twitter_card":"summary_large_image","twitter_misc":{"Written by":"bosniak","Est. reading time":"1 minuta"},"schema":{"@context":"https:\/\/schema.org","@graph":[{"@type":"Article","@id":"https:\/\/sandzakpress.net\/arhiva\/ublazene-kazne-vehabijama\/#article","isPartOf":{"@id":"https:\/\/sandzakpress.net\/arhiva\/ublazene-kazne-vehabijama\/"},"author":{"name":"bosniak","@id":"https:\/\/sandzakpress.net\/arhiva\/#\/schema\/person\/c8baee722073534b583ea7bdb2e36c02"},"headline":"Ubla\u017eene kazne vehabijama","datePublished":"2010-06-29T15:36:26+00:00","mainEntityOfPage":{"@id":"https:\/\/sandzakpress.net\/arhiva\/ublazene-kazne-vehabijama\/"},"wordCount":214,"commentCount":0,"publisher":{"@id":"https:\/\/sandzakpress.net\/arhiva\/#\/schema\/person\/6e72b67d6e51910a1117b3b483ba20bd"},"image":{"@id":"https:\/\/sandzakpress.net\/arhiva\/ublazene-kazne-vehabijama\/#primaryimage"},"thumbnailUrl":"https:\/\/sandzakpress.net\/arhiva\/wp-content\/uploads\/2010\/06\/vijest-3063.jpg","articleSection":["Novi Pazar","Politika","Sjenica"],"inLanguage":"bs-BA","potentialAction":[{"@type":"CommentAction","name":"Comment","target":["https:\/\/sandzakpress.net\/arhiva\/ublazene-kazne-vehabijama\/#respond"]}]},{"@type":"WebPage","@id":"https:\/\/sandzakpress.net\/arhiva\/ublazene-kazne-vehabijama\/","url":"https:\/\/sandzakpress.net\/arhiva\/ublazene-kazne-vehabijama\/","name":"Ubla\u017eene kazne vehabijama","isPartOf":{"@id":"https:\/\/sandzakpress.net\/arhiva\/#website"},"primaryImageOfPage":{"@id":"https:\/\/sandzakpress.net\/arhiva\/ublazene-kazne-vehabijama\/#primaryimage"},"image":{"@id":"https:\/\/sandzakpress.net\/arhiva\/ublazene-kazne-vehabijama\/#primaryimage"},"thumbnailUrl":"https:\/\/sandzakpress.net\/arhiva\/wp-content\/uploads\/2010\/06\/vijest-3063.jpg","datePublished":"2010-06-29T15:36:26+00:00","breadcrumb":{"@id":"https:\/\/sandzakpress.net\/arhiva\/ublazene-kazne-vehabijama\/#breadcrumb"},"inLanguage":"bs-BA","potentialAction":[{"@type":"ReadAction","target":["https:\/\/sandzakpress.net\/arhiva\/ublazene-kazne-vehabijama\/"]}]},{"@type":"ImageObject","inLanguage":"bs-BA","@id":"https:\/\/sandzakpress.net\/arhiva\/ublazene-kazne-vehabijama\/#primaryimage","url":"https:\/\/sandzakpress.net\/arhiva\/wp-content\/uploads\/2010\/06\/vijest-3063.jpg","contentUrl":"https:\/\/sandzakpress.net\/arhiva\/wp-content\/uploads\/2010\/06\/vijest-3063.jpg","width":450,"height":329},{"@type":"BreadcrumbList","@id":"https:\/\/sandzakpress.net\/arhiva\/ublazene-kazne-vehabijama\/#breadcrumb","itemListElement":[{"@type":"ListItem","position":1,"name":"Home","item":"https:\/\/sandzakpress.net\/arhiva\/"},{"@type":"ListItem","position":2,"name":"Ubla\u017eene kazne vehabijama"}]},{"@type":"WebSite","@id":"https:\/\/sandzakpress.net\/arhiva\/#website","url":"https:\/\/sandzakpress.net\/arhiva\/","name":"Sand\u017eak PRESS","description":"Prve elektronske novine u Sand\u017eaku","publisher":{"@id":"https:\/\/sandzakpress.net\/arhiva\/#\/schema\/person\/6e72b67d6e51910a1117b3b483ba20bd"},"potentialAction":[{"@type":"SearchAction","target":{"@type":"EntryPoint","urlTemplate":"https:\/\/sandzakpress.net\/arhiva\/?s={search_term_string}"},"query-input":{"@type":"PropertyValueSpecification","valueRequired":true,"valueName":"search_term_string"}}],"inLanguage":"bs-BA"},{"@type":["Person","Organization"],"@id":"https:\/\/sandzakpress.net\/arhiva\/#\/schema\/person\/6e72b67d6e51910a1117b3b483ba20bd","name":"Kul","image":{"@type":"ImageObject","inLanguage":"bs-BA","@id":"https:\/\/sandzakpress.net\/arhiva\/#\/schema\/person\/image\/","url":"https:\/\/secure.gravatar.com\/avatar\/42263f39aa27ac04c43cab85c280eb2e?s=96&d=mm&r=pg","contentUrl":"https:\/\/secure.gravatar.com\/avatar\/42263f39aa27ac04c43cab85c280eb2e?s=96&d=mm&r=pg","caption":"Kul"},"logo":{"@id":"https:\/\/sandzakpress.net\/arhiva\/#\/schema\/person\/image\/"}},{"@type":"Person","@id":"https:\/\/sandzakpress.net\/arhiva\/#\/schema\/person\/c8baee722073534b583ea7bdb2e36c02","name":"bosniak","image":{"@type":"ImageObject","inLanguage":"bs-BA","@id":"https:\/\/sandzakpress.net\/arhiva\/#\/schema\/person\/image\/","url":"https:\/\/secure.gravatar.com\/avatar\/a04fd330bfe3a36a72a0ad4a6d89fca7?s=96&d=mm&r=pg","contentUrl":"https:\/\/secure.gravatar.com\/avatar\/a04fd330bfe3a36a72a0ad4a6d89fca7?s=96&d=mm&r=pg","caption":"bosniak"},"url":"https:\/\/sandzakpress.net\/arhiva\/author\/bosniak\/"}]}},"_links":{"self":[{"href":"https:\/\/sandzakpress.net\/arhiva\/wp-json\/wp\/v2\/posts\/5597"}],"collection":[{"href":"https:\/\/sandzakpress.net\/arhiva\/wp-json\/wp\/v2\/posts"}],"about":[{"href":"https:\/\/sandzakpress.net\/arhiva\/wp-json\/wp\/v2\/types\/post"}],"author":[{"embeddable":true,"href":"https:\/\/sandzakpress.net\/arhiva\/wp-json\/wp\/v2\/users\/83"}],"replies":[{"embeddable":true,"href":"https:\/\/sandzakpress.net\/arhiva\/wp-json\/wp\/v2\/comments?post=5597"}],"version-history":[{"count":0,"href":"https:\/\/sandzakpress.net\/arhiva\/wp-json\/wp\/v2\/posts\/5597\/revisions"}],"wp:featuredmedia":[{"embeddable":true,"href":"https:\/\/sandzakpress.net\/arhiva\/wp-json\/wp\/v2\/media\/5598"}],"wp:attachment":[{"href":"https:\/\/sandzakpress.net\/arhiva\/wp-json\/wp\/v2\/media?parent=5597"}],"wp:term":[{"taxonomy":"category","embeddable":true,"href":"https:\/\/sandzakpress.net\/arhiva\/wp-json\/wp\/v2\/categories?post=5597"},{"taxonomy":"post_tag","embeddable":true,"href":"https:\/\/sandzakpress.net\/arhiva\/wp-json\/wp\/v2\/tags?post=5597"}],"curies":[{"name":"wp","href":"https:\/\/api.w.org\/{rel}","templated":true}]}}