{"id":5594,"date":"2010-06-29T15:30:49","date_gmt":"2010-06-29T15:30:49","guid":{"rendered":"https:\/\/sandzakpress.net\/arhiva\/?p=5594"},"modified":"2010-06-29T15:30:49","modified_gmt":"2010-06-29T15:30:49","slug":"ldp-nece-podrzava-promjenu-lokalnih-vlasti-u-snadzaku","status":"publish","type":"post","link":"https:\/\/sandzakpress.net\/arhiva\/ldp-nece-podrzava-promjenu-lokalnih-vlasti-u-snadzaku\/","title":{"rendered":"LDP ne\u0107e podr\u017eava promjenu lokalnih vlasti u Snad\u017eaku"},"content":{"rendered":"<div><strong><a href=\"https:\/\/sandzakpress.net\/arhiva\/wp-content\/uploads\/2010\/06\/01ldp.jpg\"><img loading=\"lazy\" decoding=\"async\" class=\"alignleft size-medium wp-image-5595\" title=\"01ldp\" src=\"https:\/\/sandzakpress.net\/arhiva\/wp-content\/uploads\/2010\/06\/01ldp-300x225.jpg\" alt=\"\" width=\"171\" height=\"128\" \/><\/a>Sjeverni Sand\u017eak &#8211; Povodom informacija koje su se poslednjih dana pojavile u medijima a u vezi sa mogu\u0107im stvaranjem novih koalicija na lokalnom nivou u sand\u017eaku, Liberalno Demokratska Partija izdaje slede\u0107e:<\/strong><\/div>\n<div><\/div>\n<div style=\"text-align: center;\"><strong>SAOP\u0160TENJE<\/strong><strong><br \/>\n<\/strong><\/div>\n<div>\n<div style=\"text-align: center;\"><em><strong><br \/>\n<\/strong><\/em><\/div>\n<\/div>\n<div>Liberalno demokratska partija \u010dvrsto ostaje pri stavu da \u0107e se i ubudu\u0107e boriti za prave vrednosti, vrednosti koje \u0107e nas sve zajedno povesti prema Evropi, prema kvalitetnijem i boljem \u017eivotu.<\/div>\n<div><\/div>\n<div>Liberalno demokratska partija \u0107e i ubudu\u0107e podr\u017eavati one najvrednije i najbolje me\u0111u nama, one o \u010dijem radu govore ostvareni rezultati a ne pla\u0107eni mediji.<\/div>\n<div><\/div>\n<div>Ovo svakako zna\u010di da mi u LDP-u ne\u0107emo menjati stavove koje smo do sada imali i da ne\u0107emo podr\u017eati one koje ni do sada nismo podr\u017eavali, jer na\u0161i stavovi nisu na prodaju.<\/div>\n<div>Oni koji su prokockali podr\u0161ku i poverenje gra\u0111ana, \u0161to su jasno pokazali poslednji izbori, trebalo bi da se bave razlozima zbog kojih su doveli sebe u tu situaciju, a ne da se bave raznim kalkulacijama i dezinformacijama o izbacivanju iz vlasti onih koji su podr\u017eali pobedni\u010dku listu na izborima za nacionalni savet a sve u cilju umanjenja uspeha i velike pobede liste Bo\u0161nja\u010dke kulturne zajednice.<\/div>\n<div><\/div>\n<div>Liberalno demokratska partija nije i ne\u0107e biti u dru\u0161tvu onih koji se bave ovakvim kalkulacijama i poziva sve one koje interesuju na\u0161i stavovi i planovi, da se o istim informi\u0161u isklju\u010divo od\u00a0 predstavnika LDP-a!<\/div>\n<div><\/div>\n<div>Izvor: <strong>SandzakPRESS.net<\/strong><\/div>\n","protected":false},"excerpt":{"rendered":"<p>Sjeverni Sand\u017eak &#8211; Povodom informacija koje su se poslednjih dana pojavile u medijima a u vezi sa mogu\u0107im stvaranjem novih koalicija na lokalnom nivou u sand\u017eaku, Liberalno Demokratska Partija izdaje slede\u0107e: SAOP\u0160TENJE Liberalno demokratska partija \u010dvrsto ostaje pri stavu da \u0107e se i ubudu\u0107e boriti za prave vrednosti, vrednosti koje \u0107e nas sve zajedno povesti [&hellip;]<\/p>\n","protected":false},"author":83,"featured_media":5595,"comment_status":"open","ping_status":"open","sticky":false,"template":"","format":"standard","meta":{"footnotes":""},"categories":[72,1,52],"tags":[],"class_list":{"0":"post-5594","1":"post","2":"type-post","3":"status-publish","4":"format-standard","5":"has-post-thumbnail","7":"category-novi-pazar","8":"category-politika","9":"category-sjenica"},"yoast_head":"<!-- This site is optimized with the Yoast SEO Premium plugin v23.1 (Yoast SEO v24.9) - https:\/\/yoast.com\/wordpress\/plugins\/seo\/ -->\n<title>LDP ne\u0107e podr\u017eava promjenu lokalnih vlasti u Snad\u017eaku<\/title>\n<meta name=\"robots\" content=\"index, follow, max-snippet:-1, max-image-preview:large, max-video-preview:-1\" \/>\n<link rel=\"canonical\" href=\"https:\/\/sandzakpress.net\/arhiva\/ldp-nece-podrzava-promjenu-lokalnih-vlasti-u-snadzaku\/\" \/>\n<meta property=\"og:locale\" content=\"bs_BA\" \/>\n<meta property=\"og:type\" content=\"article\" \/>\n<meta property=\"og:title\" content=\"LDP ne\u0107e podr\u017eava promjenu lokalnih vlasti u Snad\u017eaku\" \/>\n<meta property=\"og:description\" content=\"Sjeverni Sand\u017eak &#8211; Povodom informacija koje su se poslednjih dana pojavile u medijima a u vezi sa mogu\u0107im stvaranjem novih koalicija na lokalnom nivou u sand\u017eaku, Liberalno Demokratska Partija izdaje slede\u0107e: SAOP\u0160TENJE Liberalno demokratska partija \u010dvrsto ostaje pri stavu da \u0107e se i ubudu\u0107e boriti za prave vrednosti, vrednosti koje \u0107e nas sve zajedno povesti [&hellip;]\" \/>\n<meta property=\"og:url\" content=\"https:\/\/sandzakpress.net\/arhiva\/ldp-nece-podrzava-promjenu-lokalnih-vlasti-u-snadzaku\/\" \/>\n<meta property=\"og:site_name\" content=\"Sand\u017eak PRESS\" \/>\n<meta property=\"article:published_time\" content=\"2010-06-29T15:30:49+00:00\" \/>\n<meta property=\"og:image\" content=\"https:\/\/sandzakpress.net\/arhiva\/wp-content\/uploads\/2010\/06\/01ldp.jpg\" \/>\n\t<meta property=\"og:image:width\" content=\"616\" \/>\n\t<meta property=\"og:image:height\" content=\"462\" \/>\n\t<meta property=\"og:image:type\" content=\"image\/jpeg\" \/>\n<meta name=\"author\" content=\"bosniak\" \/>\n<meta name=\"twitter:card\" content=\"summary_large_image\" \/>\n<meta name=\"twitter:label1\" content=\"Written by\" \/>\n\t<meta name=\"twitter:data1\" content=\"bosniak\" \/>\n\t<meta name=\"twitter:label2\" content=\"Est. reading time\" \/>\n\t<meta name=\"twitter:data2\" content=\"1 minuta\" \/>\n<script type=\"application\/ld+json\" class=\"yoast-schema-graph\">{\"@context\":\"https:\/\/schema.org\",\"@graph\":[{\"@type\":\"Article\",\"@id\":\"https:\/\/sandzakpress.net\/arhiva\/ldp-nece-podrzava-promjenu-lokalnih-vlasti-u-snadzaku\/#article\",\"isPartOf\":{\"@id\":\"https:\/\/sandzakpress.net\/arhiva\/ldp-nece-podrzava-promjenu-lokalnih-vlasti-u-snadzaku\/\"},\"author\":{\"name\":\"bosniak\",\"@id\":\"https:\/\/sandzakpress.net\/arhiva\/#\/schema\/person\/c8baee722073534b583ea7bdb2e36c02\"},\"headline\":\"LDP ne\u0107e podr\u017eava promjenu lokalnih vlasti u Snad\u017eaku\",\"datePublished\":\"2010-06-29T15:30:49+00:00\",\"mainEntityOfPage\":{\"@id\":\"https:\/\/sandzakpress.net\/arhiva\/ldp-nece-podrzava-promjenu-lokalnih-vlasti-u-snadzaku\/\"},\"wordCount\":258,\"commentCount\":0,\"publisher\":{\"@id\":\"https:\/\/sandzakpress.net\/arhiva\/#\/schema\/person\/6e72b67d6e51910a1117b3b483ba20bd\"},\"image\":{\"@id\":\"https:\/\/sandzakpress.net\/arhiva\/ldp-nece-podrzava-promjenu-lokalnih-vlasti-u-snadzaku\/#primaryimage\"},\"thumbnailUrl\":\"https:\/\/sandzakpress.net\/arhiva\/wp-content\/uploads\/2010\/06\/01ldp.jpg\",\"articleSection\":[\"Novi Pazar\",\"Politika\",\"Sjenica\"],\"inLanguage\":\"bs-BA\",\"potentialAction\":[{\"@type\":\"CommentAction\",\"name\":\"Comment\",\"target\":[\"https:\/\/sandzakpress.net\/arhiva\/ldp-nece-podrzava-promjenu-lokalnih-vlasti-u-snadzaku\/#respond\"]}]},{\"@type\":\"WebPage\",\"@id\":\"https:\/\/sandzakpress.net\/arhiva\/ldp-nece-podrzava-promjenu-lokalnih-vlasti-u-snadzaku\/\",\"url\":\"https:\/\/sandzakpress.net\/arhiva\/ldp-nece-podrzava-promjenu-lokalnih-vlasti-u-snadzaku\/\",\"name\":\"LDP ne\u0107e podr\u017eava promjenu lokalnih vlasti u Snad\u017eaku\",\"isPartOf\":{\"@id\":\"https:\/\/sandzakpress.net\/arhiva\/#website\"},\"primaryImageOfPage\":{\"@id\":\"https:\/\/sandzakpress.net\/arhiva\/ldp-nece-podrzava-promjenu-lokalnih-vlasti-u-snadzaku\/#primaryimage\"},\"image\":{\"@id\":\"https:\/\/sandzakpress.net\/arhiva\/ldp-nece-podrzava-promjenu-lokalnih-vlasti-u-snadzaku\/#primaryimage\"},\"thumbnailUrl\":\"https:\/\/sandzakpress.net\/arhiva\/wp-content\/uploads\/2010\/06\/01ldp.jpg\",\"datePublished\":\"2010-06-29T15:30:49+00:00\",\"breadcrumb\":{\"@id\":\"https:\/\/sandzakpress.net\/arhiva\/ldp-nece-podrzava-promjenu-lokalnih-vlasti-u-snadzaku\/#breadcrumb\"},\"inLanguage\":\"bs-BA\",\"potentialAction\":[{\"@type\":\"ReadAction\",\"target\":[\"https:\/\/sandzakpress.net\/arhiva\/ldp-nece-podrzava-promjenu-lokalnih-vlasti-u-snadzaku\/\"]}]},{\"@type\":\"ImageObject\",\"inLanguage\":\"bs-BA\",\"@id\":\"https:\/\/sandzakpress.net\/arhiva\/ldp-nece-podrzava-promjenu-lokalnih-vlasti-u-snadzaku\/#primaryimage\",\"url\":\"https:\/\/sandzakpress.net\/arhiva\/wp-content\/uploads\/2010\/06\/01ldp.jpg\",\"contentUrl\":\"https:\/\/sandzakpress.net\/arhiva\/wp-content\/uploads\/2010\/06\/01ldp.jpg\",\"width\":616,\"height\":462},{\"@type\":\"BreadcrumbList\",\"@id\":\"https:\/\/sandzakpress.net\/arhiva\/ldp-nece-podrzava-promjenu-lokalnih-vlasti-u-snadzaku\/#breadcrumb\",\"itemListElement\":[{\"@type\":\"ListItem\",\"position\":1,\"name\":\"Home\",\"item\":\"https:\/\/sandzakpress.net\/arhiva\/\"},{\"@type\":\"ListItem\",\"position\":2,\"name\":\"LDP ne\u0107e podr\u017eava promjenu lokalnih vlasti u Snad\u017eaku\"}]},{\"@type\":\"WebSite\",\"@id\":\"https:\/\/sandzakpress.net\/arhiva\/#website\",\"url\":\"https:\/\/sandzakpress.net\/arhiva\/\",\"name\":\"Sand\u017eak PRESS\",\"description\":\"Prve elektronske novine u Sand\u017eaku\",\"publisher\":{\"@id\":\"https:\/\/sandzakpress.net\/arhiva\/#\/schema\/person\/6e72b67d6e51910a1117b3b483ba20bd\"},\"potentialAction\":[{\"@type\":\"SearchAction\",\"target\":{\"@type\":\"EntryPoint\",\"urlTemplate\":\"https:\/\/sandzakpress.net\/arhiva\/?s={search_term_string}\"},\"query-input\":{\"@type\":\"PropertyValueSpecification\",\"valueRequired\":true,\"valueName\":\"search_term_string\"}}],\"inLanguage\":\"bs-BA\"},{\"@type\":[\"Person\",\"Organization\"],\"@id\":\"https:\/\/sandzakpress.net\/arhiva\/#\/schema\/person\/6e72b67d6e51910a1117b3b483ba20bd\",\"name\":\"Kul\",\"image\":{\"@type\":\"ImageObject\",\"inLanguage\":\"bs-BA\",\"@id\":\"https:\/\/sandzakpress.net\/arhiva\/#\/schema\/person\/image\/\",\"url\":\"https:\/\/secure.gravatar.com\/avatar\/42263f39aa27ac04c43cab85c280eb2e?s=96&d=mm&r=pg\",\"contentUrl\":\"https:\/\/secure.gravatar.com\/avatar\/42263f39aa27ac04c43cab85c280eb2e?s=96&d=mm&r=pg\",\"caption\":\"Kul\"},\"logo\":{\"@id\":\"https:\/\/sandzakpress.net\/arhiva\/#\/schema\/person\/image\/\"}},{\"@type\":\"Person\",\"@id\":\"https:\/\/sandzakpress.net\/arhiva\/#\/schema\/person\/c8baee722073534b583ea7bdb2e36c02\",\"name\":\"bosniak\",\"image\":{\"@type\":\"ImageObject\",\"inLanguage\":\"bs-BA\",\"@id\":\"https:\/\/sandzakpress.net\/arhiva\/#\/schema\/person\/image\/\",\"url\":\"https:\/\/secure.gravatar.com\/avatar\/a04fd330bfe3a36a72a0ad4a6d89fca7?s=96&d=mm&r=pg\",\"contentUrl\":\"https:\/\/secure.gravatar.com\/avatar\/a04fd330bfe3a36a72a0ad4a6d89fca7?s=96&d=mm&r=pg\",\"caption\":\"bosniak\"},\"url\":\"https:\/\/sandzakpress.net\/arhiva\/author\/bosniak\/\"}]}<\/script>\n<!-- \/ Yoast SEO Premium plugin. -->","yoast_head_json":{"title":"LDP ne\u0107e podr\u017eava promjenu lokalnih vlasti u Snad\u017eaku","robots":{"index":"index","follow":"follow","max-snippet":"max-snippet:-1","max-image-preview":"max-image-preview:large","max-video-preview":"max-video-preview:-1"},"canonical":"https:\/\/sandzakpress.net\/arhiva\/ldp-nece-podrzava-promjenu-lokalnih-vlasti-u-snadzaku\/","og_locale":"bs_BA","og_type":"article","og_title":"LDP ne\u0107e podr\u017eava promjenu lokalnih vlasti u Snad\u017eaku","og_description":"Sjeverni Sand\u017eak &#8211; Povodom informacija koje su se poslednjih dana pojavile u medijima a u vezi sa mogu\u0107im stvaranjem novih koalicija na lokalnom nivou u sand\u017eaku, Liberalno Demokratska Partija izdaje slede\u0107e: SAOP\u0160TENJE Liberalno demokratska partija \u010dvrsto ostaje pri stavu da \u0107e se i ubudu\u0107e boriti za prave vrednosti, vrednosti koje \u0107e nas sve zajedno povesti [&hellip;]","og_url":"https:\/\/sandzakpress.net\/arhiva\/ldp-nece-podrzava-promjenu-lokalnih-vlasti-u-snadzaku\/","og_site_name":"Sand\u017eak PRESS","article_published_time":"2010-06-29T15:30:49+00:00","og_image":[{"width":616,"height":462,"url":"https:\/\/sandzakpress.net\/arhiva\/wp-content\/uploads\/2010\/06\/01ldp.jpg","type":"image\/jpeg"}],"author":"bosniak","twitter_card":"summary_large_image","twitter_misc":{"Written by":"bosniak","Est. reading time":"1 minuta"},"schema":{"@context":"https:\/\/schema.org","@graph":[{"@type":"Article","@id":"https:\/\/sandzakpress.net\/arhiva\/ldp-nece-podrzava-promjenu-lokalnih-vlasti-u-snadzaku\/#article","isPartOf":{"@id":"https:\/\/sandzakpress.net\/arhiva\/ldp-nece-podrzava-promjenu-lokalnih-vlasti-u-snadzaku\/"},"author":{"name":"bosniak","@id":"https:\/\/sandzakpress.net\/arhiva\/#\/schema\/person\/c8baee722073534b583ea7bdb2e36c02"},"headline":"LDP ne\u0107e podr\u017eava promjenu lokalnih vlasti u Snad\u017eaku","datePublished":"2010-06-29T15:30:49+00:00","mainEntityOfPage":{"@id":"https:\/\/sandzakpress.net\/arhiva\/ldp-nece-podrzava-promjenu-lokalnih-vlasti-u-snadzaku\/"},"wordCount":258,"commentCount":0,"publisher":{"@id":"https:\/\/sandzakpress.net\/arhiva\/#\/schema\/person\/6e72b67d6e51910a1117b3b483ba20bd"},"image":{"@id":"https:\/\/sandzakpress.net\/arhiva\/ldp-nece-podrzava-promjenu-lokalnih-vlasti-u-snadzaku\/#primaryimage"},"thumbnailUrl":"https:\/\/sandzakpress.net\/arhiva\/wp-content\/uploads\/2010\/06\/01ldp.jpg","articleSection":["Novi Pazar","Politika","Sjenica"],"inLanguage":"bs-BA","potentialAction":[{"@type":"CommentAction","name":"Comment","target":["https:\/\/sandzakpress.net\/arhiva\/ldp-nece-podrzava-promjenu-lokalnih-vlasti-u-snadzaku\/#respond"]}]},{"@type":"WebPage","@id":"https:\/\/sandzakpress.net\/arhiva\/ldp-nece-podrzava-promjenu-lokalnih-vlasti-u-snadzaku\/","url":"https:\/\/sandzakpress.net\/arhiva\/ldp-nece-podrzava-promjenu-lokalnih-vlasti-u-snadzaku\/","name":"LDP ne\u0107e podr\u017eava promjenu lokalnih vlasti u Snad\u017eaku","isPartOf":{"@id":"https:\/\/sandzakpress.net\/arhiva\/#website"},"primaryImageOfPage":{"@id":"https:\/\/sandzakpress.net\/arhiva\/ldp-nece-podrzava-promjenu-lokalnih-vlasti-u-snadzaku\/#primaryimage"},"image":{"@id":"https:\/\/sandzakpress.net\/arhiva\/ldp-nece-podrzava-promjenu-lokalnih-vlasti-u-snadzaku\/#primaryimage"},"thumbnailUrl":"https:\/\/sandzakpress.net\/arhiva\/wp-content\/uploads\/2010\/06\/01ldp.jpg","datePublished":"2010-06-29T15:30:49+00:00","breadcrumb":{"@id":"https:\/\/sandzakpress.net\/arhiva\/ldp-nece-podrzava-promjenu-lokalnih-vlasti-u-snadzaku\/#breadcrumb"},"inLanguage":"bs-BA","potentialAction":[{"@type":"ReadAction","target":["https:\/\/sandzakpress.net\/arhiva\/ldp-nece-podrzava-promjenu-lokalnih-vlasti-u-snadzaku\/"]}]},{"@type":"ImageObject","inLanguage":"bs-BA","@id":"https:\/\/sandzakpress.net\/arhiva\/ldp-nece-podrzava-promjenu-lokalnih-vlasti-u-snadzaku\/#primaryimage","url":"https:\/\/sandzakpress.net\/arhiva\/wp-content\/uploads\/2010\/06\/01ldp.jpg","contentUrl":"https:\/\/sandzakpress.net\/arhiva\/wp-content\/uploads\/2010\/06\/01ldp.jpg","width":616,"height":462},{"@type":"BreadcrumbList","@id":"https:\/\/sandzakpress.net\/arhiva\/ldp-nece-podrzava-promjenu-lokalnih-vlasti-u-snadzaku\/#breadcrumb","itemListElement":[{"@type":"ListItem","position":1,"name":"Home","item":"https:\/\/sandzakpress.net\/arhiva\/"},{"@type":"ListItem","position":2,"name":"LDP ne\u0107e podr\u017eava promjenu lokalnih vlasti u Snad\u017eaku"}]},{"@type":"WebSite","@id":"https:\/\/sandzakpress.net\/arhiva\/#website","url":"https:\/\/sandzakpress.net\/arhiva\/","name":"Sand\u017eak PRESS","description":"Prve elektronske novine u Sand\u017eaku","publisher":{"@id":"https:\/\/sandzakpress.net\/arhiva\/#\/schema\/person\/6e72b67d6e51910a1117b3b483ba20bd"},"potentialAction":[{"@type":"SearchAction","target":{"@type":"EntryPoint","urlTemplate":"https:\/\/sandzakpress.net\/arhiva\/?s={search_term_string}"},"query-input":{"@type":"PropertyValueSpecification","valueRequired":true,"valueName":"search_term_string"}}],"inLanguage":"bs-BA"},{"@type":["Person","Organization"],"@id":"https:\/\/sandzakpress.net\/arhiva\/#\/schema\/person\/6e72b67d6e51910a1117b3b483ba20bd","name":"Kul","image":{"@type":"ImageObject","inLanguage":"bs-BA","@id":"https:\/\/sandzakpress.net\/arhiva\/#\/schema\/person\/image\/","url":"https:\/\/secure.gravatar.com\/avatar\/42263f39aa27ac04c43cab85c280eb2e?s=96&d=mm&r=pg","contentUrl":"https:\/\/secure.gravatar.com\/avatar\/42263f39aa27ac04c43cab85c280eb2e?s=96&d=mm&r=pg","caption":"Kul"},"logo":{"@id":"https:\/\/sandzakpress.net\/arhiva\/#\/schema\/person\/image\/"}},{"@type":"Person","@id":"https:\/\/sandzakpress.net\/arhiva\/#\/schema\/person\/c8baee722073534b583ea7bdb2e36c02","name":"bosniak","image":{"@type":"ImageObject","inLanguage":"bs-BA","@id":"https:\/\/sandzakpress.net\/arhiva\/#\/schema\/person\/image\/","url":"https:\/\/secure.gravatar.com\/avatar\/a04fd330bfe3a36a72a0ad4a6d89fca7?s=96&d=mm&r=pg","contentUrl":"https:\/\/secure.gravatar.com\/avatar\/a04fd330bfe3a36a72a0ad4a6d89fca7?s=96&d=mm&r=pg","caption":"bosniak"},"url":"https:\/\/sandzakpress.net\/arhiva\/author\/bosniak\/"}]}},"_links":{"self":[{"href":"https:\/\/sandzakpress.net\/arhiva\/wp-json\/wp\/v2\/posts\/5594"}],"collection":[{"href":"https:\/\/sandzakpress.net\/arhiva\/wp-json\/wp\/v2\/posts"}],"about":[{"href":"https:\/\/sandzakpress.net\/arhiva\/wp-json\/wp\/v2\/types\/post"}],"author":[{"embeddable":true,"href":"https:\/\/sandzakpress.net\/arhiva\/wp-json\/wp\/v2\/users\/83"}],"replies":[{"embeddable":true,"href":"https:\/\/sandzakpress.net\/arhiva\/wp-json\/wp\/v2\/comments?post=5594"}],"version-history":[{"count":0,"href":"https:\/\/sandzakpress.net\/arhiva\/wp-json\/wp\/v2\/posts\/5594\/revisions"}],"wp:featuredmedia":[{"embeddable":true,"href":"https:\/\/sandzakpress.net\/arhiva\/wp-json\/wp\/v2\/media\/5595"}],"wp:attachment":[{"href":"https:\/\/sandzakpress.net\/arhiva\/wp-json\/wp\/v2\/media?parent=5594"}],"wp:term":[{"taxonomy":"category","embeddable":true,"href":"https:\/\/sandzakpress.net\/arhiva\/wp-json\/wp\/v2\/categories?post=5594"},{"taxonomy":"post_tag","embeddable":true,"href":"https:\/\/sandzakpress.net\/arhiva\/wp-json\/wp\/v2\/tags?post=5594"}],"curies":[{"name":"wp","href":"https:\/\/api.w.org\/{rel}","templated":true}]}}