{"id":5588,"date":"2010-06-29T15:24:21","date_gmt":"2010-06-29T15:24:21","guid":{"rendered":"https:\/\/sandzakpress.net\/arhiva\/?p=5588"},"modified":"2010-07-01T21:39:00","modified_gmt":"2010-07-01T21:39:00","slug":"pocela-manifestacija-%e2%80%9edani-srebrenice-u-sandzaku%e2%80%9c","status":"publish","type":"post","link":"https:\/\/sandzakpress.net\/arhiva\/pocela-manifestacija-%e2%80%9edani-srebrenice-u-sandzaku%e2%80%9c\/","title":{"rendered":"Po\u010dela Manifestacija \u201eDani Srebrenice u Sand\u017eaku\u201c"},"content":{"rendered":"<p><strong><a href=\"https:\/\/sandzakpress.net\/arhiva\/wp-content\/uploads\/2010\/06\/DSC_0053.jpg\"><img loading=\"lazy\" decoding=\"async\" class=\"alignleft size-medium wp-image-5589\" title=\"DSC_0053\" src=\"https:\/\/sandzakpress.net\/arhiva\/wp-content\/uploads\/2010\/06\/DSC_0053-300x199.jpg\" alt=\"\" width=\"300\" height=\"199\" \/><\/a>Novi Pazar &#8211; Manifestacija \u201eDani Srebrenice u Sand\u017eaku\u201c zapo\u010dela je u subotu 26. juna 2010. godine u Novom Pazaru. <\/strong><\/p>\n<p>Go\u0161\u0107e Novog Pazara bile su majke iz Srebrenice, Munira Suba\u0161i\u0107-predsjednica Udru\u017eenja majki enklava Srebrenice i \u017depe, Sabra Kolenovi\u0107- \u010dlanica Udru\u017eenja, Kadefa Rizvanovi\u0107- \u010dlanica Udru\u017eenja, \u0160uhra Sinanovi\u0107- predsjednica Udru\u017eenja \u017eena Podrinje, \u0160ehida Abdurahmanovi\u0107- prva \u017eena povratnica u Srebrenicu, Almedina Pa\u0161i\u0107- povratnica u Srebrenicu i Damir Pa\u0161ali\u0107- Glavni imam Med\u017elisa IZ-e Srebrenca.\u00a0\u00a0Prisutni gra\u0111ani u Koncertnoj dvorani Kulturnog centra u Novom Pazaru su na po\u010detku pogledali dokumentarni film \u201eSrebrenica\u201c koji prikazuje slike doga\u0111anja u Srebrenici koje su se zbile tog jula 1995. godine. Film nikoga nije ostavio ravnodu\u0161nim, a u o\u010dima mnogih su se vidjele suze. Nakon filma prisutnima se obratio predsjednik skup\u0161tine Bo\u0161nja\u010dke kulturne zajednice Samir Tandir koji je izme\u0111u ostalog rekao:<\/p>\n<p>\u201eKada ponekad imam dilemu u sopstvenoj glavi dali nastaviti borbu u kojoj smo svi mi bez obzira \u010dime se bavimo, sjetim se majke Munire Suba\u0161i\u0107 iz Srebrenice koja je izgubila na desetine \u010dlanova svoje porodice, ali joj ne pada na pamet da odustane od borbe za istinu. Ovo mora da bude ideja vodilja svih nas. Nikada ne\u0107emo odustati od borbe za istinu. Poslije 11. jula 1995. godine Srebrenica je ime za najve\u0107i zlo\u010din koji se desio u Evropi Poslije Drugog svjetskog rata. Priprema za genocid po\u010dinje onog trenutka kada se predhodni genocid zaboravi. Zato ne\u0107emo nikada prestati govoriti o Srebrenici, da se Srebrenica vi\u0161e nikad i nikome ne ponovi.\u201c<\/p>\n<p>Munira Suba\u0161i\u0107, majka koja je u Srebrenici izgubila na desetine \u010dlanova svoje porodice pozdravljena je od prisutnih velikim apaluzom, a ova hrabra \u017eena, borac za istinu i pravdu pri\u010dala je o svojim sje\u0107anjima i o borbi koju poduzima Udru\u017eenje na \u010dijem je \u010delu da se istina o Srebrenici sazna i nikada ne zaboravi:<br \/>\n\u201eJa sam jedna od majki koja je pre\u017eivjela genocid. Mi znamo \u0161ta zna\u010di bol, \u0161ta zna\u010di tuga. Znamo \u0161ta zna\u010di kada vam ubiju sina, kada vam ubiju mu\u017ea, kada vam ubiju cijelu familiju. Mi znamo \u0161ta zna\u010di sa bolom le\u0107i, sa tugom ustati. Zato smo ponosne Bo\u0161njakinje-muslimanke digle svoj glas i svjedo\u010dile u Hagu. Zahvaljuju\u0107i nama sud u hagu donio je odluku da je po\u010dinjen genocid. U Srebrenici je po\u010dinjen genocid pod zastavom Ujedinjenih nacija, pred o\u010dima cijelog svijeta. Mi majke smo pokrenule tu\u017ebu protiv vlade Holandije i protiv Ujedinjenih nacija. Mo\u017ee li neko \u010diniti zlo\u010din i biti za\u0161ti\u0107en? Ne mo\u017ee. Pa ne mogu ni Ujedinjene nacije. Ako Bog da pravda je na na\u0161oj strani. Djeca koja su ostala bez jednog ili oba roditelja mogu kazati da su najbolja djeca. Zavr\u0161avaju \u0161kole i fakultete. Mi smo majke njima kazale da moramo biti druga\u010diji od ubica na\u0161e djece. Rekle smo im da moraju u\u010diti i skoro je iza\u0161la generacija dje\u010daka i djevoj\u010dica \u010diji je prosjek na studijama bio 9,80. Snagu za ovu borbu daju mi majke, na\u0161 efendija koji je do\u0161ao da bude imam u Srebrenici, snagu mi daju obi\u010dni Bosanci, gra\u0111ani, a snagu mi daje i uva\u017eeni Muftija. Pozivam vas da 11. jula do\u0111ete u Srebrenicu, da budete sa nama, jer taj dan je najte\u017ei od svih dana. Nikada ne\u0107emo halaliti.\u201c<br \/>\nNakon majke Munire prisutnima se obratila \u0160uhra Sinanovi\u0107- predsjednica Udru\u017eenja \u017eena Podrinja.<\/p>\n<p>\u201eJa sam u Srebrenici izgubila svoja 23 \u010dlana porodice Sinanovi\u0107. Genocid nad Bo\u0161njacima se desio u \u010ditavoj Bosni i Hercegovini, ali je onaj u Srebrenici najve\u0107i. Uz pomo\u0107 koju nam svi vi pru\u017eate i uz Allahovu d\u017e.\u0161. pomo\u0107 istarja\u0107emo u tra\u017eenju istine i pravde.\u201c<br \/>\nGlavni imam med\u017elisa Srebrenica Damir-ef Pa\u0161ali\u0107 je u svojem kratkom obra\u0107anju rekao:<br \/>\n\u201eJa kada se na\u0111em u dru\u0161tvu na\u0161ih majki Sreberenice ja volim da stojim i da njih slu\u0161am i da pitam \u0161ta treba da radim. Bo\u0161njaci moraju shvatiti da je na\u0161a sveta obaveza da djecu nau\u010dimo da se u Srebrenici desio genocid. Kada mi shvatimo da se desio genocid tada \u0107e oni koji genocid negiraju to shvatiti. Prvi put u istoriji se de\u0161ava da se \u017ertve genocida vra\u0107aju na mjesto gdje je genocid po\u010dinjen. Na\u0161e majke su se po\u010dele vra\u0107ati tamo gdje su izgubile svoju djecu. Sve \u0161to rade jeste borba za pravdu i za budu\u0107nost na\u0161e djece jer su one svoju djecu izgubile. Ku\u0107e onih koji su se vratili jesu u Srebrenici, ali duhovna ku\u0107a svih Bo\u0161njaka mora biti u Srebrenici.\u201c<\/p>\n<p>Nakon obra\u0107anja gostiju iz srebrenice prisutnima se obratio i glavni muftija Islamske zajednice u Srbiji Muamer-ef. Zukorli\u0107. Muftija je u svojem obra\u0107anju rekao:<\/p>\n<p>\u201ePonosim se svojim narodom \u0161to ima snage hodati opasnim putem izme\u0111u zaborava i osvete. Bra\u0107o Bo\u0161njaci budite ponosni na sebe, budite ponosni na svoju vjeru, svoju kulturu i tradiciju, i budite ponosni \u0161to pripadate narodu \u017ertve koja pobje\u0111uje a ne onima koji su po\u010dinili genocid. Nemati svijest o genocidu zna\u010di nemati svoj identitet. Znate da se proteklih godina borimo da Sarajevo ostane na\u0161 duhovni centar. Znate da su nam zbog toga izvr\u0161ili agresiju na Islamsku zajednicu. Jako mnogo je ulo\u017eio bo\u0161nja\u010dki narod da bi se odbranio. Ali ba\u0161 tako kao \u0161to je Sarajevo na\u0161 duhovni centar, na\u0161 moralni centar je Srebrenica. Sudbinski, moralni centar svih Bo\u0161njaka je Srebrenica. Svaki \u010dovjek koji u sebi ima morala i humanosti mora do\u017eivjet Srebrenicu kao moralni centar. Druga stvar koju ne smijemo podcijeniti jeste negacija genocida. Genocid se omalova\u017eava ukoliko se ne naziva svojim imenom. Nedvosmislenu negaciju \u010dine oni \u010dije su ruke direktno ili indirektno krvave od genocida. Oni koji nam se predstavljaju kao demokratska javnost u Srbiji omalova\u017eavaju genocid tako \u0161to ga ne nazivaju pravim imenom. Ono \u0161to me jako brine je to \u0161to u tome sudjeluju i oni koji se predstavljaju kao predstavnici ovoga naroda. Najopasnije je kada narod ima pukotine u svome korpusu, unutar sebe. Bo\u0161nja\u010dka kulturna zajednica drugi put pravi skup u ovoj sali i mora da plati salu. Nije problem u novcu, ve\u0107 je problem \u0161to moramo da platimo da bi smo se setili Srebrenice, i to onima koji su dobili glasove i povjerenje upravo naroda nad kojim je po\u010dinjen genocid u Srebrenici. Nadam se da \u0107e se ovaj narod osloboditi i da \u0107e svoju sudbinu uzeti u svoje ruke i da vi\u0161e nikada ne\u0107emo pla\u0107ati da bi smo se sje\u010dali Srebrenice. Kada sam prije nekoliko godina oti\u0161ao u Srebrenicu vi\u0161e mi se nikada nije desilo da ne odem. Bra\u0107o i sestre budite ponosni \u0161to niste zlo\u010dinci i budite ponosni \u0161to niste licjemerni za\u0161titnici. I nemojte nikom da se pravdate i izvinjavate. Imate svoj put, svoju vjeru, resurs pacifizma, mira koga nema ni jedan narod. Zato imate pravo da i \u010dak i genocid kao najgnusniju stvar koja se mo\u017ee desiti jednom narodu pretvorite u svoju energiju. Upravo gledaju\u0107i majke Srebrenice ja sam se u to uvjerio. One su pokazale da ono \u0161to bi svakoga drugoga sasjeklo i otjeralo u bezna\u0111e i o\u010daj njih je napravilo herojima. Vidite sa kojom energijom i snagom one sprovode svoju misiju.\u201c<br \/>\nNa kraju su prisutni obavije\u0161teni da \u0107e sve institucije Islamske zajednice i Bo\u0161nja\u010dka kulturna zajednica u\u010destvovati u akciji srebreni\u010dkih majki \u201eStub Srama\u201c. Za tu akciju je potrebno sakupiti osam hiljada pari cipela od kojih \u0107e umjetnici izvesti performans i napraviti slova \u201eUN\u201c, jer je Srebrenica bila za\u0161ti\u0107ena zona Ujedinjenih nacija.<\/p>\n<p>Glavni muftija Muamer-ef. Zukorli\u0107 \u0107e za ovu akciju pokloniti svoj par cipela, kao i ostali uposlenici u Islamskoj zajednici te funkcioneri Bo\u0161nja\u010dke kulturne zajednice.<\/p>\n<p>Manifestacija \u201eDani Srebrenice u Sand\u017eaku\u201c nastavlja se i narednih dana u Sjenici, 27. juna 2010. godine u 19 \u010dasova u Zgradi op\u0161tinske uprave, u Tutinu 28. juna 2010. godine u 13,30 \u010dasova u Domu kulture i u Priboju 29. juna 2010. godine u 19,30 \u010dasova Zgradi Med\u017elisa.<\/p>\n<p>Izvor: <strong>BKZ.rs<\/strong><\/p>\n","protected":false},"excerpt":{"rendered":"<p>Novi Pazar &#8211; Manifestacija \u201eDani Srebrenice u Sand\u017eaku\u201c zapo\u010dela je u subotu 26. juna 2010. godine u Novom Pazaru. Go\u0161\u0107e Novog Pazara bile su majke iz Srebrenice, Munira Suba\u0161i\u0107-predsjednica Udru\u017eenja majki enklava Srebrenice i \u017depe, Sabra Kolenovi\u0107- \u010dlanica Udru\u017eenja, Kadefa Rizvanovi\u0107- \u010dlanica Udru\u017eenja, \u0160uhra Sinanovi\u0107- predsjednica Udru\u017eenja \u017eena Podrinje, \u0160ehida Abdurahmanovi\u0107- prva \u017eena povratnica u [&hellip;]<\/p>\n","protected":false},"author":83,"featured_media":5589,"comment_status":"open","ping_status":"open","sticky":false,"template":"","format":"standard","meta":{"footnotes":""},"categories":[72,800],"tags":[],"class_list":{"0":"post-5588","1":"post","2":"type-post","3":"status-publish","4":"format-standard","5":"has-post-thumbnail","7":"category-novi-pazar","8":"category-nacija"},"yoast_head":"<!-- This site is optimized with the Yoast SEO Premium plugin v23.1 (Yoast SEO v24.9) - https:\/\/yoast.com\/wordpress\/plugins\/seo\/ -->\n<title>Po\u010dela Manifestacija \u201eDani Srebrenice u Sand\u017eaku\u201c<\/title>\n<meta name=\"robots\" content=\"index, follow, max-snippet:-1, max-image-preview:large, max-video-preview:-1\" \/>\n<link rel=\"canonical\" href=\"https:\/\/sandzakpress.net\/arhiva\/pocela-manifestacija-\u201edani-srebrenice-u-sandzaku\u201c\/\" \/>\n<meta property=\"og:locale\" content=\"bs_BA\" \/>\n<meta property=\"og:type\" content=\"article\" \/>\n<meta property=\"og:title\" content=\"Po\u010dela Manifestacija \u201eDani Srebrenice u Sand\u017eaku\u201c\" \/>\n<meta property=\"og:description\" content=\"Novi Pazar &#8211; Manifestacija \u201eDani Srebrenice u Sand\u017eaku\u201c zapo\u010dela je u subotu 26. juna 2010. godine u Novom Pazaru. Go\u0161\u0107e Novog Pazara bile su majke iz Srebrenice, Munira Suba\u0161i\u0107-predsjednica Udru\u017eenja majki enklava Srebrenice i \u017depe, Sabra Kolenovi\u0107- \u010dlanica Udru\u017eenja, Kadefa Rizvanovi\u0107- \u010dlanica Udru\u017eenja, \u0160uhra Sinanovi\u0107- predsjednica Udru\u017eenja \u017eena Podrinje, \u0160ehida Abdurahmanovi\u0107- prva \u017eena povratnica u [&hellip;]\" \/>\n<meta property=\"og:url\" content=\"https:\/\/sandzakpress.net\/arhiva\/pocela-manifestacija-\u201edani-srebrenice-u-sandzaku\u201c\/\" \/>\n<meta property=\"og:site_name\" content=\"Sand\u017eak PRESS\" \/>\n<meta property=\"article:published_time\" content=\"2010-06-29T15:24:21+00:00\" \/>\n<meta property=\"article:modified_time\" content=\"2010-07-01T21:39:00+00:00\" \/>\n<meta property=\"og:image\" content=\"https:\/\/sandzakpress.net\/arhiva\/wp-content\/uploads\/2010\/06\/DSC_0053.jpg\" \/>\n\t<meta property=\"og:image:width\" content=\"600\" \/>\n\t<meta property=\"og:image:height\" content=\"399\" \/>\n\t<meta property=\"og:image:type\" content=\"image\/jpeg\" \/>\n<meta name=\"author\" content=\"bosniak\" \/>\n<meta name=\"twitter:card\" content=\"summary_large_image\" \/>\n<meta name=\"twitter:label1\" content=\"Written by\" \/>\n\t<meta name=\"twitter:data1\" content=\"bosniak\" \/>\n\t<meta name=\"twitter:label2\" content=\"Est. reading time\" \/>\n\t<meta name=\"twitter:data2\" content=\"7 minuta\" \/>\n<script type=\"application\/ld+json\" class=\"yoast-schema-graph\">{\"@context\":\"https:\/\/schema.org\",\"@graph\":[{\"@type\":\"Article\",\"@id\":\"https:\/\/sandzakpress.net\/arhiva\/pocela-manifestacija-%e2%80%9edani-srebrenice-u-sandzaku%e2%80%9c\/#article\",\"isPartOf\":{\"@id\":\"https:\/\/sandzakpress.net\/arhiva\/pocela-manifestacija-%e2%80%9edani-srebrenice-u-sandzaku%e2%80%9c\/\"},\"author\":{\"name\":\"bosniak\",\"@id\":\"https:\/\/sandzakpress.net\/arhiva\/#\/schema\/person\/c8baee722073534b583ea7bdb2e36c02\"},\"headline\":\"Po\u010dela Manifestacija \u201eDani Srebrenice u Sand\u017eaku\u201c\",\"datePublished\":\"2010-06-29T15:24:21+00:00\",\"dateModified\":\"2010-07-01T21:39:00+00:00\",\"mainEntityOfPage\":{\"@id\":\"https:\/\/sandzakpress.net\/arhiva\/pocela-manifestacija-%e2%80%9edani-srebrenice-u-sandzaku%e2%80%9c\/\"},\"wordCount\":1381,\"commentCount\":0,\"publisher\":{\"@id\":\"https:\/\/sandzakpress.net\/arhiva\/#\/schema\/person\/6e72b67d6e51910a1117b3b483ba20bd\"},\"image\":{\"@id\":\"https:\/\/sandzakpress.net\/arhiva\/pocela-manifestacija-%e2%80%9edani-srebrenice-u-sandzaku%e2%80%9c\/#primaryimage\"},\"thumbnailUrl\":\"https:\/\/sandzakpress.net\/arhiva\/wp-content\/uploads\/2010\/06\/DSC_0053.jpg\",\"articleSection\":[\"Novi Pazar\",\"Nacija\"],\"inLanguage\":\"bs-BA\",\"potentialAction\":[{\"@type\":\"CommentAction\",\"name\":\"Comment\",\"target\":[\"https:\/\/sandzakpress.net\/arhiva\/pocela-manifestacija-%e2%80%9edani-srebrenice-u-sandzaku%e2%80%9c\/#respond\"]}]},{\"@type\":\"WebPage\",\"@id\":\"https:\/\/sandzakpress.net\/arhiva\/pocela-manifestacija-%e2%80%9edani-srebrenice-u-sandzaku%e2%80%9c\/\",\"url\":\"https:\/\/sandzakpress.net\/arhiva\/pocela-manifestacija-%e2%80%9edani-srebrenice-u-sandzaku%e2%80%9c\/\",\"name\":\"Po\u010dela Manifestacija \u201eDani Srebrenice u Sand\u017eaku\u201c\",\"isPartOf\":{\"@id\":\"https:\/\/sandzakpress.net\/arhiva\/#website\"},\"primaryImageOfPage\":{\"@id\":\"https:\/\/sandzakpress.net\/arhiva\/pocela-manifestacija-%e2%80%9edani-srebrenice-u-sandzaku%e2%80%9c\/#primaryimage\"},\"image\":{\"@id\":\"https:\/\/sandzakpress.net\/arhiva\/pocela-manifestacija-%e2%80%9edani-srebrenice-u-sandzaku%e2%80%9c\/#primaryimage\"},\"thumbnailUrl\":\"https:\/\/sandzakpress.net\/arhiva\/wp-content\/uploads\/2010\/06\/DSC_0053.jpg\",\"datePublished\":\"2010-06-29T15:24:21+00:00\",\"dateModified\":\"2010-07-01T21:39:00+00:00\",\"breadcrumb\":{\"@id\":\"https:\/\/sandzakpress.net\/arhiva\/pocela-manifestacija-%e2%80%9edani-srebrenice-u-sandzaku%e2%80%9c\/#breadcrumb\"},\"inLanguage\":\"bs-BA\",\"potentialAction\":[{\"@type\":\"ReadAction\",\"target\":[\"https:\/\/sandzakpress.net\/arhiva\/pocela-manifestacija-%e2%80%9edani-srebrenice-u-sandzaku%e2%80%9c\/\"]}]},{\"@type\":\"ImageObject\",\"inLanguage\":\"bs-BA\",\"@id\":\"https:\/\/sandzakpress.net\/arhiva\/pocela-manifestacija-%e2%80%9edani-srebrenice-u-sandzaku%e2%80%9c\/#primaryimage\",\"url\":\"https:\/\/sandzakpress.net\/arhiva\/wp-content\/uploads\/2010\/06\/DSC_0053.jpg\",\"contentUrl\":\"https:\/\/sandzakpress.net\/arhiva\/wp-content\/uploads\/2010\/06\/DSC_0053.jpg\",\"width\":600,\"height\":399},{\"@type\":\"BreadcrumbList\",\"@id\":\"https:\/\/sandzakpress.net\/arhiva\/pocela-manifestacija-%e2%80%9edani-srebrenice-u-sandzaku%e2%80%9c\/#breadcrumb\",\"itemListElement\":[{\"@type\":\"ListItem\",\"position\":1,\"name\":\"Home\",\"item\":\"https:\/\/sandzakpress.net\/arhiva\/\"},{\"@type\":\"ListItem\",\"position\":2,\"name\":\"Po\u010dela Manifestacija \u201eDani Srebrenice u Sand\u017eaku\u201c\"}]},{\"@type\":\"WebSite\",\"@id\":\"https:\/\/sandzakpress.net\/arhiva\/#website\",\"url\":\"https:\/\/sandzakpress.net\/arhiva\/\",\"name\":\"Sand\u017eak PRESS\",\"description\":\"Prve elektronske novine u Sand\u017eaku\",\"publisher\":{\"@id\":\"https:\/\/sandzakpress.net\/arhiva\/#\/schema\/person\/6e72b67d6e51910a1117b3b483ba20bd\"},\"potentialAction\":[{\"@type\":\"SearchAction\",\"target\":{\"@type\":\"EntryPoint\",\"urlTemplate\":\"https:\/\/sandzakpress.net\/arhiva\/?s={search_term_string}\"},\"query-input\":{\"@type\":\"PropertyValueSpecification\",\"valueRequired\":true,\"valueName\":\"search_term_string\"}}],\"inLanguage\":\"bs-BA\"},{\"@type\":[\"Person\",\"Organization\"],\"@id\":\"https:\/\/sandzakpress.net\/arhiva\/#\/schema\/person\/6e72b67d6e51910a1117b3b483ba20bd\",\"name\":\"Kul\",\"image\":{\"@type\":\"ImageObject\",\"inLanguage\":\"bs-BA\",\"@id\":\"https:\/\/sandzakpress.net\/arhiva\/#\/schema\/person\/image\/\",\"url\":\"https:\/\/secure.gravatar.com\/avatar\/42263f39aa27ac04c43cab85c280eb2e?s=96&d=mm&r=pg\",\"contentUrl\":\"https:\/\/secure.gravatar.com\/avatar\/42263f39aa27ac04c43cab85c280eb2e?s=96&d=mm&r=pg\",\"caption\":\"Kul\"},\"logo\":{\"@id\":\"https:\/\/sandzakpress.net\/arhiva\/#\/schema\/person\/image\/\"}},{\"@type\":\"Person\",\"@id\":\"https:\/\/sandzakpress.net\/arhiva\/#\/schema\/person\/c8baee722073534b583ea7bdb2e36c02\",\"name\":\"bosniak\",\"image\":{\"@type\":\"ImageObject\",\"inLanguage\":\"bs-BA\",\"@id\":\"https:\/\/sandzakpress.net\/arhiva\/#\/schema\/person\/image\/\",\"url\":\"https:\/\/secure.gravatar.com\/avatar\/a04fd330bfe3a36a72a0ad4a6d89fca7?s=96&d=mm&r=pg\",\"contentUrl\":\"https:\/\/secure.gravatar.com\/avatar\/a04fd330bfe3a36a72a0ad4a6d89fca7?s=96&d=mm&r=pg\",\"caption\":\"bosniak\"},\"url\":\"https:\/\/sandzakpress.net\/arhiva\/author\/bosniak\/\"}]}<\/script>\n<!-- \/ Yoast SEO Premium plugin. -->","yoast_head_json":{"title":"Po\u010dela Manifestacija \u201eDani Srebrenice u Sand\u017eaku\u201c","robots":{"index":"index","follow":"follow","max-snippet":"max-snippet:-1","max-image-preview":"max-image-preview:large","max-video-preview":"max-video-preview:-1"},"canonical":"https:\/\/sandzakpress.net\/arhiva\/pocela-manifestacija-\u201edani-srebrenice-u-sandzaku\u201c\/","og_locale":"bs_BA","og_type":"article","og_title":"Po\u010dela Manifestacija \u201eDani Srebrenice u Sand\u017eaku\u201c","og_description":"Novi Pazar &#8211; Manifestacija \u201eDani Srebrenice u Sand\u017eaku\u201c zapo\u010dela je u subotu 26. juna 2010. godine u Novom Pazaru. Go\u0161\u0107e Novog Pazara bile su majke iz Srebrenice, Munira Suba\u0161i\u0107-predsjednica Udru\u017eenja majki enklava Srebrenice i \u017depe, Sabra Kolenovi\u0107- \u010dlanica Udru\u017eenja, Kadefa Rizvanovi\u0107- \u010dlanica Udru\u017eenja, \u0160uhra Sinanovi\u0107- predsjednica Udru\u017eenja \u017eena Podrinje, \u0160ehida Abdurahmanovi\u0107- prva \u017eena povratnica u [&hellip;]","og_url":"https:\/\/sandzakpress.net\/arhiva\/pocela-manifestacija-\u201edani-srebrenice-u-sandzaku\u201c\/","og_site_name":"Sand\u017eak PRESS","article_published_time":"2010-06-29T15:24:21+00:00","article_modified_time":"2010-07-01T21:39:00+00:00","og_image":[{"width":600,"height":399,"url":"https:\/\/sandzakpress.net\/arhiva\/wp-content\/uploads\/2010\/06\/DSC_0053.jpg","type":"image\/jpeg"}],"author":"bosniak","twitter_card":"summary_large_image","twitter_misc":{"Written by":"bosniak","Est. reading time":"7 minuta"},"schema":{"@context":"https:\/\/schema.org","@graph":[{"@type":"Article","@id":"https:\/\/sandzakpress.net\/arhiva\/pocela-manifestacija-%e2%80%9edani-srebrenice-u-sandzaku%e2%80%9c\/#article","isPartOf":{"@id":"https:\/\/sandzakpress.net\/arhiva\/pocela-manifestacija-%e2%80%9edani-srebrenice-u-sandzaku%e2%80%9c\/"},"author":{"name":"bosniak","@id":"https:\/\/sandzakpress.net\/arhiva\/#\/schema\/person\/c8baee722073534b583ea7bdb2e36c02"},"headline":"Po\u010dela Manifestacija \u201eDani Srebrenice u Sand\u017eaku\u201c","datePublished":"2010-06-29T15:24:21+00:00","dateModified":"2010-07-01T21:39:00+00:00","mainEntityOfPage":{"@id":"https:\/\/sandzakpress.net\/arhiva\/pocela-manifestacija-%e2%80%9edani-srebrenice-u-sandzaku%e2%80%9c\/"},"wordCount":1381,"commentCount":0,"publisher":{"@id":"https:\/\/sandzakpress.net\/arhiva\/#\/schema\/person\/6e72b67d6e51910a1117b3b483ba20bd"},"image":{"@id":"https:\/\/sandzakpress.net\/arhiva\/pocela-manifestacija-%e2%80%9edani-srebrenice-u-sandzaku%e2%80%9c\/#primaryimage"},"thumbnailUrl":"https:\/\/sandzakpress.net\/arhiva\/wp-content\/uploads\/2010\/06\/DSC_0053.jpg","articleSection":["Novi Pazar","Nacija"],"inLanguage":"bs-BA","potentialAction":[{"@type":"CommentAction","name":"Comment","target":["https:\/\/sandzakpress.net\/arhiva\/pocela-manifestacija-%e2%80%9edani-srebrenice-u-sandzaku%e2%80%9c\/#respond"]}]},{"@type":"WebPage","@id":"https:\/\/sandzakpress.net\/arhiva\/pocela-manifestacija-%e2%80%9edani-srebrenice-u-sandzaku%e2%80%9c\/","url":"https:\/\/sandzakpress.net\/arhiva\/pocela-manifestacija-%e2%80%9edani-srebrenice-u-sandzaku%e2%80%9c\/","name":"Po\u010dela Manifestacija \u201eDani Srebrenice u Sand\u017eaku\u201c","isPartOf":{"@id":"https:\/\/sandzakpress.net\/arhiva\/#website"},"primaryImageOfPage":{"@id":"https:\/\/sandzakpress.net\/arhiva\/pocela-manifestacija-%e2%80%9edani-srebrenice-u-sandzaku%e2%80%9c\/#primaryimage"},"image":{"@id":"https:\/\/sandzakpress.net\/arhiva\/pocela-manifestacija-%e2%80%9edani-srebrenice-u-sandzaku%e2%80%9c\/#primaryimage"},"thumbnailUrl":"https:\/\/sandzakpress.net\/arhiva\/wp-content\/uploads\/2010\/06\/DSC_0053.jpg","datePublished":"2010-06-29T15:24:21+00:00","dateModified":"2010-07-01T21:39:00+00:00","breadcrumb":{"@id":"https:\/\/sandzakpress.net\/arhiva\/pocela-manifestacija-%e2%80%9edani-srebrenice-u-sandzaku%e2%80%9c\/#breadcrumb"},"inLanguage":"bs-BA","potentialAction":[{"@type":"ReadAction","target":["https:\/\/sandzakpress.net\/arhiva\/pocela-manifestacija-%e2%80%9edani-srebrenice-u-sandzaku%e2%80%9c\/"]}]},{"@type":"ImageObject","inLanguage":"bs-BA","@id":"https:\/\/sandzakpress.net\/arhiva\/pocela-manifestacija-%e2%80%9edani-srebrenice-u-sandzaku%e2%80%9c\/#primaryimage","url":"https:\/\/sandzakpress.net\/arhiva\/wp-content\/uploads\/2010\/06\/DSC_0053.jpg","contentUrl":"https:\/\/sandzakpress.net\/arhiva\/wp-content\/uploads\/2010\/06\/DSC_0053.jpg","width":600,"height":399},{"@type":"BreadcrumbList","@id":"https:\/\/sandzakpress.net\/arhiva\/pocela-manifestacija-%e2%80%9edani-srebrenice-u-sandzaku%e2%80%9c\/#breadcrumb","itemListElement":[{"@type":"ListItem","position":1,"name":"Home","item":"https:\/\/sandzakpress.net\/arhiva\/"},{"@type":"ListItem","position":2,"name":"Po\u010dela Manifestacija \u201eDani Srebrenice u Sand\u017eaku\u201c"}]},{"@type":"WebSite","@id":"https:\/\/sandzakpress.net\/arhiva\/#website","url":"https:\/\/sandzakpress.net\/arhiva\/","name":"Sand\u017eak PRESS","description":"Prve elektronske novine u Sand\u017eaku","publisher":{"@id":"https:\/\/sandzakpress.net\/arhiva\/#\/schema\/person\/6e72b67d6e51910a1117b3b483ba20bd"},"potentialAction":[{"@type":"SearchAction","target":{"@type":"EntryPoint","urlTemplate":"https:\/\/sandzakpress.net\/arhiva\/?s={search_term_string}"},"query-input":{"@type":"PropertyValueSpecification","valueRequired":true,"valueName":"search_term_string"}}],"inLanguage":"bs-BA"},{"@type":["Person","Organization"],"@id":"https:\/\/sandzakpress.net\/arhiva\/#\/schema\/person\/6e72b67d6e51910a1117b3b483ba20bd","name":"Kul","image":{"@type":"ImageObject","inLanguage":"bs-BA","@id":"https:\/\/sandzakpress.net\/arhiva\/#\/schema\/person\/image\/","url":"https:\/\/secure.gravatar.com\/avatar\/42263f39aa27ac04c43cab85c280eb2e?s=96&d=mm&r=pg","contentUrl":"https:\/\/secure.gravatar.com\/avatar\/42263f39aa27ac04c43cab85c280eb2e?s=96&d=mm&r=pg","caption":"Kul"},"logo":{"@id":"https:\/\/sandzakpress.net\/arhiva\/#\/schema\/person\/image\/"}},{"@type":"Person","@id":"https:\/\/sandzakpress.net\/arhiva\/#\/schema\/person\/c8baee722073534b583ea7bdb2e36c02","name":"bosniak","image":{"@type":"ImageObject","inLanguage":"bs-BA","@id":"https:\/\/sandzakpress.net\/arhiva\/#\/schema\/person\/image\/","url":"https:\/\/secure.gravatar.com\/avatar\/a04fd330bfe3a36a72a0ad4a6d89fca7?s=96&d=mm&r=pg","contentUrl":"https:\/\/secure.gravatar.com\/avatar\/a04fd330bfe3a36a72a0ad4a6d89fca7?s=96&d=mm&r=pg","caption":"bosniak"},"url":"https:\/\/sandzakpress.net\/arhiva\/author\/bosniak\/"}]}},"_links":{"self":[{"href":"https:\/\/sandzakpress.net\/arhiva\/wp-json\/wp\/v2\/posts\/5588"}],"collection":[{"href":"https:\/\/sandzakpress.net\/arhiva\/wp-json\/wp\/v2\/posts"}],"about":[{"href":"https:\/\/sandzakpress.net\/arhiva\/wp-json\/wp\/v2\/types\/post"}],"author":[{"embeddable":true,"href":"https:\/\/sandzakpress.net\/arhiva\/wp-json\/wp\/v2\/users\/83"}],"replies":[{"embeddable":true,"href":"https:\/\/sandzakpress.net\/arhiva\/wp-json\/wp\/v2\/comments?post=5588"}],"version-history":[{"count":0,"href":"https:\/\/sandzakpress.net\/arhiva\/wp-json\/wp\/v2\/posts\/5588\/revisions"}],"wp:featuredmedia":[{"embeddable":true,"href":"https:\/\/sandzakpress.net\/arhiva\/wp-json\/wp\/v2\/media\/5589"}],"wp:attachment":[{"href":"https:\/\/sandzakpress.net\/arhiva\/wp-json\/wp\/v2\/media?parent=5588"}],"wp:term":[{"taxonomy":"category","embeddable":true,"href":"https:\/\/sandzakpress.net\/arhiva\/wp-json\/wp\/v2\/categories?post=5588"},{"taxonomy":"post_tag","embeddable":true,"href":"https:\/\/sandzakpress.net\/arhiva\/wp-json\/wp\/v2\/tags?post=5588"}],"curies":[{"name":"wp","href":"https:\/\/api.w.org\/{rel}","templated":true}]}}