{"id":5542,"date":"2010-06-29T13:32:15","date_gmt":"2010-06-29T13:32:15","guid":{"rendered":"https:\/\/sandzakpress.net\/arhiva\/?p=5542"},"modified":"2010-06-29T13:32:15","modified_gmt":"2010-06-29T13:32:15","slug":"grada-godinama-truhnji-na-lageru","status":"publish","type":"post","link":"https:\/\/sandzakpress.net\/arhiva\/grada-godinama-truhnji-na-lageru\/","title":{"rendered":"Gra\u0111a godinama truhnji na lageru"},"content":{"rendered":"<p><strong><a href=\"https:\/\/sandzakpress.net\/arhiva\/wp-content\/uploads\/2010\/06\/1277680229.jpg\"><img loading=\"lazy\" decoding=\"async\" class=\"alignleft size-full wp-image-5543\" title=\"1277680229\" src=\"https:\/\/sandzakpress.net\/arhiva\/wp-content\/uploads\/2010\/06\/1277680229.jpg\" alt=\"\" width=\"290\" height=\"190\" \/><\/a>Pljevlja &#8211; Iako kompanija \u201eVektra Jaki\u0107\u201c u potpunosti ne po\u0161tuje koncesioni ugovor zaklju\u010den sa Upravom za \u0161ume 2006. godine, utisak je da niko od odgovornih u tom javnom preduze\u0107u ne pomi\u0161lja da ga raskine ili da naplati penale za eventualnu \u0161tetu koju snosi dr\u017eava zbog nepo\u0161tovanja tog dokumenta.<\/strong><\/p>\n<p>Joveta Terzi\u0107 iz Uprave za \u0161ume priznaje da nijesu zadovoljni dosada\u0161njom realizacijom ugovora sa \u201eVektrom Jaki\u0107\u201c, \u201ejer se on ne realizuje stopostotno\u201c, ali isti\u010de da imaju razumijevanja, s obzirom na velike investicije koje realizuje to preduze\u0107e.<br \/>\nUprava za \u0161ume krajem 2006. godine dodijelila je \u201cVektri Jaki\u0107\u201d na kori\u0161\u0107enje \u0161ume u 13 gazdinskih jedinica na teritoriji op\u0161tine Pljevlja na period od 30 godina. To je bilo prvi put da Uprava za \u0161ume dodjeljuje dugoro\u010dne koncesije. Jaki\u0107u su ustupljeni i poslovi na uzgoju, izgradnji i odr\u017eavanju \u0161umskih saobra\u0107ajnica, za\u0161titi \u0161uma kao i sakupljanju biljnih vrsta.<\/p>\n<p>Kada je preuzimao \u201cJaki\u0107\u201d vlasnik \u201cVektre\u201d Dragan Brkovi\u0107 kazao je da \u0107e po osnovu koncesija Op\u0161tina Pljevlja godi\u0161nje prihodovati oko pola miliona eura, a dr\u017eava 1,1 milion, jer \u0107e godi\u0161nja sje\u010da, kako je precizirano u ugovoru, iznositi 103.531 metar kubnih \u010detinara i 36.189 metara kubnih li\u0161\u0107ara.<\/p>\n<p>Visina koncesione naknade koja je jedinstvena za svih 13 gazdinskih jedinica za \u010detinare iznosi 13,7 a za li\u0161\u0107are preko \u0161est eura.<\/p>\n<p>Nekoliko posljednjih godina \u201cVektra Jaki\u0107\u201d ne sije\u010de sve dozna\u010dene koli\u010dine drveta, iako su one znatno manje od koli\u010dina koje su predvi\u0111ene ugovorom.<\/p>\n<p>Neposijecanje dozna\u010denih koli\u010dina je direktno kr\u0161enje Zakona o \u0161umama, jer se u jednom od \u010dlanova navodi da \u0107e se kazniti preduze\u0107e i odgovorno lice \u201eukoliko prilikom vr\u0161enja redovne sje\u010de za odnosnu godinu ne posije\u010de sva dozna\u010dena stabla, ili ako posje\u010dena stabla ne izradi u odgovaraju\u0107e sortimente\u201c.<\/p>\n<p>U jednom od \u010dlanova istog zakona stoji da \u201eako organ dr\u017eavne uprave nadle\u017ean za gazdovanje \u0161umama utvrdi da \u0161umarsko preduze\u0107e u svom poslovanju ne sprovodi obaveze utvr\u0111ene ovim zakonom, ugovorom, op\u0161tom i posebnom osnovom i izvo\u0111a\u010dkim projektom, u ugovorenom roku ne ispla\u0107uje koncesionu naknadu, ili ako ne izvr\u0161ava druge obaveze iz ugovora o davanju \u0161uma na kori\u0161\u0107enje, oduzima mu pravo kori\u0161\u0107enja \u0161uma\u201d.<\/p>\n<p>Prema podacima dostupnim \u201cVijestima\u201d do sada niko u \u201cJaki\u0107u\u201d nije odgovarao zbog nepo\u0161tovanja tog \u010dlana zakona o \u0161umama.<br \/>\nTerzi\u0107 je kazao da su pro\u0161le godine \u201cVektri Jaki\u0107\u201d dozna\u010dili za sje\u010du oko 37.000 metara kubnih \u010detinara i li\u0161\u0107ara, a da je ta kompanija do kraja avgusta posjekla svega oko \u0161est hiljada metara kubnih drveta.<\/p>\n<p>U 2008. ugovoreno je 79.179 metara kubinih drveta, a posje\u010deno je oko 44 hiljade, odnosno 56 odsto odobrenog etata.<br \/>\nOve godine \u201eVektri-Jaki\u0107\u201c je dozna\u010deno preko 119.000 metara kubnih od \u010dega 103.000 \u010detinara, a ostalo su li\u0161\u0107ari.<\/p>\n<p>Terzi\u0107 je rekao da na ime koncesione naknade \u201cVektra Jaki\u0107\u201d treba ove godine da uplati Upravi za \u0161ume oko 1,52 miliona eura od \u010dega bi, u skladu sa zakonom, Op\u0161tini Pljevlja trebalo da pripadne 30 odsto.<br \/>\nOn isti\u010de i da je Vlada, za ovu godinu, odlo\u017eila \u201cVektri Jaki\u0107\u201d pla\u0107anje koncesije za 2009, koja se, kako je naglasio, napla\u0107uje na dozna\u010denu, a ne na posje\u010denu koli\u010dinu.<br \/>\nU Upravi za \u0161ume ka\u017eu da dr\u017eava i op\u0161tina, koje nijesu ubirale koncesije u o\u010dekivanom iznosu nijesu o\u0161te\u0107ene, s obzirom da je gra\u0111a ostala u \u0161umi.<br \/>\nU tom preduze\u0107u ka\u017eu da ne\u0107e insistirati da \u201cVektra\u201d sje\u010de odobrene koli\u010dine, a gra\u0111a da stoji po lagerima, jer imaju razumijevanja za krizu koja nije mimoi\u0161la ni sektor \u0161umarstva i drvoprerade.<\/p>\n<p>\u201cNije u redu da se posije\u010de 140.000 kubika i da stoji na lageru. Ne\u0107emo ih na to tjerati, jer ne \u017eelimo da stvaraju gubitke. Strpljivi smo s obzirom na ogromna sredstva koja \u201cVektra\u201d ula\u017ee u ovaj projekat koji je od velikog interesa za op\u0161tinu Pljevlja i \u010ditavu Crnu Goru. \u017delimo da ovaj projekat uspije i ni\u010dim ne\u0107emo doprinijeti da tako ne bude\u201d, ranije je saop\u0161teno iz tog preduze\u0107a.<\/p>\n<p>Desetine hiljada metara kubnih drveta, ve\u0107 tri godine propada na lagerima koje je Vektra Jaki\u0107 ranije posjekla u pljevaljskim \u0161umama, a da je prodata ili prera\u0111ena, u nekim od pogona, njena vrijednost, tvrde stru\u010dnjaci, prema\u0161ila bi vi\u0161e miliona eura.<br \/>\nKoliko stvarno gra\u0111e trune \u201cVijestima\u201d je te\u0161ko bilo procijeniti, a podaci radnika i rukovodstva Uprave za \u0161ume zna\u010dajno se razlikuju. U kompaniji \u201eVektra\u201csu kazali da su zalihe nastale zbog nemogu\u0107nosti da se prerade sve koli\u010dine, a nijesu \u017eeljeli da kr\u0161e ugovor, koji ih sputava da gra\u0111u u trupcima prodaju van Crne Gore.<\/p>\n<p>Prema informacijama \u201cVijesti\u201d \u201cVektra Jaki\u0107\u201d je ugovorila prodaju gra\u0111e koja trenutno propada na lagerima u Kova\u010du, Kosanici, Bobovu, Boljani\u0107ima, Mijakovi\u0107ima, \u0160ulima i ispod brda Stra\u017eica skoro u centru grada.<\/p>\n<p>Izvor: <strong>Vijesti.me<\/strong><\/p>\n","protected":false},"excerpt":{"rendered":"<p>Pljevlja &#8211; Iako kompanija \u201eVektra Jaki\u0107\u201c u potpunosti ne po\u0161tuje koncesioni ugovor zaklju\u010den sa Upravom za \u0161ume 2006. godine, utisak je da niko od odgovornih u tom javnom preduze\u0107u ne pomi\u0161lja da ga raskine ili da naplati penale za eventualnu \u0161tetu koju snosi dr\u017eava zbog nepo\u0161tovanja tog dokumenta. Joveta Terzi\u0107 iz Uprave za \u0161ume priznaje [&hellip;]<\/p>\n","protected":false},"author":83,"featured_media":5543,"comment_status":"open","ping_status":"open","sticky":false,"template":"","format":"standard","meta":{"footnotes":""},"categories":[3,395],"tags":[],"class_list":{"0":"post-5542","1":"post","2":"type-post","3":"status-publish","4":"format-standard","5":"has-post-thumbnail","7":"category-privreda","8":"category-pljevlja_"},"yoast_head":"<!-- This site is optimized with the Yoast SEO Premium plugin v23.1 (Yoast SEO v24.9) - https:\/\/yoast.com\/wordpress\/plugins\/seo\/ -->\n<title>Gra\u0111a godinama truhnji na lageru<\/title>\n<meta name=\"robots\" content=\"index, follow, max-snippet:-1, max-image-preview:large, max-video-preview:-1\" \/>\n<link rel=\"canonical\" href=\"https:\/\/sandzakpress.net\/arhiva\/grada-godinama-truhnji-na-lageru\/\" \/>\n<meta property=\"og:locale\" content=\"bs_BA\" \/>\n<meta property=\"og:type\" content=\"article\" \/>\n<meta property=\"og:title\" content=\"Gra\u0111a godinama truhnji na lageru\" \/>\n<meta property=\"og:description\" content=\"Pljevlja &#8211; Iako kompanija \u201eVektra Jaki\u0107\u201c u potpunosti ne po\u0161tuje koncesioni ugovor zaklju\u010den sa Upravom za \u0161ume 2006. godine, utisak je da niko od odgovornih u tom javnom preduze\u0107u ne pomi\u0161lja da ga raskine ili da naplati penale za eventualnu \u0161tetu koju snosi dr\u017eava zbog nepo\u0161tovanja tog dokumenta. Joveta Terzi\u0107 iz Uprave za \u0161ume priznaje [&hellip;]\" \/>\n<meta property=\"og:url\" content=\"https:\/\/sandzakpress.net\/arhiva\/grada-godinama-truhnji-na-lageru\/\" \/>\n<meta property=\"og:site_name\" content=\"Sand\u017eak PRESS\" \/>\n<meta property=\"article:published_time\" content=\"2010-06-29T13:32:15+00:00\" \/>\n<meta property=\"og:image\" content=\"https:\/\/sandzakpress.net\/arhiva\/wp-content\/uploads\/2010\/06\/1277680229.jpg\" \/>\n\t<meta property=\"og:image:width\" content=\"290\" \/>\n\t<meta property=\"og:image:height\" content=\"190\" \/>\n\t<meta property=\"og:image:type\" content=\"image\/jpeg\" \/>\n<meta name=\"author\" content=\"bosniak\" \/>\n<meta name=\"twitter:card\" content=\"summary_large_image\" \/>\n<meta name=\"twitter:label1\" content=\"Written by\" \/>\n\t<meta name=\"twitter:data1\" content=\"bosniak\" \/>\n\t<meta name=\"twitter:label2\" content=\"Est. reading time\" \/>\n\t<meta name=\"twitter:data2\" content=\"4 minute\" \/>\n<script type=\"application\/ld+json\" class=\"yoast-schema-graph\">{\"@context\":\"https:\/\/schema.org\",\"@graph\":[{\"@type\":\"Article\",\"@id\":\"https:\/\/sandzakpress.net\/arhiva\/grada-godinama-truhnji-na-lageru\/#article\",\"isPartOf\":{\"@id\":\"https:\/\/sandzakpress.net\/arhiva\/grada-godinama-truhnji-na-lageru\/\"},\"author\":{\"name\":\"bosniak\",\"@id\":\"https:\/\/sandzakpress.net\/arhiva\/#\/schema\/person\/c8baee722073534b583ea7bdb2e36c02\"},\"headline\":\"Gra\u0111a godinama truhnji na lageru\",\"datePublished\":\"2010-06-29T13:32:15+00:00\",\"mainEntityOfPage\":{\"@id\":\"https:\/\/sandzakpress.net\/arhiva\/grada-godinama-truhnji-na-lageru\/\"},\"wordCount\":831,\"commentCount\":0,\"publisher\":{\"@id\":\"https:\/\/sandzakpress.net\/arhiva\/#\/schema\/person\/6e72b67d6e51910a1117b3b483ba20bd\"},\"image\":{\"@id\":\"https:\/\/sandzakpress.net\/arhiva\/grada-godinama-truhnji-na-lageru\/#primaryimage\"},\"thumbnailUrl\":\"https:\/\/sandzakpress.net\/arhiva\/wp-content\/uploads\/2010\/06\/1277680229.jpg\",\"articleSection\":[\"Privreda\",\"Pljevlja\"],\"inLanguage\":\"bs-BA\",\"potentialAction\":[{\"@type\":\"CommentAction\",\"name\":\"Comment\",\"target\":[\"https:\/\/sandzakpress.net\/arhiva\/grada-godinama-truhnji-na-lageru\/#respond\"]}]},{\"@type\":\"WebPage\",\"@id\":\"https:\/\/sandzakpress.net\/arhiva\/grada-godinama-truhnji-na-lageru\/\",\"url\":\"https:\/\/sandzakpress.net\/arhiva\/grada-godinama-truhnji-na-lageru\/\",\"name\":\"Gra\u0111a godinama truhnji na lageru\",\"isPartOf\":{\"@id\":\"https:\/\/sandzakpress.net\/arhiva\/#website\"},\"primaryImageOfPage\":{\"@id\":\"https:\/\/sandzakpress.net\/arhiva\/grada-godinama-truhnji-na-lageru\/#primaryimage\"},\"image\":{\"@id\":\"https:\/\/sandzakpress.net\/arhiva\/grada-godinama-truhnji-na-lageru\/#primaryimage\"},\"thumbnailUrl\":\"https:\/\/sandzakpress.net\/arhiva\/wp-content\/uploads\/2010\/06\/1277680229.jpg\",\"datePublished\":\"2010-06-29T13:32:15+00:00\",\"breadcrumb\":{\"@id\":\"https:\/\/sandzakpress.net\/arhiva\/grada-godinama-truhnji-na-lageru\/#breadcrumb\"},\"inLanguage\":\"bs-BA\",\"potentialAction\":[{\"@type\":\"ReadAction\",\"target\":[\"https:\/\/sandzakpress.net\/arhiva\/grada-godinama-truhnji-na-lageru\/\"]}]},{\"@type\":\"ImageObject\",\"inLanguage\":\"bs-BA\",\"@id\":\"https:\/\/sandzakpress.net\/arhiva\/grada-godinama-truhnji-na-lageru\/#primaryimage\",\"url\":\"https:\/\/sandzakpress.net\/arhiva\/wp-content\/uploads\/2010\/06\/1277680229.jpg\",\"contentUrl\":\"https:\/\/sandzakpress.net\/arhiva\/wp-content\/uploads\/2010\/06\/1277680229.jpg\",\"width\":290,\"height\":190},{\"@type\":\"BreadcrumbList\",\"@id\":\"https:\/\/sandzakpress.net\/arhiva\/grada-godinama-truhnji-na-lageru\/#breadcrumb\",\"itemListElement\":[{\"@type\":\"ListItem\",\"position\":1,\"name\":\"Home\",\"item\":\"https:\/\/sandzakpress.net\/arhiva\/\"},{\"@type\":\"ListItem\",\"position\":2,\"name\":\"Gra\u0111a godinama truhnji na lageru\"}]},{\"@type\":\"WebSite\",\"@id\":\"https:\/\/sandzakpress.net\/arhiva\/#website\",\"url\":\"https:\/\/sandzakpress.net\/arhiva\/\",\"name\":\"Sand\u017eak PRESS\",\"description\":\"Prve elektronske novine u Sand\u017eaku\",\"publisher\":{\"@id\":\"https:\/\/sandzakpress.net\/arhiva\/#\/schema\/person\/6e72b67d6e51910a1117b3b483ba20bd\"},\"potentialAction\":[{\"@type\":\"SearchAction\",\"target\":{\"@type\":\"EntryPoint\",\"urlTemplate\":\"https:\/\/sandzakpress.net\/arhiva\/?s={search_term_string}\"},\"query-input\":{\"@type\":\"PropertyValueSpecification\",\"valueRequired\":true,\"valueName\":\"search_term_string\"}}],\"inLanguage\":\"bs-BA\"},{\"@type\":[\"Person\",\"Organization\"],\"@id\":\"https:\/\/sandzakpress.net\/arhiva\/#\/schema\/person\/6e72b67d6e51910a1117b3b483ba20bd\",\"name\":\"Kul\",\"image\":{\"@type\":\"ImageObject\",\"inLanguage\":\"bs-BA\",\"@id\":\"https:\/\/sandzakpress.net\/arhiva\/#\/schema\/person\/image\/\",\"url\":\"https:\/\/secure.gravatar.com\/avatar\/42263f39aa27ac04c43cab85c280eb2e?s=96&d=mm&r=pg\",\"contentUrl\":\"https:\/\/secure.gravatar.com\/avatar\/42263f39aa27ac04c43cab85c280eb2e?s=96&d=mm&r=pg\",\"caption\":\"Kul\"},\"logo\":{\"@id\":\"https:\/\/sandzakpress.net\/arhiva\/#\/schema\/person\/image\/\"}},{\"@type\":\"Person\",\"@id\":\"https:\/\/sandzakpress.net\/arhiva\/#\/schema\/person\/c8baee722073534b583ea7bdb2e36c02\",\"name\":\"bosniak\",\"image\":{\"@type\":\"ImageObject\",\"inLanguage\":\"bs-BA\",\"@id\":\"https:\/\/sandzakpress.net\/arhiva\/#\/schema\/person\/image\/\",\"url\":\"https:\/\/secure.gravatar.com\/avatar\/a04fd330bfe3a36a72a0ad4a6d89fca7?s=96&d=mm&r=pg\",\"contentUrl\":\"https:\/\/secure.gravatar.com\/avatar\/a04fd330bfe3a36a72a0ad4a6d89fca7?s=96&d=mm&r=pg\",\"caption\":\"bosniak\"},\"url\":\"https:\/\/sandzakpress.net\/arhiva\/author\/bosniak\/\"}]}<\/script>\n<!-- \/ Yoast SEO Premium plugin. -->","yoast_head_json":{"title":"Gra\u0111a godinama truhnji na lageru","robots":{"index":"index","follow":"follow","max-snippet":"max-snippet:-1","max-image-preview":"max-image-preview:large","max-video-preview":"max-video-preview:-1"},"canonical":"https:\/\/sandzakpress.net\/arhiva\/grada-godinama-truhnji-na-lageru\/","og_locale":"bs_BA","og_type":"article","og_title":"Gra\u0111a godinama truhnji na lageru","og_description":"Pljevlja &#8211; Iako kompanija \u201eVektra Jaki\u0107\u201c u potpunosti ne po\u0161tuje koncesioni ugovor zaklju\u010den sa Upravom za \u0161ume 2006. godine, utisak je da niko od odgovornih u tom javnom preduze\u0107u ne pomi\u0161lja da ga raskine ili da naplati penale za eventualnu \u0161tetu koju snosi dr\u017eava zbog nepo\u0161tovanja tog dokumenta. Joveta Terzi\u0107 iz Uprave za \u0161ume priznaje [&hellip;]","og_url":"https:\/\/sandzakpress.net\/arhiva\/grada-godinama-truhnji-na-lageru\/","og_site_name":"Sand\u017eak PRESS","article_published_time":"2010-06-29T13:32:15+00:00","og_image":[{"width":290,"height":190,"url":"https:\/\/sandzakpress.net\/arhiva\/wp-content\/uploads\/2010\/06\/1277680229.jpg","type":"image\/jpeg"}],"author":"bosniak","twitter_card":"summary_large_image","twitter_misc":{"Written by":"bosniak","Est. reading time":"4 minute"},"schema":{"@context":"https:\/\/schema.org","@graph":[{"@type":"Article","@id":"https:\/\/sandzakpress.net\/arhiva\/grada-godinama-truhnji-na-lageru\/#article","isPartOf":{"@id":"https:\/\/sandzakpress.net\/arhiva\/grada-godinama-truhnji-na-lageru\/"},"author":{"name":"bosniak","@id":"https:\/\/sandzakpress.net\/arhiva\/#\/schema\/person\/c8baee722073534b583ea7bdb2e36c02"},"headline":"Gra\u0111a godinama truhnji na lageru","datePublished":"2010-06-29T13:32:15+00:00","mainEntityOfPage":{"@id":"https:\/\/sandzakpress.net\/arhiva\/grada-godinama-truhnji-na-lageru\/"},"wordCount":831,"commentCount":0,"publisher":{"@id":"https:\/\/sandzakpress.net\/arhiva\/#\/schema\/person\/6e72b67d6e51910a1117b3b483ba20bd"},"image":{"@id":"https:\/\/sandzakpress.net\/arhiva\/grada-godinama-truhnji-na-lageru\/#primaryimage"},"thumbnailUrl":"https:\/\/sandzakpress.net\/arhiva\/wp-content\/uploads\/2010\/06\/1277680229.jpg","articleSection":["Privreda","Pljevlja"],"inLanguage":"bs-BA","potentialAction":[{"@type":"CommentAction","name":"Comment","target":["https:\/\/sandzakpress.net\/arhiva\/grada-godinama-truhnji-na-lageru\/#respond"]}]},{"@type":"WebPage","@id":"https:\/\/sandzakpress.net\/arhiva\/grada-godinama-truhnji-na-lageru\/","url":"https:\/\/sandzakpress.net\/arhiva\/grada-godinama-truhnji-na-lageru\/","name":"Gra\u0111a godinama truhnji na lageru","isPartOf":{"@id":"https:\/\/sandzakpress.net\/arhiva\/#website"},"primaryImageOfPage":{"@id":"https:\/\/sandzakpress.net\/arhiva\/grada-godinama-truhnji-na-lageru\/#primaryimage"},"image":{"@id":"https:\/\/sandzakpress.net\/arhiva\/grada-godinama-truhnji-na-lageru\/#primaryimage"},"thumbnailUrl":"https:\/\/sandzakpress.net\/arhiva\/wp-content\/uploads\/2010\/06\/1277680229.jpg","datePublished":"2010-06-29T13:32:15+00:00","breadcrumb":{"@id":"https:\/\/sandzakpress.net\/arhiva\/grada-godinama-truhnji-na-lageru\/#breadcrumb"},"inLanguage":"bs-BA","potentialAction":[{"@type":"ReadAction","target":["https:\/\/sandzakpress.net\/arhiva\/grada-godinama-truhnji-na-lageru\/"]}]},{"@type":"ImageObject","inLanguage":"bs-BA","@id":"https:\/\/sandzakpress.net\/arhiva\/grada-godinama-truhnji-na-lageru\/#primaryimage","url":"https:\/\/sandzakpress.net\/arhiva\/wp-content\/uploads\/2010\/06\/1277680229.jpg","contentUrl":"https:\/\/sandzakpress.net\/arhiva\/wp-content\/uploads\/2010\/06\/1277680229.jpg","width":290,"height":190},{"@type":"BreadcrumbList","@id":"https:\/\/sandzakpress.net\/arhiva\/grada-godinama-truhnji-na-lageru\/#breadcrumb","itemListElement":[{"@type":"ListItem","position":1,"name":"Home","item":"https:\/\/sandzakpress.net\/arhiva\/"},{"@type":"ListItem","position":2,"name":"Gra\u0111a godinama truhnji na lageru"}]},{"@type":"WebSite","@id":"https:\/\/sandzakpress.net\/arhiva\/#website","url":"https:\/\/sandzakpress.net\/arhiva\/","name":"Sand\u017eak PRESS","description":"Prve elektronske novine u Sand\u017eaku","publisher":{"@id":"https:\/\/sandzakpress.net\/arhiva\/#\/schema\/person\/6e72b67d6e51910a1117b3b483ba20bd"},"potentialAction":[{"@type":"SearchAction","target":{"@type":"EntryPoint","urlTemplate":"https:\/\/sandzakpress.net\/arhiva\/?s={search_term_string}"},"query-input":{"@type":"PropertyValueSpecification","valueRequired":true,"valueName":"search_term_string"}}],"inLanguage":"bs-BA"},{"@type":["Person","Organization"],"@id":"https:\/\/sandzakpress.net\/arhiva\/#\/schema\/person\/6e72b67d6e51910a1117b3b483ba20bd","name":"Kul","image":{"@type":"ImageObject","inLanguage":"bs-BA","@id":"https:\/\/sandzakpress.net\/arhiva\/#\/schema\/person\/image\/","url":"https:\/\/secure.gravatar.com\/avatar\/42263f39aa27ac04c43cab85c280eb2e?s=96&d=mm&r=pg","contentUrl":"https:\/\/secure.gravatar.com\/avatar\/42263f39aa27ac04c43cab85c280eb2e?s=96&d=mm&r=pg","caption":"Kul"},"logo":{"@id":"https:\/\/sandzakpress.net\/arhiva\/#\/schema\/person\/image\/"}},{"@type":"Person","@id":"https:\/\/sandzakpress.net\/arhiva\/#\/schema\/person\/c8baee722073534b583ea7bdb2e36c02","name":"bosniak","image":{"@type":"ImageObject","inLanguage":"bs-BA","@id":"https:\/\/sandzakpress.net\/arhiva\/#\/schema\/person\/image\/","url":"https:\/\/secure.gravatar.com\/avatar\/a04fd330bfe3a36a72a0ad4a6d89fca7?s=96&d=mm&r=pg","contentUrl":"https:\/\/secure.gravatar.com\/avatar\/a04fd330bfe3a36a72a0ad4a6d89fca7?s=96&d=mm&r=pg","caption":"bosniak"},"url":"https:\/\/sandzakpress.net\/arhiva\/author\/bosniak\/"}]}},"_links":{"self":[{"href":"https:\/\/sandzakpress.net\/arhiva\/wp-json\/wp\/v2\/posts\/5542"}],"collection":[{"href":"https:\/\/sandzakpress.net\/arhiva\/wp-json\/wp\/v2\/posts"}],"about":[{"href":"https:\/\/sandzakpress.net\/arhiva\/wp-json\/wp\/v2\/types\/post"}],"author":[{"embeddable":true,"href":"https:\/\/sandzakpress.net\/arhiva\/wp-json\/wp\/v2\/users\/83"}],"replies":[{"embeddable":true,"href":"https:\/\/sandzakpress.net\/arhiva\/wp-json\/wp\/v2\/comments?post=5542"}],"version-history":[{"count":0,"href":"https:\/\/sandzakpress.net\/arhiva\/wp-json\/wp\/v2\/posts\/5542\/revisions"}],"wp:featuredmedia":[{"embeddable":true,"href":"https:\/\/sandzakpress.net\/arhiva\/wp-json\/wp\/v2\/media\/5543"}],"wp:attachment":[{"href":"https:\/\/sandzakpress.net\/arhiva\/wp-json\/wp\/v2\/media?parent=5542"}],"wp:term":[{"taxonomy":"category","embeddable":true,"href":"https:\/\/sandzakpress.net\/arhiva\/wp-json\/wp\/v2\/categories?post=5542"},{"taxonomy":"post_tag","embeddable":true,"href":"https:\/\/sandzakpress.net\/arhiva\/wp-json\/wp\/v2\/tags?post=5542"}],"curies":[{"name":"wp","href":"https:\/\/api.w.org\/{rel}","templated":true}]}}