{"id":55360,"date":"2012-11-23T17:46:52","date_gmt":"2012-11-23T16:46:52","guid":{"rendered":"https:\/\/sandzakpress.net\/arhiva\/?p=55360"},"modified":"2012-11-23T17:46:52","modified_gmt":"2012-11-23T16:46:52","slug":"holandski-vrhovni-sud-odbacio-pokusaj-rodbine-ubijenih-u-srebrenici-da-tuze-un","status":"publish","type":"post","link":"https:\/\/sandzakpress.net\/arhiva\/holandski-vrhovni-sud-odbacio-pokusaj-rodbine-ubijenih-u-srebrenici-da-tuze-un\/","title":{"rendered":"Holandski Vrhovni sud odbacio poku\u0161aj rodbine ubijenih u Srebrenici da tu\u017ee UN"},"content":{"rendered":"<p><strong><span><a href=\"https:\/\/sandzakpress.net\/arhiva\/wp-content\/uploads\/2012\/11\/potocaritabuti8.jpg\"><img loading=\"lazy\" decoding=\"async\" class=\"alignleft size-medium wp-image-55361\" title=\"BOSNIA SREBRENICA\/\" src=\"https:\/\/sandzakpress.net\/arhiva\/wp-content\/uploads\/2012\/11\/potocaritabuti8-300x191.jpg\" alt=\"\" width=\"300\" height=\"191\" \/><\/a>Holandija, BIH &#8211; Holandski vrhovni sud odbacio je u petak poku\u0161aj rodbine Bo\u0161njaka ubijenih od srpskih snaga 1995. godine u Srebrenici da tu\u017ee Ujedinjene nacije jer ih nisu uspjele za\u0161tititi tokom najve\u0107eg masakra u Evropi od Drugog svjetskog rata&#8230;<\/span><\/strong><\/p>\n<p><span style=\"font-family: Verdana; font-size: x-small;\">Holandski vrhovni sud odbacio je u petak poku\u0161aj rodbine Bo\u0161njaka ubijenih od srpskih snaga 1995. godine u Srebrenici da tu\u017ee Ujedinjene nacije jer ih nisu uspjele za\u0161tititi tokom najve\u0107eg masakra u Evropi od Drugog svjetskog rata. Najvi\u0161i sud u Holandiji je presudio da Ujedinjene nacije imaju imunitet od sudskog gonjenja, \u010dime su okon\u010dani napori Majki Srebrenice da se svjetskoj organizaciji sudi na holandskom sudu, javio je AP.Srpske snage su opusto\u0161ile bosansku enklavu Srebrenica, koja je bila pod UN-ovom za\u0161titom, i ubile oko 8.000 mu\u0161karaca u julu 1995. godine.Ve\u0107ina mu\u0161karaca je mu\u010dki ubijena u kolektivnim pogubljenima, a njihova tijela su ba\u010dena u masovne grobnice.<\/span><\/p>\n<p><span style=\"font-family: Verdana; font-size: x-small;\">Me\u0111unarodni krivi\u010dni sud je proglasio ovaj masakr genocidom.Holandske snage, stacionirane u Srebrenici u okviru mirovne misije UN-a, nisu imale dovoljan broj vojnika i naoru\u017eanja da bi intervenirale.<\/span><span style=\"font-family: Verdana; font-size: x-small;\">Advokati 6.000 porodica su kazali da \u0107e ovaj slu\u010daj iznijeti pred Evropski sud za ljudska prava. <\/span><span style=\"font-family: Verdana; font-size: x-small;\">Oni ka\u017eu da presuda zna\u010di kako UN &#8220;u\u017eiva apsolutnu vlast&#8221;.&#8221;Ovo je neprihvatljivo iz politi\u010dke, ljudske i pravne perspektive&#8221;, kazali su advokati u izjavi.Vrhovni sud je potvrdio presude ni\u017eih sudova iz 2008. i 2010. godine koji su potvrdili imunitet UN-a od krivi\u010dnog gonjenja po me\u0111unarodnim konvencijama na osnovu kojih je osnovana svjetska organizacija i rekli da je ta zakonska za\u0161tita osnova mirovnih operacija diljem svijeta.&#8221;Vrhovni sud je potvrdio presudu \u017ealbenog suda da UN ima imunitet od krivi\u010dnog gonjenja i stoga mu se ne mo\u017ee suditi na bilo kojem nacionalnom sudu&#8221;, navodi se u saop\u0107enju presude.Pro\u0161le godine, u odvojenom slu\u010daju, sud u Den Haagu je presudio da je holandska dr\u017eava odgovorna za smrti tri Bo\u0161njaka ubijena u Srebrenici i naredio vladi da kompenzira porodice \u017ertava.<\/span><\/p>\n<p><span style=\"font-family: Verdana; font-size: x-small;\">(Kliker info)<\/span><\/p>\n","protected":false},"excerpt":{"rendered":"<p>Holandija, BIH &#8211; Holandski vrhovni sud odbacio je u petak poku\u0161aj rodbine Bo\u0161njaka ubijenih od srpskih snaga 1995. godine u Srebrenici da tu\u017ee Ujedinjene nacije jer ih nisu uspjele za\u0161tititi tokom najve\u0107eg masakra u Evropi od Drugog svjetskog rata&#8230; Holandski vrhovni sud odbacio je u petak poku\u0161aj rodbine Bo\u0161njaka ubijenih od srpskih snaga 1995. godine [&hellip;]<\/p>\n","protected":false},"author":16,"featured_media":55361,"comment_status":"open","ping_status":"open","sticky":false,"template":"","format":"standard","meta":{"footnotes":""},"categories":[2860,9545],"tags":[],"class_list":{"0":"post-55360","1":"post","2":"type-post","3":"status-publish","4":"format-standard","5":"has-post-thumbnail","7":"category-bosna-i-hercegovina-gradovi","8":"category-holandija-dijaspora-gradovi-vase-vijesti"},"yoast_head":"<!-- This site is optimized with the Yoast SEO Premium plugin v23.1 (Yoast SEO v24.9) - https:\/\/yoast.com\/wordpress\/plugins\/seo\/ -->\n<title>Holandski Vrhovni sud odbacio poku\u0161aj rodbine ubijenih u Srebrenici da tu\u017ee UN<\/title>\n<meta name=\"robots\" content=\"index, follow, max-snippet:-1, max-image-preview:large, max-video-preview:-1\" \/>\n<link rel=\"canonical\" href=\"https:\/\/sandzakpress.net\/arhiva\/holandski-vrhovni-sud-odbacio-pokusaj-rodbine-ubijenih-u-srebrenici-da-tuze-un\/\" \/>\n<meta property=\"og:locale\" content=\"bs_BA\" \/>\n<meta property=\"og:type\" content=\"article\" \/>\n<meta property=\"og:title\" content=\"Holandski Vrhovni sud odbacio poku\u0161aj rodbine ubijenih u Srebrenici da tu\u017ee UN\" \/>\n<meta property=\"og:description\" content=\"Holandija, BIH &#8211; Holandski vrhovni sud odbacio je u petak poku\u0161aj rodbine Bo\u0161njaka ubijenih od srpskih snaga 1995. godine u Srebrenici da tu\u017ee Ujedinjene nacije jer ih nisu uspjele za\u0161tititi tokom najve\u0107eg masakra u Evropi od Drugog svjetskog rata&#8230; Holandski vrhovni sud odbacio je u petak poku\u0161aj rodbine Bo\u0161njaka ubijenih od srpskih snaga 1995. godine [&hellip;]\" \/>\n<meta property=\"og:url\" content=\"https:\/\/sandzakpress.net\/arhiva\/holandski-vrhovni-sud-odbacio-pokusaj-rodbine-ubijenih-u-srebrenici-da-tuze-un\/\" \/>\n<meta property=\"og:site_name\" content=\"Sand\u017eak PRESS\" \/>\n<meta property=\"article:published_time\" content=\"2012-11-23T16:46:52+00:00\" \/>\n<meta property=\"og:image\" content=\"https:\/\/sandzakpress.net\/arhiva\/wp-content\/uploads\/2012\/11\/potocaritabuti8.jpg\" \/>\n\t<meta property=\"og:image:width\" content=\"616\" \/>\n\t<meta property=\"og:image:height\" content=\"393\" \/>\n\t<meta property=\"og:image:type\" content=\"image\/jpeg\" \/>\n<meta name=\"twitter:card\" content=\"summary_large_image\" \/>\n<meta name=\"twitter:label1\" content=\"Written by\" \/>\n\t<meta name=\"twitter:data1\" content=\"\" \/>\n\t<meta name=\"twitter:label2\" content=\"Est. reading time\" \/>\n\t<meta name=\"twitter:data2\" content=\"2 minute\" \/>\n<script type=\"application\/ld+json\" class=\"yoast-schema-graph\">{\"@context\":\"https:\/\/schema.org\",\"@graph\":[{\"@type\":\"Article\",\"@id\":\"https:\/\/sandzakpress.net\/arhiva\/holandski-vrhovni-sud-odbacio-pokusaj-rodbine-ubijenih-u-srebrenici-da-tuze-un\/#article\",\"isPartOf\":{\"@id\":\"https:\/\/sandzakpress.net\/arhiva\/holandski-vrhovni-sud-odbacio-pokusaj-rodbine-ubijenih-u-srebrenici-da-tuze-un\/\"},\"author\":{\"name\":\"\",\"@id\":\"\"},\"headline\":\"Holandski Vrhovni sud odbacio poku\u0161aj rodbine ubijenih u Srebrenici da tu\u017ee UN\",\"datePublished\":\"2012-11-23T16:46:52+00:00\",\"mainEntityOfPage\":{\"@id\":\"https:\/\/sandzakpress.net\/arhiva\/holandski-vrhovni-sud-odbacio-pokusaj-rodbine-ubijenih-u-srebrenici-da-tuze-un\/\"},\"wordCount\":362,\"commentCount\":0,\"publisher\":{\"@id\":\"https:\/\/sandzakpress.net\/arhiva\/#\/schema\/person\/6e72b67d6e51910a1117b3b483ba20bd\"},\"image\":{\"@id\":\"https:\/\/sandzakpress.net\/arhiva\/holandski-vrhovni-sud-odbacio-pokusaj-rodbine-ubijenih-u-srebrenici-da-tuze-un\/#primaryimage\"},\"thumbnailUrl\":\"https:\/\/sandzakpress.net\/arhiva\/wp-content\/uploads\/2012\/11\/potocaritabuti8.jpg\",\"articleSection\":[\"Bosna i Hercegovina\",\"Holandija\"],\"inLanguage\":\"bs-BA\",\"potentialAction\":[{\"@type\":\"CommentAction\",\"name\":\"Comment\",\"target\":[\"https:\/\/sandzakpress.net\/arhiva\/holandski-vrhovni-sud-odbacio-pokusaj-rodbine-ubijenih-u-srebrenici-da-tuze-un\/#respond\"]}]},{\"@type\":\"WebPage\",\"@id\":\"https:\/\/sandzakpress.net\/arhiva\/holandski-vrhovni-sud-odbacio-pokusaj-rodbine-ubijenih-u-srebrenici-da-tuze-un\/\",\"url\":\"https:\/\/sandzakpress.net\/arhiva\/holandski-vrhovni-sud-odbacio-pokusaj-rodbine-ubijenih-u-srebrenici-da-tuze-un\/\",\"name\":\"Holandski Vrhovni sud odbacio poku\u0161aj rodbine ubijenih u Srebrenici da tu\u017ee UN\",\"isPartOf\":{\"@id\":\"https:\/\/sandzakpress.net\/arhiva\/#website\"},\"primaryImageOfPage\":{\"@id\":\"https:\/\/sandzakpress.net\/arhiva\/holandski-vrhovni-sud-odbacio-pokusaj-rodbine-ubijenih-u-srebrenici-da-tuze-un\/#primaryimage\"},\"image\":{\"@id\":\"https:\/\/sandzakpress.net\/arhiva\/holandski-vrhovni-sud-odbacio-pokusaj-rodbine-ubijenih-u-srebrenici-da-tuze-un\/#primaryimage\"},\"thumbnailUrl\":\"https:\/\/sandzakpress.net\/arhiva\/wp-content\/uploads\/2012\/11\/potocaritabuti8.jpg\",\"datePublished\":\"2012-11-23T16:46:52+00:00\",\"breadcrumb\":{\"@id\":\"https:\/\/sandzakpress.net\/arhiva\/holandski-vrhovni-sud-odbacio-pokusaj-rodbine-ubijenih-u-srebrenici-da-tuze-un\/#breadcrumb\"},\"inLanguage\":\"bs-BA\",\"potentialAction\":[{\"@type\":\"ReadAction\",\"target\":[\"https:\/\/sandzakpress.net\/arhiva\/holandski-vrhovni-sud-odbacio-pokusaj-rodbine-ubijenih-u-srebrenici-da-tuze-un\/\"]}]},{\"@type\":\"ImageObject\",\"inLanguage\":\"bs-BA\",\"@id\":\"https:\/\/sandzakpress.net\/arhiva\/holandski-vrhovni-sud-odbacio-pokusaj-rodbine-ubijenih-u-srebrenici-da-tuze-un\/#primaryimage\",\"url\":\"https:\/\/sandzakpress.net\/arhiva\/wp-content\/uploads\/2012\/11\/potocaritabuti8.jpg\",\"contentUrl\":\"https:\/\/sandzakpress.net\/arhiva\/wp-content\/uploads\/2012\/11\/potocaritabuti8.jpg\",\"width\":616,\"height\":393},{\"@type\":\"BreadcrumbList\",\"@id\":\"https:\/\/sandzakpress.net\/arhiva\/holandski-vrhovni-sud-odbacio-pokusaj-rodbine-ubijenih-u-srebrenici-da-tuze-un\/#breadcrumb\",\"itemListElement\":[{\"@type\":\"ListItem\",\"position\":1,\"name\":\"Home\",\"item\":\"https:\/\/sandzakpress.net\/arhiva\/\"},{\"@type\":\"ListItem\",\"position\":2,\"name\":\"Holandski Vrhovni sud odbacio poku\u0161aj rodbine ubijenih u Srebrenici da tu\u017ee UN\"}]},{\"@type\":\"WebSite\",\"@id\":\"https:\/\/sandzakpress.net\/arhiva\/#website\",\"url\":\"https:\/\/sandzakpress.net\/arhiva\/\",\"name\":\"Sand\u017eak PRESS\",\"description\":\"Prve elektronske novine u Sand\u017eaku\",\"publisher\":{\"@id\":\"https:\/\/sandzakpress.net\/arhiva\/#\/schema\/person\/6e72b67d6e51910a1117b3b483ba20bd\"},\"potentialAction\":[{\"@type\":\"SearchAction\",\"target\":{\"@type\":\"EntryPoint\",\"urlTemplate\":\"https:\/\/sandzakpress.net\/arhiva\/?s={search_term_string}\"},\"query-input\":{\"@type\":\"PropertyValueSpecification\",\"valueRequired\":true,\"valueName\":\"search_term_string\"}}],\"inLanguage\":\"bs-BA\"},{\"@type\":[\"Person\",\"Organization\"],\"@id\":\"https:\/\/sandzakpress.net\/arhiva\/#\/schema\/person\/6e72b67d6e51910a1117b3b483ba20bd\",\"name\":\"Kul\",\"image\":{\"@type\":\"ImageObject\",\"inLanguage\":\"bs-BA\",\"@id\":\"https:\/\/sandzakpress.net\/arhiva\/#\/schema\/person\/image\/\",\"url\":\"https:\/\/secure.gravatar.com\/avatar\/42263f39aa27ac04c43cab85c280eb2e?s=96&d=mm&r=pg\",\"contentUrl\":\"https:\/\/secure.gravatar.com\/avatar\/42263f39aa27ac04c43cab85c280eb2e?s=96&d=mm&r=pg\",\"caption\":\"Kul\"},\"logo\":{\"@id\":\"https:\/\/sandzakpress.net\/arhiva\/#\/schema\/person\/image\/\"}},{\"@type\":\"Person\",\"@id\":\"\",\"url\":\"https:\/\/sandzakpress.net\/arhiva\/author\/\"}]}<\/script>\n<!-- \/ Yoast SEO Premium plugin. -->","yoast_head_json":{"title":"Holandski Vrhovni sud odbacio poku\u0161aj rodbine ubijenih u Srebrenici da tu\u017ee UN","robots":{"index":"index","follow":"follow","max-snippet":"max-snippet:-1","max-image-preview":"max-image-preview:large","max-video-preview":"max-video-preview:-1"},"canonical":"https:\/\/sandzakpress.net\/arhiva\/holandski-vrhovni-sud-odbacio-pokusaj-rodbine-ubijenih-u-srebrenici-da-tuze-un\/","og_locale":"bs_BA","og_type":"article","og_title":"Holandski Vrhovni sud odbacio poku\u0161aj rodbine ubijenih u Srebrenici da tu\u017ee UN","og_description":"Holandija, BIH &#8211; Holandski vrhovni sud odbacio je u petak poku\u0161aj rodbine Bo\u0161njaka ubijenih od srpskih snaga 1995. godine u Srebrenici da tu\u017ee Ujedinjene nacije jer ih nisu uspjele za\u0161tititi tokom najve\u0107eg masakra u Evropi od Drugog svjetskog rata&#8230; Holandski vrhovni sud odbacio je u petak poku\u0161aj rodbine Bo\u0161njaka ubijenih od srpskih snaga 1995. godine [&hellip;]","og_url":"https:\/\/sandzakpress.net\/arhiva\/holandski-vrhovni-sud-odbacio-pokusaj-rodbine-ubijenih-u-srebrenici-da-tuze-un\/","og_site_name":"Sand\u017eak PRESS","article_published_time":"2012-11-23T16:46:52+00:00","og_image":[{"width":616,"height":393,"url":"https:\/\/sandzakpress.net\/arhiva\/wp-content\/uploads\/2012\/11\/potocaritabuti8.jpg","type":"image\/jpeg"}],"twitter_card":"summary_large_image","twitter_misc":{"Written by":"","Est. reading time":"2 minute"},"schema":{"@context":"https:\/\/schema.org","@graph":[{"@type":"Article","@id":"https:\/\/sandzakpress.net\/arhiva\/holandski-vrhovni-sud-odbacio-pokusaj-rodbine-ubijenih-u-srebrenici-da-tuze-un\/#article","isPartOf":{"@id":"https:\/\/sandzakpress.net\/arhiva\/holandski-vrhovni-sud-odbacio-pokusaj-rodbine-ubijenih-u-srebrenici-da-tuze-un\/"},"author":{"name":"","@id":""},"headline":"Holandski Vrhovni sud odbacio poku\u0161aj rodbine ubijenih u Srebrenici da tu\u017ee UN","datePublished":"2012-11-23T16:46:52+00:00","mainEntityOfPage":{"@id":"https:\/\/sandzakpress.net\/arhiva\/holandski-vrhovni-sud-odbacio-pokusaj-rodbine-ubijenih-u-srebrenici-da-tuze-un\/"},"wordCount":362,"commentCount":0,"publisher":{"@id":"https:\/\/sandzakpress.net\/arhiva\/#\/schema\/person\/6e72b67d6e51910a1117b3b483ba20bd"},"image":{"@id":"https:\/\/sandzakpress.net\/arhiva\/holandski-vrhovni-sud-odbacio-pokusaj-rodbine-ubijenih-u-srebrenici-da-tuze-un\/#primaryimage"},"thumbnailUrl":"https:\/\/sandzakpress.net\/arhiva\/wp-content\/uploads\/2012\/11\/potocaritabuti8.jpg","articleSection":["Bosna i Hercegovina","Holandija"],"inLanguage":"bs-BA","potentialAction":[{"@type":"CommentAction","name":"Comment","target":["https:\/\/sandzakpress.net\/arhiva\/holandski-vrhovni-sud-odbacio-pokusaj-rodbine-ubijenih-u-srebrenici-da-tuze-un\/#respond"]}]},{"@type":"WebPage","@id":"https:\/\/sandzakpress.net\/arhiva\/holandski-vrhovni-sud-odbacio-pokusaj-rodbine-ubijenih-u-srebrenici-da-tuze-un\/","url":"https:\/\/sandzakpress.net\/arhiva\/holandski-vrhovni-sud-odbacio-pokusaj-rodbine-ubijenih-u-srebrenici-da-tuze-un\/","name":"Holandski Vrhovni sud odbacio poku\u0161aj rodbine ubijenih u Srebrenici da tu\u017ee UN","isPartOf":{"@id":"https:\/\/sandzakpress.net\/arhiva\/#website"},"primaryImageOfPage":{"@id":"https:\/\/sandzakpress.net\/arhiva\/holandski-vrhovni-sud-odbacio-pokusaj-rodbine-ubijenih-u-srebrenici-da-tuze-un\/#primaryimage"},"image":{"@id":"https:\/\/sandzakpress.net\/arhiva\/holandski-vrhovni-sud-odbacio-pokusaj-rodbine-ubijenih-u-srebrenici-da-tuze-un\/#primaryimage"},"thumbnailUrl":"https:\/\/sandzakpress.net\/arhiva\/wp-content\/uploads\/2012\/11\/potocaritabuti8.jpg","datePublished":"2012-11-23T16:46:52+00:00","breadcrumb":{"@id":"https:\/\/sandzakpress.net\/arhiva\/holandski-vrhovni-sud-odbacio-pokusaj-rodbine-ubijenih-u-srebrenici-da-tuze-un\/#breadcrumb"},"inLanguage":"bs-BA","potentialAction":[{"@type":"ReadAction","target":["https:\/\/sandzakpress.net\/arhiva\/holandski-vrhovni-sud-odbacio-pokusaj-rodbine-ubijenih-u-srebrenici-da-tuze-un\/"]}]},{"@type":"ImageObject","inLanguage":"bs-BA","@id":"https:\/\/sandzakpress.net\/arhiva\/holandski-vrhovni-sud-odbacio-pokusaj-rodbine-ubijenih-u-srebrenici-da-tuze-un\/#primaryimage","url":"https:\/\/sandzakpress.net\/arhiva\/wp-content\/uploads\/2012\/11\/potocaritabuti8.jpg","contentUrl":"https:\/\/sandzakpress.net\/arhiva\/wp-content\/uploads\/2012\/11\/potocaritabuti8.jpg","width":616,"height":393},{"@type":"BreadcrumbList","@id":"https:\/\/sandzakpress.net\/arhiva\/holandski-vrhovni-sud-odbacio-pokusaj-rodbine-ubijenih-u-srebrenici-da-tuze-un\/#breadcrumb","itemListElement":[{"@type":"ListItem","position":1,"name":"Home","item":"https:\/\/sandzakpress.net\/arhiva\/"},{"@type":"ListItem","position":2,"name":"Holandski Vrhovni sud odbacio poku\u0161aj rodbine ubijenih u Srebrenici da tu\u017ee UN"}]},{"@type":"WebSite","@id":"https:\/\/sandzakpress.net\/arhiva\/#website","url":"https:\/\/sandzakpress.net\/arhiva\/","name":"Sand\u017eak PRESS","description":"Prve elektronske novine u Sand\u017eaku","publisher":{"@id":"https:\/\/sandzakpress.net\/arhiva\/#\/schema\/person\/6e72b67d6e51910a1117b3b483ba20bd"},"potentialAction":[{"@type":"SearchAction","target":{"@type":"EntryPoint","urlTemplate":"https:\/\/sandzakpress.net\/arhiva\/?s={search_term_string}"},"query-input":{"@type":"PropertyValueSpecification","valueRequired":true,"valueName":"search_term_string"}}],"inLanguage":"bs-BA"},{"@type":["Person","Organization"],"@id":"https:\/\/sandzakpress.net\/arhiva\/#\/schema\/person\/6e72b67d6e51910a1117b3b483ba20bd","name":"Kul","image":{"@type":"ImageObject","inLanguage":"bs-BA","@id":"https:\/\/sandzakpress.net\/arhiva\/#\/schema\/person\/image\/","url":"https:\/\/secure.gravatar.com\/avatar\/42263f39aa27ac04c43cab85c280eb2e?s=96&d=mm&r=pg","contentUrl":"https:\/\/secure.gravatar.com\/avatar\/42263f39aa27ac04c43cab85c280eb2e?s=96&d=mm&r=pg","caption":"Kul"},"logo":{"@id":"https:\/\/sandzakpress.net\/arhiva\/#\/schema\/person\/image\/"}},{"@type":"Person","@id":"","url":"https:\/\/sandzakpress.net\/arhiva\/author\/"}]}},"_links":{"self":[{"href":"https:\/\/sandzakpress.net\/arhiva\/wp-json\/wp\/v2\/posts\/55360"}],"collection":[{"href":"https:\/\/sandzakpress.net\/arhiva\/wp-json\/wp\/v2\/posts"}],"about":[{"href":"https:\/\/sandzakpress.net\/arhiva\/wp-json\/wp\/v2\/types\/post"}],"author":[{"embeddable":true,"href":"https:\/\/sandzakpress.net\/arhiva\/wp-json\/wp\/v2\/users\/16"}],"replies":[{"embeddable":true,"href":"https:\/\/sandzakpress.net\/arhiva\/wp-json\/wp\/v2\/comments?post=55360"}],"version-history":[{"count":0,"href":"https:\/\/sandzakpress.net\/arhiva\/wp-json\/wp\/v2\/posts\/55360\/revisions"}],"wp:featuredmedia":[{"embeddable":true,"href":"https:\/\/sandzakpress.net\/arhiva\/wp-json\/wp\/v2\/media\/55361"}],"wp:attachment":[{"href":"https:\/\/sandzakpress.net\/arhiva\/wp-json\/wp\/v2\/media?parent=55360"}],"wp:term":[{"taxonomy":"category","embeddable":true,"href":"https:\/\/sandzakpress.net\/arhiva\/wp-json\/wp\/v2\/categories?post=55360"},{"taxonomy":"post_tag","embeddable":true,"href":"https:\/\/sandzakpress.net\/arhiva\/wp-json\/wp\/v2\/tags?post=55360"}],"curies":[{"name":"wp","href":"https:\/\/api.w.org\/{rel}","templated":true}]}}