{"id":55313,"date":"2012-11-22T17:31:09","date_gmt":"2012-11-22T16:31:09","guid":{"rendered":"https:\/\/sandzakpress.net\/arhiva\/?p=55313"},"modified":"2012-11-22T17:37:28","modified_gmt":"2012-11-22T16:37:28","slug":"akademik-muhic-muftija-je-u-100-god-vise-ucinio-za-sandzak-nego-svi-drugi-zajedno","status":"publish","type":"post","link":"https:\/\/sandzakpress.net\/arhiva\/akademik-muhic-muftija-je-u-100-god-vise-ucinio-za-sandzak-nego-svi-drugi-zajedno\/","title":{"rendered":"Akademik Muhi\u0107: &#8216;Muftija je u 100 god. vi\u0161e u\u010dinio za Sand\u017eak, nego svi drugi zajedno&#8217;"},"content":{"rendered":"<p><strong><a href=\"https:\/\/sandzakpress.net\/arhiva\/wp-content\/uploads\/2012\/11\/Images_Authors_Writers_Ferid-Muhikj1.jpg\"><img loading=\"lazy\" decoding=\"async\" class=\"alignleft size-full wp-image-55316\" title=\"Images_Authors_Writers_Ferid Muhikj\" src=\"https:\/\/sandzakpress.net\/arhiva\/wp-content\/uploads\/2012\/11\/Images_Authors_Writers_Ferid-Muhikj1.jpg\" alt=\"\" width=\"220\" height=\"218\" srcset=\"https:\/\/sandzakpress.net\/arhiva\/wp-content\/uploads\/2012\/11\/Images_Authors_Writers_Ferid-Muhikj1.jpg 220w, https:\/\/sandzakpress.net\/arhiva\/wp-content\/uploads\/2012\/11\/Images_Authors_Writers_Ferid-Muhikj1-150x150.jpg 150w, https:\/\/sandzakpress.net\/arhiva\/wp-content\/uploads\/2012\/11\/Images_Authors_Writers_Ferid-Muhikj1-90x90.jpg 90w, https:\/\/sandzakpress.net\/arhiva\/wp-content\/uploads\/2012\/11\/Images_Authors_Writers_Ferid-Muhikj1-125x125.jpg 125w\" sizes=\"(max-width: 220px) 100vw, 220px\" \/><\/a>Sand\u017eak &#8211; Govore\u0107i na simpoziju o Sand\u017eaku na Internacionalnom Univerzitetu u Novom Pazaru, sa temom\u00a0 \u201e Bo\u0161njaci Sand\u017eaka izme\u0111u islamskog, bo\u0161naj\u010dkog i evropskog identiteta \u201e akdemik Ferid Muhi\u0107 se na samom po\u010detku zahvalio na , kako je kazao, inzvanrednoj organizaciji skupa,kao i o temi Sand\u017eak izmedju 1912 i 2012 godine i naglasio da je Muftija Zukorli\u0107 vi\u0161e u\u010dinio za Sand\u017eak nego svi zajedno<\/strong><\/p>\n<p>\u201eIzrazio bih posebnu po\u010dastvovanost ovom inzvarenom organizacijom skupa, muftiji Zukorli\u0107u , koji je zaista u\u010dinio za Sand\u017eak vi\u0161e izme\u0111u ova dva datuma nego \u0161to su svi drugi zajedno u\u010dinili, otkako je on u\u0161ao u tu sekvencu. Svakako zahvaljujem se i rektoru, uva\u017eenom akademiku Mevludinu Dudi\u0107u , koji je ovaj Internacionalni Univerzitet u Novom Pazaru podigao u rang jednog od vrlo zna\u010dajnih \u010dinilaca u akademskoj praksi \u010ditavog Balkana.<\/p>\n<p>Ovo je veoma jedan zna\u010dajan skup i za mene je sjajna prilika da podijelim sa vama radost \u0161to danas obilje\u017eavamo i Dan Sand\u017eaka 20 novembar \u201e- rekao je akademik Muhi\u0107<\/p>\n<p><a href=\"https:\/\/sandzakpress.net\/arhiva\/wp-content\/uploads\/2012\/11\/23946_510198169004684_1661206593_n1.jpg\"><img loading=\"lazy\" decoding=\"async\" class=\"alignright size-medium wp-image-55315\" title=\"23946_510198169004684_1661206593_n\" src=\"https:\/\/sandzakpress.net\/arhiva\/wp-content\/uploads\/2012\/11\/23946_510198169004684_1661206593_n1-300x162.jpg\" alt=\"\" width=\"300\" height=\"162\" \/><\/a>On je rekao da je Sand\u017eak i danas u nekom kontekstu okupacije ali i to da se postiglo mnogo u ovih zadnjih godina.<\/p>\n<p>\u201eApsolutno je fantasti\u010dna \u010dinjenica da mi ovdje imamo Bo\u0161nja\u010dku akademiju koja je tu osnovana u Novom Pazaru da imamo Internacionalni Univerzitet , da imamo sve institucije koje su bile nezamislive prije toga . Sposobnost Bo\u0161najka u Sand\u017eaku je prevazi\u0161lo sve granice i ograni\u010denja politi\u010dke situacije i re\u017eima koliko se god mijenjali namjera da izvr\u0161e represiju nad Bo\u0161naj\u010dkim narodom posebno u ovom dijelu Sand\u017eaka\u201c-rekao je akademik Muhi\u0107<\/p>\n<div class=\"youtube-embed\" data-video_id=\"t--eqlOH1ZU\"><iframe loading=\"lazy\" title=\"Akademik Muhi\u0107: &#039;Muftija je u 100 god. vi\u0161e u\u010dinio za Sand\u017eak, nego svi drugi zajedno&#039;\" width=\"696\" height=\"522\" src=\"https:\/\/www.youtube.com\/embed\/t--eqlOH1ZU?feature=oembed&#038;enablejsapi=1\" frameborder=\"0\" allow=\"accelerometer; autoplay; encrypted-media; gyroscope; picture-in-picture\" allowfullscreen><\/iframe><\/div>\n<p>A. \u0160aboti\u0107<\/p>\n<p>(Sand\u017eak TV)<\/p>\n","protected":false},"excerpt":{"rendered":"<p>Sand\u017eak &#8211; Govore\u0107i na simpoziju o Sand\u017eaku na Internacionalnom Univerzitetu u Novom Pazaru, sa temom\u00a0 \u201e Bo\u0161njaci Sand\u017eaka izme\u0111u islamskog, bo\u0161naj\u010dkog i evropskog identiteta \u201e akdemik Ferid Muhi\u0107 se na samom po\u010detku zahvalio na , kako je kazao, inzvanrednoj organizaciji skupa,kao i o temi Sand\u017eak izmedju 1912 i 2012 godine i naglasio da je Muftija [&hellip;]<\/p>\n","protected":false},"author":83,"featured_media":55316,"comment_status":"open","ping_status":"open","sticky":false,"template":"","format":"standard","meta":{"footnotes":""},"categories":[398,800,2860,72,52,327,392,393,2691,394,8957],"tags":[],"class_list":{"0":"post-55313","1":"post","2":"type-post","3":"status-publish","4":"format-standard","5":"has-post-thumbnail","7":"category-rozaje","8":"category-nacija","9":"category-bosna-i-hercegovina-gradovi","10":"category-novi-pazar","11":"category-sjenica","12":"category-tutin","13":"category-prijepolje_","14":"category-priboj","15":"category-makedonija","16":"category-nova-varos","17":"category-vijesti-dana"},"yoast_head":"<!-- This site is optimized with the Yoast SEO Premium plugin v23.1 (Yoast SEO v24.9) - https:\/\/yoast.com\/wordpress\/plugins\/seo\/ -->\n<title>Akademik Muhi\u0107: &#039;Muftija je u 100 god. vi\u0161e u\u010dinio za Sand\u017eak, nego svi drugi zajedno&#039;<\/title>\n<meta name=\"robots\" content=\"index, follow, max-snippet:-1, max-image-preview:large, max-video-preview:-1\" \/>\n<link rel=\"canonical\" href=\"https:\/\/sandzakpress.net\/arhiva\/akademik-muhic-muftija-je-u-100-god-vise-ucinio-za-sandzak-nego-svi-drugi-zajedno\/\" \/>\n<meta property=\"og:locale\" content=\"bs_BA\" \/>\n<meta property=\"og:type\" content=\"article\" \/>\n<meta property=\"og:title\" content=\"Akademik Muhi\u0107: &#039;Muftija je u 100 god. vi\u0161e u\u010dinio za Sand\u017eak, nego svi drugi zajedno&#039;\" \/>\n<meta property=\"og:description\" content=\"Sand\u017eak &#8211; Govore\u0107i na simpoziju o Sand\u017eaku na Internacionalnom Univerzitetu u Novom Pazaru, sa temom\u00a0 \u201e Bo\u0161njaci Sand\u017eaka izme\u0111u islamskog, bo\u0161naj\u010dkog i evropskog identiteta \u201e akdemik Ferid Muhi\u0107 se na samom po\u010detku zahvalio na , kako je kazao, inzvanrednoj organizaciji skupa,kao i o temi Sand\u017eak izmedju 1912 i 2012 godine i naglasio da je Muftija [&hellip;]\" \/>\n<meta property=\"og:url\" content=\"https:\/\/sandzakpress.net\/arhiva\/akademik-muhic-muftija-je-u-100-god-vise-ucinio-za-sandzak-nego-svi-drugi-zajedno\/\" \/>\n<meta property=\"og:site_name\" content=\"Sand\u017eak PRESS\" \/>\n<meta property=\"article:published_time\" content=\"2012-11-22T16:31:09+00:00\" \/>\n<meta property=\"article:modified_time\" content=\"2012-11-22T16:37:28+00:00\" \/>\n<meta property=\"og:image\" content=\"https:\/\/sandzakpress.net\/arhiva\/wp-content\/uploads\/2012\/11\/Images_Authors_Writers_Ferid-Muhikj1.jpg\" \/>\n\t<meta property=\"og:image:width\" content=\"220\" \/>\n\t<meta property=\"og:image:height\" content=\"218\" \/>\n\t<meta property=\"og:image:type\" content=\"image\/jpeg\" \/>\n<meta name=\"author\" content=\"bosniak\" \/>\n<meta name=\"twitter:card\" content=\"summary_large_image\" \/>\n<meta name=\"twitter:label1\" content=\"Written by\" \/>\n\t<meta name=\"twitter:data1\" content=\"bosniak\" \/>\n\t<meta name=\"twitter:label2\" content=\"Est. reading time\" \/>\n\t<meta name=\"twitter:data2\" content=\"1 minuta\" \/>\n<script type=\"application\/ld+json\" class=\"yoast-schema-graph\">{\"@context\":\"https:\/\/schema.org\",\"@graph\":[{\"@type\":\"Article\",\"@id\":\"https:\/\/sandzakpress.net\/arhiva\/akademik-muhic-muftija-je-u-100-god-vise-ucinio-za-sandzak-nego-svi-drugi-zajedno\/#article\",\"isPartOf\":{\"@id\":\"https:\/\/sandzakpress.net\/arhiva\/akademik-muhic-muftija-je-u-100-god-vise-ucinio-za-sandzak-nego-svi-drugi-zajedno\/\"},\"author\":{\"name\":\"bosniak\",\"@id\":\"https:\/\/sandzakpress.net\/arhiva\/#\/schema\/person\/c8baee722073534b583ea7bdb2e36c02\"},\"headline\":\"Akademik Muhi\u0107: &#8216;Muftija je u 100 god. vi\u0161e u\u010dinio za Sand\u017eak, nego svi drugi zajedno&#8217;\",\"datePublished\":\"2012-11-22T16:31:09+00:00\",\"dateModified\":\"2012-11-22T16:37:28+00:00\",\"mainEntityOfPage\":{\"@id\":\"https:\/\/sandzakpress.net\/arhiva\/akademik-muhic-muftija-je-u-100-god-vise-ucinio-za-sandzak-nego-svi-drugi-zajedno\/\"},\"wordCount\":316,\"commentCount\":3,\"publisher\":{\"@id\":\"https:\/\/sandzakpress.net\/arhiva\/#\/schema\/person\/6e72b67d6e51910a1117b3b483ba20bd\"},\"image\":{\"@id\":\"https:\/\/sandzakpress.net\/arhiva\/akademik-muhic-muftija-je-u-100-god-vise-ucinio-za-sandzak-nego-svi-drugi-zajedno\/#primaryimage\"},\"thumbnailUrl\":\"https:\/\/sandzakpress.net\/arhiva\/wp-content\/uploads\/2012\/11\/Images_Authors_Writers_Ferid-Muhikj1.jpg\",\"articleSection\":[\"Ro\u017eaje\",\"Nacija\",\"Bosna i Hercegovina\",\"Novi Pazar\",\"Sjenica\",\"Tutin\",\"Prijepolje\",\"Priboj\",\"Makedonija\",\"Nova Varo\u0161\",\"VIJESTI DANA\"],\"inLanguage\":\"bs-BA\",\"potentialAction\":[{\"@type\":\"CommentAction\",\"name\":\"Comment\",\"target\":[\"https:\/\/sandzakpress.net\/arhiva\/akademik-muhic-muftija-je-u-100-god-vise-ucinio-za-sandzak-nego-svi-drugi-zajedno\/#respond\"]}]},{\"@type\":\"WebPage\",\"@id\":\"https:\/\/sandzakpress.net\/arhiva\/akademik-muhic-muftija-je-u-100-god-vise-ucinio-za-sandzak-nego-svi-drugi-zajedno\/\",\"url\":\"https:\/\/sandzakpress.net\/arhiva\/akademik-muhic-muftija-je-u-100-god-vise-ucinio-za-sandzak-nego-svi-drugi-zajedno\/\",\"name\":\"Akademik Muhi\u0107: 'Muftija je u 100 god. vi\u0161e u\u010dinio za Sand\u017eak, nego svi drugi zajedno'\",\"isPartOf\":{\"@id\":\"https:\/\/sandzakpress.net\/arhiva\/#website\"},\"primaryImageOfPage\":{\"@id\":\"https:\/\/sandzakpress.net\/arhiva\/akademik-muhic-muftija-je-u-100-god-vise-ucinio-za-sandzak-nego-svi-drugi-zajedno\/#primaryimage\"},\"image\":{\"@id\":\"https:\/\/sandzakpress.net\/arhiva\/akademik-muhic-muftija-je-u-100-god-vise-ucinio-za-sandzak-nego-svi-drugi-zajedno\/#primaryimage\"},\"thumbnailUrl\":\"https:\/\/sandzakpress.net\/arhiva\/wp-content\/uploads\/2012\/11\/Images_Authors_Writers_Ferid-Muhikj1.jpg\",\"datePublished\":\"2012-11-22T16:31:09+00:00\",\"dateModified\":\"2012-11-22T16:37:28+00:00\",\"breadcrumb\":{\"@id\":\"https:\/\/sandzakpress.net\/arhiva\/akademik-muhic-muftija-je-u-100-god-vise-ucinio-za-sandzak-nego-svi-drugi-zajedno\/#breadcrumb\"},\"inLanguage\":\"bs-BA\",\"potentialAction\":[{\"@type\":\"ReadAction\",\"target\":[\"https:\/\/sandzakpress.net\/arhiva\/akademik-muhic-muftija-je-u-100-god-vise-ucinio-za-sandzak-nego-svi-drugi-zajedno\/\"]}]},{\"@type\":\"ImageObject\",\"inLanguage\":\"bs-BA\",\"@id\":\"https:\/\/sandzakpress.net\/arhiva\/akademik-muhic-muftija-je-u-100-god-vise-ucinio-za-sandzak-nego-svi-drugi-zajedno\/#primaryimage\",\"url\":\"https:\/\/sandzakpress.net\/arhiva\/wp-content\/uploads\/2012\/11\/Images_Authors_Writers_Ferid-Muhikj1.jpg\",\"contentUrl\":\"https:\/\/sandzakpress.net\/arhiva\/wp-content\/uploads\/2012\/11\/Images_Authors_Writers_Ferid-Muhikj1.jpg\",\"width\":220,\"height\":218},{\"@type\":\"BreadcrumbList\",\"@id\":\"https:\/\/sandzakpress.net\/arhiva\/akademik-muhic-muftija-je-u-100-god-vise-ucinio-za-sandzak-nego-svi-drugi-zajedno\/#breadcrumb\",\"itemListElement\":[{\"@type\":\"ListItem\",\"position\":1,\"name\":\"Home\",\"item\":\"https:\/\/sandzakpress.net\/arhiva\/\"},{\"@type\":\"ListItem\",\"position\":2,\"name\":\"Akademik Muhi\u0107: &#8216;Muftija je u 100 god. vi\u0161e u\u010dinio za Sand\u017eak, nego svi drugi zajedno&#8217;\"}]},{\"@type\":\"WebSite\",\"@id\":\"https:\/\/sandzakpress.net\/arhiva\/#website\",\"url\":\"https:\/\/sandzakpress.net\/arhiva\/\",\"name\":\"Sand\u017eak PRESS\",\"description\":\"Prve elektronske novine u Sand\u017eaku\",\"publisher\":{\"@id\":\"https:\/\/sandzakpress.net\/arhiva\/#\/schema\/person\/6e72b67d6e51910a1117b3b483ba20bd\"},\"potentialAction\":[{\"@type\":\"SearchAction\",\"target\":{\"@type\":\"EntryPoint\",\"urlTemplate\":\"https:\/\/sandzakpress.net\/arhiva\/?s={search_term_string}\"},\"query-input\":{\"@type\":\"PropertyValueSpecification\",\"valueRequired\":true,\"valueName\":\"search_term_string\"}}],\"inLanguage\":\"bs-BA\"},{\"@type\":[\"Person\",\"Organization\"],\"@id\":\"https:\/\/sandzakpress.net\/arhiva\/#\/schema\/person\/6e72b67d6e51910a1117b3b483ba20bd\",\"name\":\"Kul\",\"image\":{\"@type\":\"ImageObject\",\"inLanguage\":\"bs-BA\",\"@id\":\"https:\/\/sandzakpress.net\/arhiva\/#\/schema\/person\/image\/\",\"url\":\"https:\/\/secure.gravatar.com\/avatar\/42263f39aa27ac04c43cab85c280eb2e?s=96&d=mm&r=pg\",\"contentUrl\":\"https:\/\/secure.gravatar.com\/avatar\/42263f39aa27ac04c43cab85c280eb2e?s=96&d=mm&r=pg\",\"caption\":\"Kul\"},\"logo\":{\"@id\":\"https:\/\/sandzakpress.net\/arhiva\/#\/schema\/person\/image\/\"}},{\"@type\":\"Person\",\"@id\":\"https:\/\/sandzakpress.net\/arhiva\/#\/schema\/person\/c8baee722073534b583ea7bdb2e36c02\",\"name\":\"bosniak\",\"image\":{\"@type\":\"ImageObject\",\"inLanguage\":\"bs-BA\",\"@id\":\"https:\/\/sandzakpress.net\/arhiva\/#\/schema\/person\/image\/\",\"url\":\"https:\/\/secure.gravatar.com\/avatar\/a04fd330bfe3a36a72a0ad4a6d89fca7?s=96&d=mm&r=pg\",\"contentUrl\":\"https:\/\/secure.gravatar.com\/avatar\/a04fd330bfe3a36a72a0ad4a6d89fca7?s=96&d=mm&r=pg\",\"caption\":\"bosniak\"},\"url\":\"https:\/\/sandzakpress.net\/arhiva\/author\/bosniak\/\"}]}<\/script>\n<!-- \/ Yoast SEO Premium plugin. -->","yoast_head_json":{"title":"Akademik Muhi\u0107: 'Muftija je u 100 god. vi\u0161e u\u010dinio za Sand\u017eak, nego svi drugi zajedno'","robots":{"index":"index","follow":"follow","max-snippet":"max-snippet:-1","max-image-preview":"max-image-preview:large","max-video-preview":"max-video-preview:-1"},"canonical":"https:\/\/sandzakpress.net\/arhiva\/akademik-muhic-muftija-je-u-100-god-vise-ucinio-za-sandzak-nego-svi-drugi-zajedno\/","og_locale":"bs_BA","og_type":"article","og_title":"Akademik Muhi\u0107: 'Muftija je u 100 god. vi\u0161e u\u010dinio za Sand\u017eak, nego svi drugi zajedno'","og_description":"Sand\u017eak &#8211; Govore\u0107i na simpoziju o Sand\u017eaku na Internacionalnom Univerzitetu u Novom Pazaru, sa temom\u00a0 \u201e Bo\u0161njaci Sand\u017eaka izme\u0111u islamskog, bo\u0161naj\u010dkog i evropskog identiteta \u201e akdemik Ferid Muhi\u0107 se na samom po\u010detku zahvalio na , kako je kazao, inzvanrednoj organizaciji skupa,kao i o temi Sand\u017eak izmedju 1912 i 2012 godine i naglasio da je Muftija [&hellip;]","og_url":"https:\/\/sandzakpress.net\/arhiva\/akademik-muhic-muftija-je-u-100-god-vise-ucinio-za-sandzak-nego-svi-drugi-zajedno\/","og_site_name":"Sand\u017eak PRESS","article_published_time":"2012-11-22T16:31:09+00:00","article_modified_time":"2012-11-22T16:37:28+00:00","og_image":[{"width":220,"height":218,"url":"https:\/\/sandzakpress.net\/arhiva\/wp-content\/uploads\/2012\/11\/Images_Authors_Writers_Ferid-Muhikj1.jpg","type":"image\/jpeg"}],"author":"bosniak","twitter_card":"summary_large_image","twitter_misc":{"Written by":"bosniak","Est. reading time":"1 minuta"},"schema":{"@context":"https:\/\/schema.org","@graph":[{"@type":"Article","@id":"https:\/\/sandzakpress.net\/arhiva\/akademik-muhic-muftija-je-u-100-god-vise-ucinio-za-sandzak-nego-svi-drugi-zajedno\/#article","isPartOf":{"@id":"https:\/\/sandzakpress.net\/arhiva\/akademik-muhic-muftija-je-u-100-god-vise-ucinio-za-sandzak-nego-svi-drugi-zajedno\/"},"author":{"name":"bosniak","@id":"https:\/\/sandzakpress.net\/arhiva\/#\/schema\/person\/c8baee722073534b583ea7bdb2e36c02"},"headline":"Akademik Muhi\u0107: &#8216;Muftija je u 100 god. vi\u0161e u\u010dinio za Sand\u017eak, nego svi drugi zajedno&#8217;","datePublished":"2012-11-22T16:31:09+00:00","dateModified":"2012-11-22T16:37:28+00:00","mainEntityOfPage":{"@id":"https:\/\/sandzakpress.net\/arhiva\/akademik-muhic-muftija-je-u-100-god-vise-ucinio-za-sandzak-nego-svi-drugi-zajedno\/"},"wordCount":316,"commentCount":3,"publisher":{"@id":"https:\/\/sandzakpress.net\/arhiva\/#\/schema\/person\/6e72b67d6e51910a1117b3b483ba20bd"},"image":{"@id":"https:\/\/sandzakpress.net\/arhiva\/akademik-muhic-muftija-je-u-100-god-vise-ucinio-za-sandzak-nego-svi-drugi-zajedno\/#primaryimage"},"thumbnailUrl":"https:\/\/sandzakpress.net\/arhiva\/wp-content\/uploads\/2012\/11\/Images_Authors_Writers_Ferid-Muhikj1.jpg","articleSection":["Ro\u017eaje","Nacija","Bosna i Hercegovina","Novi Pazar","Sjenica","Tutin","Prijepolje","Priboj","Makedonija","Nova Varo\u0161","VIJESTI DANA"],"inLanguage":"bs-BA","potentialAction":[{"@type":"CommentAction","name":"Comment","target":["https:\/\/sandzakpress.net\/arhiva\/akademik-muhic-muftija-je-u-100-god-vise-ucinio-za-sandzak-nego-svi-drugi-zajedno\/#respond"]}]},{"@type":"WebPage","@id":"https:\/\/sandzakpress.net\/arhiva\/akademik-muhic-muftija-je-u-100-god-vise-ucinio-za-sandzak-nego-svi-drugi-zajedno\/","url":"https:\/\/sandzakpress.net\/arhiva\/akademik-muhic-muftija-je-u-100-god-vise-ucinio-za-sandzak-nego-svi-drugi-zajedno\/","name":"Akademik Muhi\u0107: 'Muftija je u 100 god. vi\u0161e u\u010dinio za Sand\u017eak, nego svi drugi zajedno'","isPartOf":{"@id":"https:\/\/sandzakpress.net\/arhiva\/#website"},"primaryImageOfPage":{"@id":"https:\/\/sandzakpress.net\/arhiva\/akademik-muhic-muftija-je-u-100-god-vise-ucinio-za-sandzak-nego-svi-drugi-zajedno\/#primaryimage"},"image":{"@id":"https:\/\/sandzakpress.net\/arhiva\/akademik-muhic-muftija-je-u-100-god-vise-ucinio-za-sandzak-nego-svi-drugi-zajedno\/#primaryimage"},"thumbnailUrl":"https:\/\/sandzakpress.net\/arhiva\/wp-content\/uploads\/2012\/11\/Images_Authors_Writers_Ferid-Muhikj1.jpg","datePublished":"2012-11-22T16:31:09+00:00","dateModified":"2012-11-22T16:37:28+00:00","breadcrumb":{"@id":"https:\/\/sandzakpress.net\/arhiva\/akademik-muhic-muftija-je-u-100-god-vise-ucinio-za-sandzak-nego-svi-drugi-zajedno\/#breadcrumb"},"inLanguage":"bs-BA","potentialAction":[{"@type":"ReadAction","target":["https:\/\/sandzakpress.net\/arhiva\/akademik-muhic-muftija-je-u-100-god-vise-ucinio-za-sandzak-nego-svi-drugi-zajedno\/"]}]},{"@type":"ImageObject","inLanguage":"bs-BA","@id":"https:\/\/sandzakpress.net\/arhiva\/akademik-muhic-muftija-je-u-100-god-vise-ucinio-za-sandzak-nego-svi-drugi-zajedno\/#primaryimage","url":"https:\/\/sandzakpress.net\/arhiva\/wp-content\/uploads\/2012\/11\/Images_Authors_Writers_Ferid-Muhikj1.jpg","contentUrl":"https:\/\/sandzakpress.net\/arhiva\/wp-content\/uploads\/2012\/11\/Images_Authors_Writers_Ferid-Muhikj1.jpg","width":220,"height":218},{"@type":"BreadcrumbList","@id":"https:\/\/sandzakpress.net\/arhiva\/akademik-muhic-muftija-je-u-100-god-vise-ucinio-za-sandzak-nego-svi-drugi-zajedno\/#breadcrumb","itemListElement":[{"@type":"ListItem","position":1,"name":"Home","item":"https:\/\/sandzakpress.net\/arhiva\/"},{"@type":"ListItem","position":2,"name":"Akademik Muhi\u0107: &#8216;Muftija je u 100 god. vi\u0161e u\u010dinio za Sand\u017eak, nego svi drugi zajedno&#8217;"}]},{"@type":"WebSite","@id":"https:\/\/sandzakpress.net\/arhiva\/#website","url":"https:\/\/sandzakpress.net\/arhiva\/","name":"Sand\u017eak PRESS","description":"Prve elektronske novine u Sand\u017eaku","publisher":{"@id":"https:\/\/sandzakpress.net\/arhiva\/#\/schema\/person\/6e72b67d6e51910a1117b3b483ba20bd"},"potentialAction":[{"@type":"SearchAction","target":{"@type":"EntryPoint","urlTemplate":"https:\/\/sandzakpress.net\/arhiva\/?s={search_term_string}"},"query-input":{"@type":"PropertyValueSpecification","valueRequired":true,"valueName":"search_term_string"}}],"inLanguage":"bs-BA"},{"@type":["Person","Organization"],"@id":"https:\/\/sandzakpress.net\/arhiva\/#\/schema\/person\/6e72b67d6e51910a1117b3b483ba20bd","name":"Kul","image":{"@type":"ImageObject","inLanguage":"bs-BA","@id":"https:\/\/sandzakpress.net\/arhiva\/#\/schema\/person\/image\/","url":"https:\/\/secure.gravatar.com\/avatar\/42263f39aa27ac04c43cab85c280eb2e?s=96&d=mm&r=pg","contentUrl":"https:\/\/secure.gravatar.com\/avatar\/42263f39aa27ac04c43cab85c280eb2e?s=96&d=mm&r=pg","caption":"Kul"},"logo":{"@id":"https:\/\/sandzakpress.net\/arhiva\/#\/schema\/person\/image\/"}},{"@type":"Person","@id":"https:\/\/sandzakpress.net\/arhiva\/#\/schema\/person\/c8baee722073534b583ea7bdb2e36c02","name":"bosniak","image":{"@type":"ImageObject","inLanguage":"bs-BA","@id":"https:\/\/sandzakpress.net\/arhiva\/#\/schema\/person\/image\/","url":"https:\/\/secure.gravatar.com\/avatar\/a04fd330bfe3a36a72a0ad4a6d89fca7?s=96&d=mm&r=pg","contentUrl":"https:\/\/secure.gravatar.com\/avatar\/a04fd330bfe3a36a72a0ad4a6d89fca7?s=96&d=mm&r=pg","caption":"bosniak"},"url":"https:\/\/sandzakpress.net\/arhiva\/author\/bosniak\/"}]}},"_links":{"self":[{"href":"https:\/\/sandzakpress.net\/arhiva\/wp-json\/wp\/v2\/posts\/55313"}],"collection":[{"href":"https:\/\/sandzakpress.net\/arhiva\/wp-json\/wp\/v2\/posts"}],"about":[{"href":"https:\/\/sandzakpress.net\/arhiva\/wp-json\/wp\/v2\/types\/post"}],"author":[{"embeddable":true,"href":"https:\/\/sandzakpress.net\/arhiva\/wp-json\/wp\/v2\/users\/83"}],"replies":[{"embeddable":true,"href":"https:\/\/sandzakpress.net\/arhiva\/wp-json\/wp\/v2\/comments?post=55313"}],"version-history":[{"count":0,"href":"https:\/\/sandzakpress.net\/arhiva\/wp-json\/wp\/v2\/posts\/55313\/revisions"}],"wp:featuredmedia":[{"embeddable":true,"href":"https:\/\/sandzakpress.net\/arhiva\/wp-json\/wp\/v2\/media\/55316"}],"wp:attachment":[{"href":"https:\/\/sandzakpress.net\/arhiva\/wp-json\/wp\/v2\/media?parent=55313"}],"wp:term":[{"taxonomy":"category","embeddable":true,"href":"https:\/\/sandzakpress.net\/arhiva\/wp-json\/wp\/v2\/categories?post=55313"},{"taxonomy":"post_tag","embeddable":true,"href":"https:\/\/sandzakpress.net\/arhiva\/wp-json\/wp\/v2\/tags?post=55313"}],"curies":[{"name":"wp","href":"https:\/\/api.w.org\/{rel}","templated":true}]}}