{"id":55264,"date":"2012-11-22T16:59:33","date_gmt":"2012-11-22T15:59:33","guid":{"rendered":"https:\/\/sandzakpress.net\/arhiva\/?p=55264"},"modified":"2012-11-22T16:59:33","modified_gmt":"2012-11-22T15:59:33","slug":"seki-radoncic-za-aa-ovo-je-novi-zlocin-crne-gore","status":"publish","type":"post","link":"https:\/\/sandzakpress.net\/arhiva\/seki-radoncic-za-aa-ovo-je-novi-zlocin-crne-gore\/","title":{"rendered":"\u0160eki Radon\u010di\u0107 za AA: Ovo je novi zlo\u010din Crne Gore"},"content":{"rendered":"<p><strong><a href=\"https:\/\/sandzakpress.net\/arhiva\/wp-content\/uploads\/2012\/11\/copyright_aabadoluajansi_2012_20121122155717.jpg\"><img loading=\"lazy\" decoding=\"async\" class=\"alignleft size-medium wp-image-55266\" title=\"copyright_aabadoluajansi_2012_20121122155717\" src=\"https:\/\/sandzakpress.net\/arhiva\/wp-content\/uploads\/2012\/11\/copyright_aabadoluajansi_2012_20121122155717-300x208.jpg\" alt=\"\" width=\"300\" height=\"208\" \/><\/a>BIH, Plav &#8211; Mi odli\u010dno znamo da je Crna Gora u\u010destvovala u agresiji na BiH i da je Crna Gora u\u010destvovala u agresiji na Hrvatsku, rekao je Radon\u010di\u0107.<\/strong><\/p>\n<p><strong>Ugledni novinar, publicista i istra\u017eiva\u010d\u00a0\u0160eki Radon\u010di\u0107 izjavio je za agenciju Anadolija (AA) da nije iznena\u0111en dana\u0161njim osloba\u0111anjem crnogorskih policajaca koji su \u00a0optu\u017eeni za nezakonito hap\u0161enje i deportaciju bosanskohercegova\u010dkih izbjeglica iz Crne Gore vlastima Republike Srpske 1992. godine, nakon \u010dega su mnogi od navedenih osoba ubijeni.<\/p>\n<p>Radon\u010di\u0107 je godinama temeljito istra\u017eivao i dokumentirao slu\u010dajeve deportacije, \u0161to je objavljivao u svojim knjigama i dokumentarcima.<\/p>\n<p>Vije\u0107e Vi\u0161eg suda u Podgorici je danas na ponovnom su\u0111enju devetorici pripadnika crnogorske policije, osumnji\u010denih za deportaciju \u00a0bosanskohercegova\u010dkih izbjeglica, izreklo jo\u0161 jednu osloba\u0111aju\u0107u presudu.<\/p>\n<p>Sud je u obrazlo\u017eenju istakao da su &#8220;djelatnost i naredba bili nezakoniti, ali nije dokazano da su optu\u017eeni bili na nekoj od strana u oru\u017eanom sukobu \u0161to je potrebno za postojanje ratnog zlo\u010dina&#8221;.<\/p>\n<p>&#8220;Su\u0161tina pri\u010de je da nema pravde, su\u0161tina pri\u010de\u00a0je da zlo\u010dinci slobodno \u0161etaju i da se zlo\u010dinci veli\u010daju. Ovo je samo jo\u0161 jedan u nizu zlo\u010dina prema porodicama deportovanih ljudi, prema pre\u017eivjelim u deportacijama i prema onim kostima koje ne mo\u017eemo da prona\u0111emo. Crna Gora je oslobodila kompletan politi\u010dki vrh, koji je bio na optu\u017eeni\u010dkoj klupi, uz obrazlo\u017eenje da nije bilo ratnog zlo\u010dina. Mislim da je crnogorsko pravosu\u0111e, prije svega Tu\u017eila\u0161tvo Crne Gore, opstruiralo ovaj predmet, da je ponudilo lo\u0161e i podmetnute svjedoke i da je takva optu\u017enica morala da rezultira osloba\u0111aju\u0107om presudom. Crnogorsko tu\u017eila\u0161tvo nije pro\u0161irilo optu\u017enicu na Slobodana Pejovi\u0107a kojega \u017ertve jedino prepoznaju i za kojeg je nepobitno utvr\u0111eno\u00a0 da je bio glavni lovac na gra\u0111ane BiH, Bo\u0161njake&#8221;, kazao je Radon\u010di\u0107.<\/p>\n<p>Istakao je da, kao \u0161to Srbija i Republika Srpska veli\u010daju Radovana Karad\u017ei\u0107a i Ratka Mladi\u0107a, isto radi Crna Gora u slu\u010daju Slobodana Pejovi\u0107a.<\/p>\n<p>On je ponovio da je direktorica NVO Gariwo Svetlana Broz u Sarajevu dodjeljivala nagrade za &#8220;gra\u0111ansku hrabrost glavnom hapsitelju Slobodanu Peljovi\u0107u i pored toga \u0161to su porodice \u017ertava tra\u017eile da se to ne dogodi&#8221;. Pita se da li bi Broz isto uradila u Zagrebu da je u deportacijama iz Crne Gore ubijeno 85 Hrvata?<\/p>\n<p>Radoon\u010di\u0107 tvrdi da nije samo odgovornost na Crnoj Gori. Dio krivice snosi i bosanskohercegova\u010dko pravosu\u0111e.<\/p>\n<p>&#8220;Prije pet godina je\u00a0\u0160eki Radon\u010di\u0107 Odjelu za ratne zlo\u010dine Tu\u017eila\u0161tva BiH dostavio imena ljudi koji su bili direktni egzekutori nad gra\u0111anima BiH, odnosno Bo\u0161njacima. Ja sam kompletan dokazni materijal dostavio tu\u017eiocu Ibri Buli\u0107u. Me\u0111utim, evo, pet godina po tom predmetu nije u\u010dinjeno ba\u0161 ni\u0161ta. Ako je ovo crnogorski zlo\u010din crnogorskih pravosudnih organa, to je zlo\u010din bosanskih pravosudnih organa nad porodicama&#8221;, istakao je Radon\u010di\u0107.<\/p>\n<p>Radon\u010di\u0107 je za AA prokomentirao navode ranije prvostepene presude u kojoj je navedeno da su \u201coptu\u017eeni oslobo\u0111eni zato \u0161to Crna Gora nije bila u me\u0111unarodnom sukobu sa Bosnom i Hercegovinom, i zato \u0161to policijski slu\u017ebenici nisu bili dio oru\u017eanih snaga\u201d.<\/p>\n<p>&#8220;Iza ovakve kvalifikacije stoji vjerovatno zaklju\u010dak sudije da se Crna Gora u trenutku raspada Jugoslavije i agresije na BiH nalazila negdje na Bliskom Istoku!? To, naravno, nema veze s \u010dinjeni\u010dnim stanjem. Mi odli\u010dno znamo da je Crna Gora u\u010destvovala u agresiji na BiH i da je Crna Gora u\u010destvovala u agresiji na Hrvatsku. Crnogorski vikend-ratnici dolazili su tamo. Tamo su dolazili i razni Arkani, Vlahovi\u0107i, \u0160ljivan\u010dani&#8230; Sve su to Crnogorci, ba\u0161 kao i Slobodan Milo\u0161evi\u0107. Oni su po\u010dinili najgore i najbrutalnije zlo\u010dine protiv civila. I ovaj zlo\u010din u Herceg Novom je zlo\u010din protiv civila&#8221;, zaklju\u010duje Radon\u010di\u0107.<\/strong><\/p>\n<p><strong>(AA)<\/strong><\/p>\n","protected":false},"excerpt":{"rendered":"<p>BIH, Plav &#8211; Mi odli\u010dno znamo da je Crna Gora u\u010destvovala u agresiji na BiH i da je Crna Gora u\u010destvovala u agresiji na Hrvatsku, rekao je Radon\u010di\u0107. Ugledni novinar, publicista i istra\u017eiva\u010d\u00a0\u0160eki Radon\u010di\u0107 izjavio je za agenciju Anadolija (AA) da nije iznena\u0111en dana\u0161njim osloba\u0111anjem crnogorskih policajaca koji su \u00a0optu\u017eeni za nezakonito hap\u0161enje i deportaciju [&hellip;]<\/p>\n","protected":false},"author":16,"featured_media":55266,"comment_status":"open","ping_status":"open","sticky":false,"template":"","format":"standard","meta":{"footnotes":""},"categories":[2860,1,399],"tags":[],"class_list":{"0":"post-55264","1":"post","2":"type-post","3":"status-publish","4":"format-standard","5":"has-post-thumbnail","7":"category-bosna-i-hercegovina-gradovi","8":"category-politika","9":"category-plav_"},"yoast_head":"<!-- This site is optimized with the Yoast SEO Premium plugin v23.1 (Yoast SEO v24.9) - https:\/\/yoast.com\/wordpress\/plugins\/seo\/ -->\n<title>\u0160eki Radon\u010di\u0107 za AA: Ovo je novi zlo\u010din Crne Gore<\/title>\n<meta name=\"robots\" content=\"index, follow, max-snippet:-1, max-image-preview:large, max-video-preview:-1\" \/>\n<link rel=\"canonical\" href=\"https:\/\/sandzakpress.net\/arhiva\/seki-radoncic-za-aa-ovo-je-novi-zlocin-crne-gore\/\" \/>\n<meta property=\"og:locale\" content=\"bs_BA\" \/>\n<meta property=\"og:type\" content=\"article\" \/>\n<meta property=\"og:title\" content=\"\u0160eki Radon\u010di\u0107 za AA: Ovo je novi zlo\u010din Crne Gore\" \/>\n<meta property=\"og:description\" content=\"BIH, Plav &#8211; Mi odli\u010dno znamo da je Crna Gora u\u010destvovala u agresiji na BiH i da je Crna Gora u\u010destvovala u agresiji na Hrvatsku, rekao je Radon\u010di\u0107. Ugledni novinar, publicista i istra\u017eiva\u010d\u00a0\u0160eki Radon\u010di\u0107 izjavio je za agenciju Anadolija (AA) da nije iznena\u0111en dana\u0161njim osloba\u0111anjem crnogorskih policajaca koji su \u00a0optu\u017eeni za nezakonito hap\u0161enje i deportaciju [&hellip;]\" \/>\n<meta property=\"og:url\" content=\"https:\/\/sandzakpress.net\/arhiva\/seki-radoncic-za-aa-ovo-je-novi-zlocin-crne-gore\/\" \/>\n<meta property=\"og:site_name\" content=\"Sand\u017eak PRESS\" \/>\n<meta property=\"article:published_time\" content=\"2012-11-22T15:59:33+00:00\" \/>\n<meta property=\"og:image\" content=\"https:\/\/sandzakpress.net\/arhiva\/wp-content\/uploads\/2012\/11\/copyright_aabadoluajansi_2012_20121122155717.jpg\" \/>\n\t<meta property=\"og:image:width\" content=\"609\" \/>\n\t<meta property=\"og:image:height\" content=\"424\" \/>\n\t<meta property=\"og:image:type\" content=\"image\/jpeg\" \/>\n<meta name=\"twitter:card\" content=\"summary_large_image\" \/>\n<meta name=\"twitter:label1\" content=\"Written by\" \/>\n\t<meta name=\"twitter:data1\" content=\"\" \/>\n\t<meta name=\"twitter:label2\" content=\"Est. reading time\" \/>\n\t<meta name=\"twitter:data2\" content=\"3 minute\" \/>\n<script type=\"application\/ld+json\" class=\"yoast-schema-graph\">{\"@context\":\"https:\/\/schema.org\",\"@graph\":[{\"@type\":\"Article\",\"@id\":\"https:\/\/sandzakpress.net\/arhiva\/seki-radoncic-za-aa-ovo-je-novi-zlocin-crne-gore\/#article\",\"isPartOf\":{\"@id\":\"https:\/\/sandzakpress.net\/arhiva\/seki-radoncic-za-aa-ovo-je-novi-zlocin-crne-gore\/\"},\"author\":{\"name\":\"\",\"@id\":\"\"},\"headline\":\"\u0160eki Radon\u010di\u0107 za AA: Ovo je novi zlo\u010din Crne Gore\",\"datePublished\":\"2012-11-22T15:59:33+00:00\",\"mainEntityOfPage\":{\"@id\":\"https:\/\/sandzakpress.net\/arhiva\/seki-radoncic-za-aa-ovo-je-novi-zlocin-crne-gore\/\"},\"wordCount\":678,\"commentCount\":0,\"publisher\":{\"@id\":\"https:\/\/sandzakpress.net\/arhiva\/#\/schema\/person\/6e72b67d6e51910a1117b3b483ba20bd\"},\"image\":{\"@id\":\"https:\/\/sandzakpress.net\/arhiva\/seki-radoncic-za-aa-ovo-je-novi-zlocin-crne-gore\/#primaryimage\"},\"thumbnailUrl\":\"https:\/\/sandzakpress.net\/arhiva\/wp-content\/uploads\/2012\/11\/copyright_aabadoluajansi_2012_20121122155717.jpg\",\"articleSection\":[\"Bosna i Hercegovina\",\"Politika\",\"Plav\"],\"inLanguage\":\"bs-BA\",\"potentialAction\":[{\"@type\":\"CommentAction\",\"name\":\"Comment\",\"target\":[\"https:\/\/sandzakpress.net\/arhiva\/seki-radoncic-za-aa-ovo-je-novi-zlocin-crne-gore\/#respond\"]}]},{\"@type\":\"WebPage\",\"@id\":\"https:\/\/sandzakpress.net\/arhiva\/seki-radoncic-za-aa-ovo-je-novi-zlocin-crne-gore\/\",\"url\":\"https:\/\/sandzakpress.net\/arhiva\/seki-radoncic-za-aa-ovo-je-novi-zlocin-crne-gore\/\",\"name\":\"\u0160eki Radon\u010di\u0107 za AA: Ovo je novi zlo\u010din Crne Gore\",\"isPartOf\":{\"@id\":\"https:\/\/sandzakpress.net\/arhiva\/#website\"},\"primaryImageOfPage\":{\"@id\":\"https:\/\/sandzakpress.net\/arhiva\/seki-radoncic-za-aa-ovo-je-novi-zlocin-crne-gore\/#primaryimage\"},\"image\":{\"@id\":\"https:\/\/sandzakpress.net\/arhiva\/seki-radoncic-za-aa-ovo-je-novi-zlocin-crne-gore\/#primaryimage\"},\"thumbnailUrl\":\"https:\/\/sandzakpress.net\/arhiva\/wp-content\/uploads\/2012\/11\/copyright_aabadoluajansi_2012_20121122155717.jpg\",\"datePublished\":\"2012-11-22T15:59:33+00:00\",\"breadcrumb\":{\"@id\":\"https:\/\/sandzakpress.net\/arhiva\/seki-radoncic-za-aa-ovo-je-novi-zlocin-crne-gore\/#breadcrumb\"},\"inLanguage\":\"bs-BA\",\"potentialAction\":[{\"@type\":\"ReadAction\",\"target\":[\"https:\/\/sandzakpress.net\/arhiva\/seki-radoncic-za-aa-ovo-je-novi-zlocin-crne-gore\/\"]}]},{\"@type\":\"ImageObject\",\"inLanguage\":\"bs-BA\",\"@id\":\"https:\/\/sandzakpress.net\/arhiva\/seki-radoncic-za-aa-ovo-je-novi-zlocin-crne-gore\/#primaryimage\",\"url\":\"https:\/\/sandzakpress.net\/arhiva\/wp-content\/uploads\/2012\/11\/copyright_aabadoluajansi_2012_20121122155717.jpg\",\"contentUrl\":\"https:\/\/sandzakpress.net\/arhiva\/wp-content\/uploads\/2012\/11\/copyright_aabadoluajansi_2012_20121122155717.jpg\",\"width\":609,\"height\":424},{\"@type\":\"BreadcrumbList\",\"@id\":\"https:\/\/sandzakpress.net\/arhiva\/seki-radoncic-za-aa-ovo-je-novi-zlocin-crne-gore\/#breadcrumb\",\"itemListElement\":[{\"@type\":\"ListItem\",\"position\":1,\"name\":\"Home\",\"item\":\"https:\/\/sandzakpress.net\/arhiva\/\"},{\"@type\":\"ListItem\",\"position\":2,\"name\":\"\u0160eki Radon\u010di\u0107 za AA: Ovo je novi zlo\u010din Crne Gore\"}]},{\"@type\":\"WebSite\",\"@id\":\"https:\/\/sandzakpress.net\/arhiva\/#website\",\"url\":\"https:\/\/sandzakpress.net\/arhiva\/\",\"name\":\"Sand\u017eak PRESS\",\"description\":\"Prve elektronske novine u Sand\u017eaku\",\"publisher\":{\"@id\":\"https:\/\/sandzakpress.net\/arhiva\/#\/schema\/person\/6e72b67d6e51910a1117b3b483ba20bd\"},\"potentialAction\":[{\"@type\":\"SearchAction\",\"target\":{\"@type\":\"EntryPoint\",\"urlTemplate\":\"https:\/\/sandzakpress.net\/arhiva\/?s={search_term_string}\"},\"query-input\":{\"@type\":\"PropertyValueSpecification\",\"valueRequired\":true,\"valueName\":\"search_term_string\"}}],\"inLanguage\":\"bs-BA\"},{\"@type\":[\"Person\",\"Organization\"],\"@id\":\"https:\/\/sandzakpress.net\/arhiva\/#\/schema\/person\/6e72b67d6e51910a1117b3b483ba20bd\",\"name\":\"Kul\",\"image\":{\"@type\":\"ImageObject\",\"inLanguage\":\"bs-BA\",\"@id\":\"https:\/\/sandzakpress.net\/arhiva\/#\/schema\/person\/image\/\",\"url\":\"https:\/\/secure.gravatar.com\/avatar\/42263f39aa27ac04c43cab85c280eb2e?s=96&d=mm&r=pg\",\"contentUrl\":\"https:\/\/secure.gravatar.com\/avatar\/42263f39aa27ac04c43cab85c280eb2e?s=96&d=mm&r=pg\",\"caption\":\"Kul\"},\"logo\":{\"@id\":\"https:\/\/sandzakpress.net\/arhiva\/#\/schema\/person\/image\/\"}},{\"@type\":\"Person\",\"@id\":\"\",\"url\":\"https:\/\/sandzakpress.net\/arhiva\/author\/\"}]}<\/script>\n<!-- \/ Yoast SEO Premium plugin. -->","yoast_head_json":{"title":"\u0160eki Radon\u010di\u0107 za AA: Ovo je novi zlo\u010din Crne Gore","robots":{"index":"index","follow":"follow","max-snippet":"max-snippet:-1","max-image-preview":"max-image-preview:large","max-video-preview":"max-video-preview:-1"},"canonical":"https:\/\/sandzakpress.net\/arhiva\/seki-radoncic-za-aa-ovo-je-novi-zlocin-crne-gore\/","og_locale":"bs_BA","og_type":"article","og_title":"\u0160eki Radon\u010di\u0107 za AA: Ovo je novi zlo\u010din Crne Gore","og_description":"BIH, Plav &#8211; Mi odli\u010dno znamo da je Crna Gora u\u010destvovala u agresiji na BiH i da je Crna Gora u\u010destvovala u agresiji na Hrvatsku, rekao je Radon\u010di\u0107. Ugledni novinar, publicista i istra\u017eiva\u010d\u00a0\u0160eki Radon\u010di\u0107 izjavio je za agenciju Anadolija (AA) da nije iznena\u0111en dana\u0161njim osloba\u0111anjem crnogorskih policajaca koji su \u00a0optu\u017eeni za nezakonito hap\u0161enje i deportaciju [&hellip;]","og_url":"https:\/\/sandzakpress.net\/arhiva\/seki-radoncic-za-aa-ovo-je-novi-zlocin-crne-gore\/","og_site_name":"Sand\u017eak PRESS","article_published_time":"2012-11-22T15:59:33+00:00","og_image":[{"width":609,"height":424,"url":"https:\/\/sandzakpress.net\/arhiva\/wp-content\/uploads\/2012\/11\/copyright_aabadoluajansi_2012_20121122155717.jpg","type":"image\/jpeg"}],"twitter_card":"summary_large_image","twitter_misc":{"Written by":"","Est. reading time":"3 minute"},"schema":{"@context":"https:\/\/schema.org","@graph":[{"@type":"Article","@id":"https:\/\/sandzakpress.net\/arhiva\/seki-radoncic-za-aa-ovo-je-novi-zlocin-crne-gore\/#article","isPartOf":{"@id":"https:\/\/sandzakpress.net\/arhiva\/seki-radoncic-za-aa-ovo-je-novi-zlocin-crne-gore\/"},"author":{"name":"","@id":""},"headline":"\u0160eki Radon\u010di\u0107 za AA: Ovo je novi zlo\u010din Crne Gore","datePublished":"2012-11-22T15:59:33+00:00","mainEntityOfPage":{"@id":"https:\/\/sandzakpress.net\/arhiva\/seki-radoncic-za-aa-ovo-je-novi-zlocin-crne-gore\/"},"wordCount":678,"commentCount":0,"publisher":{"@id":"https:\/\/sandzakpress.net\/arhiva\/#\/schema\/person\/6e72b67d6e51910a1117b3b483ba20bd"},"image":{"@id":"https:\/\/sandzakpress.net\/arhiva\/seki-radoncic-za-aa-ovo-je-novi-zlocin-crne-gore\/#primaryimage"},"thumbnailUrl":"https:\/\/sandzakpress.net\/arhiva\/wp-content\/uploads\/2012\/11\/copyright_aabadoluajansi_2012_20121122155717.jpg","articleSection":["Bosna i Hercegovina","Politika","Plav"],"inLanguage":"bs-BA","potentialAction":[{"@type":"CommentAction","name":"Comment","target":["https:\/\/sandzakpress.net\/arhiva\/seki-radoncic-za-aa-ovo-je-novi-zlocin-crne-gore\/#respond"]}]},{"@type":"WebPage","@id":"https:\/\/sandzakpress.net\/arhiva\/seki-radoncic-za-aa-ovo-je-novi-zlocin-crne-gore\/","url":"https:\/\/sandzakpress.net\/arhiva\/seki-radoncic-za-aa-ovo-je-novi-zlocin-crne-gore\/","name":"\u0160eki Radon\u010di\u0107 za AA: Ovo je novi zlo\u010din Crne Gore","isPartOf":{"@id":"https:\/\/sandzakpress.net\/arhiva\/#website"},"primaryImageOfPage":{"@id":"https:\/\/sandzakpress.net\/arhiva\/seki-radoncic-za-aa-ovo-je-novi-zlocin-crne-gore\/#primaryimage"},"image":{"@id":"https:\/\/sandzakpress.net\/arhiva\/seki-radoncic-za-aa-ovo-je-novi-zlocin-crne-gore\/#primaryimage"},"thumbnailUrl":"https:\/\/sandzakpress.net\/arhiva\/wp-content\/uploads\/2012\/11\/copyright_aabadoluajansi_2012_20121122155717.jpg","datePublished":"2012-11-22T15:59:33+00:00","breadcrumb":{"@id":"https:\/\/sandzakpress.net\/arhiva\/seki-radoncic-za-aa-ovo-je-novi-zlocin-crne-gore\/#breadcrumb"},"inLanguage":"bs-BA","potentialAction":[{"@type":"ReadAction","target":["https:\/\/sandzakpress.net\/arhiva\/seki-radoncic-za-aa-ovo-je-novi-zlocin-crne-gore\/"]}]},{"@type":"ImageObject","inLanguage":"bs-BA","@id":"https:\/\/sandzakpress.net\/arhiva\/seki-radoncic-za-aa-ovo-je-novi-zlocin-crne-gore\/#primaryimage","url":"https:\/\/sandzakpress.net\/arhiva\/wp-content\/uploads\/2012\/11\/copyright_aabadoluajansi_2012_20121122155717.jpg","contentUrl":"https:\/\/sandzakpress.net\/arhiva\/wp-content\/uploads\/2012\/11\/copyright_aabadoluajansi_2012_20121122155717.jpg","width":609,"height":424},{"@type":"BreadcrumbList","@id":"https:\/\/sandzakpress.net\/arhiva\/seki-radoncic-za-aa-ovo-je-novi-zlocin-crne-gore\/#breadcrumb","itemListElement":[{"@type":"ListItem","position":1,"name":"Home","item":"https:\/\/sandzakpress.net\/arhiva\/"},{"@type":"ListItem","position":2,"name":"\u0160eki Radon\u010di\u0107 za AA: Ovo je novi zlo\u010din Crne Gore"}]},{"@type":"WebSite","@id":"https:\/\/sandzakpress.net\/arhiva\/#website","url":"https:\/\/sandzakpress.net\/arhiva\/","name":"Sand\u017eak PRESS","description":"Prve elektronske novine u Sand\u017eaku","publisher":{"@id":"https:\/\/sandzakpress.net\/arhiva\/#\/schema\/person\/6e72b67d6e51910a1117b3b483ba20bd"},"potentialAction":[{"@type":"SearchAction","target":{"@type":"EntryPoint","urlTemplate":"https:\/\/sandzakpress.net\/arhiva\/?s={search_term_string}"},"query-input":{"@type":"PropertyValueSpecification","valueRequired":true,"valueName":"search_term_string"}}],"inLanguage":"bs-BA"},{"@type":["Person","Organization"],"@id":"https:\/\/sandzakpress.net\/arhiva\/#\/schema\/person\/6e72b67d6e51910a1117b3b483ba20bd","name":"Kul","image":{"@type":"ImageObject","inLanguage":"bs-BA","@id":"https:\/\/sandzakpress.net\/arhiva\/#\/schema\/person\/image\/","url":"https:\/\/secure.gravatar.com\/avatar\/42263f39aa27ac04c43cab85c280eb2e?s=96&d=mm&r=pg","contentUrl":"https:\/\/secure.gravatar.com\/avatar\/42263f39aa27ac04c43cab85c280eb2e?s=96&d=mm&r=pg","caption":"Kul"},"logo":{"@id":"https:\/\/sandzakpress.net\/arhiva\/#\/schema\/person\/image\/"}},{"@type":"Person","@id":"","url":"https:\/\/sandzakpress.net\/arhiva\/author\/"}]}},"_links":{"self":[{"href":"https:\/\/sandzakpress.net\/arhiva\/wp-json\/wp\/v2\/posts\/55264"}],"collection":[{"href":"https:\/\/sandzakpress.net\/arhiva\/wp-json\/wp\/v2\/posts"}],"about":[{"href":"https:\/\/sandzakpress.net\/arhiva\/wp-json\/wp\/v2\/types\/post"}],"author":[{"embeddable":true,"href":"https:\/\/sandzakpress.net\/arhiva\/wp-json\/wp\/v2\/users\/16"}],"replies":[{"embeddable":true,"href":"https:\/\/sandzakpress.net\/arhiva\/wp-json\/wp\/v2\/comments?post=55264"}],"version-history":[{"count":0,"href":"https:\/\/sandzakpress.net\/arhiva\/wp-json\/wp\/v2\/posts\/55264\/revisions"}],"wp:featuredmedia":[{"embeddable":true,"href":"https:\/\/sandzakpress.net\/arhiva\/wp-json\/wp\/v2\/media\/55266"}],"wp:attachment":[{"href":"https:\/\/sandzakpress.net\/arhiva\/wp-json\/wp\/v2\/media?parent=55264"}],"wp:term":[{"taxonomy":"category","embeddable":true,"href":"https:\/\/sandzakpress.net\/arhiva\/wp-json\/wp\/v2\/categories?post=55264"},{"taxonomy":"post_tag","embeddable":true,"href":"https:\/\/sandzakpress.net\/arhiva\/wp-json\/wp\/v2\/tags?post=55264"}],"curies":[{"name":"wp","href":"https:\/\/api.w.org\/{rel}","templated":true}]}}