{"id":55070,"date":"2012-11-19T16:38:06","date_gmt":"2012-11-19T15:38:06","guid":{"rendered":"https:\/\/sandzakpress.net\/arhiva\/?p=55070"},"modified":"2012-11-20T16:28:06","modified_gmt":"2012-11-20T15:28:06","slug":"cestitke-u-povodu-dana-sandzaka","status":"publish","type":"post","link":"https:\/\/sandzakpress.net\/arhiva\/cestitke-u-povodu-dana-sandzaka\/","title":{"rendered":"\u010cestitke u povodu Dana Sand\u017eaka"},"content":{"rendered":"<p><span style=\"font-size: small;\"> <\/span><\/p>\n<div><a href=\"https:\/\/sandzakpress.net\/arhiva\/wp-content\/uploads\/2012\/11\/vijest-24122.jpg\"><img loading=\"lazy\" decoding=\"async\" class=\"aligncenter size-full wp-image-55072\" title=\"vijest-2412\" src=\"https:\/\/sandzakpress.net\/arhiva\/wp-content\/uploads\/2012\/11\/vijest-24122.jpg\" alt=\"\" width=\"618\" height=\"351\" srcset=\"https:\/\/sandzakpress.net\/arhiva\/wp-content\/uploads\/2012\/11\/vijest-24122.jpg 616w, https:\/\/sandzakpress.net\/arhiva\/wp-content\/uploads\/2012\/11\/vijest-24122-350x200.jpg 350w\" sizes=\"(max-width: 618px) 100vw, 618px\" \/><\/a><\/div>\n<div style=\"text-align: center;\"><strong>Redakcija Sand\u017eak PRESS svim stanovnicima Novog Pazara, Tutina, Sjenice, Prijepolja, Priboja, Nove Varo\u0161i, Brodareva, Ro\u017eaja, Berana, Bijelog Polja, Pljevalja, Plava, Gusinja i Petnjice \u010destita Dan Sand\u017eaka u \u017eelji da ostvarimo slobodu svog naroda i sa\u010duvamo krov nad na\u0161om glavom koji se zove Sand\u017eak.<\/strong><\/div>\n<div><strong>&#8230;&#8230;&#8230;&#8230;&#8230;&#8230;&#8230;&#8230;&#8230;&#8230;&#8230;&#8230;&#8230;&#8230;&#8230;&#8230;&#8230;&#8230;&#8230;&#8230;&#8230;&#8230;&#8230;&#8230;&#8230;&#8230;&#8230;&#8230;&#8230;&#8230;&#8230;&#8230;&#8230;&#8230;&#8230;&#8230;&#8230;&#8230;&#8230;&#8230;&#8230;&#8230;&#8230;&#8230;&#8230;&#8230;&#8230;&#8230;&#8230;&#8230;&#8230;&#8230;&#8230;&#8230;&#8230;&#8230;&#8230;&#8230;&#8230;&#8230;&#8230;&#8230;&#8230;&#8230;&#8230;&#8230;&#8230;..<\/strong><\/div>\n<div><img loading=\"lazy\" decoding=\"async\" class=\"alignleft\" src=\"https:\/\/sandzakpress.net\/arhiva\/wp-content\/uploads\/2012\/10\/sead-sacirovic1.jpg\" alt=\"\" width=\"240\" height=\"200\" \/>U  ime Narodnog vije\u0107a Sand\u017eaka (NVS) i svoje li\u010dno imesvim gra\u0111anima  Sand\u017eaka upu\u0107ujem iskrene \u010destitke povodom 20. novembra &#8211; Dana  Sand\u017eakasa \u017eeljom da svi zajedno ustrajemo u naporima u cilju izgradnje  dru\u0161tvaduhovnog i materijalnog blagostanjasu\u017eivota i tolerancijete  me\u0111usobnog uva\u017eavanja i po\u0161tovanja.<\/div>\n<div><span style=\"font-size: small;\">Predsjednik<br \/>\nIzvr\u0161nog vije\u0107a Sand\u017eaka<\/span><span style=\"font-size: small;\"><br \/>\nSead \u0160a\u0107irovi\u0107<\/span><\/div>\n<div><span style=\"font-size: small;\"> <\/span><\/div>\n<div>\n<div><strong>&#8230;&#8230;&#8230;&#8230;&#8230;&#8230;&#8230;&#8230;&#8230;&#8230;&#8230;&#8230;&#8230;&#8230;&#8230;&#8230;&#8230;&#8230;&#8230;&#8230;&#8230;&#8230;&#8230;&#8230;&#8230;&#8230;&#8230;&#8230;&#8230;&#8230;&#8230;&#8230;&#8230;&#8230;&#8230;&#8230;&#8230;&#8230;&#8230;&#8230;&#8230;&#8230;&#8230;&#8230;&#8230;&#8230;&#8230;&#8230;&#8230;&#8230;&#8230;&#8230;&#8230;&#8230;&#8230;&#8230;&#8230;&#8230;&#8230;&#8230;&#8230;&#8230;&#8230;&#8230;&#8230;&#8230;&#8230;..<\/strong><\/div>\n<div><img loading=\"lazy\" decoding=\"async\" class=\"alignleft\" src=\"http:\/\/www.e-novine.com\/thumbnail.php?file=photo\/drustvo\/mediji\/blic\/jahja_fehratovic_a_320__bkz.org.rs__338859261.jpg&amp;size=article_medium\" alt=\"Nisam student, Ferhatovi\u0107, potparol: Jahja Fehratovi\u0107, \u010ditalac Blica\" width=\"242\" height=\"181\" \/>Po\u0161tovani gospodine \u0160a\u0107irovi\u0107u,<\/p>\n<p>U ime Bo\u0161nja\u010dke kulturne zajednice (BKZ) i u svoje li\u010dno ime Vama i svim gra\u0111anima Sand\u017eaka mubarek olsun i sretan Dan Sand\u017eaka.<\/p>\n<p>Ovaj datum u historiji Sand\u017eaka ozna\u010dava svijetlu ta\u010dku i svjedod\u017ebu na\u0161eg gra\u0111anskog uzdizanja, jedinstva i snage da kao multinacionalno dru\u0161tvo mo\u017eemo i moramo zajedni\u010dki graditi na\u0161u svijetlu budu\u0107nost.<\/p>\n<p>Predsjednik<\/p>\n<p>Jahja Fehratovi\u0107<\/p>\n<div><strong>&#8230;&#8230;&#8230;&#8230;&#8230;&#8230;&#8230;&#8230;&#8230;&#8230;&#8230;&#8230;&#8230;&#8230;&#8230;&#8230;&#8230;&#8230;&#8230;&#8230;&#8230;&#8230;&#8230;&#8230;&#8230;&#8230;&#8230;&#8230;&#8230;&#8230;&#8230;&#8230;&#8230;&#8230;&#8230;&#8230;&#8230;&#8230;&#8230;&#8230;&#8230;&#8230;&#8230;&#8230;&#8230;&#8230;&#8230;&#8230;&#8230;&#8230;&#8230;&#8230;&#8230;&#8230;&#8230;&#8230;&#8230;&#8230;&#8230;&#8230;&#8230;&#8230;&#8230;&#8230;&#8230;&#8230;&#8230;..<\/strong><\/div>\n<div><img loading=\"lazy\" decoding=\"async\" class=\"alignleft\" src=\"https:\/\/sandzakpress.net\/arhiva\/wp-content\/uploads\/2012\/09\/Samir_Tandir_21.jpg\" alt=\"\" width=\"241\" height=\"322\" \/>U ime Bo\u0161nja\u010dkog nacionalnog vije\u0107a kao i u svoje li\u010dno, svim gra\u0111ankama i gra\u0111anima Sand\u017eaka \u010destitam 20. novembar \u2013 Dan Sand\u017eaka.<br \/>\nOvaj datum je dokaz antifa\u0161isti\u010dke pro\u0161losti Bo\u0161njaka i Sand\u017eaka, kao i vjekovne potrebe sand\u017ea\u010dkog stanovni\u0161tva za autonomijom historijske regije Sand\u017eak.<\/p>\n<p>Predsjednik BNV<br \/>\nSamir Tandir<\/p>\n<\/div>\n<div><strong>&#8230;&#8230;&#8230;&#8230;&#8230;&#8230;&#8230;&#8230;&#8230;&#8230;&#8230;&#8230;&#8230;&#8230;&#8230;&#8230;&#8230;&#8230;&#8230;&#8230;&#8230;&#8230;&#8230;&#8230;&#8230;&#8230;&#8230;&#8230;&#8230;&#8230;&#8230;&#8230;&#8230;&#8230;&#8230;&#8230;&#8230;&#8230;&#8230;&#8230;&#8230;&#8230;&#8230;&#8230;&#8230;&#8230;&#8230;&#8230;&#8230;&#8230;&#8230;&#8230;&#8230;&#8230;&#8230;&#8230;&#8230;&#8230;&#8230;&#8230;&#8230;&#8230;&#8230;&#8230;&#8230;&#8230;&#8230;..<\/strong><\/div>\n<div>\n<p><img loading=\"lazy\" decoding=\"async\" class=\"alignleft\" src=\"http:\/\/www.cazin.net\/thumbnail.php?file=sdaa__1__144535500.jpg&amp;size=article_medium\" alt=\"\" width=\"263\" height=\"174\" \/><em>Ovo jo\u0161 jednom potvr\u0111uje jako antifa\u0161isti\u010dko opredeljenje Bo\u0161njaka koje danas ima jo\u0161 ve\u0107u vrijednost jer predstavlja zajedni\u010dku tekovinu Bo\u0161njaka, Srba i Crnogoraca koji \u017eive na ovim prostorima.\u201d<\/em><\/p>\n<p>Asocijacije mladih SDA Sand\u017eaka je na dana\u0161njoj press konferenciji svim Bo\u0161njacima \u010destitala nacionalni blagdan, 20. novembar, Dan Sand\u017eaka.<\/p>\n<p>Obra\u0107aju\u0107i se medijima Saima Ugljanin, Zamjenik predsjenika AM SDA Sand\u017eaka je istakla da su 20-og novembra 1943.godine u Pljevljima, Bo\u0161njaci, Srbi i Crnogorci se ujedinili u borbi protiv fa\u0161izma i osnovali Zemaljsko antifa\u0161isti\u010dko vije\u0107e narodnog oslobo\u0111enja Sand\u017eaka, kao jedini i najvi\u0161i organ vlasti u Sand\u017eaku.<\/p>\n<p>\u201cAsocijacija mladih SDA Sand\u017eaka izra\u017eava svoj ponos i zadovoljstvo da je Bo\u0161nja\u010dko nacionalno vije\u0107e Sand\u017eaka odredilo ovaj datum za nacionalni praznik Bo\u0161njaka Sand\u017eaka.<\/p>\n<p>Ovo jo\u0161 jednom potvr\u0111uje jako antifa\u0161isti\u010dko opredeljenje Bo\u0161njaka koje danas ima jo\u0161 ve\u0107u vrijednost jer predstavlja zajedni\u010dku tekovinu Bo\u0161njaka, Srba i Crnogoraca koji \u017eive na ovim prostorima.\u201d \u2013 istakla je Ugljanin.<\/p>\n<p>Ove \u010dinjenice dokazuju da je Sand\u017eak jedina, izrazito multinacionalna sredina na prostorima biv\u0161e Jugoslavije koja nema ratne sukobe, mr\u017enju, \u017ertve i invalide tokom raspada SFRJ od 1990 do 2000.godine.<\/p>\n<p>\u201cJo\u0161 jednom \u010destitam Dan Sand\u017eaka svim Bo\u0161njacima, dru\u0161tvenim, politi\u010dkim i kulturnim organizacijama koje okupljaju Bo\u0161njake i u\u010destvuju u organizaciji proslave ovog blagdana.\u201d\u00a0 &#8211; zaklju\u010dili su Mladi SDA Sand\u017eaka.<\/p>\n<p>Bo\u0161nja\u010dko nacionalno Vije\u0107e 20. novembra obilje\u017eava kao Dan Sand\u017eaka, u znak sje\u0107anja na osnivanje Zemaljskog antifa\u0161isti\u010dkog vije\u0107a narodnog oslobo\u0111enja Sand\u017eaka (ZAVNOS), u Pljevljima 1943. godine.<\/p>\n<div><strong>&#8230;&#8230;&#8230;&#8230;&#8230;&#8230;&#8230;&#8230;&#8230;&#8230;&#8230;&#8230;&#8230;&#8230;&#8230;&#8230;&#8230;&#8230;&#8230;&#8230;&#8230;&#8230;&#8230;&#8230;&#8230;&#8230;&#8230;&#8230;&#8230;&#8230;&#8230;&#8230;&#8230;&#8230;&#8230;&#8230;&#8230;&#8230;&#8230;&#8230;&#8230;&#8230;&#8230;&#8230;&#8230;&#8230;&#8230;&#8230;&#8230;&#8230;&#8230;&#8230;&#8230;&#8230;&#8230;&#8230;&#8230;&#8230;&#8230;&#8230;&#8230;&#8230;&#8230;&#8230;&#8230;&#8230;&#8230;..<\/strong><\/div>\n<div><img loading=\"lazy\" decoding=\"async\" class=\"alignleft\" src=\"https:\/\/sandzakpress.net\/arhiva\/wp-content\/uploads\/2011\/04\/Emir-Elfic-300x260.jpg\" alt=\"\" width=\"261\" height=\"238\" \/>U povodu 20. Novembra osnivanja ZAVNOS-a, svim gra\u0111anima i gra\u0111ankama Sand\u017eaka \u010destitam DAN SAND\u017dAKA.<\/p>\n<p>Bo\u0161nja\u010dka demokratska zajednica i njeni predstavnici u Narodnoj skup\u0161tini R. Srbije i lokalnim parlamentima \u010dine sve, kao \u0161to \u0107e i ubudu\u0107e \u010diniti, u cilju za\u0161tite interesa svih ljudi koji \u017eive u Sand\u017eaku i afirmaciji sand\u017ea\u010dkog pitanja u svjetlu pribli\u017eavanja cijelog balkanskog regiona ka EU.<\/p>\n<p>Predsjednik Bo\u0161nja\u010dke demokratske zajednice i narodni poslanik, Emir Elfi\u0107<\/p><\/div>\n<\/div>\n<\/div>\n<\/div>\n","protected":false},"excerpt":{"rendered":"<p>Redakcija Sand\u017eak PRESS svim stanovnicima Novog Pazara, Tutina, Sjenice, Prijepolja, Priboja, Nove Varo\u0161i, Brodareva, Ro\u017eaja, Berana, Bijelog Polja, Pljevalja, Plava, Gusinja i Petnjice \u010destita Dan Sand\u017eaka u \u017eelji da ostvarimo slobodu svog naroda i sa\u010duvamo krov nad na\u0161om glavom koji se zove Sand\u017eak. &#8230;&#8230;&#8230;&#8230;&#8230;&#8230;&#8230;&#8230;&#8230;&#8230;&#8230;&#8230;&#8230;&#8230;&#8230;&#8230;&#8230;&#8230;&#8230;&#8230;&#8230;&#8230;&#8230;&#8230;&#8230;&#8230;&#8230;&#8230;&#8230;&#8230;&#8230;&#8230;&#8230;&#8230;&#8230;&#8230;&#8230;&#8230;&#8230;&#8230;&#8230;&#8230;&#8230;&#8230;&#8230;&#8230;&#8230;&#8230;&#8230;&#8230;&#8230;&#8230;&#8230;&#8230;&#8230;&#8230;&#8230;&#8230;&#8230;&#8230;&#8230;&#8230;&#8230;&#8230;&#8230;&#8230;&#8230;.. U ime Narodnog vije\u0107a Sand\u017eaka (NVS) i svoje li\u010dno imesvim gra\u0111anima [&hellip;]<\/p>\n","protected":false},"author":83,"featured_media":55072,"comment_status":"open","ping_status":"open","sticky":false,"template":"","format":"standard","meta":{"footnotes":""},"categories":[398,800,72,397,52,327,396,392,395,393,399,394,8957],"tags":[],"class_list":{"0":"post-55070","1":"post","2":"type-post","3":"status-publish","4":"format-standard","5":"has-post-thumbnail","7":"category-rozaje","8":"category-nacija","9":"category-novi-pazar","10":"category-berane","11":"category-sjenica","12":"category-tutin","13":"category-bijelo_polje","14":"category-prijepolje_","15":"category-pljevlja_","16":"category-priboj","17":"category-plav_","18":"category-nova-varos","19":"category-vijesti-dana"},"yoast_head":"<!-- This site is optimized with the Yoast SEO Premium plugin v23.1 (Yoast SEO v24.9) - https:\/\/yoast.com\/wordpress\/plugins\/seo\/ -->\n<title>\u010cestitke u povodu Dana Sand\u017eaka<\/title>\n<meta name=\"robots\" content=\"index, follow, max-snippet:-1, max-image-preview:large, max-video-preview:-1\" \/>\n<link rel=\"canonical\" href=\"https:\/\/sandzakpress.net\/arhiva\/cestitke-u-povodu-dana-sandzaka\/\" \/>\n<meta property=\"og:locale\" content=\"bs_BA\" \/>\n<meta property=\"og:type\" content=\"article\" \/>\n<meta property=\"og:title\" content=\"\u010cestitke u povodu Dana Sand\u017eaka\" \/>\n<meta property=\"og:description\" content=\"Redakcija Sand\u017eak PRESS svim stanovnicima Novog Pazara, Tutina, Sjenice, Prijepolja, Priboja, Nove Varo\u0161i, Brodareva, Ro\u017eaja, Berana, Bijelog Polja, Pljevalja, Plava, Gusinja i Petnjice \u010destita Dan Sand\u017eaka u \u017eelji da ostvarimo slobodu svog naroda i sa\u010duvamo krov nad na\u0161om glavom koji se zove Sand\u017eak. &#8230;&#8230;&#8230;&#8230;&#8230;&#8230;&#8230;&#8230;&#8230;&#8230;&#8230;&#8230;&#8230;&#8230;&#8230;&#8230;&#8230;&#8230;&#8230;&#8230;&#8230;&#8230;&#8230;&#8230;&#8230;&#8230;&#8230;&#8230;&#8230;&#8230;&#8230;&#8230;&#8230;&#8230;&#8230;&#8230;&#8230;&#8230;&#8230;&#8230;&#8230;&#8230;&#8230;&#8230;&#8230;&#8230;&#8230;&#8230;&#8230;&#8230;&#8230;&#8230;&#8230;&#8230;&#8230;&#8230;&#8230;&#8230;&#8230;&#8230;&#8230;&#8230;&#8230;&#8230;&#8230;&#8230;&#8230;.. U ime Narodnog vije\u0107a Sand\u017eaka (NVS) i svoje li\u010dno imesvim gra\u0111anima [&hellip;]\" \/>\n<meta property=\"og:url\" content=\"https:\/\/sandzakpress.net\/arhiva\/cestitke-u-povodu-dana-sandzaka\/\" \/>\n<meta property=\"og:site_name\" content=\"Sand\u017eak PRESS\" \/>\n<meta property=\"article:published_time\" content=\"2012-11-19T15:38:06+00:00\" \/>\n<meta property=\"article:modified_time\" content=\"2012-11-20T15:28:06+00:00\" \/>\n<meta property=\"og:image\" content=\"https:\/\/sandzakpress.net\/arhiva\/wp-content\/uploads\/2012\/11\/vijest-24122.jpg\" \/>\n\t<meta property=\"og:image:width\" content=\"616\" \/>\n\t<meta property=\"og:image:height\" content=\"350\" \/>\n\t<meta property=\"og:image:type\" content=\"image\/jpeg\" \/>\n<meta name=\"author\" content=\"bosniak\" \/>\n<meta name=\"twitter:card\" content=\"summary_large_image\" \/>\n<meta name=\"twitter:label1\" content=\"Written by\" \/>\n\t<meta name=\"twitter:data1\" content=\"bosniak\" \/>\n\t<meta name=\"twitter:label2\" content=\"Est. reading time\" \/>\n\t<meta name=\"twitter:data2\" content=\"3 minute\" \/>\n<script type=\"application\/ld+json\" class=\"yoast-schema-graph\">{\"@context\":\"https:\/\/schema.org\",\"@graph\":[{\"@type\":\"Article\",\"@id\":\"https:\/\/sandzakpress.net\/arhiva\/cestitke-u-povodu-dana-sandzaka\/#article\",\"isPartOf\":{\"@id\":\"https:\/\/sandzakpress.net\/arhiva\/cestitke-u-povodu-dana-sandzaka\/\"},\"author\":{\"name\":\"bosniak\",\"@id\":\"https:\/\/sandzakpress.net\/arhiva\/#\/schema\/person\/c8baee722073534b583ea7bdb2e36c02\"},\"headline\":\"\u010cestitke u povodu Dana Sand\u017eaka\",\"datePublished\":\"2012-11-19T15:38:06+00:00\",\"dateModified\":\"2012-11-20T15:28:06+00:00\",\"mainEntityOfPage\":{\"@id\":\"https:\/\/sandzakpress.net\/arhiva\/cestitke-u-povodu-dana-sandzaka\/\"},\"wordCount\":616,\"commentCount\":5,\"publisher\":{\"@id\":\"https:\/\/sandzakpress.net\/arhiva\/#\/schema\/person\/6e72b67d6e51910a1117b3b483ba20bd\"},\"image\":{\"@id\":\"https:\/\/sandzakpress.net\/arhiva\/cestitke-u-povodu-dana-sandzaka\/#primaryimage\"},\"thumbnailUrl\":\"https:\/\/sandzakpress.net\/arhiva\/wp-content\/uploads\/2012\/11\/vijest-24122.jpg\",\"articleSection\":[\"Ro\u017eaje\",\"Nacija\",\"Novi Pazar\",\"Berane\",\"Sjenica\",\"Tutin\",\"Bijelo Polje\",\"Prijepolje\",\"Pljevlja\",\"Priboj\",\"Plav\",\"Nova Varo\u0161\",\"VIJESTI DANA\"],\"inLanguage\":\"bs-BA\",\"potentialAction\":[{\"@type\":\"CommentAction\",\"name\":\"Comment\",\"target\":[\"https:\/\/sandzakpress.net\/arhiva\/cestitke-u-povodu-dana-sandzaka\/#respond\"]}]},{\"@type\":\"WebPage\",\"@id\":\"https:\/\/sandzakpress.net\/arhiva\/cestitke-u-povodu-dana-sandzaka\/\",\"url\":\"https:\/\/sandzakpress.net\/arhiva\/cestitke-u-povodu-dana-sandzaka\/\",\"name\":\"\u010cestitke u povodu Dana Sand\u017eaka\",\"isPartOf\":{\"@id\":\"https:\/\/sandzakpress.net\/arhiva\/#website\"},\"primaryImageOfPage\":{\"@id\":\"https:\/\/sandzakpress.net\/arhiva\/cestitke-u-povodu-dana-sandzaka\/#primaryimage\"},\"image\":{\"@id\":\"https:\/\/sandzakpress.net\/arhiva\/cestitke-u-povodu-dana-sandzaka\/#primaryimage\"},\"thumbnailUrl\":\"https:\/\/sandzakpress.net\/arhiva\/wp-content\/uploads\/2012\/11\/vijest-24122.jpg\",\"datePublished\":\"2012-11-19T15:38:06+00:00\",\"dateModified\":\"2012-11-20T15:28:06+00:00\",\"breadcrumb\":{\"@id\":\"https:\/\/sandzakpress.net\/arhiva\/cestitke-u-povodu-dana-sandzaka\/#breadcrumb\"},\"inLanguage\":\"bs-BA\",\"potentialAction\":[{\"@type\":\"ReadAction\",\"target\":[\"https:\/\/sandzakpress.net\/arhiva\/cestitke-u-povodu-dana-sandzaka\/\"]}]},{\"@type\":\"ImageObject\",\"inLanguage\":\"bs-BA\",\"@id\":\"https:\/\/sandzakpress.net\/arhiva\/cestitke-u-povodu-dana-sandzaka\/#primaryimage\",\"url\":\"https:\/\/sandzakpress.net\/arhiva\/wp-content\/uploads\/2012\/11\/vijest-24122.jpg\",\"contentUrl\":\"https:\/\/sandzakpress.net\/arhiva\/wp-content\/uploads\/2012\/11\/vijest-24122.jpg\",\"width\":616,\"height\":350},{\"@type\":\"BreadcrumbList\",\"@id\":\"https:\/\/sandzakpress.net\/arhiva\/cestitke-u-povodu-dana-sandzaka\/#breadcrumb\",\"itemListElement\":[{\"@type\":\"ListItem\",\"position\":1,\"name\":\"Home\",\"item\":\"https:\/\/sandzakpress.net\/arhiva\/\"},{\"@type\":\"ListItem\",\"position\":2,\"name\":\"\u010cestitke u povodu Dana Sand\u017eaka\"}]},{\"@type\":\"WebSite\",\"@id\":\"https:\/\/sandzakpress.net\/arhiva\/#website\",\"url\":\"https:\/\/sandzakpress.net\/arhiva\/\",\"name\":\"Sand\u017eak PRESS\",\"description\":\"Prve elektronske novine u Sand\u017eaku\",\"publisher\":{\"@id\":\"https:\/\/sandzakpress.net\/arhiva\/#\/schema\/person\/6e72b67d6e51910a1117b3b483ba20bd\"},\"potentialAction\":[{\"@type\":\"SearchAction\",\"target\":{\"@type\":\"EntryPoint\",\"urlTemplate\":\"https:\/\/sandzakpress.net\/arhiva\/?s={search_term_string}\"},\"query-input\":{\"@type\":\"PropertyValueSpecification\",\"valueRequired\":true,\"valueName\":\"search_term_string\"}}],\"inLanguage\":\"bs-BA\"},{\"@type\":[\"Person\",\"Organization\"],\"@id\":\"https:\/\/sandzakpress.net\/arhiva\/#\/schema\/person\/6e72b67d6e51910a1117b3b483ba20bd\",\"name\":\"Kul\",\"image\":{\"@type\":\"ImageObject\",\"inLanguage\":\"bs-BA\",\"@id\":\"https:\/\/sandzakpress.net\/arhiva\/#\/schema\/person\/image\/\",\"url\":\"https:\/\/secure.gravatar.com\/avatar\/42263f39aa27ac04c43cab85c280eb2e?s=96&d=mm&r=pg\",\"contentUrl\":\"https:\/\/secure.gravatar.com\/avatar\/42263f39aa27ac04c43cab85c280eb2e?s=96&d=mm&r=pg\",\"caption\":\"Kul\"},\"logo\":{\"@id\":\"https:\/\/sandzakpress.net\/arhiva\/#\/schema\/person\/image\/\"}},{\"@type\":\"Person\",\"@id\":\"https:\/\/sandzakpress.net\/arhiva\/#\/schema\/person\/c8baee722073534b583ea7bdb2e36c02\",\"name\":\"bosniak\",\"image\":{\"@type\":\"ImageObject\",\"inLanguage\":\"bs-BA\",\"@id\":\"https:\/\/sandzakpress.net\/arhiva\/#\/schema\/person\/image\/\",\"url\":\"https:\/\/secure.gravatar.com\/avatar\/a04fd330bfe3a36a72a0ad4a6d89fca7?s=96&d=mm&r=pg\",\"contentUrl\":\"https:\/\/secure.gravatar.com\/avatar\/a04fd330bfe3a36a72a0ad4a6d89fca7?s=96&d=mm&r=pg\",\"caption\":\"bosniak\"},\"url\":\"https:\/\/sandzakpress.net\/arhiva\/author\/bosniak\/\"}]}<\/script>\n<!-- \/ Yoast SEO Premium plugin. -->","yoast_head_json":{"title":"\u010cestitke u povodu Dana Sand\u017eaka","robots":{"index":"index","follow":"follow","max-snippet":"max-snippet:-1","max-image-preview":"max-image-preview:large","max-video-preview":"max-video-preview:-1"},"canonical":"https:\/\/sandzakpress.net\/arhiva\/cestitke-u-povodu-dana-sandzaka\/","og_locale":"bs_BA","og_type":"article","og_title":"\u010cestitke u povodu Dana Sand\u017eaka","og_description":"Redakcija Sand\u017eak PRESS svim stanovnicima Novog Pazara, Tutina, Sjenice, Prijepolja, Priboja, Nove Varo\u0161i, Brodareva, Ro\u017eaja, Berana, Bijelog Polja, Pljevalja, Plava, Gusinja i Petnjice \u010destita Dan Sand\u017eaka u \u017eelji da ostvarimo slobodu svog naroda i sa\u010duvamo krov nad na\u0161om glavom koji se zove Sand\u017eak. &#8230;&#8230;&#8230;&#8230;&#8230;&#8230;&#8230;&#8230;&#8230;&#8230;&#8230;&#8230;&#8230;&#8230;&#8230;&#8230;&#8230;&#8230;&#8230;&#8230;&#8230;&#8230;&#8230;&#8230;&#8230;&#8230;&#8230;&#8230;&#8230;&#8230;&#8230;&#8230;&#8230;&#8230;&#8230;&#8230;&#8230;&#8230;&#8230;&#8230;&#8230;&#8230;&#8230;&#8230;&#8230;&#8230;&#8230;&#8230;&#8230;&#8230;&#8230;&#8230;&#8230;&#8230;&#8230;&#8230;&#8230;&#8230;&#8230;&#8230;&#8230;&#8230;&#8230;&#8230;&#8230;&#8230;&#8230;.. U ime Narodnog vije\u0107a Sand\u017eaka (NVS) i svoje li\u010dno imesvim gra\u0111anima [&hellip;]","og_url":"https:\/\/sandzakpress.net\/arhiva\/cestitke-u-povodu-dana-sandzaka\/","og_site_name":"Sand\u017eak PRESS","article_published_time":"2012-11-19T15:38:06+00:00","article_modified_time":"2012-11-20T15:28:06+00:00","og_image":[{"width":616,"height":350,"url":"https:\/\/sandzakpress.net\/arhiva\/wp-content\/uploads\/2012\/11\/vijest-24122.jpg","type":"image\/jpeg"}],"author":"bosniak","twitter_card":"summary_large_image","twitter_misc":{"Written by":"bosniak","Est. reading time":"3 minute"},"schema":{"@context":"https:\/\/schema.org","@graph":[{"@type":"Article","@id":"https:\/\/sandzakpress.net\/arhiva\/cestitke-u-povodu-dana-sandzaka\/#article","isPartOf":{"@id":"https:\/\/sandzakpress.net\/arhiva\/cestitke-u-povodu-dana-sandzaka\/"},"author":{"name":"bosniak","@id":"https:\/\/sandzakpress.net\/arhiva\/#\/schema\/person\/c8baee722073534b583ea7bdb2e36c02"},"headline":"\u010cestitke u povodu Dana Sand\u017eaka","datePublished":"2012-11-19T15:38:06+00:00","dateModified":"2012-11-20T15:28:06+00:00","mainEntityOfPage":{"@id":"https:\/\/sandzakpress.net\/arhiva\/cestitke-u-povodu-dana-sandzaka\/"},"wordCount":616,"commentCount":5,"publisher":{"@id":"https:\/\/sandzakpress.net\/arhiva\/#\/schema\/person\/6e72b67d6e51910a1117b3b483ba20bd"},"image":{"@id":"https:\/\/sandzakpress.net\/arhiva\/cestitke-u-povodu-dana-sandzaka\/#primaryimage"},"thumbnailUrl":"https:\/\/sandzakpress.net\/arhiva\/wp-content\/uploads\/2012\/11\/vijest-24122.jpg","articleSection":["Ro\u017eaje","Nacija","Novi Pazar","Berane","Sjenica","Tutin","Bijelo Polje","Prijepolje","Pljevlja","Priboj","Plav","Nova Varo\u0161","VIJESTI DANA"],"inLanguage":"bs-BA","potentialAction":[{"@type":"CommentAction","name":"Comment","target":["https:\/\/sandzakpress.net\/arhiva\/cestitke-u-povodu-dana-sandzaka\/#respond"]}]},{"@type":"WebPage","@id":"https:\/\/sandzakpress.net\/arhiva\/cestitke-u-povodu-dana-sandzaka\/","url":"https:\/\/sandzakpress.net\/arhiva\/cestitke-u-povodu-dana-sandzaka\/","name":"\u010cestitke u povodu Dana Sand\u017eaka","isPartOf":{"@id":"https:\/\/sandzakpress.net\/arhiva\/#website"},"primaryImageOfPage":{"@id":"https:\/\/sandzakpress.net\/arhiva\/cestitke-u-povodu-dana-sandzaka\/#primaryimage"},"image":{"@id":"https:\/\/sandzakpress.net\/arhiva\/cestitke-u-povodu-dana-sandzaka\/#primaryimage"},"thumbnailUrl":"https:\/\/sandzakpress.net\/arhiva\/wp-content\/uploads\/2012\/11\/vijest-24122.jpg","datePublished":"2012-11-19T15:38:06+00:00","dateModified":"2012-11-20T15:28:06+00:00","breadcrumb":{"@id":"https:\/\/sandzakpress.net\/arhiva\/cestitke-u-povodu-dana-sandzaka\/#breadcrumb"},"inLanguage":"bs-BA","potentialAction":[{"@type":"ReadAction","target":["https:\/\/sandzakpress.net\/arhiva\/cestitke-u-povodu-dana-sandzaka\/"]}]},{"@type":"ImageObject","inLanguage":"bs-BA","@id":"https:\/\/sandzakpress.net\/arhiva\/cestitke-u-povodu-dana-sandzaka\/#primaryimage","url":"https:\/\/sandzakpress.net\/arhiva\/wp-content\/uploads\/2012\/11\/vijest-24122.jpg","contentUrl":"https:\/\/sandzakpress.net\/arhiva\/wp-content\/uploads\/2012\/11\/vijest-24122.jpg","width":616,"height":350},{"@type":"BreadcrumbList","@id":"https:\/\/sandzakpress.net\/arhiva\/cestitke-u-povodu-dana-sandzaka\/#breadcrumb","itemListElement":[{"@type":"ListItem","position":1,"name":"Home","item":"https:\/\/sandzakpress.net\/arhiva\/"},{"@type":"ListItem","position":2,"name":"\u010cestitke u povodu Dana Sand\u017eaka"}]},{"@type":"WebSite","@id":"https:\/\/sandzakpress.net\/arhiva\/#website","url":"https:\/\/sandzakpress.net\/arhiva\/","name":"Sand\u017eak PRESS","description":"Prve elektronske novine u Sand\u017eaku","publisher":{"@id":"https:\/\/sandzakpress.net\/arhiva\/#\/schema\/person\/6e72b67d6e51910a1117b3b483ba20bd"},"potentialAction":[{"@type":"SearchAction","target":{"@type":"EntryPoint","urlTemplate":"https:\/\/sandzakpress.net\/arhiva\/?s={search_term_string}"},"query-input":{"@type":"PropertyValueSpecification","valueRequired":true,"valueName":"search_term_string"}}],"inLanguage":"bs-BA"},{"@type":["Person","Organization"],"@id":"https:\/\/sandzakpress.net\/arhiva\/#\/schema\/person\/6e72b67d6e51910a1117b3b483ba20bd","name":"Kul","image":{"@type":"ImageObject","inLanguage":"bs-BA","@id":"https:\/\/sandzakpress.net\/arhiva\/#\/schema\/person\/image\/","url":"https:\/\/secure.gravatar.com\/avatar\/42263f39aa27ac04c43cab85c280eb2e?s=96&d=mm&r=pg","contentUrl":"https:\/\/secure.gravatar.com\/avatar\/42263f39aa27ac04c43cab85c280eb2e?s=96&d=mm&r=pg","caption":"Kul"},"logo":{"@id":"https:\/\/sandzakpress.net\/arhiva\/#\/schema\/person\/image\/"}},{"@type":"Person","@id":"https:\/\/sandzakpress.net\/arhiva\/#\/schema\/person\/c8baee722073534b583ea7bdb2e36c02","name":"bosniak","image":{"@type":"ImageObject","inLanguage":"bs-BA","@id":"https:\/\/sandzakpress.net\/arhiva\/#\/schema\/person\/image\/","url":"https:\/\/secure.gravatar.com\/avatar\/a04fd330bfe3a36a72a0ad4a6d89fca7?s=96&d=mm&r=pg","contentUrl":"https:\/\/secure.gravatar.com\/avatar\/a04fd330bfe3a36a72a0ad4a6d89fca7?s=96&d=mm&r=pg","caption":"bosniak"},"url":"https:\/\/sandzakpress.net\/arhiva\/author\/bosniak\/"}]}},"_links":{"self":[{"href":"https:\/\/sandzakpress.net\/arhiva\/wp-json\/wp\/v2\/posts\/55070"}],"collection":[{"href":"https:\/\/sandzakpress.net\/arhiva\/wp-json\/wp\/v2\/posts"}],"about":[{"href":"https:\/\/sandzakpress.net\/arhiva\/wp-json\/wp\/v2\/types\/post"}],"author":[{"embeddable":true,"href":"https:\/\/sandzakpress.net\/arhiva\/wp-json\/wp\/v2\/users\/83"}],"replies":[{"embeddable":true,"href":"https:\/\/sandzakpress.net\/arhiva\/wp-json\/wp\/v2\/comments?post=55070"}],"version-history":[{"count":0,"href":"https:\/\/sandzakpress.net\/arhiva\/wp-json\/wp\/v2\/posts\/55070\/revisions"}],"wp:featuredmedia":[{"embeddable":true,"href":"https:\/\/sandzakpress.net\/arhiva\/wp-json\/wp\/v2\/media\/55072"}],"wp:attachment":[{"href":"https:\/\/sandzakpress.net\/arhiva\/wp-json\/wp\/v2\/media?parent=55070"}],"wp:term":[{"taxonomy":"category","embeddable":true,"href":"https:\/\/sandzakpress.net\/arhiva\/wp-json\/wp\/v2\/categories?post=55070"},{"taxonomy":"post_tag","embeddable":true,"href":"https:\/\/sandzakpress.net\/arhiva\/wp-json\/wp\/v2\/tags?post=55070"}],"curies":[{"name":"wp","href":"https:\/\/api.w.org\/{rel}","templated":true}]}}