{"id":5495,"date":"2010-06-27T17:04:22","date_gmt":"2010-06-27T17:04:22","guid":{"rendered":"https:\/\/sandzakpress.net\/arhiva\/?p=5495"},"modified":"2010-07-01T21:30:56","modified_gmt":"2010-07-01T21:30:56","slug":"odrzan-sveopsti-sabor-islamske-zajednice","status":"publish","type":"post","link":"https:\/\/sandzakpress.net\/arhiva\/odrzan-sveopsti-sabor-islamske-zajednice\/","title":{"rendered":"Odr\u017ean Sveop\u0161ti Sabor Islamske zajednice"},"content":{"rendered":"<p style=\"text-align: left;\"><strong><a href=\"https:\/\/sandzakpress.net\/arhiva\/wp-content\/uploads\/2010\/06\/DSC_0038.jpg\"><img loading=\"lazy\" decoding=\"async\" class=\"alignleft size-medium wp-image-5498\" title=\"DSC_0038\" src=\"https:\/\/sandzakpress.net\/arhiva\/wp-content\/uploads\/2010\/06\/DSC_0038-300x199.jpg\" alt=\"\" width=\"243\" height=\"161\" \/><\/a>Sjeverni Sand\u017eak &#8211; U povodu sramne uvrede lista Blic na ra\u010dun Glavnog muftije, Islamske  zajednice i muslimana, u Velikoj sli Me\u0161ihata u subotu, 26.06.2010.  god., odr\u017ean je Sveop\u0107i Sabor Islamske zajednice u Srbiji, na kome su  u\u010de\u0161\u0107e uzeli: \u010dlanovi Sabora, rukovodioci svih organa i ustanova  Islamske zajednice, muftije, muderisi, glavni imami, imami i  vjerou\u010ditelji.<\/strong><\/p>\n<p style=\"text-align: left;\">.<strong><\/strong><\/p>\n<p style=\"text-align: left;\">.<strong><\/strong><\/p>\n<p style=\"text-align: left;\">.<strong><br \/>\n<\/strong><\/p>\n<p style=\"text-align: center;\"><strong>Z A K L J U \u010c C I<\/strong><\/p>\n<p style=\"text-align: left;\"><strong>ISLAMOFOBIJA:<\/strong> &#8211; Zbog sve izra\u017eenije islamofobije muslimani u  Srbiji zabrinuti su za budu\u0107nost svog vjerskog i kulturnog identiteta.<\/p>\n<p><strong>SUGURNOST I RAVNOPRAVNOST:<\/strong> &#8211; Od rukovodstva dr\u017eave, na \u010delu sa  Predsjednikom Republike, tra\u017eimo \u010dvrste garancije kako bi muslimani u  Srbiji mogli osjetiti li\u010dnu i kolektivnu sigurnost, kao i ravnopravnost  sa drugim narodima i zajednicama.<\/p>\n<p><strong>OSUDE NA UVREDU: <\/strong>&#8211; Islamska zajednica, sa ogor\u010denjem, najo\u0161trije  osu\u0111uje sramnu uvredu lista &#8220;Blic&#8221; na ra\u010dun Muftije i muslimana, putem  fotomonta\u017ee sa likom Glavnog muftije u pravoslavnoj odori, sa krstom na  glavi, \u0161to simbolizira nastavak genocidne politike prema muslimanima.<\/p>\n<p><strong>PODR\u0160KA I NADOKANADA:<\/strong> &#8211; Islamska zajednica je jedinstvena u  podr\u0161ci Me\u0161ihatu, na \u010delu sa Glavnim muftijom, u zahtjevu za krivi\u010dnom  odgovorno\u0161\u0107u po\u010dinioca ove uvrede, kao i zahtjevu za simboli\u010dkom  nadoknadom u iznosu od 100.000.000\u20ac (stotinu miliona eura), te pozivu na  bojkot kupovine i distribucije lista &#8220;Blic&#8221;.<\/p>\n<p><strong>BUDU\u0106NOST I PO\u0160TOVANJE: <\/strong>&#8211; Islamska zajednica ne\u0107e dopustiti da  ova uvreda i drugi primjeri netrpeljivosti prema muslimanima na bilo  koji na\u010din ugroze dobre odnose sa kom\u0161ijama hri\u0161\u0107anima, ukazuju\u0107i da se  zajedni\u010dka budu\u0107nost gradi na me\u0111usobnom po\u0161tovanju.<\/p>\n<p><strong>CIVILIZACIJSKE VRIJEDNOSTI:<\/strong> &#8211; Sloboda govora, koja predstavlja  neospornu civilizacijsku vrijednost savremenog dru\u0161tva, ne mo\u017ee biti  izgovorom za postupke: antisemitizma, rasizma, govora mr\u017enje, a ni  islamofobije, \u0161to se na globalnom planu poku\u0161ava \u010diniti medijskim  uvredama na ra\u010dun posljednjeg vjerovjesnika islama, Muhammeda a.s. i  drugih islamskih simbola.<br \/>\nIslamska zajednica zahvaljuje svim gra\u0111anima, a posebno nemuslimanima,  koji su se u velikom broju pridru\u017eili osudi ove sramne uvrede.<\/p>\n<p><strong>SLOBODA I PODR\u0160KA ME\u0110UNARODNIH ISLAMSKIH ORGANIZACIJA:<\/strong> &#8211; Na putu  zalaganja za punu slobodu i prava muslimana u Srbiji, Islamska zajednica  tra\u017ei podr\u0161ku od me\u0111unarodnih islamskih organizacija i institucija.<\/p>\n<p><strong>ZA\u0160TITA VAKUFSKE IMOVINE:<\/strong> &#8211; Od Me\u0161ihata tra\u017eimo punu odlu\u010dnost i  dosljednost na putu povra\u0107aja i za\u0161tite vakufske imovine, o\u0161tro  osu\u0111uju\u0107i spregu politi\u010dara, pravosu\u0111a, tajkuna i kriminalaca, koji  posljednjim trzajima nastoje uzurpirati vakufsku imovinu, ne prezaju\u0107i  ni od hu\u0161kanja policije na narod.<\/p>\n<p><strong>\u010cESTITKA NA POBJEDI BKZ:<\/strong> &#8211; Islamska zajednica sa svim svojim  strukturama najsrda\u010dnije \u010destita muftiji Muameru ef. Zukorli\u0107u na  ubjedljivoj pobjedi Bo\u0161nja\u010dke kulturne zajednice na izborima za  Bo\u0161nja\u010dko nacionalno vije\u0107e, uvjereni da ova pobjeda predstavlja  istorijski iskorak na putu ostvarenja pune slobode i prava Bo\u0161njaka i  svih muslimana u Srbiji.<\/p>\n<p style=\"text-align: left;\"><a href=\"https:\/\/sandzakpress.net\/arhiva\/wp-content\/uploads\/2010\/06\/zakljucci-sabora-2.jpg\"><img loading=\"lazy\" decoding=\"async\" class=\"aligncenter size-full wp-image-5497\" title=\"zakljucci-sabora (2)\" src=\"https:\/\/sandzakpress.net\/arhiva\/wp-content\/uploads\/2010\/06\/zakljucci-sabora-2.jpg\" alt=\"\" width=\"616\" height=\"950\" \/><\/a>Izvor: <strong>IslasmkaZajednica.org<\/strong><\/p>\n","protected":false},"excerpt":{"rendered":"<p>Sjeverni Sand\u017eak &#8211; U povodu sramne uvrede lista Blic na ra\u010dun Glavnog muftije, Islamske zajednice i muslimana, u Velikoj sli Me\u0161ihata u subotu, 26.06.2010. god., odr\u017ean je Sveop\u0107i Sabor Islamske zajednice u Srbiji, na kome su u\u010de\u0161\u0107e uzeli: \u010dlanovi Sabora, rukovodioci svih organa i ustanova Islamske zajednice, muftije, muderisi, glavni imami, imami i vjerou\u010ditelji. . [&hellip;]<\/p>\n","protected":false},"author":83,"featured_media":5498,"comment_status":"open","ping_status":"open","sticky":false,"template":"","format":"standard","meta":{"footnotes":""},"categories":[802],"tags":[],"class_list":{"0":"post-5495","1":"post","2":"type-post","3":"status-publish","4":"format-standard","5":"has-post-thumbnail","7":"category-islamska_zajednica"},"yoast_head":"<!-- This site is optimized with the Yoast SEO Premium plugin v23.1 (Yoast SEO v24.9) - https:\/\/yoast.com\/wordpress\/plugins\/seo\/ -->\n<title>Odr\u017ean Sveop\u0161ti Sabor Islamske zajednice<\/title>\n<meta name=\"robots\" content=\"index, follow, max-snippet:-1, max-image-preview:large, max-video-preview:-1\" \/>\n<link rel=\"canonical\" href=\"https:\/\/sandzakpress.net\/arhiva\/odrzan-sveopsti-sabor-islamske-zajednice\/\" \/>\n<meta property=\"og:locale\" content=\"bs_BA\" \/>\n<meta property=\"og:type\" content=\"article\" \/>\n<meta property=\"og:title\" content=\"Odr\u017ean Sveop\u0161ti Sabor Islamske zajednice\" \/>\n<meta property=\"og:description\" content=\"Sjeverni Sand\u017eak &#8211; U povodu sramne uvrede lista Blic na ra\u010dun Glavnog muftije, Islamske zajednice i muslimana, u Velikoj sli Me\u0161ihata u subotu, 26.06.2010. god., odr\u017ean je Sveop\u0107i Sabor Islamske zajednice u Srbiji, na kome su u\u010de\u0161\u0107e uzeli: \u010dlanovi Sabora, rukovodioci svih organa i ustanova Islamske zajednice, muftije, muderisi, glavni imami, imami i vjerou\u010ditelji. . [&hellip;]\" \/>\n<meta property=\"og:url\" content=\"https:\/\/sandzakpress.net\/arhiva\/odrzan-sveopsti-sabor-islamske-zajednice\/\" \/>\n<meta property=\"og:site_name\" content=\"Sand\u017eak PRESS\" \/>\n<meta property=\"article:published_time\" content=\"2010-06-27T17:04:22+00:00\" \/>\n<meta property=\"article:modified_time\" content=\"2010-07-01T21:30:56+00:00\" \/>\n<meta property=\"og:image\" content=\"https:\/\/sandzakpress.net\/arhiva\/wp-content\/uploads\/2010\/06\/DSC_0038.jpg\" \/>\n\t<meta property=\"og:image:width\" content=\"600\" \/>\n\t<meta property=\"og:image:height\" content=\"399\" \/>\n\t<meta property=\"og:image:type\" content=\"image\/jpeg\" \/>\n<meta name=\"author\" content=\"bosniak\" \/>\n<meta name=\"twitter:card\" content=\"summary_large_image\" \/>\n<meta name=\"twitter:label1\" content=\"Written by\" \/>\n\t<meta name=\"twitter:data1\" content=\"bosniak\" \/>\n\t<meta name=\"twitter:label2\" content=\"Est. reading time\" \/>\n\t<meta name=\"twitter:data2\" content=\"2 minute\" \/>\n<script type=\"application\/ld+json\" class=\"yoast-schema-graph\">{\"@context\":\"https:\/\/schema.org\",\"@graph\":[{\"@type\":\"Article\",\"@id\":\"https:\/\/sandzakpress.net\/arhiva\/odrzan-sveopsti-sabor-islamske-zajednice\/#article\",\"isPartOf\":{\"@id\":\"https:\/\/sandzakpress.net\/arhiva\/odrzan-sveopsti-sabor-islamske-zajednice\/\"},\"author\":{\"name\":\"bosniak\",\"@id\":\"https:\/\/sandzakpress.net\/arhiva\/#\/schema\/person\/c8baee722073534b583ea7bdb2e36c02\"},\"headline\":\"Odr\u017ean Sveop\u0161ti Sabor Islamske zajednice\",\"datePublished\":\"2010-06-27T17:04:22+00:00\",\"dateModified\":\"2010-07-01T21:30:56+00:00\",\"mainEntityOfPage\":{\"@id\":\"https:\/\/sandzakpress.net\/arhiva\/odrzan-sveopsti-sabor-islamske-zajednice\/\"},\"wordCount\":495,\"commentCount\":3,\"publisher\":{\"@id\":\"https:\/\/sandzakpress.net\/arhiva\/#\/schema\/person\/6e72b67d6e51910a1117b3b483ba20bd\"},\"image\":{\"@id\":\"https:\/\/sandzakpress.net\/arhiva\/odrzan-sveopsti-sabor-islamske-zajednice\/#primaryimage\"},\"thumbnailUrl\":\"https:\/\/sandzakpress.net\/arhiva\/wp-content\/uploads\/2010\/06\/DSC_0038.jpg\",\"articleSection\":[\"Islamska zajednica\"],\"inLanguage\":\"bs-BA\",\"potentialAction\":[{\"@type\":\"CommentAction\",\"name\":\"Comment\",\"target\":[\"https:\/\/sandzakpress.net\/arhiva\/odrzan-sveopsti-sabor-islamske-zajednice\/#respond\"]}]},{\"@type\":\"WebPage\",\"@id\":\"https:\/\/sandzakpress.net\/arhiva\/odrzan-sveopsti-sabor-islamske-zajednice\/\",\"url\":\"https:\/\/sandzakpress.net\/arhiva\/odrzan-sveopsti-sabor-islamske-zajednice\/\",\"name\":\"Odr\u017ean Sveop\u0161ti Sabor Islamske zajednice\",\"isPartOf\":{\"@id\":\"https:\/\/sandzakpress.net\/arhiva\/#website\"},\"primaryImageOfPage\":{\"@id\":\"https:\/\/sandzakpress.net\/arhiva\/odrzan-sveopsti-sabor-islamske-zajednice\/#primaryimage\"},\"image\":{\"@id\":\"https:\/\/sandzakpress.net\/arhiva\/odrzan-sveopsti-sabor-islamske-zajednice\/#primaryimage\"},\"thumbnailUrl\":\"https:\/\/sandzakpress.net\/arhiva\/wp-content\/uploads\/2010\/06\/DSC_0038.jpg\",\"datePublished\":\"2010-06-27T17:04:22+00:00\",\"dateModified\":\"2010-07-01T21:30:56+00:00\",\"breadcrumb\":{\"@id\":\"https:\/\/sandzakpress.net\/arhiva\/odrzan-sveopsti-sabor-islamske-zajednice\/#breadcrumb\"},\"inLanguage\":\"bs-BA\",\"potentialAction\":[{\"@type\":\"ReadAction\",\"target\":[\"https:\/\/sandzakpress.net\/arhiva\/odrzan-sveopsti-sabor-islamske-zajednice\/\"]}]},{\"@type\":\"ImageObject\",\"inLanguage\":\"bs-BA\",\"@id\":\"https:\/\/sandzakpress.net\/arhiva\/odrzan-sveopsti-sabor-islamske-zajednice\/#primaryimage\",\"url\":\"https:\/\/sandzakpress.net\/arhiva\/wp-content\/uploads\/2010\/06\/DSC_0038.jpg\",\"contentUrl\":\"https:\/\/sandzakpress.net\/arhiva\/wp-content\/uploads\/2010\/06\/DSC_0038.jpg\",\"width\":600,\"height\":399},{\"@type\":\"BreadcrumbList\",\"@id\":\"https:\/\/sandzakpress.net\/arhiva\/odrzan-sveopsti-sabor-islamske-zajednice\/#breadcrumb\",\"itemListElement\":[{\"@type\":\"ListItem\",\"position\":1,\"name\":\"Home\",\"item\":\"https:\/\/sandzakpress.net\/arhiva\/\"},{\"@type\":\"ListItem\",\"position\":2,\"name\":\"Odr\u017ean Sveop\u0161ti Sabor Islamske zajednice\"}]},{\"@type\":\"WebSite\",\"@id\":\"https:\/\/sandzakpress.net\/arhiva\/#website\",\"url\":\"https:\/\/sandzakpress.net\/arhiva\/\",\"name\":\"Sand\u017eak PRESS\",\"description\":\"Prve elektronske novine u Sand\u017eaku\",\"publisher\":{\"@id\":\"https:\/\/sandzakpress.net\/arhiva\/#\/schema\/person\/6e72b67d6e51910a1117b3b483ba20bd\"},\"potentialAction\":[{\"@type\":\"SearchAction\",\"target\":{\"@type\":\"EntryPoint\",\"urlTemplate\":\"https:\/\/sandzakpress.net\/arhiva\/?s={search_term_string}\"},\"query-input\":{\"@type\":\"PropertyValueSpecification\",\"valueRequired\":true,\"valueName\":\"search_term_string\"}}],\"inLanguage\":\"bs-BA\"},{\"@type\":[\"Person\",\"Organization\"],\"@id\":\"https:\/\/sandzakpress.net\/arhiva\/#\/schema\/person\/6e72b67d6e51910a1117b3b483ba20bd\",\"name\":\"Kul\",\"image\":{\"@type\":\"ImageObject\",\"inLanguage\":\"bs-BA\",\"@id\":\"https:\/\/sandzakpress.net\/arhiva\/#\/schema\/person\/image\/\",\"url\":\"https:\/\/secure.gravatar.com\/avatar\/42263f39aa27ac04c43cab85c280eb2e?s=96&d=mm&r=pg\",\"contentUrl\":\"https:\/\/secure.gravatar.com\/avatar\/42263f39aa27ac04c43cab85c280eb2e?s=96&d=mm&r=pg\",\"caption\":\"Kul\"},\"logo\":{\"@id\":\"https:\/\/sandzakpress.net\/arhiva\/#\/schema\/person\/image\/\"}},{\"@type\":\"Person\",\"@id\":\"https:\/\/sandzakpress.net\/arhiva\/#\/schema\/person\/c8baee722073534b583ea7bdb2e36c02\",\"name\":\"bosniak\",\"image\":{\"@type\":\"ImageObject\",\"inLanguage\":\"bs-BA\",\"@id\":\"https:\/\/sandzakpress.net\/arhiva\/#\/schema\/person\/image\/\",\"url\":\"https:\/\/secure.gravatar.com\/avatar\/a04fd330bfe3a36a72a0ad4a6d89fca7?s=96&d=mm&r=pg\",\"contentUrl\":\"https:\/\/secure.gravatar.com\/avatar\/a04fd330bfe3a36a72a0ad4a6d89fca7?s=96&d=mm&r=pg\",\"caption\":\"bosniak\"},\"url\":\"https:\/\/sandzakpress.net\/arhiva\/author\/bosniak\/\"}]}<\/script>\n<!-- \/ Yoast SEO Premium plugin. -->","yoast_head_json":{"title":"Odr\u017ean Sveop\u0161ti Sabor Islamske zajednice","robots":{"index":"index","follow":"follow","max-snippet":"max-snippet:-1","max-image-preview":"max-image-preview:large","max-video-preview":"max-video-preview:-1"},"canonical":"https:\/\/sandzakpress.net\/arhiva\/odrzan-sveopsti-sabor-islamske-zajednice\/","og_locale":"bs_BA","og_type":"article","og_title":"Odr\u017ean Sveop\u0161ti Sabor Islamske zajednice","og_description":"Sjeverni Sand\u017eak &#8211; U povodu sramne uvrede lista Blic na ra\u010dun Glavnog muftije, Islamske zajednice i muslimana, u Velikoj sli Me\u0161ihata u subotu, 26.06.2010. god., odr\u017ean je Sveop\u0107i Sabor Islamske zajednice u Srbiji, na kome su u\u010de\u0161\u0107e uzeli: \u010dlanovi Sabora, rukovodioci svih organa i ustanova Islamske zajednice, muftije, muderisi, glavni imami, imami i vjerou\u010ditelji. . [&hellip;]","og_url":"https:\/\/sandzakpress.net\/arhiva\/odrzan-sveopsti-sabor-islamske-zajednice\/","og_site_name":"Sand\u017eak PRESS","article_published_time":"2010-06-27T17:04:22+00:00","article_modified_time":"2010-07-01T21:30:56+00:00","og_image":[{"width":600,"height":399,"url":"https:\/\/sandzakpress.net\/arhiva\/wp-content\/uploads\/2010\/06\/DSC_0038.jpg","type":"image\/jpeg"}],"author":"bosniak","twitter_card":"summary_large_image","twitter_misc":{"Written by":"bosniak","Est. reading time":"2 minute"},"schema":{"@context":"https:\/\/schema.org","@graph":[{"@type":"Article","@id":"https:\/\/sandzakpress.net\/arhiva\/odrzan-sveopsti-sabor-islamske-zajednice\/#article","isPartOf":{"@id":"https:\/\/sandzakpress.net\/arhiva\/odrzan-sveopsti-sabor-islamske-zajednice\/"},"author":{"name":"bosniak","@id":"https:\/\/sandzakpress.net\/arhiva\/#\/schema\/person\/c8baee722073534b583ea7bdb2e36c02"},"headline":"Odr\u017ean Sveop\u0161ti Sabor Islamske zajednice","datePublished":"2010-06-27T17:04:22+00:00","dateModified":"2010-07-01T21:30:56+00:00","mainEntityOfPage":{"@id":"https:\/\/sandzakpress.net\/arhiva\/odrzan-sveopsti-sabor-islamske-zajednice\/"},"wordCount":495,"commentCount":3,"publisher":{"@id":"https:\/\/sandzakpress.net\/arhiva\/#\/schema\/person\/6e72b67d6e51910a1117b3b483ba20bd"},"image":{"@id":"https:\/\/sandzakpress.net\/arhiva\/odrzan-sveopsti-sabor-islamske-zajednice\/#primaryimage"},"thumbnailUrl":"https:\/\/sandzakpress.net\/arhiva\/wp-content\/uploads\/2010\/06\/DSC_0038.jpg","articleSection":["Islamska zajednica"],"inLanguage":"bs-BA","potentialAction":[{"@type":"CommentAction","name":"Comment","target":["https:\/\/sandzakpress.net\/arhiva\/odrzan-sveopsti-sabor-islamske-zajednice\/#respond"]}]},{"@type":"WebPage","@id":"https:\/\/sandzakpress.net\/arhiva\/odrzan-sveopsti-sabor-islamske-zajednice\/","url":"https:\/\/sandzakpress.net\/arhiva\/odrzan-sveopsti-sabor-islamske-zajednice\/","name":"Odr\u017ean Sveop\u0161ti Sabor Islamske zajednice","isPartOf":{"@id":"https:\/\/sandzakpress.net\/arhiva\/#website"},"primaryImageOfPage":{"@id":"https:\/\/sandzakpress.net\/arhiva\/odrzan-sveopsti-sabor-islamske-zajednice\/#primaryimage"},"image":{"@id":"https:\/\/sandzakpress.net\/arhiva\/odrzan-sveopsti-sabor-islamske-zajednice\/#primaryimage"},"thumbnailUrl":"https:\/\/sandzakpress.net\/arhiva\/wp-content\/uploads\/2010\/06\/DSC_0038.jpg","datePublished":"2010-06-27T17:04:22+00:00","dateModified":"2010-07-01T21:30:56+00:00","breadcrumb":{"@id":"https:\/\/sandzakpress.net\/arhiva\/odrzan-sveopsti-sabor-islamske-zajednice\/#breadcrumb"},"inLanguage":"bs-BA","potentialAction":[{"@type":"ReadAction","target":["https:\/\/sandzakpress.net\/arhiva\/odrzan-sveopsti-sabor-islamske-zajednice\/"]}]},{"@type":"ImageObject","inLanguage":"bs-BA","@id":"https:\/\/sandzakpress.net\/arhiva\/odrzan-sveopsti-sabor-islamske-zajednice\/#primaryimage","url":"https:\/\/sandzakpress.net\/arhiva\/wp-content\/uploads\/2010\/06\/DSC_0038.jpg","contentUrl":"https:\/\/sandzakpress.net\/arhiva\/wp-content\/uploads\/2010\/06\/DSC_0038.jpg","width":600,"height":399},{"@type":"BreadcrumbList","@id":"https:\/\/sandzakpress.net\/arhiva\/odrzan-sveopsti-sabor-islamske-zajednice\/#breadcrumb","itemListElement":[{"@type":"ListItem","position":1,"name":"Home","item":"https:\/\/sandzakpress.net\/arhiva\/"},{"@type":"ListItem","position":2,"name":"Odr\u017ean Sveop\u0161ti Sabor Islamske zajednice"}]},{"@type":"WebSite","@id":"https:\/\/sandzakpress.net\/arhiva\/#website","url":"https:\/\/sandzakpress.net\/arhiva\/","name":"Sand\u017eak PRESS","description":"Prve elektronske novine u Sand\u017eaku","publisher":{"@id":"https:\/\/sandzakpress.net\/arhiva\/#\/schema\/person\/6e72b67d6e51910a1117b3b483ba20bd"},"potentialAction":[{"@type":"SearchAction","target":{"@type":"EntryPoint","urlTemplate":"https:\/\/sandzakpress.net\/arhiva\/?s={search_term_string}"},"query-input":{"@type":"PropertyValueSpecification","valueRequired":true,"valueName":"search_term_string"}}],"inLanguage":"bs-BA"},{"@type":["Person","Organization"],"@id":"https:\/\/sandzakpress.net\/arhiva\/#\/schema\/person\/6e72b67d6e51910a1117b3b483ba20bd","name":"Kul","image":{"@type":"ImageObject","inLanguage":"bs-BA","@id":"https:\/\/sandzakpress.net\/arhiva\/#\/schema\/person\/image\/","url":"https:\/\/secure.gravatar.com\/avatar\/42263f39aa27ac04c43cab85c280eb2e?s=96&d=mm&r=pg","contentUrl":"https:\/\/secure.gravatar.com\/avatar\/42263f39aa27ac04c43cab85c280eb2e?s=96&d=mm&r=pg","caption":"Kul"},"logo":{"@id":"https:\/\/sandzakpress.net\/arhiva\/#\/schema\/person\/image\/"}},{"@type":"Person","@id":"https:\/\/sandzakpress.net\/arhiva\/#\/schema\/person\/c8baee722073534b583ea7bdb2e36c02","name":"bosniak","image":{"@type":"ImageObject","inLanguage":"bs-BA","@id":"https:\/\/sandzakpress.net\/arhiva\/#\/schema\/person\/image\/","url":"https:\/\/secure.gravatar.com\/avatar\/a04fd330bfe3a36a72a0ad4a6d89fca7?s=96&d=mm&r=pg","contentUrl":"https:\/\/secure.gravatar.com\/avatar\/a04fd330bfe3a36a72a0ad4a6d89fca7?s=96&d=mm&r=pg","caption":"bosniak"},"url":"https:\/\/sandzakpress.net\/arhiva\/author\/bosniak\/"}]}},"_links":{"self":[{"href":"https:\/\/sandzakpress.net\/arhiva\/wp-json\/wp\/v2\/posts\/5495"}],"collection":[{"href":"https:\/\/sandzakpress.net\/arhiva\/wp-json\/wp\/v2\/posts"}],"about":[{"href":"https:\/\/sandzakpress.net\/arhiva\/wp-json\/wp\/v2\/types\/post"}],"author":[{"embeddable":true,"href":"https:\/\/sandzakpress.net\/arhiva\/wp-json\/wp\/v2\/users\/83"}],"replies":[{"embeddable":true,"href":"https:\/\/sandzakpress.net\/arhiva\/wp-json\/wp\/v2\/comments?post=5495"}],"version-history":[{"count":0,"href":"https:\/\/sandzakpress.net\/arhiva\/wp-json\/wp\/v2\/posts\/5495\/revisions"}],"wp:featuredmedia":[{"embeddable":true,"href":"https:\/\/sandzakpress.net\/arhiva\/wp-json\/wp\/v2\/media\/5498"}],"wp:attachment":[{"href":"https:\/\/sandzakpress.net\/arhiva\/wp-json\/wp\/v2\/media?parent=5495"}],"wp:term":[{"taxonomy":"category","embeddable":true,"href":"https:\/\/sandzakpress.net\/arhiva\/wp-json\/wp\/v2\/categories?post=5495"},{"taxonomy":"post_tag","embeddable":true,"href":"https:\/\/sandzakpress.net\/arhiva\/wp-json\/wp\/v2\/tags?post=5495"}],"curies":[{"name":"wp","href":"https:\/\/api.w.org\/{rel}","templated":true}]}}