{"id":54854,"date":"2012-11-15T17:50:02","date_gmt":"2012-11-15T16:50:02","guid":{"rendered":"https:\/\/sandzakpress.net\/arhiva\/?p=54854"},"modified":"2012-11-15T17:51:53","modified_gmt":"2012-11-15T16:51:53","slug":"mustafa-ef-ceric-bosnjaci-trebaju-hrabre-vode","status":"publish","type":"post","link":"https:\/\/sandzakpress.net\/arhiva\/mustafa-ef-ceric-bosnjaci-trebaju-hrabre-vode\/","title":{"rendered":"Mustafa ef. Ceri\u0107: &#8216;Bo\u0161njaci vi\u0161e nego ikada trebaju hrabre vo\u0111e&#8217;"},"content":{"rendered":"<p><a href=\"https:\/\/sandzakpress.net\/arhiva\/wp-content\/uploads\/2012\/11\/copyright_aabadoluajansi_2012_20121115151349.jpg\"><img loading=\"lazy\" decoding=\"async\" class=\"aligncenter size-full wp-image-54855\" title=\"copyright_aabadoluajansi_2012_20121115151349\" src=\"https:\/\/sandzakpress.net\/arhiva\/wp-content\/uploads\/2012\/11\/copyright_aabadoluajansi_2012_20121115151349.jpg\" alt=\"\" width=\"616\" height=\"429\" \/><\/a><\/p>\n<p><strong>BiH &#8211; Na sve\u010danosti dodjele Men\u0161ure novom reisu-l-ulemi Islamske zajednice u Bosni i Hercegovini Huseinu ef. Kavazovi\u0107u u Gazi Husrev-begovoj d\u017eamiji danas je govorio i odlaze\u0107i reisu-l-ulema Islamske zajednice u Bosni i Hercegovini dr.\u00a0Mustafa ef. Ceri\u0107, koji je tu du\u017enost obavljao od 1993. godine do danas. <\/strong><\/p>\n<p>Ceri\u0107 je kazao da ovim \u010dinom prestaje njegova du\u017enost reisu-l-uleme i da tu du\u017enost od sada nosi reisu-l-ulema Husein ef. Kavazovi\u0107.<\/p>\n<p>\u201ePrvi i najva\u017eniji uvjet za\u00a0 spas i opstanak muslimana Bo\u0161njaka bilo je i ostalo vidovito duhovno i hrabro politi\u010dko vo\u0111stvo. Bo\u0161njaci su imali dobre i lo\u0161e vo\u0111e kao i svi drugi narodi, ali ubudu\u0107e Bo\u0161njaci ne mogu podnijeti lo\u0161e vo\u0111e zato \u0161to \u017eive u takvom okru\u017eenju koje ne dozvoljava nemar, neznanje, neodlu\u010dnost, potkupljivost, pokvarenost i neodgovornost. Vi\u0161e od jednog stolje\u0107a Bo\u0161njaci nisu imali vo\u0111e koji su mogli da im osiguraju duhovni, politi\u010dki i materijalni prostor za njihova duhovna, nacionalna i kulturna ostvarenja, kao ni\u00a0 njihov fizi\u010dki opstanak\u201c, rekao je Ceri\u0107.<\/p>\n<p>Pa, ipak, dodao je Ceri\u0107, usporedbom nekih vo\u0111a iz razli\u010ditih epoha kao \u0161to su bili Huseina-kapetan Grada\u0161\u0107evi\u0107, Ali-pa\u0161a Gusinski, reisu-l-ulema D\u017eemaluddin \u010cau\u0161evi\u0107, Mehmed\u00a0 Spaho i Alija Izetbegovi\u0107, zapa\u017eamo nekoliko zajedni\u010dkih osobina, koje su imali.<\/p>\n<p>\u201eSvi su aktivno sudjelovali u oblikovanju povijesti, imali su hrabrost i karizmu, bili su nepotkupljivi, bili su spremni rizikovati vlastiti \u017eivot, zdravlje i imetak za plemeniti cilj. Svi su bili obrazovani i znali su se nositi sa slo\u017eeno\u0161\u0107u geipoliti\u010dke i religijske stvarnosti njihovog vremena.\u00a0 Vi\u0161e nigo ikad ranije bo\u0161nja\u010dki narod ima potrebu za sna\u017enim i odva\u017enim duhovnim, nacionalnim i politi\u010dkim vo\u0111ama poput nekih iz pro\u0161losti. Mnogo va\u017enije od \u201cvelikog naroda\u201d su volja i sposobnost savjesnih i odgovornih vo\u0111a da rade za dobrobit svog naroda. Nije bez razloga re\u010deno da su dvije vrste ljudi beskorisni: oni koji ne znaju voditi i oni koji ne znaju slijediti\u201c, kazao je Ceri\u0107.<\/p>\n<p>Na kraju, odlaze\u0107i reisu-l-ulema Ceri\u0107\u00a0je kazao: \u201eDanas prvog dana hid\u017eretske 1434., odnosno 15. novembra, 2012. miladske godine ovdje u Gazi Husrevbegovoj d\u017eamiji svjedo\u010dimo da je Husein ef. Kavazovi\u0107 dobio na\u0161e povjerenje da nas duhovno i moralno vodi, a mi se obavezujemo da ga slijedimo sa predano\u0161\u0107u na koju nas zadu\u017euje Allah i Njegov Poslanik te povijesni dokument Men\u0161ure, koju je Husein ef. Kavazovi\u0107 danas primio kao emanet kojeg sam ja dosada nosio u ime islama i ispred muslimana. Uva\u017eeni Husein ef. sretan sam i zadovoljan \u0161to ti emanet Men\u0161ure bosnskog reisu-l-ulme prenosim u slobodi na\u0161e vjere i nacije, pri punoj svijesti i istinskom uvjerenju da \u0107e\u0161 ti ovaj emanet nositi hrabro i mudro na Allahovo zadovoljstvo i na \u010dast i ponos na\u0161eg naroda.\u201c<\/p>\n<p>(Anadolu)<\/p>\n","protected":false},"excerpt":{"rendered":"<p>BiH &#8211; Na sve\u010danosti dodjele Men\u0161ure novom reisu-l-ulemi Islamske zajednice u Bosni i Hercegovini Huseinu ef. Kavazovi\u0107u u Gazi Husrev-begovoj d\u017eamiji danas je govorio i odlaze\u0107i reisu-l-ulema Islamske zajednice u Bosni i Hercegovini dr.\u00a0Mustafa ef. Ceri\u0107, koji je tu du\u017enost obavljao od 1993. godine do danas. Ceri\u0107 je kazao da ovim \u010dinom prestaje njegova du\u017enost [&hellip;]<\/p>\n","protected":false},"author":83,"featured_media":54855,"comment_status":"open","ping_status":"open","sticky":false,"template":"","format":"standard","meta":{"footnotes":""},"categories":[800,2860,8957],"tags":[],"class_list":{"0":"post-54854","1":"post","2":"type-post","3":"status-publish","4":"format-standard","5":"has-post-thumbnail","7":"category-nacija","8":"category-bosna-i-hercegovina-gradovi","9":"category-vijesti-dana"},"yoast_head":"<!-- This site is optimized with the Yoast SEO Premium plugin v23.1 (Yoast SEO v24.9) - https:\/\/yoast.com\/wordpress\/plugins\/seo\/ -->\n<title>Mustafa ef. Ceri\u0107: &#039;Bo\u0161njaci vi\u0161e nego ikada trebaju hrabre vo\u0111e&#039;<\/title>\n<meta name=\"robots\" content=\"index, follow, max-snippet:-1, max-image-preview:large, max-video-preview:-1\" \/>\n<link rel=\"canonical\" href=\"https:\/\/sandzakpress.net\/arhiva\/mustafa-ef-ceric-bosnjaci-trebaju-hrabre-vode\/\" \/>\n<meta property=\"og:locale\" content=\"bs_BA\" \/>\n<meta property=\"og:type\" content=\"article\" \/>\n<meta property=\"og:title\" content=\"Mustafa ef. Ceri\u0107: &#039;Bo\u0161njaci vi\u0161e nego ikada trebaju hrabre vo\u0111e&#039;\" \/>\n<meta property=\"og:description\" content=\"BiH &#8211; Na sve\u010danosti dodjele Men\u0161ure novom reisu-l-ulemi Islamske zajednice u Bosni i Hercegovini Huseinu ef. Kavazovi\u0107u u Gazi Husrev-begovoj d\u017eamiji danas je govorio i odlaze\u0107i reisu-l-ulema Islamske zajednice u Bosni i Hercegovini dr.\u00a0Mustafa ef. Ceri\u0107, koji je tu du\u017enost obavljao od 1993. godine do danas. Ceri\u0107 je kazao da ovim \u010dinom prestaje njegova du\u017enost [&hellip;]\" \/>\n<meta property=\"og:url\" content=\"https:\/\/sandzakpress.net\/arhiva\/mustafa-ef-ceric-bosnjaci-trebaju-hrabre-vode\/\" \/>\n<meta property=\"og:site_name\" content=\"Sand\u017eak PRESS\" \/>\n<meta property=\"article:published_time\" content=\"2012-11-15T16:50:02+00:00\" \/>\n<meta property=\"article:modified_time\" content=\"2012-11-15T16:51:53+00:00\" \/>\n<meta property=\"og:image\" content=\"https:\/\/sandzakpress.net\/arhiva\/wp-content\/uploads\/2012\/11\/copyright_aabadoluajansi_2012_20121115151349.jpg\" \/>\n\t<meta property=\"og:image:width\" content=\"616\" \/>\n\t<meta property=\"og:image:height\" content=\"429\" \/>\n\t<meta property=\"og:image:type\" content=\"image\/jpeg\" \/>\n<meta name=\"author\" content=\"bosniak\" \/>\n<meta name=\"twitter:card\" content=\"summary_large_image\" \/>\n<meta name=\"twitter:label1\" content=\"Written by\" \/>\n\t<meta name=\"twitter:data1\" content=\"bosniak\" \/>\n\t<meta name=\"twitter:label2\" content=\"Est. reading time\" \/>\n\t<meta name=\"twitter:data2\" content=\"2 minute\" \/>\n<script type=\"application\/ld+json\" class=\"yoast-schema-graph\">{\"@context\":\"https:\/\/schema.org\",\"@graph\":[{\"@type\":\"Article\",\"@id\":\"https:\/\/sandzakpress.net\/arhiva\/mustafa-ef-ceric-bosnjaci-trebaju-hrabre-vode\/#article\",\"isPartOf\":{\"@id\":\"https:\/\/sandzakpress.net\/arhiva\/mustafa-ef-ceric-bosnjaci-trebaju-hrabre-vode\/\"},\"author\":{\"name\":\"bosniak\",\"@id\":\"https:\/\/sandzakpress.net\/arhiva\/#\/schema\/person\/c8baee722073534b583ea7bdb2e36c02\"},\"headline\":\"Mustafa ef. Ceri\u0107: &#8216;Bo\u0161njaci vi\u0161e nego ikada trebaju hrabre vo\u0111e&#8217;\",\"datePublished\":\"2012-11-15T16:50:02+00:00\",\"dateModified\":\"2012-11-15T16:51:53+00:00\",\"mainEntityOfPage\":{\"@id\":\"https:\/\/sandzakpress.net\/arhiva\/mustafa-ef-ceric-bosnjaci-trebaju-hrabre-vode\/\"},\"wordCount\":495,\"commentCount\":2,\"publisher\":{\"@id\":\"https:\/\/sandzakpress.net\/arhiva\/#\/schema\/person\/6e72b67d6e51910a1117b3b483ba20bd\"},\"image\":{\"@id\":\"https:\/\/sandzakpress.net\/arhiva\/mustafa-ef-ceric-bosnjaci-trebaju-hrabre-vode\/#primaryimage\"},\"thumbnailUrl\":\"https:\/\/sandzakpress.net\/arhiva\/wp-content\/uploads\/2012\/11\/copyright_aabadoluajansi_2012_20121115151349.jpg\",\"articleSection\":[\"Nacija\",\"Bosna i Hercegovina\",\"VIJESTI DANA\"],\"inLanguage\":\"bs-BA\",\"potentialAction\":[{\"@type\":\"CommentAction\",\"name\":\"Comment\",\"target\":[\"https:\/\/sandzakpress.net\/arhiva\/mustafa-ef-ceric-bosnjaci-trebaju-hrabre-vode\/#respond\"]}]},{\"@type\":\"WebPage\",\"@id\":\"https:\/\/sandzakpress.net\/arhiva\/mustafa-ef-ceric-bosnjaci-trebaju-hrabre-vode\/\",\"url\":\"https:\/\/sandzakpress.net\/arhiva\/mustafa-ef-ceric-bosnjaci-trebaju-hrabre-vode\/\",\"name\":\"Mustafa ef. Ceri\u0107: 'Bo\u0161njaci vi\u0161e nego ikada trebaju hrabre vo\u0111e'\",\"isPartOf\":{\"@id\":\"https:\/\/sandzakpress.net\/arhiva\/#website\"},\"primaryImageOfPage\":{\"@id\":\"https:\/\/sandzakpress.net\/arhiva\/mustafa-ef-ceric-bosnjaci-trebaju-hrabre-vode\/#primaryimage\"},\"image\":{\"@id\":\"https:\/\/sandzakpress.net\/arhiva\/mustafa-ef-ceric-bosnjaci-trebaju-hrabre-vode\/#primaryimage\"},\"thumbnailUrl\":\"https:\/\/sandzakpress.net\/arhiva\/wp-content\/uploads\/2012\/11\/copyright_aabadoluajansi_2012_20121115151349.jpg\",\"datePublished\":\"2012-11-15T16:50:02+00:00\",\"dateModified\":\"2012-11-15T16:51:53+00:00\",\"breadcrumb\":{\"@id\":\"https:\/\/sandzakpress.net\/arhiva\/mustafa-ef-ceric-bosnjaci-trebaju-hrabre-vode\/#breadcrumb\"},\"inLanguage\":\"bs-BA\",\"potentialAction\":[{\"@type\":\"ReadAction\",\"target\":[\"https:\/\/sandzakpress.net\/arhiva\/mustafa-ef-ceric-bosnjaci-trebaju-hrabre-vode\/\"]}]},{\"@type\":\"ImageObject\",\"inLanguage\":\"bs-BA\",\"@id\":\"https:\/\/sandzakpress.net\/arhiva\/mustafa-ef-ceric-bosnjaci-trebaju-hrabre-vode\/#primaryimage\",\"url\":\"https:\/\/sandzakpress.net\/arhiva\/wp-content\/uploads\/2012\/11\/copyright_aabadoluajansi_2012_20121115151349.jpg\",\"contentUrl\":\"https:\/\/sandzakpress.net\/arhiva\/wp-content\/uploads\/2012\/11\/copyright_aabadoluajansi_2012_20121115151349.jpg\",\"width\":616,\"height\":429},{\"@type\":\"BreadcrumbList\",\"@id\":\"https:\/\/sandzakpress.net\/arhiva\/mustafa-ef-ceric-bosnjaci-trebaju-hrabre-vode\/#breadcrumb\",\"itemListElement\":[{\"@type\":\"ListItem\",\"position\":1,\"name\":\"Home\",\"item\":\"https:\/\/sandzakpress.net\/arhiva\/\"},{\"@type\":\"ListItem\",\"position\":2,\"name\":\"Mustafa ef. Ceri\u0107: &#8216;Bo\u0161njaci vi\u0161e nego ikada trebaju hrabre vo\u0111e&#8217;\"}]},{\"@type\":\"WebSite\",\"@id\":\"https:\/\/sandzakpress.net\/arhiva\/#website\",\"url\":\"https:\/\/sandzakpress.net\/arhiva\/\",\"name\":\"Sand\u017eak PRESS\",\"description\":\"Prve elektronske novine u Sand\u017eaku\",\"publisher\":{\"@id\":\"https:\/\/sandzakpress.net\/arhiva\/#\/schema\/person\/6e72b67d6e51910a1117b3b483ba20bd\"},\"potentialAction\":[{\"@type\":\"SearchAction\",\"target\":{\"@type\":\"EntryPoint\",\"urlTemplate\":\"https:\/\/sandzakpress.net\/arhiva\/?s={search_term_string}\"},\"query-input\":{\"@type\":\"PropertyValueSpecification\",\"valueRequired\":true,\"valueName\":\"search_term_string\"}}],\"inLanguage\":\"bs-BA\"},{\"@type\":[\"Person\",\"Organization\"],\"@id\":\"https:\/\/sandzakpress.net\/arhiva\/#\/schema\/person\/6e72b67d6e51910a1117b3b483ba20bd\",\"name\":\"Kul\",\"image\":{\"@type\":\"ImageObject\",\"inLanguage\":\"bs-BA\",\"@id\":\"https:\/\/sandzakpress.net\/arhiva\/#\/schema\/person\/image\/\",\"url\":\"https:\/\/secure.gravatar.com\/avatar\/42263f39aa27ac04c43cab85c280eb2e?s=96&d=mm&r=pg\",\"contentUrl\":\"https:\/\/secure.gravatar.com\/avatar\/42263f39aa27ac04c43cab85c280eb2e?s=96&d=mm&r=pg\",\"caption\":\"Kul\"},\"logo\":{\"@id\":\"https:\/\/sandzakpress.net\/arhiva\/#\/schema\/person\/image\/\"}},{\"@type\":\"Person\",\"@id\":\"https:\/\/sandzakpress.net\/arhiva\/#\/schema\/person\/c8baee722073534b583ea7bdb2e36c02\",\"name\":\"bosniak\",\"image\":{\"@type\":\"ImageObject\",\"inLanguage\":\"bs-BA\",\"@id\":\"https:\/\/sandzakpress.net\/arhiva\/#\/schema\/person\/image\/\",\"url\":\"https:\/\/secure.gravatar.com\/avatar\/a04fd330bfe3a36a72a0ad4a6d89fca7?s=96&d=mm&r=pg\",\"contentUrl\":\"https:\/\/secure.gravatar.com\/avatar\/a04fd330bfe3a36a72a0ad4a6d89fca7?s=96&d=mm&r=pg\",\"caption\":\"bosniak\"},\"url\":\"https:\/\/sandzakpress.net\/arhiva\/author\/bosniak\/\"}]}<\/script>\n<!-- \/ Yoast SEO Premium plugin. -->","yoast_head_json":{"title":"Mustafa ef. Ceri\u0107: 'Bo\u0161njaci vi\u0161e nego ikada trebaju hrabre vo\u0111e'","robots":{"index":"index","follow":"follow","max-snippet":"max-snippet:-1","max-image-preview":"max-image-preview:large","max-video-preview":"max-video-preview:-1"},"canonical":"https:\/\/sandzakpress.net\/arhiva\/mustafa-ef-ceric-bosnjaci-trebaju-hrabre-vode\/","og_locale":"bs_BA","og_type":"article","og_title":"Mustafa ef. Ceri\u0107: 'Bo\u0161njaci vi\u0161e nego ikada trebaju hrabre vo\u0111e'","og_description":"BiH &#8211; Na sve\u010danosti dodjele Men\u0161ure novom reisu-l-ulemi Islamske zajednice u Bosni i Hercegovini Huseinu ef. Kavazovi\u0107u u Gazi Husrev-begovoj d\u017eamiji danas je govorio i odlaze\u0107i reisu-l-ulema Islamske zajednice u Bosni i Hercegovini dr.\u00a0Mustafa ef. Ceri\u0107, koji je tu du\u017enost obavljao od 1993. godine do danas. Ceri\u0107 je kazao da ovim \u010dinom prestaje njegova du\u017enost [&hellip;]","og_url":"https:\/\/sandzakpress.net\/arhiva\/mustafa-ef-ceric-bosnjaci-trebaju-hrabre-vode\/","og_site_name":"Sand\u017eak PRESS","article_published_time":"2012-11-15T16:50:02+00:00","article_modified_time":"2012-11-15T16:51:53+00:00","og_image":[{"width":616,"height":429,"url":"https:\/\/sandzakpress.net\/arhiva\/wp-content\/uploads\/2012\/11\/copyright_aabadoluajansi_2012_20121115151349.jpg","type":"image\/jpeg"}],"author":"bosniak","twitter_card":"summary_large_image","twitter_misc":{"Written by":"bosniak","Est. reading time":"2 minute"},"schema":{"@context":"https:\/\/schema.org","@graph":[{"@type":"Article","@id":"https:\/\/sandzakpress.net\/arhiva\/mustafa-ef-ceric-bosnjaci-trebaju-hrabre-vode\/#article","isPartOf":{"@id":"https:\/\/sandzakpress.net\/arhiva\/mustafa-ef-ceric-bosnjaci-trebaju-hrabre-vode\/"},"author":{"name":"bosniak","@id":"https:\/\/sandzakpress.net\/arhiva\/#\/schema\/person\/c8baee722073534b583ea7bdb2e36c02"},"headline":"Mustafa ef. Ceri\u0107: &#8216;Bo\u0161njaci vi\u0161e nego ikada trebaju hrabre vo\u0111e&#8217;","datePublished":"2012-11-15T16:50:02+00:00","dateModified":"2012-11-15T16:51:53+00:00","mainEntityOfPage":{"@id":"https:\/\/sandzakpress.net\/arhiva\/mustafa-ef-ceric-bosnjaci-trebaju-hrabre-vode\/"},"wordCount":495,"commentCount":2,"publisher":{"@id":"https:\/\/sandzakpress.net\/arhiva\/#\/schema\/person\/6e72b67d6e51910a1117b3b483ba20bd"},"image":{"@id":"https:\/\/sandzakpress.net\/arhiva\/mustafa-ef-ceric-bosnjaci-trebaju-hrabre-vode\/#primaryimage"},"thumbnailUrl":"https:\/\/sandzakpress.net\/arhiva\/wp-content\/uploads\/2012\/11\/copyright_aabadoluajansi_2012_20121115151349.jpg","articleSection":["Nacija","Bosna i Hercegovina","VIJESTI DANA"],"inLanguage":"bs-BA","potentialAction":[{"@type":"CommentAction","name":"Comment","target":["https:\/\/sandzakpress.net\/arhiva\/mustafa-ef-ceric-bosnjaci-trebaju-hrabre-vode\/#respond"]}]},{"@type":"WebPage","@id":"https:\/\/sandzakpress.net\/arhiva\/mustafa-ef-ceric-bosnjaci-trebaju-hrabre-vode\/","url":"https:\/\/sandzakpress.net\/arhiva\/mustafa-ef-ceric-bosnjaci-trebaju-hrabre-vode\/","name":"Mustafa ef. Ceri\u0107: 'Bo\u0161njaci vi\u0161e nego ikada trebaju hrabre vo\u0111e'","isPartOf":{"@id":"https:\/\/sandzakpress.net\/arhiva\/#website"},"primaryImageOfPage":{"@id":"https:\/\/sandzakpress.net\/arhiva\/mustafa-ef-ceric-bosnjaci-trebaju-hrabre-vode\/#primaryimage"},"image":{"@id":"https:\/\/sandzakpress.net\/arhiva\/mustafa-ef-ceric-bosnjaci-trebaju-hrabre-vode\/#primaryimage"},"thumbnailUrl":"https:\/\/sandzakpress.net\/arhiva\/wp-content\/uploads\/2012\/11\/copyright_aabadoluajansi_2012_20121115151349.jpg","datePublished":"2012-11-15T16:50:02+00:00","dateModified":"2012-11-15T16:51:53+00:00","breadcrumb":{"@id":"https:\/\/sandzakpress.net\/arhiva\/mustafa-ef-ceric-bosnjaci-trebaju-hrabre-vode\/#breadcrumb"},"inLanguage":"bs-BA","potentialAction":[{"@type":"ReadAction","target":["https:\/\/sandzakpress.net\/arhiva\/mustafa-ef-ceric-bosnjaci-trebaju-hrabre-vode\/"]}]},{"@type":"ImageObject","inLanguage":"bs-BA","@id":"https:\/\/sandzakpress.net\/arhiva\/mustafa-ef-ceric-bosnjaci-trebaju-hrabre-vode\/#primaryimage","url":"https:\/\/sandzakpress.net\/arhiva\/wp-content\/uploads\/2012\/11\/copyright_aabadoluajansi_2012_20121115151349.jpg","contentUrl":"https:\/\/sandzakpress.net\/arhiva\/wp-content\/uploads\/2012\/11\/copyright_aabadoluajansi_2012_20121115151349.jpg","width":616,"height":429},{"@type":"BreadcrumbList","@id":"https:\/\/sandzakpress.net\/arhiva\/mustafa-ef-ceric-bosnjaci-trebaju-hrabre-vode\/#breadcrumb","itemListElement":[{"@type":"ListItem","position":1,"name":"Home","item":"https:\/\/sandzakpress.net\/arhiva\/"},{"@type":"ListItem","position":2,"name":"Mustafa ef. Ceri\u0107: &#8216;Bo\u0161njaci vi\u0161e nego ikada trebaju hrabre vo\u0111e&#8217;"}]},{"@type":"WebSite","@id":"https:\/\/sandzakpress.net\/arhiva\/#website","url":"https:\/\/sandzakpress.net\/arhiva\/","name":"Sand\u017eak PRESS","description":"Prve elektronske novine u Sand\u017eaku","publisher":{"@id":"https:\/\/sandzakpress.net\/arhiva\/#\/schema\/person\/6e72b67d6e51910a1117b3b483ba20bd"},"potentialAction":[{"@type":"SearchAction","target":{"@type":"EntryPoint","urlTemplate":"https:\/\/sandzakpress.net\/arhiva\/?s={search_term_string}"},"query-input":{"@type":"PropertyValueSpecification","valueRequired":true,"valueName":"search_term_string"}}],"inLanguage":"bs-BA"},{"@type":["Person","Organization"],"@id":"https:\/\/sandzakpress.net\/arhiva\/#\/schema\/person\/6e72b67d6e51910a1117b3b483ba20bd","name":"Kul","image":{"@type":"ImageObject","inLanguage":"bs-BA","@id":"https:\/\/sandzakpress.net\/arhiva\/#\/schema\/person\/image\/","url":"https:\/\/secure.gravatar.com\/avatar\/42263f39aa27ac04c43cab85c280eb2e?s=96&d=mm&r=pg","contentUrl":"https:\/\/secure.gravatar.com\/avatar\/42263f39aa27ac04c43cab85c280eb2e?s=96&d=mm&r=pg","caption":"Kul"},"logo":{"@id":"https:\/\/sandzakpress.net\/arhiva\/#\/schema\/person\/image\/"}},{"@type":"Person","@id":"https:\/\/sandzakpress.net\/arhiva\/#\/schema\/person\/c8baee722073534b583ea7bdb2e36c02","name":"bosniak","image":{"@type":"ImageObject","inLanguage":"bs-BA","@id":"https:\/\/sandzakpress.net\/arhiva\/#\/schema\/person\/image\/","url":"https:\/\/secure.gravatar.com\/avatar\/a04fd330bfe3a36a72a0ad4a6d89fca7?s=96&d=mm&r=pg","contentUrl":"https:\/\/secure.gravatar.com\/avatar\/a04fd330bfe3a36a72a0ad4a6d89fca7?s=96&d=mm&r=pg","caption":"bosniak"},"url":"https:\/\/sandzakpress.net\/arhiva\/author\/bosniak\/"}]}},"_links":{"self":[{"href":"https:\/\/sandzakpress.net\/arhiva\/wp-json\/wp\/v2\/posts\/54854"}],"collection":[{"href":"https:\/\/sandzakpress.net\/arhiva\/wp-json\/wp\/v2\/posts"}],"about":[{"href":"https:\/\/sandzakpress.net\/arhiva\/wp-json\/wp\/v2\/types\/post"}],"author":[{"embeddable":true,"href":"https:\/\/sandzakpress.net\/arhiva\/wp-json\/wp\/v2\/users\/83"}],"replies":[{"embeddable":true,"href":"https:\/\/sandzakpress.net\/arhiva\/wp-json\/wp\/v2\/comments?post=54854"}],"version-history":[{"count":0,"href":"https:\/\/sandzakpress.net\/arhiva\/wp-json\/wp\/v2\/posts\/54854\/revisions"}],"wp:featuredmedia":[{"embeddable":true,"href":"https:\/\/sandzakpress.net\/arhiva\/wp-json\/wp\/v2\/media\/54855"}],"wp:attachment":[{"href":"https:\/\/sandzakpress.net\/arhiva\/wp-json\/wp\/v2\/media?parent=54854"}],"wp:term":[{"taxonomy":"category","embeddable":true,"href":"https:\/\/sandzakpress.net\/arhiva\/wp-json\/wp\/v2\/categories?post=54854"},{"taxonomy":"post_tag","embeddable":true,"href":"https:\/\/sandzakpress.net\/arhiva\/wp-json\/wp\/v2\/tags?post=54854"}],"curies":[{"name":"wp","href":"https:\/\/api.w.org\/{rel}","templated":true}]}}