{"id":54767,"date":"2012-11-13T00:59:27","date_gmt":"2012-11-12T23:59:27","guid":{"rendered":"https:\/\/sandzakpress.net\/arhiva\/?p=54767"},"modified":"2012-11-13T01:03:04","modified_gmt":"2012-11-13T00:03:04","slug":"pradstavnici-sandzaka-u-americi-sa-ambasadorom-cg-a-o-obiljezavanju-genocida-u-plavu-i-gusinju","status":"publish","type":"post","link":"https:\/\/sandzakpress.net\/arhiva\/pradstavnici-sandzaka-u-americi-sa-ambasadorom-cg-a-o-obiljezavanju-genocida-u-plavu-i-gusinju\/","title":{"rendered":"Pradstavnici Sand\u017eaka u Americi sa Ambasadorom CG-e o obilje\u017eavanju Genocida u Plavu i Gusinju"},"content":{"rendered":"<p><strong><a href=\"https:\/\/sandzakpress.net\/arhiva\/wp-content\/uploads\/2012\/11\/Komemoracija_Plav_Gusinje_NY_13_okt_2012.jpg\"><img loading=\"lazy\" decoding=\"async\" class=\"alignleft size-medium wp-image-54768\" title=\"Komemoracija_Plav_Gusinje_NY_13_okt_2012\" src=\"https:\/\/sandzakpress.net\/arhiva\/wp-content\/uploads\/2012\/11\/Komemoracija_Plav_Gusinje_NY_13_okt_2012-300x178.jpg\" alt=\"\" width=\"300\" height=\"178\" \/><\/a>Amerika &#8211; U povodu 100. godi\u0161njice genocida nad Bo\u0161njacima i Albancima u Plavu i Gusinju (1912. i 1913.), i deklaracije izdate na komemoraciji koja je odr\u017eana u New Yorku (13.okt. 2012.), koja je upu\u0107ena zvani\u010dnicima Crne Gore i javnosti, tim povodom Ambasador Crne Gore u Washingtonu nj.e. Sr\u0111an Darmanovi\u0107 i konzul u GK CG u New York-u gosp. <\/strong><\/p>\n<p>Selim Lika, odra\u017eli su sastanak sa \u0161esto\u010dlanom delegacijom Odbora za obilje\u017eavanje 100.godi\u0161njice genocida u Plavu i Gusinju. Ispred odbora sastanku su prisustvovali: dr. Mersim Ziljki\u0107, Smajle Srdanovi\u0107, Shpand Haxhaj, dipl. prav., Ismet Pjetrovi\u0107, Muharem Puri\u0161i\u0107, dipl. ecc., i Ago Kolenovi\u0107. Sastanku je tako\u0111er prisustvovao i mr. Eldin Elezovi\u0107, \u010dlan UO Kongresa Bo\u0161njaka Sjeverne Amerike.<\/p>\n<p>\u010clanovi delegacije Odbora za obilje\u017eavanje 100.godi\u0161njice genocida u Plavu i Gusinju su jo\u0161 jednom podsjetili na genocid nad svojim precima te\u00a0<em>reinforsirali<\/em> sadr\u017eaj deklaracije sa akcentom na izre\u010denim zahtjevima sadr\u017eanim u deklaraciji i posebno vremenskoj ograni\u010denosti za ispunjavanje istih od strane mjerodavnih institucija Crne Gore. Pored ostalih ta\u010daka deklaracije \u010dlanovi odbora su posebno skrenuli pa\u017enju na aktuelne dr\u017eavne simbole Crne Gore pod kojima su prije 100 godina ubijali Bo\u0161njake i Albance u Plavu i Gusinju, \u0161to najbolji pokazatelj kakav je odnos vlasti u CG prema \u017ertvama i njihovim potomcima.<\/p>\n<p>Ambasador Darmanovi\u0107 je izme\u0111u ostalog rekao da u drugim krajevima Crne Gore sigurno ne znaju da je u Plavu i Gusinju po\u010dinjen genocid, te izrazio sumnju za\u0161to se taj gnusni zlo\u010din naziva genocidom. Podsje\u0107amo, crnogorska kraljevska vojska 1912. i 1913.godine je na najzvjerski na\u010din pobila 20-tak procenata Bo\u0161njaka i Albanaca a sve\u0161tenici pravoslavne crkve su nasilno pokrstili preko 12,500, \u0161to ukazuje na sve segmente istrebljenja, odnosno genocida.<\/p>\n<p>Tako\u0111er crnogorski ambasador na sastanku je rekao da bi se mo\u017eda neke ta\u010dke iz deklaracije mogle prihvatiti, te da mu se dopada ideja Memorijalnog centra te da se nastoji da se ovo pitanje zlo\u010dina u Plavu i Gusinju studiozno obradi.<\/p>\n<p>Odbor za obilje\u017eavanje 100.godi\u0161njice genocida u Plavu i Gusinju podsje\u0107a javnost da su istaknuti bo\u0161nja\u010dki i albanski histori\u010dari i istra\u017eiva\u010di dr. Mustafa Memi\u0107, dr. Bajram Red\u017eepagi\u0107, dr. Mustafa Imamovi\u0107, dr. Mehmedalija Boji\u0107, dr. Zekrijah Cana \u2026 zlo\u010dine masovnog ubijanja i nasilnog pokr\u0161tavanja u vremenu Prvog balkanskog rata 1912. i 1913. godine nazvali genocidom. Njihova dugogodi\u0161nja studiozna istra\u017eivanja nas obavezuju da po\u0161tujemo historijska napisana djela na koja se pozivaju ozbiljni istra\u017eiva\u010di i oni koji osu\u0111uju genocid. Na isti na\u010din \u0107emo se odnijeti prema projektu Instituta za istra\u017eivanje zlo\u010dina protiv \u010dovje\u010dnosti i me\u0111unarodnog prava iz Sarajeva, koji je u fazi istra\u017eivanja.<\/p>\n<p>Ispred UO KBSA mr. Eldin Elezovi\u0107 je naglasio, ako vlasti Republike Crne Gore ne poduzmu pozitivne pomake povodom deklaracije i zahtjeva u odre\u0111enom vremenskom roku izre\u010denom u deklaraciji, da \u0107e se krenuti alternativnim putevima za ispunjavanje istih. Svi relevantni faktori kako u SAD-u na \u010delu sa State Departmentom tako i u Europi na \u010dela sa uredom Catherine Ashton \u0107e biti obavje\u0161teni i od kojih \u0107e se zahtjevati da se prijem Crne Gore u EU stopira i ponovo otvori onda kada se ispune zahtjevi potomaka \u017ertava genocida izre\u010deni u deklaraciji.<\/p>\n<p>Odbor izra\u017eava zahvalnost diplomata CG u SAD koji su iskazali spremnost da razgovaraju na temu stradanja muslimana, Bo\u0161njaka i Albanaca u plavsko-gusinjskom kraju, stoji u saop\u0107enju Odbora za obilje\u017eavanje 100.godi\u0161njice genocida u Plavu i Gusinju sa sjedi\u0161tem u New Yorku.<\/p>\n<p>(NVS)<\/p>\n","protected":false},"excerpt":{"rendered":"<p>Amerika &#8211; U povodu 100. godi\u0161njice genocida nad Bo\u0161njacima i Albancima u Plavu i Gusinju (1912. i 1913.), i deklaracije izdate na komemoraciji koja je odr\u017eana u New Yorku (13.okt. 2012.), koja je upu\u0107ena zvani\u010dnicima Crne Gore i javnosti, tim povodom Ambasador Crne Gore u Washingtonu nj.e. Sr\u0111an Darmanovi\u0107 i konzul u GK CG u [&hellip;]<\/p>\n","protected":false},"author":83,"featured_media":54768,"comment_status":"open","ping_status":"open","sticky":false,"template":"","format":"standard","meta":{"footnotes":""},"categories":[800,3012,8957],"tags":[],"class_list":{"0":"post-54767","1":"post","2":"type-post","3":"status-publish","4":"format-standard","5":"has-post-thumbnail","7":"category-nacija","8":"category-amerika-gradovi","9":"category-vijesti-dana"},"yoast_head":"<!-- This site is optimized with the Yoast SEO Premium plugin v23.1 (Yoast SEO v24.9) - https:\/\/yoast.com\/wordpress\/plugins\/seo\/ -->\n<title>Pradstavnici Sand\u017eaka u Americi sa Ambasadorom CG-e o obilje\u017eavanju Genocida u Plavu i Gusinju<\/title>\n<meta name=\"robots\" content=\"index, follow, max-snippet:-1, max-image-preview:large, max-video-preview:-1\" \/>\n<link rel=\"canonical\" href=\"https:\/\/sandzakpress.net\/arhiva\/pradstavnici-sandzaka-u-americi-sa-ambasadorom-cg-a-o-obiljezavanju-genocida-u-plavu-i-gusinju\/\" \/>\n<meta property=\"og:locale\" content=\"bs_BA\" \/>\n<meta property=\"og:type\" content=\"article\" \/>\n<meta property=\"og:title\" content=\"Pradstavnici Sand\u017eaka u Americi sa Ambasadorom CG-e o obilje\u017eavanju Genocida u Plavu i Gusinju\" \/>\n<meta property=\"og:description\" content=\"Amerika &#8211; U povodu 100. godi\u0161njice genocida nad Bo\u0161njacima i Albancima u Plavu i Gusinju (1912. i 1913.), i deklaracije izdate na komemoraciji koja je odr\u017eana u New Yorku (13.okt. 2012.), koja je upu\u0107ena zvani\u010dnicima Crne Gore i javnosti, tim povodom Ambasador Crne Gore u Washingtonu nj.e. Sr\u0111an Darmanovi\u0107 i konzul u GK CG u [&hellip;]\" \/>\n<meta property=\"og:url\" content=\"https:\/\/sandzakpress.net\/arhiva\/pradstavnici-sandzaka-u-americi-sa-ambasadorom-cg-a-o-obiljezavanju-genocida-u-plavu-i-gusinju\/\" \/>\n<meta property=\"og:site_name\" content=\"Sand\u017eak PRESS\" \/>\n<meta property=\"article:published_time\" content=\"2012-11-12T23:59:27+00:00\" \/>\n<meta property=\"article:modified_time\" content=\"2012-11-13T00:03:04+00:00\" \/>\n<meta property=\"og:image\" content=\"https:\/\/sandzakpress.net\/arhiva\/wp-content\/uploads\/2012\/11\/Komemoracija_Plav_Gusinje_NY_13_okt_2012.jpg\" \/>\n\t<meta property=\"og:image:width\" content=\"616\" \/>\n\t<meta property=\"og:image:height\" content=\"366\" \/>\n\t<meta property=\"og:image:type\" content=\"image\/jpeg\" \/>\n<meta name=\"author\" content=\"bosniak\" \/>\n<meta name=\"twitter:card\" content=\"summary_large_image\" \/>\n<meta name=\"twitter:label1\" content=\"Written by\" \/>\n\t<meta name=\"twitter:data1\" content=\"bosniak\" \/>\n\t<meta name=\"twitter:label2\" content=\"Est. reading time\" \/>\n\t<meta name=\"twitter:data2\" content=\"3 minute\" \/>\n<script type=\"application\/ld+json\" class=\"yoast-schema-graph\">{\"@context\":\"https:\/\/schema.org\",\"@graph\":[{\"@type\":\"Article\",\"@id\":\"https:\/\/sandzakpress.net\/arhiva\/pradstavnici-sandzaka-u-americi-sa-ambasadorom-cg-a-o-obiljezavanju-genocida-u-plavu-i-gusinju\/#article\",\"isPartOf\":{\"@id\":\"https:\/\/sandzakpress.net\/arhiva\/pradstavnici-sandzaka-u-americi-sa-ambasadorom-cg-a-o-obiljezavanju-genocida-u-plavu-i-gusinju\/\"},\"author\":{\"name\":\"bosniak\",\"@id\":\"https:\/\/sandzakpress.net\/arhiva\/#\/schema\/person\/c8baee722073534b583ea7bdb2e36c02\"},\"headline\":\"Pradstavnici Sand\u017eaka u Americi sa Ambasadorom CG-e o obilje\u017eavanju Genocida u Plavu i Gusinju\",\"datePublished\":\"2012-11-12T23:59:27+00:00\",\"dateModified\":\"2012-11-13T00:03:04+00:00\",\"mainEntityOfPage\":{\"@id\":\"https:\/\/sandzakpress.net\/arhiva\/pradstavnici-sandzaka-u-americi-sa-ambasadorom-cg-a-o-obiljezavanju-genocida-u-plavu-i-gusinju\/\"},\"wordCount\":612,\"commentCount\":6,\"publisher\":{\"@id\":\"https:\/\/sandzakpress.net\/arhiva\/#\/schema\/person\/6e72b67d6e51910a1117b3b483ba20bd\"},\"image\":{\"@id\":\"https:\/\/sandzakpress.net\/arhiva\/pradstavnici-sandzaka-u-americi-sa-ambasadorom-cg-a-o-obiljezavanju-genocida-u-plavu-i-gusinju\/#primaryimage\"},\"thumbnailUrl\":\"https:\/\/sandzakpress.net\/arhiva\/wp-content\/uploads\/2012\/11\/Komemoracija_Plav_Gusinje_NY_13_okt_2012.jpg\",\"articleSection\":[\"Nacija\",\"Amerika\",\"VIJESTI DANA\"],\"inLanguage\":\"bs-BA\",\"potentialAction\":[{\"@type\":\"CommentAction\",\"name\":\"Comment\",\"target\":[\"https:\/\/sandzakpress.net\/arhiva\/pradstavnici-sandzaka-u-americi-sa-ambasadorom-cg-a-o-obiljezavanju-genocida-u-plavu-i-gusinju\/#respond\"]}]},{\"@type\":\"WebPage\",\"@id\":\"https:\/\/sandzakpress.net\/arhiva\/pradstavnici-sandzaka-u-americi-sa-ambasadorom-cg-a-o-obiljezavanju-genocida-u-plavu-i-gusinju\/\",\"url\":\"https:\/\/sandzakpress.net\/arhiva\/pradstavnici-sandzaka-u-americi-sa-ambasadorom-cg-a-o-obiljezavanju-genocida-u-plavu-i-gusinju\/\",\"name\":\"Pradstavnici Sand\u017eaka u Americi sa Ambasadorom CG-e o obilje\u017eavanju Genocida u Plavu i Gusinju\",\"isPartOf\":{\"@id\":\"https:\/\/sandzakpress.net\/arhiva\/#website\"},\"primaryImageOfPage\":{\"@id\":\"https:\/\/sandzakpress.net\/arhiva\/pradstavnici-sandzaka-u-americi-sa-ambasadorom-cg-a-o-obiljezavanju-genocida-u-plavu-i-gusinju\/#primaryimage\"},\"image\":{\"@id\":\"https:\/\/sandzakpress.net\/arhiva\/pradstavnici-sandzaka-u-americi-sa-ambasadorom-cg-a-o-obiljezavanju-genocida-u-plavu-i-gusinju\/#primaryimage\"},\"thumbnailUrl\":\"https:\/\/sandzakpress.net\/arhiva\/wp-content\/uploads\/2012\/11\/Komemoracija_Plav_Gusinje_NY_13_okt_2012.jpg\",\"datePublished\":\"2012-11-12T23:59:27+00:00\",\"dateModified\":\"2012-11-13T00:03:04+00:00\",\"breadcrumb\":{\"@id\":\"https:\/\/sandzakpress.net\/arhiva\/pradstavnici-sandzaka-u-americi-sa-ambasadorom-cg-a-o-obiljezavanju-genocida-u-plavu-i-gusinju\/#breadcrumb\"},\"inLanguage\":\"bs-BA\",\"potentialAction\":[{\"@type\":\"ReadAction\",\"target\":[\"https:\/\/sandzakpress.net\/arhiva\/pradstavnici-sandzaka-u-americi-sa-ambasadorom-cg-a-o-obiljezavanju-genocida-u-plavu-i-gusinju\/\"]}]},{\"@type\":\"ImageObject\",\"inLanguage\":\"bs-BA\",\"@id\":\"https:\/\/sandzakpress.net\/arhiva\/pradstavnici-sandzaka-u-americi-sa-ambasadorom-cg-a-o-obiljezavanju-genocida-u-plavu-i-gusinju\/#primaryimage\",\"url\":\"https:\/\/sandzakpress.net\/arhiva\/wp-content\/uploads\/2012\/11\/Komemoracija_Plav_Gusinje_NY_13_okt_2012.jpg\",\"contentUrl\":\"https:\/\/sandzakpress.net\/arhiva\/wp-content\/uploads\/2012\/11\/Komemoracija_Plav_Gusinje_NY_13_okt_2012.jpg\",\"width\":616,\"height\":366},{\"@type\":\"BreadcrumbList\",\"@id\":\"https:\/\/sandzakpress.net\/arhiva\/pradstavnici-sandzaka-u-americi-sa-ambasadorom-cg-a-o-obiljezavanju-genocida-u-plavu-i-gusinju\/#breadcrumb\",\"itemListElement\":[{\"@type\":\"ListItem\",\"position\":1,\"name\":\"Home\",\"item\":\"https:\/\/sandzakpress.net\/arhiva\/\"},{\"@type\":\"ListItem\",\"position\":2,\"name\":\"Pradstavnici Sand\u017eaka u Americi sa Ambasadorom CG-e o obilje\u017eavanju Genocida u Plavu i Gusinju\"}]},{\"@type\":\"WebSite\",\"@id\":\"https:\/\/sandzakpress.net\/arhiva\/#website\",\"url\":\"https:\/\/sandzakpress.net\/arhiva\/\",\"name\":\"Sand\u017eak PRESS\",\"description\":\"Prve elektronske novine u Sand\u017eaku\",\"publisher\":{\"@id\":\"https:\/\/sandzakpress.net\/arhiva\/#\/schema\/person\/6e72b67d6e51910a1117b3b483ba20bd\"},\"potentialAction\":[{\"@type\":\"SearchAction\",\"target\":{\"@type\":\"EntryPoint\",\"urlTemplate\":\"https:\/\/sandzakpress.net\/arhiva\/?s={search_term_string}\"},\"query-input\":{\"@type\":\"PropertyValueSpecification\",\"valueRequired\":true,\"valueName\":\"search_term_string\"}}],\"inLanguage\":\"bs-BA\"},{\"@type\":[\"Person\",\"Organization\"],\"@id\":\"https:\/\/sandzakpress.net\/arhiva\/#\/schema\/person\/6e72b67d6e51910a1117b3b483ba20bd\",\"name\":\"Kul\",\"image\":{\"@type\":\"ImageObject\",\"inLanguage\":\"bs-BA\",\"@id\":\"https:\/\/sandzakpress.net\/arhiva\/#\/schema\/person\/image\/\",\"url\":\"https:\/\/secure.gravatar.com\/avatar\/42263f39aa27ac04c43cab85c280eb2e?s=96&d=mm&r=pg\",\"contentUrl\":\"https:\/\/secure.gravatar.com\/avatar\/42263f39aa27ac04c43cab85c280eb2e?s=96&d=mm&r=pg\",\"caption\":\"Kul\"},\"logo\":{\"@id\":\"https:\/\/sandzakpress.net\/arhiva\/#\/schema\/person\/image\/\"}},{\"@type\":\"Person\",\"@id\":\"https:\/\/sandzakpress.net\/arhiva\/#\/schema\/person\/c8baee722073534b583ea7bdb2e36c02\",\"name\":\"bosniak\",\"image\":{\"@type\":\"ImageObject\",\"inLanguage\":\"bs-BA\",\"@id\":\"https:\/\/sandzakpress.net\/arhiva\/#\/schema\/person\/image\/\",\"url\":\"https:\/\/secure.gravatar.com\/avatar\/a04fd330bfe3a36a72a0ad4a6d89fca7?s=96&d=mm&r=pg\",\"contentUrl\":\"https:\/\/secure.gravatar.com\/avatar\/a04fd330bfe3a36a72a0ad4a6d89fca7?s=96&d=mm&r=pg\",\"caption\":\"bosniak\"},\"url\":\"https:\/\/sandzakpress.net\/arhiva\/author\/bosniak\/\"}]}<\/script>\n<!-- \/ Yoast SEO Premium plugin. -->","yoast_head_json":{"title":"Pradstavnici Sand\u017eaka u Americi sa Ambasadorom CG-e o obilje\u017eavanju Genocida u Plavu i Gusinju","robots":{"index":"index","follow":"follow","max-snippet":"max-snippet:-1","max-image-preview":"max-image-preview:large","max-video-preview":"max-video-preview:-1"},"canonical":"https:\/\/sandzakpress.net\/arhiva\/pradstavnici-sandzaka-u-americi-sa-ambasadorom-cg-a-o-obiljezavanju-genocida-u-plavu-i-gusinju\/","og_locale":"bs_BA","og_type":"article","og_title":"Pradstavnici Sand\u017eaka u Americi sa Ambasadorom CG-e o obilje\u017eavanju Genocida u Plavu i Gusinju","og_description":"Amerika &#8211; U povodu 100. godi\u0161njice genocida nad Bo\u0161njacima i Albancima u Plavu i Gusinju (1912. i 1913.), i deklaracije izdate na komemoraciji koja je odr\u017eana u New Yorku (13.okt. 2012.), koja je upu\u0107ena zvani\u010dnicima Crne Gore i javnosti, tim povodom Ambasador Crne Gore u Washingtonu nj.e. Sr\u0111an Darmanovi\u0107 i konzul u GK CG u [&hellip;]","og_url":"https:\/\/sandzakpress.net\/arhiva\/pradstavnici-sandzaka-u-americi-sa-ambasadorom-cg-a-o-obiljezavanju-genocida-u-plavu-i-gusinju\/","og_site_name":"Sand\u017eak PRESS","article_published_time":"2012-11-12T23:59:27+00:00","article_modified_time":"2012-11-13T00:03:04+00:00","og_image":[{"width":616,"height":366,"url":"https:\/\/sandzakpress.net\/arhiva\/wp-content\/uploads\/2012\/11\/Komemoracija_Plav_Gusinje_NY_13_okt_2012.jpg","type":"image\/jpeg"}],"author":"bosniak","twitter_card":"summary_large_image","twitter_misc":{"Written by":"bosniak","Est. reading time":"3 minute"},"schema":{"@context":"https:\/\/schema.org","@graph":[{"@type":"Article","@id":"https:\/\/sandzakpress.net\/arhiva\/pradstavnici-sandzaka-u-americi-sa-ambasadorom-cg-a-o-obiljezavanju-genocida-u-plavu-i-gusinju\/#article","isPartOf":{"@id":"https:\/\/sandzakpress.net\/arhiva\/pradstavnici-sandzaka-u-americi-sa-ambasadorom-cg-a-o-obiljezavanju-genocida-u-plavu-i-gusinju\/"},"author":{"name":"bosniak","@id":"https:\/\/sandzakpress.net\/arhiva\/#\/schema\/person\/c8baee722073534b583ea7bdb2e36c02"},"headline":"Pradstavnici Sand\u017eaka u Americi sa Ambasadorom CG-e o obilje\u017eavanju Genocida u Plavu i Gusinju","datePublished":"2012-11-12T23:59:27+00:00","dateModified":"2012-11-13T00:03:04+00:00","mainEntityOfPage":{"@id":"https:\/\/sandzakpress.net\/arhiva\/pradstavnici-sandzaka-u-americi-sa-ambasadorom-cg-a-o-obiljezavanju-genocida-u-plavu-i-gusinju\/"},"wordCount":612,"commentCount":6,"publisher":{"@id":"https:\/\/sandzakpress.net\/arhiva\/#\/schema\/person\/6e72b67d6e51910a1117b3b483ba20bd"},"image":{"@id":"https:\/\/sandzakpress.net\/arhiva\/pradstavnici-sandzaka-u-americi-sa-ambasadorom-cg-a-o-obiljezavanju-genocida-u-plavu-i-gusinju\/#primaryimage"},"thumbnailUrl":"https:\/\/sandzakpress.net\/arhiva\/wp-content\/uploads\/2012\/11\/Komemoracija_Plav_Gusinje_NY_13_okt_2012.jpg","articleSection":["Nacija","Amerika","VIJESTI DANA"],"inLanguage":"bs-BA","potentialAction":[{"@type":"CommentAction","name":"Comment","target":["https:\/\/sandzakpress.net\/arhiva\/pradstavnici-sandzaka-u-americi-sa-ambasadorom-cg-a-o-obiljezavanju-genocida-u-plavu-i-gusinju\/#respond"]}]},{"@type":"WebPage","@id":"https:\/\/sandzakpress.net\/arhiva\/pradstavnici-sandzaka-u-americi-sa-ambasadorom-cg-a-o-obiljezavanju-genocida-u-plavu-i-gusinju\/","url":"https:\/\/sandzakpress.net\/arhiva\/pradstavnici-sandzaka-u-americi-sa-ambasadorom-cg-a-o-obiljezavanju-genocida-u-plavu-i-gusinju\/","name":"Pradstavnici Sand\u017eaka u Americi sa Ambasadorom CG-e o obilje\u017eavanju Genocida u Plavu i Gusinju","isPartOf":{"@id":"https:\/\/sandzakpress.net\/arhiva\/#website"},"primaryImageOfPage":{"@id":"https:\/\/sandzakpress.net\/arhiva\/pradstavnici-sandzaka-u-americi-sa-ambasadorom-cg-a-o-obiljezavanju-genocida-u-plavu-i-gusinju\/#primaryimage"},"image":{"@id":"https:\/\/sandzakpress.net\/arhiva\/pradstavnici-sandzaka-u-americi-sa-ambasadorom-cg-a-o-obiljezavanju-genocida-u-plavu-i-gusinju\/#primaryimage"},"thumbnailUrl":"https:\/\/sandzakpress.net\/arhiva\/wp-content\/uploads\/2012\/11\/Komemoracija_Plav_Gusinje_NY_13_okt_2012.jpg","datePublished":"2012-11-12T23:59:27+00:00","dateModified":"2012-11-13T00:03:04+00:00","breadcrumb":{"@id":"https:\/\/sandzakpress.net\/arhiva\/pradstavnici-sandzaka-u-americi-sa-ambasadorom-cg-a-o-obiljezavanju-genocida-u-plavu-i-gusinju\/#breadcrumb"},"inLanguage":"bs-BA","potentialAction":[{"@type":"ReadAction","target":["https:\/\/sandzakpress.net\/arhiva\/pradstavnici-sandzaka-u-americi-sa-ambasadorom-cg-a-o-obiljezavanju-genocida-u-plavu-i-gusinju\/"]}]},{"@type":"ImageObject","inLanguage":"bs-BA","@id":"https:\/\/sandzakpress.net\/arhiva\/pradstavnici-sandzaka-u-americi-sa-ambasadorom-cg-a-o-obiljezavanju-genocida-u-plavu-i-gusinju\/#primaryimage","url":"https:\/\/sandzakpress.net\/arhiva\/wp-content\/uploads\/2012\/11\/Komemoracija_Plav_Gusinje_NY_13_okt_2012.jpg","contentUrl":"https:\/\/sandzakpress.net\/arhiva\/wp-content\/uploads\/2012\/11\/Komemoracija_Plav_Gusinje_NY_13_okt_2012.jpg","width":616,"height":366},{"@type":"BreadcrumbList","@id":"https:\/\/sandzakpress.net\/arhiva\/pradstavnici-sandzaka-u-americi-sa-ambasadorom-cg-a-o-obiljezavanju-genocida-u-plavu-i-gusinju\/#breadcrumb","itemListElement":[{"@type":"ListItem","position":1,"name":"Home","item":"https:\/\/sandzakpress.net\/arhiva\/"},{"@type":"ListItem","position":2,"name":"Pradstavnici Sand\u017eaka u Americi sa Ambasadorom CG-e o obilje\u017eavanju Genocida u Plavu i Gusinju"}]},{"@type":"WebSite","@id":"https:\/\/sandzakpress.net\/arhiva\/#website","url":"https:\/\/sandzakpress.net\/arhiva\/","name":"Sand\u017eak PRESS","description":"Prve elektronske novine u Sand\u017eaku","publisher":{"@id":"https:\/\/sandzakpress.net\/arhiva\/#\/schema\/person\/6e72b67d6e51910a1117b3b483ba20bd"},"potentialAction":[{"@type":"SearchAction","target":{"@type":"EntryPoint","urlTemplate":"https:\/\/sandzakpress.net\/arhiva\/?s={search_term_string}"},"query-input":{"@type":"PropertyValueSpecification","valueRequired":true,"valueName":"search_term_string"}}],"inLanguage":"bs-BA"},{"@type":["Person","Organization"],"@id":"https:\/\/sandzakpress.net\/arhiva\/#\/schema\/person\/6e72b67d6e51910a1117b3b483ba20bd","name":"Kul","image":{"@type":"ImageObject","inLanguage":"bs-BA","@id":"https:\/\/sandzakpress.net\/arhiva\/#\/schema\/person\/image\/","url":"https:\/\/secure.gravatar.com\/avatar\/42263f39aa27ac04c43cab85c280eb2e?s=96&d=mm&r=pg","contentUrl":"https:\/\/secure.gravatar.com\/avatar\/42263f39aa27ac04c43cab85c280eb2e?s=96&d=mm&r=pg","caption":"Kul"},"logo":{"@id":"https:\/\/sandzakpress.net\/arhiva\/#\/schema\/person\/image\/"}},{"@type":"Person","@id":"https:\/\/sandzakpress.net\/arhiva\/#\/schema\/person\/c8baee722073534b583ea7bdb2e36c02","name":"bosniak","image":{"@type":"ImageObject","inLanguage":"bs-BA","@id":"https:\/\/sandzakpress.net\/arhiva\/#\/schema\/person\/image\/","url":"https:\/\/secure.gravatar.com\/avatar\/a04fd330bfe3a36a72a0ad4a6d89fca7?s=96&d=mm&r=pg","contentUrl":"https:\/\/secure.gravatar.com\/avatar\/a04fd330bfe3a36a72a0ad4a6d89fca7?s=96&d=mm&r=pg","caption":"bosniak"},"url":"https:\/\/sandzakpress.net\/arhiva\/author\/bosniak\/"}]}},"_links":{"self":[{"href":"https:\/\/sandzakpress.net\/arhiva\/wp-json\/wp\/v2\/posts\/54767"}],"collection":[{"href":"https:\/\/sandzakpress.net\/arhiva\/wp-json\/wp\/v2\/posts"}],"about":[{"href":"https:\/\/sandzakpress.net\/arhiva\/wp-json\/wp\/v2\/types\/post"}],"author":[{"embeddable":true,"href":"https:\/\/sandzakpress.net\/arhiva\/wp-json\/wp\/v2\/users\/83"}],"replies":[{"embeddable":true,"href":"https:\/\/sandzakpress.net\/arhiva\/wp-json\/wp\/v2\/comments?post=54767"}],"version-history":[{"count":0,"href":"https:\/\/sandzakpress.net\/arhiva\/wp-json\/wp\/v2\/posts\/54767\/revisions"}],"wp:featuredmedia":[{"embeddable":true,"href":"https:\/\/sandzakpress.net\/arhiva\/wp-json\/wp\/v2\/media\/54768"}],"wp:attachment":[{"href":"https:\/\/sandzakpress.net\/arhiva\/wp-json\/wp\/v2\/media?parent=54767"}],"wp:term":[{"taxonomy":"category","embeddable":true,"href":"https:\/\/sandzakpress.net\/arhiva\/wp-json\/wp\/v2\/categories?post=54767"},{"taxonomy":"post_tag","embeddable":true,"href":"https:\/\/sandzakpress.net\/arhiva\/wp-json\/wp\/v2\/tags?post=54767"}],"curies":[{"name":"wp","href":"https:\/\/api.w.org\/{rel}","templated":true}]}}