{"id":54609,"date":"2012-11-08T16:44:21","date_gmt":"2012-11-08T15:44:21","guid":{"rendered":"https:\/\/sandzakpress.net\/arhiva\/?p=54609"},"modified":"2012-11-08T16:44:21","modified_gmt":"2012-11-08T15:44:21","slug":"predsjednik-banu-uputio-cestitke-baraku-obami","status":"publish","type":"post","link":"https:\/\/sandzakpress.net\/arhiva\/predsjednik-banu-uputio-cestitke-baraku-obami\/","title":{"rendered":"Predsjednik BANU uputio \u010destitke Baraku Obami"},"content":{"rendered":"<p><strong><a href=\"https:\/\/sandzakpress.net\/arhiva\/wp-content\/uploads\/2012\/11\/muhic-obama.jpg\"><img loading=\"lazy\" decoding=\"async\" class=\"alignleft size-medium wp-image-54610\" title=\"muhic-obama\" src=\"https:\/\/sandzakpress.net\/arhiva\/wp-content\/uploads\/2012\/11\/muhic-obama-300x193.jpg\" alt=\"\" width=\"300\" height=\"193\" \/><\/a>Amerika &#8211; Po\u0161tovani Predsjedni\u010de Obama,<\/strong><\/p>\n<p>U ime Bo\u0161nja\u010dke Akademije Nauka i Umjetnosti\u00a0 (BANU) i u moje li\u010dno ime, dozvolite da Vam \u010destitam na re-izboru za Predsjednika Sjedinjenih Ameri\u010dkih Dr\u017eava.<\/p>\n<p>BANU odlu\u010dno podr\u017eava integritet suverene i nedjeljive dr\u017eave Bosne i Hercegovine, kakva je bila prije agresije od 1992-1995 godine. Na\u0161a du\u017enost je da Vas upoznamo sa \u010dinjenicom da\u00a0 Generalni Okvirni Dogovor o miru u Bosni i Hercegovini (poznat kao Dejtonski Dogovor, postignut u vojnoj vazdu\u0161noj bazi Wright-Patterson kod Dejtona, Ohajo u novembru 1995 godine a formalno potpisan u Parizu 14 decembra 1995 godine), iako je zaustavio rat, nije stvorio uslove za ustavni okvir neophodan za uspje\u0161no i potpuno ponovno uspostavljanje teritorijalnog integriteta dr\u017eave BiH.\u00a0 Nesumnjivo potvr\u0111en kao korisno i fleksibilno oru\u0111e, Dejtonski Dogovor je pomogao Bosni i Hercegovini da iz poslije ratne faze pre\u0111e u period stabilizacije i oporavka. Ipak, Dejtonski Dogovor nije imao instrumente potrebne da se pravna struktura dr\u017eave BiH konsoliduje u skladu sa op\u0161te prihva\u0107enim i me\u0111unarodno garantovanim postulatima me\u0111unarodnog prava. Ova \u010dinjenica, vidljiva od samog po\u010detka, potvrdila se kao klju\u010dna smetnja daljoj implementaciji jedinstvenog nacionalnog gra\u0111anskog koncepta i teritorijalnog integriteta u BiH. Danas, sedamnaest godina poslije potpisivanja Dejtonskog mirovnog dogovora, jasno je da ovaj dokument generira nove etni\u010dke tenzije, obnavlja nepovjerenje me\u0111u sva tri konstitutivna naroda: Bo\u0161njacima, Srbima, i Hrvatima, \u010dine\u0107i tako politi\u010dku situaciju u dr\u017eavi trajno nestabilnom.<\/p>\n<p>U svjetlu ovih negativnih efekata, krajnji je \u010das da se preispita smisao odr\u017eavanja dosada\u0161njeg statusa Dejtonskog mirovnog dogovora kao najvi\u0161eg pravnog akta i u budu\u0107em razvoju Bosne i Hercegovine. Samo kao demokratska,\u00a0 cjelovita gra\u0111anska dr\u017eava svih svojih gra\u0111ana, ujedinjenih odredbama novog Ustava, mo\u0107i \u0107e Bosna i Hercegovina produ\u017eiti putem integracije u EU i NATO strukture. Po\u0161tuju\u0107i dugu tradiciju slobode i demokratije koja je opravdano donijela SAD ulogu vode\u0107eg autoriteta u pitanjima ljudskih prava, BANU je sigurna da \u0107ete Vi kao Predsjednika Sjedinjenih Dr\u017eava Amerike, u\u010diniti sve \u0161to je u Va\u0161oj mo\u0107i da pomognete Bosni i Hercegovini da ponovo uspostavi svoj puni suverenitet i trajan mir.<\/p>\n<p>Jo\u0161 jednom Vam \u010destitam u ime svih \u010dlanova BANU! Od srca Vam \u017eelimo sve najbolje u vo\u0111enju Va\u0161e dr\u017eave, kao i u Va\u0161em \u017eivotu i sre\u0107i Va\u0161e porodice.<\/p>\n<p>Iskreno,<\/p>\n<p><strong>Ferid Muhi\u0107<\/strong><\/p>\n<p>Predsjednik Bo\u0161nja\u010dke Akademije Nauka i Umjetnosti<\/p>\n","protected":false},"excerpt":{"rendered":"<p>Amerika &#8211; Po\u0161tovani Predsjedni\u010de Obama, U ime Bo\u0161nja\u010dke Akademije Nauka i Umjetnosti\u00a0 (BANU) i u moje li\u010dno ime, dozvolite da Vam \u010destitam na re-izboru za Predsjednika Sjedinjenih Ameri\u010dkih Dr\u017eava. BANU odlu\u010dno podr\u017eava integritet suverene i nedjeljive dr\u017eave Bosne i Hercegovine, kakva je bila prije agresije od 1992-1995 godine. Na\u0161a du\u017enost je da Vas upoznamo sa [&hellip;]<\/p>\n","protected":false},"author":83,"featured_media":54610,"comment_status":"open","ping_status":"open","sticky":false,"template":"","format":"standard","meta":{"footnotes":""},"categories":[800,3012,8957],"tags":[],"class_list":{"0":"post-54609","1":"post","2":"type-post","3":"status-publish","4":"format-standard","5":"has-post-thumbnail","7":"category-nacija","8":"category-amerika-gradovi","9":"category-vijesti-dana"},"yoast_head":"<!-- This site is optimized with the Yoast SEO Premium plugin v23.1 (Yoast SEO v24.9) - https:\/\/yoast.com\/wordpress\/plugins\/seo\/ -->\n<title>Predsjednik BANU uputio \u010destitke Baraku Obami<\/title>\n<meta name=\"robots\" content=\"index, follow, max-snippet:-1, max-image-preview:large, max-video-preview:-1\" \/>\n<link rel=\"canonical\" href=\"https:\/\/sandzakpress.net\/arhiva\/predsjednik-banu-uputio-cestitke-baraku-obami\/\" \/>\n<meta property=\"og:locale\" content=\"bs_BA\" \/>\n<meta property=\"og:type\" content=\"article\" \/>\n<meta property=\"og:title\" content=\"Predsjednik BANU uputio \u010destitke Baraku Obami\" \/>\n<meta property=\"og:description\" content=\"Amerika &#8211; Po\u0161tovani Predsjedni\u010de Obama, U ime Bo\u0161nja\u010dke Akademije Nauka i Umjetnosti\u00a0 (BANU) i u moje li\u010dno ime, dozvolite da Vam \u010destitam na re-izboru za Predsjednika Sjedinjenih Ameri\u010dkih Dr\u017eava. BANU odlu\u010dno podr\u017eava integritet suverene i nedjeljive dr\u017eave Bosne i Hercegovine, kakva je bila prije agresije od 1992-1995 godine. Na\u0161a du\u017enost je da Vas upoznamo sa [&hellip;]\" \/>\n<meta property=\"og:url\" content=\"https:\/\/sandzakpress.net\/arhiva\/predsjednik-banu-uputio-cestitke-baraku-obami\/\" \/>\n<meta property=\"og:site_name\" content=\"Sand\u017eak PRESS\" \/>\n<meta property=\"article:published_time\" content=\"2012-11-08T15:44:21+00:00\" \/>\n<meta property=\"og:image\" content=\"https:\/\/sandzakpress.net\/arhiva\/wp-content\/uploads\/2012\/11\/muhic-obama.jpg\" \/>\n\t<meta property=\"og:image:width\" content=\"418\" \/>\n\t<meta property=\"og:image:height\" content=\"270\" \/>\n\t<meta property=\"og:image:type\" content=\"image\/jpeg\" \/>\n<meta name=\"author\" content=\"bosniak\" \/>\n<meta name=\"twitter:card\" content=\"summary_large_image\" \/>\n<meta name=\"twitter:label1\" content=\"Written by\" \/>\n\t<meta name=\"twitter:data1\" content=\"bosniak\" \/>\n\t<meta name=\"twitter:label2\" content=\"Est. reading time\" \/>\n\t<meta name=\"twitter:data2\" content=\"2 minute\" \/>\n<script type=\"application\/ld+json\" class=\"yoast-schema-graph\">{\"@context\":\"https:\/\/schema.org\",\"@graph\":[{\"@type\":\"Article\",\"@id\":\"https:\/\/sandzakpress.net\/arhiva\/predsjednik-banu-uputio-cestitke-baraku-obami\/#article\",\"isPartOf\":{\"@id\":\"https:\/\/sandzakpress.net\/arhiva\/predsjednik-banu-uputio-cestitke-baraku-obami\/\"},\"author\":{\"name\":\"bosniak\",\"@id\":\"https:\/\/sandzakpress.net\/arhiva\/#\/schema\/person\/c8baee722073534b583ea7bdb2e36c02\"},\"headline\":\"Predsjednik BANU uputio \u010destitke Baraku Obami\",\"datePublished\":\"2012-11-08T15:44:21+00:00\",\"mainEntityOfPage\":{\"@id\":\"https:\/\/sandzakpress.net\/arhiva\/predsjednik-banu-uputio-cestitke-baraku-obami\/\"},\"wordCount\":422,\"commentCount\":0,\"publisher\":{\"@id\":\"https:\/\/sandzakpress.net\/arhiva\/#\/schema\/person\/6e72b67d6e51910a1117b3b483ba20bd\"},\"image\":{\"@id\":\"https:\/\/sandzakpress.net\/arhiva\/predsjednik-banu-uputio-cestitke-baraku-obami\/#primaryimage\"},\"thumbnailUrl\":\"https:\/\/sandzakpress.net\/arhiva\/wp-content\/uploads\/2012\/11\/muhic-obama.jpg\",\"articleSection\":[\"Nacija\",\"Amerika\",\"VIJESTI DANA\"],\"inLanguage\":\"bs-BA\",\"potentialAction\":[{\"@type\":\"CommentAction\",\"name\":\"Comment\",\"target\":[\"https:\/\/sandzakpress.net\/arhiva\/predsjednik-banu-uputio-cestitke-baraku-obami\/#respond\"]}]},{\"@type\":\"WebPage\",\"@id\":\"https:\/\/sandzakpress.net\/arhiva\/predsjednik-banu-uputio-cestitke-baraku-obami\/\",\"url\":\"https:\/\/sandzakpress.net\/arhiva\/predsjednik-banu-uputio-cestitke-baraku-obami\/\",\"name\":\"Predsjednik BANU uputio \u010destitke Baraku Obami\",\"isPartOf\":{\"@id\":\"https:\/\/sandzakpress.net\/arhiva\/#website\"},\"primaryImageOfPage\":{\"@id\":\"https:\/\/sandzakpress.net\/arhiva\/predsjednik-banu-uputio-cestitke-baraku-obami\/#primaryimage\"},\"image\":{\"@id\":\"https:\/\/sandzakpress.net\/arhiva\/predsjednik-banu-uputio-cestitke-baraku-obami\/#primaryimage\"},\"thumbnailUrl\":\"https:\/\/sandzakpress.net\/arhiva\/wp-content\/uploads\/2012\/11\/muhic-obama.jpg\",\"datePublished\":\"2012-11-08T15:44:21+00:00\",\"breadcrumb\":{\"@id\":\"https:\/\/sandzakpress.net\/arhiva\/predsjednik-banu-uputio-cestitke-baraku-obami\/#breadcrumb\"},\"inLanguage\":\"bs-BA\",\"potentialAction\":[{\"@type\":\"ReadAction\",\"target\":[\"https:\/\/sandzakpress.net\/arhiva\/predsjednik-banu-uputio-cestitke-baraku-obami\/\"]}]},{\"@type\":\"ImageObject\",\"inLanguage\":\"bs-BA\",\"@id\":\"https:\/\/sandzakpress.net\/arhiva\/predsjednik-banu-uputio-cestitke-baraku-obami\/#primaryimage\",\"url\":\"https:\/\/sandzakpress.net\/arhiva\/wp-content\/uploads\/2012\/11\/muhic-obama.jpg\",\"contentUrl\":\"https:\/\/sandzakpress.net\/arhiva\/wp-content\/uploads\/2012\/11\/muhic-obama.jpg\",\"width\":418,\"height\":270},{\"@type\":\"BreadcrumbList\",\"@id\":\"https:\/\/sandzakpress.net\/arhiva\/predsjednik-banu-uputio-cestitke-baraku-obami\/#breadcrumb\",\"itemListElement\":[{\"@type\":\"ListItem\",\"position\":1,\"name\":\"Home\",\"item\":\"https:\/\/sandzakpress.net\/arhiva\/\"},{\"@type\":\"ListItem\",\"position\":2,\"name\":\"Predsjednik BANU uputio \u010destitke Baraku Obami\"}]},{\"@type\":\"WebSite\",\"@id\":\"https:\/\/sandzakpress.net\/arhiva\/#website\",\"url\":\"https:\/\/sandzakpress.net\/arhiva\/\",\"name\":\"Sand\u017eak PRESS\",\"description\":\"Prve elektronske novine u Sand\u017eaku\",\"publisher\":{\"@id\":\"https:\/\/sandzakpress.net\/arhiva\/#\/schema\/person\/6e72b67d6e51910a1117b3b483ba20bd\"},\"potentialAction\":[{\"@type\":\"SearchAction\",\"target\":{\"@type\":\"EntryPoint\",\"urlTemplate\":\"https:\/\/sandzakpress.net\/arhiva\/?s={search_term_string}\"},\"query-input\":{\"@type\":\"PropertyValueSpecification\",\"valueRequired\":true,\"valueName\":\"search_term_string\"}}],\"inLanguage\":\"bs-BA\"},{\"@type\":[\"Person\",\"Organization\"],\"@id\":\"https:\/\/sandzakpress.net\/arhiva\/#\/schema\/person\/6e72b67d6e51910a1117b3b483ba20bd\",\"name\":\"Kul\",\"image\":{\"@type\":\"ImageObject\",\"inLanguage\":\"bs-BA\",\"@id\":\"https:\/\/sandzakpress.net\/arhiva\/#\/schema\/person\/image\/\",\"url\":\"https:\/\/secure.gravatar.com\/avatar\/42263f39aa27ac04c43cab85c280eb2e?s=96&d=mm&r=pg\",\"contentUrl\":\"https:\/\/secure.gravatar.com\/avatar\/42263f39aa27ac04c43cab85c280eb2e?s=96&d=mm&r=pg\",\"caption\":\"Kul\"},\"logo\":{\"@id\":\"https:\/\/sandzakpress.net\/arhiva\/#\/schema\/person\/image\/\"}},{\"@type\":\"Person\",\"@id\":\"https:\/\/sandzakpress.net\/arhiva\/#\/schema\/person\/c8baee722073534b583ea7bdb2e36c02\",\"name\":\"bosniak\",\"image\":{\"@type\":\"ImageObject\",\"inLanguage\":\"bs-BA\",\"@id\":\"https:\/\/sandzakpress.net\/arhiva\/#\/schema\/person\/image\/\",\"url\":\"https:\/\/secure.gravatar.com\/avatar\/a04fd330bfe3a36a72a0ad4a6d89fca7?s=96&d=mm&r=pg\",\"contentUrl\":\"https:\/\/secure.gravatar.com\/avatar\/a04fd330bfe3a36a72a0ad4a6d89fca7?s=96&d=mm&r=pg\",\"caption\":\"bosniak\"},\"url\":\"https:\/\/sandzakpress.net\/arhiva\/author\/bosniak\/\"}]}<\/script>\n<!-- \/ Yoast SEO Premium plugin. -->","yoast_head_json":{"title":"Predsjednik BANU uputio \u010destitke Baraku Obami","robots":{"index":"index","follow":"follow","max-snippet":"max-snippet:-1","max-image-preview":"max-image-preview:large","max-video-preview":"max-video-preview:-1"},"canonical":"https:\/\/sandzakpress.net\/arhiva\/predsjednik-banu-uputio-cestitke-baraku-obami\/","og_locale":"bs_BA","og_type":"article","og_title":"Predsjednik BANU uputio \u010destitke Baraku Obami","og_description":"Amerika &#8211; Po\u0161tovani Predsjedni\u010de Obama, U ime Bo\u0161nja\u010dke Akademije Nauka i Umjetnosti\u00a0 (BANU) i u moje li\u010dno ime, dozvolite da Vam \u010destitam na re-izboru za Predsjednika Sjedinjenih Ameri\u010dkih Dr\u017eava. BANU odlu\u010dno podr\u017eava integritet suverene i nedjeljive dr\u017eave Bosne i Hercegovine, kakva je bila prije agresije od 1992-1995 godine. Na\u0161a du\u017enost je da Vas upoznamo sa [&hellip;]","og_url":"https:\/\/sandzakpress.net\/arhiva\/predsjednik-banu-uputio-cestitke-baraku-obami\/","og_site_name":"Sand\u017eak PRESS","article_published_time":"2012-11-08T15:44:21+00:00","og_image":[{"width":418,"height":270,"url":"https:\/\/sandzakpress.net\/arhiva\/wp-content\/uploads\/2012\/11\/muhic-obama.jpg","type":"image\/jpeg"}],"author":"bosniak","twitter_card":"summary_large_image","twitter_misc":{"Written by":"bosniak","Est. reading time":"2 minute"},"schema":{"@context":"https:\/\/schema.org","@graph":[{"@type":"Article","@id":"https:\/\/sandzakpress.net\/arhiva\/predsjednik-banu-uputio-cestitke-baraku-obami\/#article","isPartOf":{"@id":"https:\/\/sandzakpress.net\/arhiva\/predsjednik-banu-uputio-cestitke-baraku-obami\/"},"author":{"name":"bosniak","@id":"https:\/\/sandzakpress.net\/arhiva\/#\/schema\/person\/c8baee722073534b583ea7bdb2e36c02"},"headline":"Predsjednik BANU uputio \u010destitke Baraku Obami","datePublished":"2012-11-08T15:44:21+00:00","mainEntityOfPage":{"@id":"https:\/\/sandzakpress.net\/arhiva\/predsjednik-banu-uputio-cestitke-baraku-obami\/"},"wordCount":422,"commentCount":0,"publisher":{"@id":"https:\/\/sandzakpress.net\/arhiva\/#\/schema\/person\/6e72b67d6e51910a1117b3b483ba20bd"},"image":{"@id":"https:\/\/sandzakpress.net\/arhiva\/predsjednik-banu-uputio-cestitke-baraku-obami\/#primaryimage"},"thumbnailUrl":"https:\/\/sandzakpress.net\/arhiva\/wp-content\/uploads\/2012\/11\/muhic-obama.jpg","articleSection":["Nacija","Amerika","VIJESTI DANA"],"inLanguage":"bs-BA","potentialAction":[{"@type":"CommentAction","name":"Comment","target":["https:\/\/sandzakpress.net\/arhiva\/predsjednik-banu-uputio-cestitke-baraku-obami\/#respond"]}]},{"@type":"WebPage","@id":"https:\/\/sandzakpress.net\/arhiva\/predsjednik-banu-uputio-cestitke-baraku-obami\/","url":"https:\/\/sandzakpress.net\/arhiva\/predsjednik-banu-uputio-cestitke-baraku-obami\/","name":"Predsjednik BANU uputio \u010destitke Baraku Obami","isPartOf":{"@id":"https:\/\/sandzakpress.net\/arhiva\/#website"},"primaryImageOfPage":{"@id":"https:\/\/sandzakpress.net\/arhiva\/predsjednik-banu-uputio-cestitke-baraku-obami\/#primaryimage"},"image":{"@id":"https:\/\/sandzakpress.net\/arhiva\/predsjednik-banu-uputio-cestitke-baraku-obami\/#primaryimage"},"thumbnailUrl":"https:\/\/sandzakpress.net\/arhiva\/wp-content\/uploads\/2012\/11\/muhic-obama.jpg","datePublished":"2012-11-08T15:44:21+00:00","breadcrumb":{"@id":"https:\/\/sandzakpress.net\/arhiva\/predsjednik-banu-uputio-cestitke-baraku-obami\/#breadcrumb"},"inLanguage":"bs-BA","potentialAction":[{"@type":"ReadAction","target":["https:\/\/sandzakpress.net\/arhiva\/predsjednik-banu-uputio-cestitke-baraku-obami\/"]}]},{"@type":"ImageObject","inLanguage":"bs-BA","@id":"https:\/\/sandzakpress.net\/arhiva\/predsjednik-banu-uputio-cestitke-baraku-obami\/#primaryimage","url":"https:\/\/sandzakpress.net\/arhiva\/wp-content\/uploads\/2012\/11\/muhic-obama.jpg","contentUrl":"https:\/\/sandzakpress.net\/arhiva\/wp-content\/uploads\/2012\/11\/muhic-obama.jpg","width":418,"height":270},{"@type":"BreadcrumbList","@id":"https:\/\/sandzakpress.net\/arhiva\/predsjednik-banu-uputio-cestitke-baraku-obami\/#breadcrumb","itemListElement":[{"@type":"ListItem","position":1,"name":"Home","item":"https:\/\/sandzakpress.net\/arhiva\/"},{"@type":"ListItem","position":2,"name":"Predsjednik BANU uputio \u010destitke Baraku Obami"}]},{"@type":"WebSite","@id":"https:\/\/sandzakpress.net\/arhiva\/#website","url":"https:\/\/sandzakpress.net\/arhiva\/","name":"Sand\u017eak PRESS","description":"Prve elektronske novine u Sand\u017eaku","publisher":{"@id":"https:\/\/sandzakpress.net\/arhiva\/#\/schema\/person\/6e72b67d6e51910a1117b3b483ba20bd"},"potentialAction":[{"@type":"SearchAction","target":{"@type":"EntryPoint","urlTemplate":"https:\/\/sandzakpress.net\/arhiva\/?s={search_term_string}"},"query-input":{"@type":"PropertyValueSpecification","valueRequired":true,"valueName":"search_term_string"}}],"inLanguage":"bs-BA"},{"@type":["Person","Organization"],"@id":"https:\/\/sandzakpress.net\/arhiva\/#\/schema\/person\/6e72b67d6e51910a1117b3b483ba20bd","name":"Kul","image":{"@type":"ImageObject","inLanguage":"bs-BA","@id":"https:\/\/sandzakpress.net\/arhiva\/#\/schema\/person\/image\/","url":"https:\/\/secure.gravatar.com\/avatar\/42263f39aa27ac04c43cab85c280eb2e?s=96&d=mm&r=pg","contentUrl":"https:\/\/secure.gravatar.com\/avatar\/42263f39aa27ac04c43cab85c280eb2e?s=96&d=mm&r=pg","caption":"Kul"},"logo":{"@id":"https:\/\/sandzakpress.net\/arhiva\/#\/schema\/person\/image\/"}},{"@type":"Person","@id":"https:\/\/sandzakpress.net\/arhiva\/#\/schema\/person\/c8baee722073534b583ea7bdb2e36c02","name":"bosniak","image":{"@type":"ImageObject","inLanguage":"bs-BA","@id":"https:\/\/sandzakpress.net\/arhiva\/#\/schema\/person\/image\/","url":"https:\/\/secure.gravatar.com\/avatar\/a04fd330bfe3a36a72a0ad4a6d89fca7?s=96&d=mm&r=pg","contentUrl":"https:\/\/secure.gravatar.com\/avatar\/a04fd330bfe3a36a72a0ad4a6d89fca7?s=96&d=mm&r=pg","caption":"bosniak"},"url":"https:\/\/sandzakpress.net\/arhiva\/author\/bosniak\/"}]}},"_links":{"self":[{"href":"https:\/\/sandzakpress.net\/arhiva\/wp-json\/wp\/v2\/posts\/54609"}],"collection":[{"href":"https:\/\/sandzakpress.net\/arhiva\/wp-json\/wp\/v2\/posts"}],"about":[{"href":"https:\/\/sandzakpress.net\/arhiva\/wp-json\/wp\/v2\/types\/post"}],"author":[{"embeddable":true,"href":"https:\/\/sandzakpress.net\/arhiva\/wp-json\/wp\/v2\/users\/83"}],"replies":[{"embeddable":true,"href":"https:\/\/sandzakpress.net\/arhiva\/wp-json\/wp\/v2\/comments?post=54609"}],"version-history":[{"count":0,"href":"https:\/\/sandzakpress.net\/arhiva\/wp-json\/wp\/v2\/posts\/54609\/revisions"}],"wp:featuredmedia":[{"embeddable":true,"href":"https:\/\/sandzakpress.net\/arhiva\/wp-json\/wp\/v2\/media\/54610"}],"wp:attachment":[{"href":"https:\/\/sandzakpress.net\/arhiva\/wp-json\/wp\/v2\/media?parent=54609"}],"wp:term":[{"taxonomy":"category","embeddable":true,"href":"https:\/\/sandzakpress.net\/arhiva\/wp-json\/wp\/v2\/categories?post=54609"},{"taxonomy":"post_tag","embeddable":true,"href":"https:\/\/sandzakpress.net\/arhiva\/wp-json\/wp\/v2\/tags?post=54609"}],"curies":[{"name":"wp","href":"https:\/\/api.w.org\/{rel}","templated":true}]}}