{"id":54568,"date":"2012-11-07T16:20:09","date_gmt":"2012-11-07T15:20:09","guid":{"rendered":"https:\/\/sandzakpress.net\/arhiva\/?p=54568"},"modified":"2012-11-07T16:20:19","modified_gmt":"2012-11-07T15:20:19","slug":"sda-sandzaka-na-kongresu-turske-demokratske-partije-makedonije","status":"publish","type":"post","link":"https:\/\/sandzakpress.net\/arhiva\/sda-sandzaka-na-kongresu-turske-demokratske-partije-makedonije\/","title":{"rendered":"SDA Sand\u017eaka na Kongresu Turske demokratske partije Makedonije"},"content":{"rendered":"<p><strong><a href=\"https:\/\/sandzakpress.net\/arhiva\/wp-content\/uploads\/2012\/11\/obavestenja-864.jpg\"><img loading=\"lazy\" decoding=\"async\" class=\"alignleft size-medium wp-image-54569\" title=\"obavestenja-864\" src=\"https:\/\/sandzakpress.net\/arhiva\/wp-content\/uploads\/2012\/11\/obavestenja-864-300x221.jpg\" alt=\"\" width=\"300\" height=\"221\" \/><\/a>Makedonija &#8211; Generalni sekretar SDA Sand\u017eaka i predsjednik Skup\u0161tine grada Novog Pazara Fuad Ba\u0107i\u0107anin predvodio je delegaciju SDA Sand\u017eaka koja je prisustvovala u subotu 3. novembra Kongresu Turske demokratske partije Makedonije.<\/strong><\/p>\n<p>Svoj boravak u Makedoniji delegacija SDA Sand\u017eaka, koju su pored generalnog sekretara \u010dinili i narodni poslanici SDA Sand\u017eaka u Republi\u010dkom parlamentu, Enis Imamovi\u0107 i Bajro Gegi\u0107, iskoristila je za niz zna\u010dajnih susreta i razgovora.<\/p>\n<p>Nastavljena je komunikacija ka uspostvljanju dobrih odnosa izme\u0111u Novog Pazara i Bo\u0161njaka sa narodima i zemljama u okru\u017eenju.<\/p>\n<p>\u201eSand\u017eak i Bo\u0161njaci su faktor stabilnosti i saradnje u na\u0161em regionu. Potrebno je sve susrete i razgovore iskoristiti kako bi se pomoglo politi\u010dkoj i ekonomskoj stabilnosti na\u0161eg kraja. Bo\u0161nja\u010dki predstavnici u svim organima vlasti, a posebno u parlamentima i vladama svojih zemalja, mogu i moraju biti vezivno tkivo me\u0111u zemljama i narodima u regionu\u201c, izjavio je Ba\u0107i\u0107anin nakon zavr\u0161enog Kongresa.<\/p>\n<p>U Skoplju je boravio i zamjenik predsjednika vladaju\u0107e AK partije Republike Turske Red\u017eepa Tajjipa Erdogana, gospodin Omer \u010celik, ministar u Vladi Crne Gore i predsjednik Bo\u0161nja\u010dke stranke Rafet Husovi\u0107, kao i brojni gosti iz zemalja u okru\u017eenju sa kojima su \u010dlanovi na\u0161e delegacije imali razgovore ka uspostavljanju bolje i uspje\u0161nije saradnje.<\/p>\n<p>Predsjednik Skup\u0161tine grada i narodni poslanici Enis Imamovi\u0107 i Bajro Gegi\u0107 razgovarali su u Skoplju i sa ministrom u vladi Makedonije gospodinom Hadi Nezirom, kao i predsjednikom \u00a0Turske demokratske partije i narodnim poslanikom Skup\u0161tine Makedonije Kenanom Hasipijem.<\/p>\n<p>(SDA)<\/p>\n","protected":false},"excerpt":{"rendered":"<p>Makedonija &#8211; Generalni sekretar SDA Sand\u017eaka i predsjednik Skup\u0161tine grada Novog Pazara Fuad Ba\u0107i\u0107anin predvodio je delegaciju SDA Sand\u017eaka koja je prisustvovala u subotu 3. novembra Kongresu Turske demokratske partije Makedonije. Svoj boravak u Makedoniji delegacija SDA Sand\u017eaka, koju su pored generalnog sekretara \u010dinili i narodni poslanici SDA Sand\u017eaka u Republi\u010dkom parlamentu, Enis Imamovi\u0107 i [&hellip;]<\/p>\n","protected":false},"author":83,"featured_media":54569,"comment_status":"open","ping_status":"open","sticky":false,"template":"","format":"standard","meta":{"footnotes":""},"categories":[72,1,327,2691,8957],"tags":[],"class_list":{"0":"post-54568","1":"post","2":"type-post","3":"status-publish","4":"format-standard","5":"has-post-thumbnail","7":"category-novi-pazar","8":"category-politika","9":"category-tutin","10":"category-makedonija","11":"category-vijesti-dana"},"yoast_head":"<!-- This site is optimized with the Yoast SEO Premium plugin v23.1 (Yoast SEO v24.9) - https:\/\/yoast.com\/wordpress\/plugins\/seo\/ -->\n<title>SDA Sand\u017eaka na Kongresu Turske demokratske partije Makedonije<\/title>\n<meta name=\"robots\" content=\"index, follow, max-snippet:-1, max-image-preview:large, max-video-preview:-1\" \/>\n<link rel=\"canonical\" href=\"https:\/\/sandzakpress.net\/arhiva\/sda-sandzaka-na-kongresu-turske-demokratske-partije-makedonije\/\" \/>\n<meta property=\"og:locale\" content=\"bs_BA\" \/>\n<meta property=\"og:type\" content=\"article\" \/>\n<meta property=\"og:title\" content=\"SDA Sand\u017eaka na Kongresu Turske demokratske partije Makedonije\" \/>\n<meta property=\"og:description\" content=\"Makedonija &#8211; Generalni sekretar SDA Sand\u017eaka i predsjednik Skup\u0161tine grada Novog Pazara Fuad Ba\u0107i\u0107anin predvodio je delegaciju SDA Sand\u017eaka koja je prisustvovala u subotu 3. novembra Kongresu Turske demokratske partije Makedonije. Svoj boravak u Makedoniji delegacija SDA Sand\u017eaka, koju su pored generalnog sekretara \u010dinili i narodni poslanici SDA Sand\u017eaka u Republi\u010dkom parlamentu, Enis Imamovi\u0107 i [&hellip;]\" \/>\n<meta property=\"og:url\" content=\"https:\/\/sandzakpress.net\/arhiva\/sda-sandzaka-na-kongresu-turske-demokratske-partije-makedonije\/\" \/>\n<meta property=\"og:site_name\" content=\"Sand\u017eak PRESS\" \/>\n<meta property=\"article:published_time\" content=\"2012-11-07T15:20:09+00:00\" \/>\n<meta property=\"article:modified_time\" content=\"2012-11-07T15:20:19+00:00\" \/>\n<meta property=\"og:image\" content=\"https:\/\/sandzakpress.net\/arhiva\/wp-content\/uploads\/2012\/11\/obavestenja-864.jpg\" \/>\n\t<meta property=\"og:image:width\" content=\"616\" \/>\n\t<meta property=\"og:image:height\" content=\"455\" \/>\n\t<meta property=\"og:image:type\" content=\"image\/jpeg\" \/>\n<meta name=\"author\" content=\"bosniak\" \/>\n<meta name=\"twitter:card\" content=\"summary_large_image\" \/>\n<meta name=\"twitter:label1\" content=\"Written by\" \/>\n\t<meta name=\"twitter:data1\" content=\"bosniak\" \/>\n\t<meta name=\"twitter:label2\" content=\"Est. reading time\" \/>\n\t<meta name=\"twitter:data2\" content=\"1 minuta\" \/>\n<script type=\"application\/ld+json\" class=\"yoast-schema-graph\">{\"@context\":\"https:\/\/schema.org\",\"@graph\":[{\"@type\":\"Article\",\"@id\":\"https:\/\/sandzakpress.net\/arhiva\/sda-sandzaka-na-kongresu-turske-demokratske-partije-makedonije\/#article\",\"isPartOf\":{\"@id\":\"https:\/\/sandzakpress.net\/arhiva\/sda-sandzaka-na-kongresu-turske-demokratske-partije-makedonije\/\"},\"author\":{\"name\":\"bosniak\",\"@id\":\"https:\/\/sandzakpress.net\/arhiva\/#\/schema\/person\/c8baee722073534b583ea7bdb2e36c02\"},\"headline\":\"SDA Sand\u017eaka na Kongresu Turske demokratske partije Makedonije\",\"datePublished\":\"2012-11-07T15:20:09+00:00\",\"dateModified\":\"2012-11-07T15:20:19+00:00\",\"mainEntityOfPage\":{\"@id\":\"https:\/\/sandzakpress.net\/arhiva\/sda-sandzaka-na-kongresu-turske-demokratske-partije-makedonije\/\"},\"wordCount\":272,\"commentCount\":1,\"publisher\":{\"@id\":\"https:\/\/sandzakpress.net\/arhiva\/#\/schema\/person\/6e72b67d6e51910a1117b3b483ba20bd\"},\"image\":{\"@id\":\"https:\/\/sandzakpress.net\/arhiva\/sda-sandzaka-na-kongresu-turske-demokratske-partije-makedonije\/#primaryimage\"},\"thumbnailUrl\":\"https:\/\/sandzakpress.net\/arhiva\/wp-content\/uploads\/2012\/11\/obavestenja-864.jpg\",\"articleSection\":[\"Novi Pazar\",\"Politika\",\"Tutin\",\"Makedonija\",\"VIJESTI DANA\"],\"inLanguage\":\"bs-BA\",\"potentialAction\":[{\"@type\":\"CommentAction\",\"name\":\"Comment\",\"target\":[\"https:\/\/sandzakpress.net\/arhiva\/sda-sandzaka-na-kongresu-turske-demokratske-partije-makedonije\/#respond\"]}]},{\"@type\":\"WebPage\",\"@id\":\"https:\/\/sandzakpress.net\/arhiva\/sda-sandzaka-na-kongresu-turske-demokratske-partije-makedonije\/\",\"url\":\"https:\/\/sandzakpress.net\/arhiva\/sda-sandzaka-na-kongresu-turske-demokratske-partije-makedonije\/\",\"name\":\"SDA Sand\u017eaka na Kongresu Turske demokratske partije Makedonije\",\"isPartOf\":{\"@id\":\"https:\/\/sandzakpress.net\/arhiva\/#website\"},\"primaryImageOfPage\":{\"@id\":\"https:\/\/sandzakpress.net\/arhiva\/sda-sandzaka-na-kongresu-turske-demokratske-partije-makedonije\/#primaryimage\"},\"image\":{\"@id\":\"https:\/\/sandzakpress.net\/arhiva\/sda-sandzaka-na-kongresu-turske-demokratske-partije-makedonije\/#primaryimage\"},\"thumbnailUrl\":\"https:\/\/sandzakpress.net\/arhiva\/wp-content\/uploads\/2012\/11\/obavestenja-864.jpg\",\"datePublished\":\"2012-11-07T15:20:09+00:00\",\"dateModified\":\"2012-11-07T15:20:19+00:00\",\"breadcrumb\":{\"@id\":\"https:\/\/sandzakpress.net\/arhiva\/sda-sandzaka-na-kongresu-turske-demokratske-partije-makedonije\/#breadcrumb\"},\"inLanguage\":\"bs-BA\",\"potentialAction\":[{\"@type\":\"ReadAction\",\"target\":[\"https:\/\/sandzakpress.net\/arhiva\/sda-sandzaka-na-kongresu-turske-demokratske-partije-makedonije\/\"]}]},{\"@type\":\"ImageObject\",\"inLanguage\":\"bs-BA\",\"@id\":\"https:\/\/sandzakpress.net\/arhiva\/sda-sandzaka-na-kongresu-turske-demokratske-partije-makedonije\/#primaryimage\",\"url\":\"https:\/\/sandzakpress.net\/arhiva\/wp-content\/uploads\/2012\/11\/obavestenja-864.jpg\",\"contentUrl\":\"https:\/\/sandzakpress.net\/arhiva\/wp-content\/uploads\/2012\/11\/obavestenja-864.jpg\",\"width\":616,\"height\":455},{\"@type\":\"BreadcrumbList\",\"@id\":\"https:\/\/sandzakpress.net\/arhiva\/sda-sandzaka-na-kongresu-turske-demokratske-partije-makedonije\/#breadcrumb\",\"itemListElement\":[{\"@type\":\"ListItem\",\"position\":1,\"name\":\"Home\",\"item\":\"https:\/\/sandzakpress.net\/arhiva\/\"},{\"@type\":\"ListItem\",\"position\":2,\"name\":\"SDA Sand\u017eaka na Kongresu Turske demokratske partije Makedonije\"}]},{\"@type\":\"WebSite\",\"@id\":\"https:\/\/sandzakpress.net\/arhiva\/#website\",\"url\":\"https:\/\/sandzakpress.net\/arhiva\/\",\"name\":\"Sand\u017eak PRESS\",\"description\":\"Prve elektronske novine u Sand\u017eaku\",\"publisher\":{\"@id\":\"https:\/\/sandzakpress.net\/arhiva\/#\/schema\/person\/6e72b67d6e51910a1117b3b483ba20bd\"},\"potentialAction\":[{\"@type\":\"SearchAction\",\"target\":{\"@type\":\"EntryPoint\",\"urlTemplate\":\"https:\/\/sandzakpress.net\/arhiva\/?s={search_term_string}\"},\"query-input\":{\"@type\":\"PropertyValueSpecification\",\"valueRequired\":true,\"valueName\":\"search_term_string\"}}],\"inLanguage\":\"bs-BA\"},{\"@type\":[\"Person\",\"Organization\"],\"@id\":\"https:\/\/sandzakpress.net\/arhiva\/#\/schema\/person\/6e72b67d6e51910a1117b3b483ba20bd\",\"name\":\"Kul\",\"image\":{\"@type\":\"ImageObject\",\"inLanguage\":\"bs-BA\",\"@id\":\"https:\/\/sandzakpress.net\/arhiva\/#\/schema\/person\/image\/\",\"url\":\"https:\/\/secure.gravatar.com\/avatar\/42263f39aa27ac04c43cab85c280eb2e?s=96&d=mm&r=pg\",\"contentUrl\":\"https:\/\/secure.gravatar.com\/avatar\/42263f39aa27ac04c43cab85c280eb2e?s=96&d=mm&r=pg\",\"caption\":\"Kul\"},\"logo\":{\"@id\":\"https:\/\/sandzakpress.net\/arhiva\/#\/schema\/person\/image\/\"}},{\"@type\":\"Person\",\"@id\":\"https:\/\/sandzakpress.net\/arhiva\/#\/schema\/person\/c8baee722073534b583ea7bdb2e36c02\",\"name\":\"bosniak\",\"image\":{\"@type\":\"ImageObject\",\"inLanguage\":\"bs-BA\",\"@id\":\"https:\/\/sandzakpress.net\/arhiva\/#\/schema\/person\/image\/\",\"url\":\"https:\/\/secure.gravatar.com\/avatar\/a04fd330bfe3a36a72a0ad4a6d89fca7?s=96&d=mm&r=pg\",\"contentUrl\":\"https:\/\/secure.gravatar.com\/avatar\/a04fd330bfe3a36a72a0ad4a6d89fca7?s=96&d=mm&r=pg\",\"caption\":\"bosniak\"},\"url\":\"https:\/\/sandzakpress.net\/arhiva\/author\/bosniak\/\"}]}<\/script>\n<!-- \/ Yoast SEO Premium plugin. -->","yoast_head_json":{"title":"SDA Sand\u017eaka na Kongresu Turske demokratske partije Makedonije","robots":{"index":"index","follow":"follow","max-snippet":"max-snippet:-1","max-image-preview":"max-image-preview:large","max-video-preview":"max-video-preview:-1"},"canonical":"https:\/\/sandzakpress.net\/arhiva\/sda-sandzaka-na-kongresu-turske-demokratske-partije-makedonije\/","og_locale":"bs_BA","og_type":"article","og_title":"SDA Sand\u017eaka na Kongresu Turske demokratske partije Makedonije","og_description":"Makedonija &#8211; Generalni sekretar SDA Sand\u017eaka i predsjednik Skup\u0161tine grada Novog Pazara Fuad Ba\u0107i\u0107anin predvodio je delegaciju SDA Sand\u017eaka koja je prisustvovala u subotu 3. novembra Kongresu Turske demokratske partije Makedonije. Svoj boravak u Makedoniji delegacija SDA Sand\u017eaka, koju su pored generalnog sekretara \u010dinili i narodni poslanici SDA Sand\u017eaka u Republi\u010dkom parlamentu, Enis Imamovi\u0107 i [&hellip;]","og_url":"https:\/\/sandzakpress.net\/arhiva\/sda-sandzaka-na-kongresu-turske-demokratske-partije-makedonije\/","og_site_name":"Sand\u017eak PRESS","article_published_time":"2012-11-07T15:20:09+00:00","article_modified_time":"2012-11-07T15:20:19+00:00","og_image":[{"width":616,"height":455,"url":"https:\/\/sandzakpress.net\/arhiva\/wp-content\/uploads\/2012\/11\/obavestenja-864.jpg","type":"image\/jpeg"}],"author":"bosniak","twitter_card":"summary_large_image","twitter_misc":{"Written by":"bosniak","Est. reading time":"1 minuta"},"schema":{"@context":"https:\/\/schema.org","@graph":[{"@type":"Article","@id":"https:\/\/sandzakpress.net\/arhiva\/sda-sandzaka-na-kongresu-turske-demokratske-partije-makedonije\/#article","isPartOf":{"@id":"https:\/\/sandzakpress.net\/arhiva\/sda-sandzaka-na-kongresu-turske-demokratske-partije-makedonije\/"},"author":{"name":"bosniak","@id":"https:\/\/sandzakpress.net\/arhiva\/#\/schema\/person\/c8baee722073534b583ea7bdb2e36c02"},"headline":"SDA Sand\u017eaka na Kongresu Turske demokratske partije Makedonije","datePublished":"2012-11-07T15:20:09+00:00","dateModified":"2012-11-07T15:20:19+00:00","mainEntityOfPage":{"@id":"https:\/\/sandzakpress.net\/arhiva\/sda-sandzaka-na-kongresu-turske-demokratske-partije-makedonije\/"},"wordCount":272,"commentCount":1,"publisher":{"@id":"https:\/\/sandzakpress.net\/arhiva\/#\/schema\/person\/6e72b67d6e51910a1117b3b483ba20bd"},"image":{"@id":"https:\/\/sandzakpress.net\/arhiva\/sda-sandzaka-na-kongresu-turske-demokratske-partije-makedonije\/#primaryimage"},"thumbnailUrl":"https:\/\/sandzakpress.net\/arhiva\/wp-content\/uploads\/2012\/11\/obavestenja-864.jpg","articleSection":["Novi Pazar","Politika","Tutin","Makedonija","VIJESTI DANA"],"inLanguage":"bs-BA","potentialAction":[{"@type":"CommentAction","name":"Comment","target":["https:\/\/sandzakpress.net\/arhiva\/sda-sandzaka-na-kongresu-turske-demokratske-partije-makedonije\/#respond"]}]},{"@type":"WebPage","@id":"https:\/\/sandzakpress.net\/arhiva\/sda-sandzaka-na-kongresu-turske-demokratske-partije-makedonije\/","url":"https:\/\/sandzakpress.net\/arhiva\/sda-sandzaka-na-kongresu-turske-demokratske-partije-makedonije\/","name":"SDA Sand\u017eaka na Kongresu Turske demokratske partije Makedonije","isPartOf":{"@id":"https:\/\/sandzakpress.net\/arhiva\/#website"},"primaryImageOfPage":{"@id":"https:\/\/sandzakpress.net\/arhiva\/sda-sandzaka-na-kongresu-turske-demokratske-partije-makedonije\/#primaryimage"},"image":{"@id":"https:\/\/sandzakpress.net\/arhiva\/sda-sandzaka-na-kongresu-turske-demokratske-partije-makedonije\/#primaryimage"},"thumbnailUrl":"https:\/\/sandzakpress.net\/arhiva\/wp-content\/uploads\/2012\/11\/obavestenja-864.jpg","datePublished":"2012-11-07T15:20:09+00:00","dateModified":"2012-11-07T15:20:19+00:00","breadcrumb":{"@id":"https:\/\/sandzakpress.net\/arhiva\/sda-sandzaka-na-kongresu-turske-demokratske-partije-makedonije\/#breadcrumb"},"inLanguage":"bs-BA","potentialAction":[{"@type":"ReadAction","target":["https:\/\/sandzakpress.net\/arhiva\/sda-sandzaka-na-kongresu-turske-demokratske-partije-makedonije\/"]}]},{"@type":"ImageObject","inLanguage":"bs-BA","@id":"https:\/\/sandzakpress.net\/arhiva\/sda-sandzaka-na-kongresu-turske-demokratske-partije-makedonije\/#primaryimage","url":"https:\/\/sandzakpress.net\/arhiva\/wp-content\/uploads\/2012\/11\/obavestenja-864.jpg","contentUrl":"https:\/\/sandzakpress.net\/arhiva\/wp-content\/uploads\/2012\/11\/obavestenja-864.jpg","width":616,"height":455},{"@type":"BreadcrumbList","@id":"https:\/\/sandzakpress.net\/arhiva\/sda-sandzaka-na-kongresu-turske-demokratske-partije-makedonije\/#breadcrumb","itemListElement":[{"@type":"ListItem","position":1,"name":"Home","item":"https:\/\/sandzakpress.net\/arhiva\/"},{"@type":"ListItem","position":2,"name":"SDA Sand\u017eaka na Kongresu Turske demokratske partije Makedonije"}]},{"@type":"WebSite","@id":"https:\/\/sandzakpress.net\/arhiva\/#website","url":"https:\/\/sandzakpress.net\/arhiva\/","name":"Sand\u017eak PRESS","description":"Prve elektronske novine u Sand\u017eaku","publisher":{"@id":"https:\/\/sandzakpress.net\/arhiva\/#\/schema\/person\/6e72b67d6e51910a1117b3b483ba20bd"},"potentialAction":[{"@type":"SearchAction","target":{"@type":"EntryPoint","urlTemplate":"https:\/\/sandzakpress.net\/arhiva\/?s={search_term_string}"},"query-input":{"@type":"PropertyValueSpecification","valueRequired":true,"valueName":"search_term_string"}}],"inLanguage":"bs-BA"},{"@type":["Person","Organization"],"@id":"https:\/\/sandzakpress.net\/arhiva\/#\/schema\/person\/6e72b67d6e51910a1117b3b483ba20bd","name":"Kul","image":{"@type":"ImageObject","inLanguage":"bs-BA","@id":"https:\/\/sandzakpress.net\/arhiva\/#\/schema\/person\/image\/","url":"https:\/\/secure.gravatar.com\/avatar\/42263f39aa27ac04c43cab85c280eb2e?s=96&d=mm&r=pg","contentUrl":"https:\/\/secure.gravatar.com\/avatar\/42263f39aa27ac04c43cab85c280eb2e?s=96&d=mm&r=pg","caption":"Kul"},"logo":{"@id":"https:\/\/sandzakpress.net\/arhiva\/#\/schema\/person\/image\/"}},{"@type":"Person","@id":"https:\/\/sandzakpress.net\/arhiva\/#\/schema\/person\/c8baee722073534b583ea7bdb2e36c02","name":"bosniak","image":{"@type":"ImageObject","inLanguage":"bs-BA","@id":"https:\/\/sandzakpress.net\/arhiva\/#\/schema\/person\/image\/","url":"https:\/\/secure.gravatar.com\/avatar\/a04fd330bfe3a36a72a0ad4a6d89fca7?s=96&d=mm&r=pg","contentUrl":"https:\/\/secure.gravatar.com\/avatar\/a04fd330bfe3a36a72a0ad4a6d89fca7?s=96&d=mm&r=pg","caption":"bosniak"},"url":"https:\/\/sandzakpress.net\/arhiva\/author\/bosniak\/"}]}},"_links":{"self":[{"href":"https:\/\/sandzakpress.net\/arhiva\/wp-json\/wp\/v2\/posts\/54568"}],"collection":[{"href":"https:\/\/sandzakpress.net\/arhiva\/wp-json\/wp\/v2\/posts"}],"about":[{"href":"https:\/\/sandzakpress.net\/arhiva\/wp-json\/wp\/v2\/types\/post"}],"author":[{"embeddable":true,"href":"https:\/\/sandzakpress.net\/arhiva\/wp-json\/wp\/v2\/users\/83"}],"replies":[{"embeddable":true,"href":"https:\/\/sandzakpress.net\/arhiva\/wp-json\/wp\/v2\/comments?post=54568"}],"version-history":[{"count":0,"href":"https:\/\/sandzakpress.net\/arhiva\/wp-json\/wp\/v2\/posts\/54568\/revisions"}],"wp:featuredmedia":[{"embeddable":true,"href":"https:\/\/sandzakpress.net\/arhiva\/wp-json\/wp\/v2\/media\/54569"}],"wp:attachment":[{"href":"https:\/\/sandzakpress.net\/arhiva\/wp-json\/wp\/v2\/media?parent=54568"}],"wp:term":[{"taxonomy":"category","embeddable":true,"href":"https:\/\/sandzakpress.net\/arhiva\/wp-json\/wp\/v2\/categories?post=54568"},{"taxonomy":"post_tag","embeddable":true,"href":"https:\/\/sandzakpress.net\/arhiva\/wp-json\/wp\/v2\/tags?post=54568"}],"curies":[{"name":"wp","href":"https:\/\/api.w.org\/{rel}","templated":true}]}}