{"id":54565,"date":"2012-11-07T16:19:00","date_gmt":"2012-11-07T15:19:00","guid":{"rendered":"https:\/\/sandzakpress.net\/arhiva\/?p=54565"},"modified":"2012-11-07T16:19:00","modified_gmt":"2012-11-07T15:19:00","slug":"predavanje-reisu-l-uleme-na-beckoj-diplomatskoj-akademiji","status":"publish","type":"post","link":"https:\/\/sandzakpress.net\/arhiva\/predavanje-reisu-l-uleme-na-beckoj-diplomatskoj-akademiji\/","title":{"rendered":"Predavanje reisu-l-uleme na be\u010dkoj diplomatskoj akademiji"},"content":{"rendered":"<p><strong><a href=\"https:\/\/sandzakpress.net\/arhiva\/wp-content\/uploads\/2012\/11\/reis-bec-dip-ak-11-2012-1.jpg\"><img loading=\"lazy\" decoding=\"async\" class=\"alignleft size-medium wp-image-54566\" title=\"reis-bec-dip-ak-11-2012-1\" src=\"https:\/\/sandzakpress.net\/arhiva\/wp-content\/uploads\/2012\/11\/reis-bec-dip-ak-11-2012-1-300x225.jpg\" alt=\"\" width=\"300\" height=\"225\" \/><\/a>BiH, Austrija &#8211; Sarajevo, 6. novembar 2012. (MINA) &#8211; Na poziv ambasadora dr. Kristijana Prozla (Christian Prosl) direktora Austrijskog udru\u017eenja za kulturu, reisu-l-ulema dr. Mustafa Ceri\u0107 je ju\u010der nave\u010der (ponedjeljak, 05,11.2012) odr\u017eao uvodno predavanje na Be\u010dkoj diplomatskoj akademiji o temi &#8220;Koncep mira u islamu&#8221;, a u okviru Konferencije o temi: Islam u Europi: Susret \u2013 Prijetnja \u2013 Oplodnja.<\/strong><\/p>\n<p>U prisustvu velikog broja akademika, politi\u010dke i intelektualne elite Austrije, Konferenciju su pozdravili ambasador dr. Hans Winkler, direktor Be\u010dke diplomatske akademije (Diplomatische Akademie Wien), dr. Kristian Prozl, direktor Austrijskog udru\u017eenja za kulturu i \u0161ef Odjela za kulturu pri Ministarstvu vanjskih poslova Austrije, dr. Martin Ajhtinger (Martin Eichtinger), koji je pro\u010ditao pozdravnu rije\u010d dokancelara i ministra vanjskih poslova Austrije dr. Mihaela \u0160pindelegera (Michael Spindelegger).<\/p>\n<p>Nakon uvodnog predavanja \u00a0prof. Hajnc Nusbaumer (Heinz Nu\u00dfbaumer), poznati austrijski novinar, je vodio jednosatni razgovor sa reisu-l-ulemom dr. Ceri\u0107em.<\/p>\n<p>Naglasiv\u0161i da su povodom me\u0111unarodnog dana mira u petak, 21. septembra ove godine hatibi u svim d\u017eamijama u Bosni i Hercegovini i bo\u0161nja\u010dkoj dijaspori govorili o konceptu mira u islamu, reisu-l-ulema dr. Mustafa Ceri\u0107 je rekao:<\/p>\n<p><img loading=\"lazy\" decoding=\"async\" title=\"reis-bec-dip-ak-11-2012-2\" src=\"http:\/\/rijaset.ba\/images\/stories\/2minaVijesti2\/reis-bec-dip-ak-11-2012-2.jpg\" alt=\"reis-bec-dip-ak-11-2012-2\" width=\"600\" height=\"450\" \/><\/p>\n<p>&#8211; Mir je najdragocjenija dunjalu\u010dka vrijednost. To najbolje znaju oni koji su vi\u0161e puta pro\u0161li kroz ratna stradanja do genocida. Moj narod i moja zemlja su od balkanskih ratova do danas do\u017eivjeli i pro\u017eivjeli vi\u0161e ratova da bi krajem pro\u0161log stolje\u0107a do\u017eivjeli i genocid. Jer, od trenutka kada su ostavljeni da se o njima &#8220;brinu&#8221; njihovi susjedi, moja zemlja i moj narod nemaju mira ni u du\u0161i, ni u domu, ni u domovini. Iako je sve vidjela, iako sve zna, iako je priznala svoje gre\u0161ke, iako je\u00a0 svjesna da bez mira u Sarajevu, nema ni mira na Balkanu, pa ni u Europi, Europa opet, svjesno ili nesvjesno, gura moju zemlju i moj narod u neizvjesnost, tra\u017ee\u0107i od ranjenog i umornog bosanskog naroda da sam nosi teret ratnih trauma i genocida.<\/p>\n<p>Ovo je pravo mjesto i ovo je pravo vrijeme da ka\u017eem da sam zabrinut za trenutno stanje u mojoj zemlji, jer osje\u0107am da veliki napori kojeg su ulo\u017eili istinske bosanske patriote uz pomo\u0107 istinskih prijatelja Bosne i Hercegovini za postratni oporavak, posebno u izgradnji dr\u017eavnih institucija, mogu do\u0107i u pitanje. To brine sve ljude u mojoj zemlji kojima je mir i su\u017eivot na srcu i du\u0161i.<\/p>\n<p>Zbog toga govor o miru za nas nije akademska radoznalost, ve\u0107 \u017eivotna vrijednost. Zato sam zahvalan\u00a0 ambasadoru dr. Kristijanu Prozlu direktoru Austrijskog udru\u017eenja za kulturu, \u0161to me pozvao i omogu\u0107io mi da govorim na Be\u010dkoj diplomatskoj akademiji o konceptu mira u islamu, kao najdragocjenijoj vrijednosti za sve ljude dobre volje. Nadam se da je moja poruka danas bila jasna ovdje u Be\u010du i za Europu &#8211; zavr\u0161io je reisu-l-ulema dr. Ceri\u0107 svoje uvodno predavanje u Be\u010du.<\/p>\n<p><img loading=\"lazy\" decoding=\"async\" title=\"reis-bec-dip-ak-11-2012-3\" src=\"http:\/\/rijaset.ba\/images\/stories\/2minaVijesti2\/reis-bec-dip-ak-11-2012-3.jpg\" alt=\"reis-bec-dip-ak-11-2012-3\" width=\"600\" height=\"450\" \/><\/p>\n<p><img loading=\"lazy\" decoding=\"async\" title=\"reis-bec-dip-ak-11-2012-1\" src=\"http:\/\/rijaset.ba\/images\/stories\/2minaVijesti2\/reis-bec-dip-ak-11-2012-1.jpg\" alt=\"reis-bec-dip-ak-11-2012-1\" width=\"600\" height=\"450\" \/><\/p>\n<p>(Rijaset)<\/p>\n","protected":false},"excerpt":{"rendered":"<p>BiH, Austrija &#8211; Sarajevo, 6. novembar 2012. (MINA) &#8211; Na poziv ambasadora dr. Kristijana Prozla (Christian Prosl) direktora Austrijskog udru\u017eenja za kulturu, reisu-l-ulema dr. Mustafa Ceri\u0107 je ju\u010der nave\u010der (ponedjeljak, 05,11.2012) odr\u017eao uvodno predavanje na Be\u010dkoj diplomatskoj akademiji o temi &#8220;Koncep mira u islamu&#8221;, a u okviru Konferencije o temi: Islam u Europi: Susret \u2013 [&hellip;]<\/p>\n","protected":false},"author":83,"featured_media":54566,"comment_status":"open","ping_status":"open","sticky":false,"template":"","format":"standard","meta":{"footnotes":""},"categories":[2860,9539,802,8957],"tags":[],"class_list":{"0":"post-54565","1":"post","2":"type-post","3":"status-publish","4":"format-standard","5":"has-post-thumbnail","7":"category-bosna-i-hercegovina-gradovi","8":"category-austrija-dijaspora-gradovi-vase-vijesti","9":"category-islamska_zajednica","10":"category-vijesti-dana"},"yoast_head":"<!-- This site is optimized with the Yoast SEO Premium plugin v23.1 (Yoast SEO v24.9) - https:\/\/yoast.com\/wordpress\/plugins\/seo\/ -->\n<title>Predavanje reisu-l-uleme na be\u010dkoj diplomatskoj akademiji<\/title>\n<meta name=\"robots\" content=\"index, follow, max-snippet:-1, max-image-preview:large, max-video-preview:-1\" \/>\n<link rel=\"canonical\" href=\"https:\/\/sandzakpress.net\/arhiva\/predavanje-reisu-l-uleme-na-beckoj-diplomatskoj-akademiji\/\" \/>\n<meta property=\"og:locale\" content=\"bs_BA\" \/>\n<meta property=\"og:type\" content=\"article\" \/>\n<meta property=\"og:title\" content=\"Predavanje reisu-l-uleme na be\u010dkoj diplomatskoj akademiji\" \/>\n<meta property=\"og:description\" content=\"BiH, Austrija &#8211; Sarajevo, 6. novembar 2012. (MINA) &#8211; Na poziv ambasadora dr. Kristijana Prozla (Christian Prosl) direktora Austrijskog udru\u017eenja za kulturu, reisu-l-ulema dr. Mustafa Ceri\u0107 je ju\u010der nave\u010der (ponedjeljak, 05,11.2012) odr\u017eao uvodno predavanje na Be\u010dkoj diplomatskoj akademiji o temi &#8220;Koncep mira u islamu&#8221;, a u okviru Konferencije o temi: Islam u Europi: Susret \u2013 [&hellip;]\" \/>\n<meta property=\"og:url\" content=\"https:\/\/sandzakpress.net\/arhiva\/predavanje-reisu-l-uleme-na-beckoj-diplomatskoj-akademiji\/\" \/>\n<meta property=\"og:site_name\" content=\"Sand\u017eak PRESS\" \/>\n<meta property=\"article:published_time\" content=\"2012-11-07T15:19:00+00:00\" \/>\n<meta property=\"og:image\" content=\"https:\/\/sandzakpress.net\/arhiva\/wp-content\/uploads\/2012\/11\/reis-bec-dip-ak-11-2012-1.jpg\" \/>\n\t<meta property=\"og:image:width\" content=\"616\" \/>\n\t<meta property=\"og:image:height\" content=\"462\" \/>\n\t<meta property=\"og:image:type\" content=\"image\/jpeg\" \/>\n<meta name=\"author\" content=\"bosniak\" \/>\n<meta name=\"twitter:card\" content=\"summary_large_image\" \/>\n<meta name=\"twitter:label1\" content=\"Written by\" \/>\n\t<meta name=\"twitter:data1\" content=\"bosniak\" \/>\n\t<meta name=\"twitter:label2\" content=\"Est. reading time\" \/>\n\t<meta name=\"twitter:data2\" content=\"2 minute\" \/>\n<script type=\"application\/ld+json\" class=\"yoast-schema-graph\">{\"@context\":\"https:\/\/schema.org\",\"@graph\":[{\"@type\":\"Article\",\"@id\":\"https:\/\/sandzakpress.net\/arhiva\/predavanje-reisu-l-uleme-na-beckoj-diplomatskoj-akademiji\/#article\",\"isPartOf\":{\"@id\":\"https:\/\/sandzakpress.net\/arhiva\/predavanje-reisu-l-uleme-na-beckoj-diplomatskoj-akademiji\/\"},\"author\":{\"name\":\"bosniak\",\"@id\":\"https:\/\/sandzakpress.net\/arhiva\/#\/schema\/person\/c8baee722073534b583ea7bdb2e36c02\"},\"headline\":\"Predavanje reisu-l-uleme na be\u010dkoj diplomatskoj akademiji\",\"datePublished\":\"2012-11-07T15:19:00+00:00\",\"mainEntityOfPage\":{\"@id\":\"https:\/\/sandzakpress.net\/arhiva\/predavanje-reisu-l-uleme-na-beckoj-diplomatskoj-akademiji\/\"},\"wordCount\":492,\"commentCount\":0,\"publisher\":{\"@id\":\"https:\/\/sandzakpress.net\/arhiva\/#\/schema\/person\/6e72b67d6e51910a1117b3b483ba20bd\"},\"image\":{\"@id\":\"https:\/\/sandzakpress.net\/arhiva\/predavanje-reisu-l-uleme-na-beckoj-diplomatskoj-akademiji\/#primaryimage\"},\"thumbnailUrl\":\"https:\/\/sandzakpress.net\/arhiva\/wp-content\/uploads\/2012\/11\/reis-bec-dip-ak-11-2012-1.jpg\",\"articleSection\":[\"Bosna i Hercegovina\",\"Austrija\",\"Islamska zajednica\",\"VIJESTI DANA\"],\"inLanguage\":\"bs-BA\",\"potentialAction\":[{\"@type\":\"CommentAction\",\"name\":\"Comment\",\"target\":[\"https:\/\/sandzakpress.net\/arhiva\/predavanje-reisu-l-uleme-na-beckoj-diplomatskoj-akademiji\/#respond\"]}]},{\"@type\":\"WebPage\",\"@id\":\"https:\/\/sandzakpress.net\/arhiva\/predavanje-reisu-l-uleme-na-beckoj-diplomatskoj-akademiji\/\",\"url\":\"https:\/\/sandzakpress.net\/arhiva\/predavanje-reisu-l-uleme-na-beckoj-diplomatskoj-akademiji\/\",\"name\":\"Predavanje reisu-l-uleme na be\u010dkoj diplomatskoj akademiji\",\"isPartOf\":{\"@id\":\"https:\/\/sandzakpress.net\/arhiva\/#website\"},\"primaryImageOfPage\":{\"@id\":\"https:\/\/sandzakpress.net\/arhiva\/predavanje-reisu-l-uleme-na-beckoj-diplomatskoj-akademiji\/#primaryimage\"},\"image\":{\"@id\":\"https:\/\/sandzakpress.net\/arhiva\/predavanje-reisu-l-uleme-na-beckoj-diplomatskoj-akademiji\/#primaryimage\"},\"thumbnailUrl\":\"https:\/\/sandzakpress.net\/arhiva\/wp-content\/uploads\/2012\/11\/reis-bec-dip-ak-11-2012-1.jpg\",\"datePublished\":\"2012-11-07T15:19:00+00:00\",\"breadcrumb\":{\"@id\":\"https:\/\/sandzakpress.net\/arhiva\/predavanje-reisu-l-uleme-na-beckoj-diplomatskoj-akademiji\/#breadcrumb\"},\"inLanguage\":\"bs-BA\",\"potentialAction\":[{\"@type\":\"ReadAction\",\"target\":[\"https:\/\/sandzakpress.net\/arhiva\/predavanje-reisu-l-uleme-na-beckoj-diplomatskoj-akademiji\/\"]}]},{\"@type\":\"ImageObject\",\"inLanguage\":\"bs-BA\",\"@id\":\"https:\/\/sandzakpress.net\/arhiva\/predavanje-reisu-l-uleme-na-beckoj-diplomatskoj-akademiji\/#primaryimage\",\"url\":\"https:\/\/sandzakpress.net\/arhiva\/wp-content\/uploads\/2012\/11\/reis-bec-dip-ak-11-2012-1.jpg\",\"contentUrl\":\"https:\/\/sandzakpress.net\/arhiva\/wp-content\/uploads\/2012\/11\/reis-bec-dip-ak-11-2012-1.jpg\",\"width\":616,\"height\":462},{\"@type\":\"BreadcrumbList\",\"@id\":\"https:\/\/sandzakpress.net\/arhiva\/predavanje-reisu-l-uleme-na-beckoj-diplomatskoj-akademiji\/#breadcrumb\",\"itemListElement\":[{\"@type\":\"ListItem\",\"position\":1,\"name\":\"Home\",\"item\":\"https:\/\/sandzakpress.net\/arhiva\/\"},{\"@type\":\"ListItem\",\"position\":2,\"name\":\"Predavanje reisu-l-uleme na be\u010dkoj diplomatskoj akademiji\"}]},{\"@type\":\"WebSite\",\"@id\":\"https:\/\/sandzakpress.net\/arhiva\/#website\",\"url\":\"https:\/\/sandzakpress.net\/arhiva\/\",\"name\":\"Sand\u017eak PRESS\",\"description\":\"Prve elektronske novine u Sand\u017eaku\",\"publisher\":{\"@id\":\"https:\/\/sandzakpress.net\/arhiva\/#\/schema\/person\/6e72b67d6e51910a1117b3b483ba20bd\"},\"potentialAction\":[{\"@type\":\"SearchAction\",\"target\":{\"@type\":\"EntryPoint\",\"urlTemplate\":\"https:\/\/sandzakpress.net\/arhiva\/?s={search_term_string}\"},\"query-input\":{\"@type\":\"PropertyValueSpecification\",\"valueRequired\":true,\"valueName\":\"search_term_string\"}}],\"inLanguage\":\"bs-BA\"},{\"@type\":[\"Person\",\"Organization\"],\"@id\":\"https:\/\/sandzakpress.net\/arhiva\/#\/schema\/person\/6e72b67d6e51910a1117b3b483ba20bd\",\"name\":\"Kul\",\"image\":{\"@type\":\"ImageObject\",\"inLanguage\":\"bs-BA\",\"@id\":\"https:\/\/sandzakpress.net\/arhiva\/#\/schema\/person\/image\/\",\"url\":\"https:\/\/secure.gravatar.com\/avatar\/42263f39aa27ac04c43cab85c280eb2e?s=96&d=mm&r=pg\",\"contentUrl\":\"https:\/\/secure.gravatar.com\/avatar\/42263f39aa27ac04c43cab85c280eb2e?s=96&d=mm&r=pg\",\"caption\":\"Kul\"},\"logo\":{\"@id\":\"https:\/\/sandzakpress.net\/arhiva\/#\/schema\/person\/image\/\"}},{\"@type\":\"Person\",\"@id\":\"https:\/\/sandzakpress.net\/arhiva\/#\/schema\/person\/c8baee722073534b583ea7bdb2e36c02\",\"name\":\"bosniak\",\"image\":{\"@type\":\"ImageObject\",\"inLanguage\":\"bs-BA\",\"@id\":\"https:\/\/sandzakpress.net\/arhiva\/#\/schema\/person\/image\/\",\"url\":\"https:\/\/secure.gravatar.com\/avatar\/a04fd330bfe3a36a72a0ad4a6d89fca7?s=96&d=mm&r=pg\",\"contentUrl\":\"https:\/\/secure.gravatar.com\/avatar\/a04fd330bfe3a36a72a0ad4a6d89fca7?s=96&d=mm&r=pg\",\"caption\":\"bosniak\"},\"url\":\"https:\/\/sandzakpress.net\/arhiva\/author\/bosniak\/\"}]}<\/script>\n<!-- \/ Yoast SEO Premium plugin. -->","yoast_head_json":{"title":"Predavanje reisu-l-uleme na be\u010dkoj diplomatskoj akademiji","robots":{"index":"index","follow":"follow","max-snippet":"max-snippet:-1","max-image-preview":"max-image-preview:large","max-video-preview":"max-video-preview:-1"},"canonical":"https:\/\/sandzakpress.net\/arhiva\/predavanje-reisu-l-uleme-na-beckoj-diplomatskoj-akademiji\/","og_locale":"bs_BA","og_type":"article","og_title":"Predavanje reisu-l-uleme na be\u010dkoj diplomatskoj akademiji","og_description":"BiH, Austrija &#8211; Sarajevo, 6. novembar 2012. (MINA) &#8211; Na poziv ambasadora dr. Kristijana Prozla (Christian Prosl) direktora Austrijskog udru\u017eenja za kulturu, reisu-l-ulema dr. Mustafa Ceri\u0107 je ju\u010der nave\u010der (ponedjeljak, 05,11.2012) odr\u017eao uvodno predavanje na Be\u010dkoj diplomatskoj akademiji o temi &#8220;Koncep mira u islamu&#8221;, a u okviru Konferencije o temi: Islam u Europi: Susret \u2013 [&hellip;]","og_url":"https:\/\/sandzakpress.net\/arhiva\/predavanje-reisu-l-uleme-na-beckoj-diplomatskoj-akademiji\/","og_site_name":"Sand\u017eak PRESS","article_published_time":"2012-11-07T15:19:00+00:00","og_image":[{"width":616,"height":462,"url":"https:\/\/sandzakpress.net\/arhiva\/wp-content\/uploads\/2012\/11\/reis-bec-dip-ak-11-2012-1.jpg","type":"image\/jpeg"}],"author":"bosniak","twitter_card":"summary_large_image","twitter_misc":{"Written by":"bosniak","Est. reading time":"2 minute"},"schema":{"@context":"https:\/\/schema.org","@graph":[{"@type":"Article","@id":"https:\/\/sandzakpress.net\/arhiva\/predavanje-reisu-l-uleme-na-beckoj-diplomatskoj-akademiji\/#article","isPartOf":{"@id":"https:\/\/sandzakpress.net\/arhiva\/predavanje-reisu-l-uleme-na-beckoj-diplomatskoj-akademiji\/"},"author":{"name":"bosniak","@id":"https:\/\/sandzakpress.net\/arhiva\/#\/schema\/person\/c8baee722073534b583ea7bdb2e36c02"},"headline":"Predavanje reisu-l-uleme na be\u010dkoj diplomatskoj akademiji","datePublished":"2012-11-07T15:19:00+00:00","mainEntityOfPage":{"@id":"https:\/\/sandzakpress.net\/arhiva\/predavanje-reisu-l-uleme-na-beckoj-diplomatskoj-akademiji\/"},"wordCount":492,"commentCount":0,"publisher":{"@id":"https:\/\/sandzakpress.net\/arhiva\/#\/schema\/person\/6e72b67d6e51910a1117b3b483ba20bd"},"image":{"@id":"https:\/\/sandzakpress.net\/arhiva\/predavanje-reisu-l-uleme-na-beckoj-diplomatskoj-akademiji\/#primaryimage"},"thumbnailUrl":"https:\/\/sandzakpress.net\/arhiva\/wp-content\/uploads\/2012\/11\/reis-bec-dip-ak-11-2012-1.jpg","articleSection":["Bosna i Hercegovina","Austrija","Islamska zajednica","VIJESTI DANA"],"inLanguage":"bs-BA","potentialAction":[{"@type":"CommentAction","name":"Comment","target":["https:\/\/sandzakpress.net\/arhiva\/predavanje-reisu-l-uleme-na-beckoj-diplomatskoj-akademiji\/#respond"]}]},{"@type":"WebPage","@id":"https:\/\/sandzakpress.net\/arhiva\/predavanje-reisu-l-uleme-na-beckoj-diplomatskoj-akademiji\/","url":"https:\/\/sandzakpress.net\/arhiva\/predavanje-reisu-l-uleme-na-beckoj-diplomatskoj-akademiji\/","name":"Predavanje reisu-l-uleme na be\u010dkoj diplomatskoj akademiji","isPartOf":{"@id":"https:\/\/sandzakpress.net\/arhiva\/#website"},"primaryImageOfPage":{"@id":"https:\/\/sandzakpress.net\/arhiva\/predavanje-reisu-l-uleme-na-beckoj-diplomatskoj-akademiji\/#primaryimage"},"image":{"@id":"https:\/\/sandzakpress.net\/arhiva\/predavanje-reisu-l-uleme-na-beckoj-diplomatskoj-akademiji\/#primaryimage"},"thumbnailUrl":"https:\/\/sandzakpress.net\/arhiva\/wp-content\/uploads\/2012\/11\/reis-bec-dip-ak-11-2012-1.jpg","datePublished":"2012-11-07T15:19:00+00:00","breadcrumb":{"@id":"https:\/\/sandzakpress.net\/arhiva\/predavanje-reisu-l-uleme-na-beckoj-diplomatskoj-akademiji\/#breadcrumb"},"inLanguage":"bs-BA","potentialAction":[{"@type":"ReadAction","target":["https:\/\/sandzakpress.net\/arhiva\/predavanje-reisu-l-uleme-na-beckoj-diplomatskoj-akademiji\/"]}]},{"@type":"ImageObject","inLanguage":"bs-BA","@id":"https:\/\/sandzakpress.net\/arhiva\/predavanje-reisu-l-uleme-na-beckoj-diplomatskoj-akademiji\/#primaryimage","url":"https:\/\/sandzakpress.net\/arhiva\/wp-content\/uploads\/2012\/11\/reis-bec-dip-ak-11-2012-1.jpg","contentUrl":"https:\/\/sandzakpress.net\/arhiva\/wp-content\/uploads\/2012\/11\/reis-bec-dip-ak-11-2012-1.jpg","width":616,"height":462},{"@type":"BreadcrumbList","@id":"https:\/\/sandzakpress.net\/arhiva\/predavanje-reisu-l-uleme-na-beckoj-diplomatskoj-akademiji\/#breadcrumb","itemListElement":[{"@type":"ListItem","position":1,"name":"Home","item":"https:\/\/sandzakpress.net\/arhiva\/"},{"@type":"ListItem","position":2,"name":"Predavanje reisu-l-uleme na be\u010dkoj diplomatskoj akademiji"}]},{"@type":"WebSite","@id":"https:\/\/sandzakpress.net\/arhiva\/#website","url":"https:\/\/sandzakpress.net\/arhiva\/","name":"Sand\u017eak PRESS","description":"Prve elektronske novine u Sand\u017eaku","publisher":{"@id":"https:\/\/sandzakpress.net\/arhiva\/#\/schema\/person\/6e72b67d6e51910a1117b3b483ba20bd"},"potentialAction":[{"@type":"SearchAction","target":{"@type":"EntryPoint","urlTemplate":"https:\/\/sandzakpress.net\/arhiva\/?s={search_term_string}"},"query-input":{"@type":"PropertyValueSpecification","valueRequired":true,"valueName":"search_term_string"}}],"inLanguage":"bs-BA"},{"@type":["Person","Organization"],"@id":"https:\/\/sandzakpress.net\/arhiva\/#\/schema\/person\/6e72b67d6e51910a1117b3b483ba20bd","name":"Kul","image":{"@type":"ImageObject","inLanguage":"bs-BA","@id":"https:\/\/sandzakpress.net\/arhiva\/#\/schema\/person\/image\/","url":"https:\/\/secure.gravatar.com\/avatar\/42263f39aa27ac04c43cab85c280eb2e?s=96&d=mm&r=pg","contentUrl":"https:\/\/secure.gravatar.com\/avatar\/42263f39aa27ac04c43cab85c280eb2e?s=96&d=mm&r=pg","caption":"Kul"},"logo":{"@id":"https:\/\/sandzakpress.net\/arhiva\/#\/schema\/person\/image\/"}},{"@type":"Person","@id":"https:\/\/sandzakpress.net\/arhiva\/#\/schema\/person\/c8baee722073534b583ea7bdb2e36c02","name":"bosniak","image":{"@type":"ImageObject","inLanguage":"bs-BA","@id":"https:\/\/sandzakpress.net\/arhiva\/#\/schema\/person\/image\/","url":"https:\/\/secure.gravatar.com\/avatar\/a04fd330bfe3a36a72a0ad4a6d89fca7?s=96&d=mm&r=pg","contentUrl":"https:\/\/secure.gravatar.com\/avatar\/a04fd330bfe3a36a72a0ad4a6d89fca7?s=96&d=mm&r=pg","caption":"bosniak"},"url":"https:\/\/sandzakpress.net\/arhiva\/author\/bosniak\/"}]}},"_links":{"self":[{"href":"https:\/\/sandzakpress.net\/arhiva\/wp-json\/wp\/v2\/posts\/54565"}],"collection":[{"href":"https:\/\/sandzakpress.net\/arhiva\/wp-json\/wp\/v2\/posts"}],"about":[{"href":"https:\/\/sandzakpress.net\/arhiva\/wp-json\/wp\/v2\/types\/post"}],"author":[{"embeddable":true,"href":"https:\/\/sandzakpress.net\/arhiva\/wp-json\/wp\/v2\/users\/83"}],"replies":[{"embeddable":true,"href":"https:\/\/sandzakpress.net\/arhiva\/wp-json\/wp\/v2\/comments?post=54565"}],"version-history":[{"count":0,"href":"https:\/\/sandzakpress.net\/arhiva\/wp-json\/wp\/v2\/posts\/54565\/revisions"}],"wp:featuredmedia":[{"embeddable":true,"href":"https:\/\/sandzakpress.net\/arhiva\/wp-json\/wp\/v2\/media\/54566"}],"wp:attachment":[{"href":"https:\/\/sandzakpress.net\/arhiva\/wp-json\/wp\/v2\/media?parent=54565"}],"wp:term":[{"taxonomy":"category","embeddable":true,"href":"https:\/\/sandzakpress.net\/arhiva\/wp-json\/wp\/v2\/categories?post=54565"},{"taxonomy":"post_tag","embeddable":true,"href":"https:\/\/sandzakpress.net\/arhiva\/wp-json\/wp\/v2\/tags?post=54565"}],"curies":[{"name":"wp","href":"https:\/\/api.w.org\/{rel}","templated":true}]}}