{"id":54477,"date":"2012-11-03T22:38:56","date_gmt":"2012-11-03T21:38:56","guid":{"rendered":"https:\/\/sandzakpress.net\/arhiva\/?p=54477"},"modified":"2012-11-04T01:15:14","modified_gmt":"2012-11-04T00:15:14","slug":"sudija-%e2%80%9epogurao%e2%80%9c-uzicane-nerijeseno-pred-praznim-tribinama","status":"publish","type":"post","link":"https:\/\/sandzakpress.net\/arhiva\/sudija-%e2%80%9epogurao%e2%80%9c-uzicane-nerijeseno-pred-praznim-tribinama\/","title":{"rendered":"Sudija \u201epogurao\u201c U\u017ei\u010dane, nerije\u0161eno pred praznim tribinama"},"content":{"rendered":"<p><strong><a href=\"https:\/\/sandzakpress.net\/arhiva\/wp-content\/uploads\/2012\/11\/fknplogo.jpg\"><img loading=\"lazy\" decoding=\"async\" class=\"alignleft size-medium wp-image-54478\" title=\"fknplogo\" src=\"https:\/\/sandzakpress.net\/arhiva\/wp-content\/uploads\/2012\/11\/fknplogo-300x201.jpg\" alt=\"\" width=\"300\" height=\"201\" \/><\/a><\/strong><\/p>\n<p><strong>Fudbaleri Novog Pazara i u\u017ei\u010dke Slobode Point odigrali su danas u 11. kolu Super lige Srbije nere\u0161eno 2:2, a susret je odigran na novopazarskom Gradskom stadionu bez prisustva publike.<br \/>\n<\/strong><br \/>\nDoma\u0107in je poveo golom Darija Damjanovi\u0107a poslije asistencije Envera Alivodi\u0107a u 21. minutu, da bi U\u017ei\u010dani osam minuta kasnije izjedna\u010dili preko Stojana Pilipovi\u0107a.<\/p>\n<p>Sloboda je u 68. minutu do\u0161la do prednosti pogotkom Predraga Ran\u0111elovi\u0107a iz slobodnog udarca, a pet minuta ranije Novopazarci su bezuspe\u0161no tra\u017eili da sudija Slobodan Veselinovi\u0107 dosudi jedanaesterac poslije duela Bojan Belji\u0107a i Alivodi\u0107a.<\/p>\n<p>Ekipa Dragoljuba Bekvalca stigla je do boda u 85. minutu, kada je nakon brze akcije Alivodi\u0107a i Irfana Vusljanina precizan bio Milo\u0161 Bogunovi\u0107.<\/p>\n<p><a name=\"youtubegallery\"><\/a><\/p>\n<div>Novi Pazar poslije nekompletnog 11. kola zauzima osmu poziciju na tabeli Super lige Srbije sa 14 bodova, dok je Sloboda Point na sedmom mjestu sa dva boda vi\u0161e.<\/div>\n<p>Pazarci \u0107e u slede\u0107em kolu gostovati Vojvodini, a Sloboda Point \u0107e biti doma\u0107in Radni\u010dkom iz Ni\u0161a.<\/p>\n<p>(Radio 100+)<\/p>\n","protected":false},"excerpt":{"rendered":"<p>Fudbaleri Novog Pazara i u\u017ei\u010dke Slobode Point odigrali su danas u 11. kolu Super lige Srbije nere\u0161eno 2:2, a susret je odigran na novopazarskom Gradskom stadionu bez prisustva publike. Doma\u0107in je poveo golom Darija Damjanovi\u0107a poslije asistencije Envera Alivodi\u0107a u 21. minutu, da bi U\u017ei\u010dani osam minuta kasnije izjedna\u010dili preko Stojana Pilipovi\u0107a. Sloboda je u [&hellip;]<\/p>\n","protected":false},"author":14,"featured_media":54478,"comment_status":"open","ping_status":"open","sticky":false,"template":"","format":"standard","meta":{"footnotes":""},"categories":[72,13,8957],"tags":[],"class_list":{"0":"post-54477","1":"post","2":"type-post","3":"status-publish","4":"format-standard","5":"has-post-thumbnail","7":"category-novi-pazar","8":"category-sport","9":"category-vijesti-dana"},"yoast_head":"<!-- This site is optimized with the Yoast SEO Premium plugin v23.1 (Yoast SEO v24.9) - https:\/\/yoast.com\/wordpress\/plugins\/seo\/ -->\n<title>Sudija \u201epogurao\u201c U\u017ei\u010dane, nerije\u0161eno pred praznim tribinama<\/title>\n<meta name=\"robots\" content=\"index, follow, max-snippet:-1, max-image-preview:large, max-video-preview:-1\" \/>\n<link rel=\"canonical\" href=\"https:\/\/sandzakpress.net\/arhiva\/sudija-\u201epogurao\u201c-uzicane-nerijeseno-pred-praznim-tribinama\/\" \/>\n<meta property=\"og:locale\" content=\"bs_BA\" \/>\n<meta property=\"og:type\" content=\"article\" \/>\n<meta property=\"og:title\" content=\"Sudija \u201epogurao\u201c U\u017ei\u010dane, nerije\u0161eno pred praznim tribinama\" \/>\n<meta property=\"og:description\" content=\"Fudbaleri Novog Pazara i u\u017ei\u010dke Slobode Point odigrali su danas u 11. kolu Super lige Srbije nere\u0161eno 2:2, a susret je odigran na novopazarskom Gradskom stadionu bez prisustva publike. Doma\u0107in je poveo golom Darija Damjanovi\u0107a poslije asistencije Envera Alivodi\u0107a u 21. minutu, da bi U\u017ei\u010dani osam minuta kasnije izjedna\u010dili preko Stojana Pilipovi\u0107a. Sloboda je u [&hellip;]\" \/>\n<meta property=\"og:url\" content=\"https:\/\/sandzakpress.net\/arhiva\/sudija-\u201epogurao\u201c-uzicane-nerijeseno-pred-praznim-tribinama\/\" \/>\n<meta property=\"og:site_name\" content=\"Sand\u017eak PRESS\" \/>\n<meta property=\"article:published_time\" content=\"2012-11-03T21:38:56+00:00\" \/>\n<meta property=\"article:modified_time\" content=\"2012-11-04T00:15:14+00:00\" \/>\n<meta property=\"og:image\" content=\"https:\/\/sandzakpress.net\/arhiva\/wp-content\/uploads\/2012\/11\/fknplogo.jpg\" \/>\n\t<meta property=\"og:image:width\" content=\"450\" \/>\n\t<meta property=\"og:image:height\" content=\"302\" \/>\n\t<meta property=\"og:image:type\" content=\"image\/jpeg\" \/>\n<meta name=\"twitter:card\" content=\"summary_large_image\" \/>\n<meta name=\"twitter:label1\" content=\"Written by\" \/>\n\t<meta name=\"twitter:data1\" content=\"\" \/>\n\t<meta name=\"twitter:label2\" content=\"Est. reading time\" \/>\n\t<meta name=\"twitter:data2\" content=\"1 minuta\" \/>\n<script type=\"application\/ld+json\" class=\"yoast-schema-graph\">{\"@context\":\"https:\/\/schema.org\",\"@graph\":[{\"@type\":\"Article\",\"@id\":\"https:\/\/sandzakpress.net\/arhiva\/sudija-%e2%80%9epogurao%e2%80%9c-uzicane-nerijeseno-pred-praznim-tribinama\/#article\",\"isPartOf\":{\"@id\":\"https:\/\/sandzakpress.net\/arhiva\/sudija-%e2%80%9epogurao%e2%80%9c-uzicane-nerijeseno-pred-praznim-tribinama\/\"},\"author\":{\"name\":\"\",\"@id\":\"\"},\"headline\":\"Sudija \u201epogurao\u201c U\u017ei\u010dane, nerije\u0161eno pred praznim tribinama\",\"datePublished\":\"2012-11-03T21:38:56+00:00\",\"dateModified\":\"2012-11-04T00:15:14+00:00\",\"mainEntityOfPage\":{\"@id\":\"https:\/\/sandzakpress.net\/arhiva\/sudija-%e2%80%9epogurao%e2%80%9c-uzicane-nerijeseno-pred-praznim-tribinama\/\"},\"wordCount\":180,\"commentCount\":0,\"publisher\":{\"@id\":\"https:\/\/sandzakpress.net\/arhiva\/#\/schema\/person\/6e72b67d6e51910a1117b3b483ba20bd\"},\"image\":{\"@id\":\"https:\/\/sandzakpress.net\/arhiva\/sudija-%e2%80%9epogurao%e2%80%9c-uzicane-nerijeseno-pred-praznim-tribinama\/#primaryimage\"},\"thumbnailUrl\":\"https:\/\/sandzakpress.net\/arhiva\/wp-content\/uploads\/2012\/11\/fknplogo.jpg\",\"articleSection\":[\"Novi Pazar\",\"Sport\",\"VIJESTI DANA\"],\"inLanguage\":\"bs-BA\",\"potentialAction\":[{\"@type\":\"CommentAction\",\"name\":\"Comment\",\"target\":[\"https:\/\/sandzakpress.net\/arhiva\/sudija-%e2%80%9epogurao%e2%80%9c-uzicane-nerijeseno-pred-praznim-tribinama\/#respond\"]}]},{\"@type\":\"WebPage\",\"@id\":\"https:\/\/sandzakpress.net\/arhiva\/sudija-%e2%80%9epogurao%e2%80%9c-uzicane-nerijeseno-pred-praznim-tribinama\/\",\"url\":\"https:\/\/sandzakpress.net\/arhiva\/sudija-%e2%80%9epogurao%e2%80%9c-uzicane-nerijeseno-pred-praznim-tribinama\/\",\"name\":\"Sudija \u201epogurao\u201c U\u017ei\u010dane, nerije\u0161eno pred praznim tribinama\",\"isPartOf\":{\"@id\":\"https:\/\/sandzakpress.net\/arhiva\/#website\"},\"primaryImageOfPage\":{\"@id\":\"https:\/\/sandzakpress.net\/arhiva\/sudija-%e2%80%9epogurao%e2%80%9c-uzicane-nerijeseno-pred-praznim-tribinama\/#primaryimage\"},\"image\":{\"@id\":\"https:\/\/sandzakpress.net\/arhiva\/sudija-%e2%80%9epogurao%e2%80%9c-uzicane-nerijeseno-pred-praznim-tribinama\/#primaryimage\"},\"thumbnailUrl\":\"https:\/\/sandzakpress.net\/arhiva\/wp-content\/uploads\/2012\/11\/fknplogo.jpg\",\"datePublished\":\"2012-11-03T21:38:56+00:00\",\"dateModified\":\"2012-11-04T00:15:14+00:00\",\"breadcrumb\":{\"@id\":\"https:\/\/sandzakpress.net\/arhiva\/sudija-%e2%80%9epogurao%e2%80%9c-uzicane-nerijeseno-pred-praznim-tribinama\/#breadcrumb\"},\"inLanguage\":\"bs-BA\",\"potentialAction\":[{\"@type\":\"ReadAction\",\"target\":[\"https:\/\/sandzakpress.net\/arhiva\/sudija-%e2%80%9epogurao%e2%80%9c-uzicane-nerijeseno-pred-praznim-tribinama\/\"]}]},{\"@type\":\"ImageObject\",\"inLanguage\":\"bs-BA\",\"@id\":\"https:\/\/sandzakpress.net\/arhiva\/sudija-%e2%80%9epogurao%e2%80%9c-uzicane-nerijeseno-pred-praznim-tribinama\/#primaryimage\",\"url\":\"https:\/\/sandzakpress.net\/arhiva\/wp-content\/uploads\/2012\/11\/fknplogo.jpg\",\"contentUrl\":\"https:\/\/sandzakpress.net\/arhiva\/wp-content\/uploads\/2012\/11\/fknplogo.jpg\",\"width\":450,\"height\":302},{\"@type\":\"BreadcrumbList\",\"@id\":\"https:\/\/sandzakpress.net\/arhiva\/sudija-%e2%80%9epogurao%e2%80%9c-uzicane-nerijeseno-pred-praznim-tribinama\/#breadcrumb\",\"itemListElement\":[{\"@type\":\"ListItem\",\"position\":1,\"name\":\"Home\",\"item\":\"https:\/\/sandzakpress.net\/arhiva\/\"},{\"@type\":\"ListItem\",\"position\":2,\"name\":\"Sudija \u201epogurao\u201c U\u017ei\u010dane, nerije\u0161eno pred praznim tribinama\"}]},{\"@type\":\"WebSite\",\"@id\":\"https:\/\/sandzakpress.net\/arhiva\/#website\",\"url\":\"https:\/\/sandzakpress.net\/arhiva\/\",\"name\":\"Sand\u017eak PRESS\",\"description\":\"Prve elektronske novine u Sand\u017eaku\",\"publisher\":{\"@id\":\"https:\/\/sandzakpress.net\/arhiva\/#\/schema\/person\/6e72b67d6e51910a1117b3b483ba20bd\"},\"potentialAction\":[{\"@type\":\"SearchAction\",\"target\":{\"@type\":\"EntryPoint\",\"urlTemplate\":\"https:\/\/sandzakpress.net\/arhiva\/?s={search_term_string}\"},\"query-input\":{\"@type\":\"PropertyValueSpecification\",\"valueRequired\":true,\"valueName\":\"search_term_string\"}}],\"inLanguage\":\"bs-BA\"},{\"@type\":[\"Person\",\"Organization\"],\"@id\":\"https:\/\/sandzakpress.net\/arhiva\/#\/schema\/person\/6e72b67d6e51910a1117b3b483ba20bd\",\"name\":\"Kul\",\"image\":{\"@type\":\"ImageObject\",\"inLanguage\":\"bs-BA\",\"@id\":\"https:\/\/sandzakpress.net\/arhiva\/#\/schema\/person\/image\/\",\"url\":\"https:\/\/secure.gravatar.com\/avatar\/42263f39aa27ac04c43cab85c280eb2e?s=96&d=mm&r=pg\",\"contentUrl\":\"https:\/\/secure.gravatar.com\/avatar\/42263f39aa27ac04c43cab85c280eb2e?s=96&d=mm&r=pg\",\"caption\":\"Kul\"},\"logo\":{\"@id\":\"https:\/\/sandzakpress.net\/arhiva\/#\/schema\/person\/image\/\"}},{\"@type\":\"Person\",\"@id\":\"\",\"url\":\"https:\/\/sandzakpress.net\/arhiva\/author\/\"}]}<\/script>\n<!-- \/ Yoast SEO Premium plugin. -->","yoast_head_json":{"title":"Sudija \u201epogurao\u201c U\u017ei\u010dane, nerije\u0161eno pred praznim tribinama","robots":{"index":"index","follow":"follow","max-snippet":"max-snippet:-1","max-image-preview":"max-image-preview:large","max-video-preview":"max-video-preview:-1"},"canonical":"https:\/\/sandzakpress.net\/arhiva\/sudija-\u201epogurao\u201c-uzicane-nerijeseno-pred-praznim-tribinama\/","og_locale":"bs_BA","og_type":"article","og_title":"Sudija \u201epogurao\u201c U\u017ei\u010dane, nerije\u0161eno pred praznim tribinama","og_description":"Fudbaleri Novog Pazara i u\u017ei\u010dke Slobode Point odigrali su danas u 11. kolu Super lige Srbije nere\u0161eno 2:2, a susret je odigran na novopazarskom Gradskom stadionu bez prisustva publike. Doma\u0107in je poveo golom Darija Damjanovi\u0107a poslije asistencije Envera Alivodi\u0107a u 21. minutu, da bi U\u017ei\u010dani osam minuta kasnije izjedna\u010dili preko Stojana Pilipovi\u0107a. Sloboda je u [&hellip;]","og_url":"https:\/\/sandzakpress.net\/arhiva\/sudija-\u201epogurao\u201c-uzicane-nerijeseno-pred-praznim-tribinama\/","og_site_name":"Sand\u017eak PRESS","article_published_time":"2012-11-03T21:38:56+00:00","article_modified_time":"2012-11-04T00:15:14+00:00","og_image":[{"width":450,"height":302,"url":"https:\/\/sandzakpress.net\/arhiva\/wp-content\/uploads\/2012\/11\/fknplogo.jpg","type":"image\/jpeg"}],"twitter_card":"summary_large_image","twitter_misc":{"Written by":"","Est. reading time":"1 minuta"},"schema":{"@context":"https:\/\/schema.org","@graph":[{"@type":"Article","@id":"https:\/\/sandzakpress.net\/arhiva\/sudija-%e2%80%9epogurao%e2%80%9c-uzicane-nerijeseno-pred-praznim-tribinama\/#article","isPartOf":{"@id":"https:\/\/sandzakpress.net\/arhiva\/sudija-%e2%80%9epogurao%e2%80%9c-uzicane-nerijeseno-pred-praznim-tribinama\/"},"author":{"name":"","@id":""},"headline":"Sudija \u201epogurao\u201c U\u017ei\u010dane, nerije\u0161eno pred praznim tribinama","datePublished":"2012-11-03T21:38:56+00:00","dateModified":"2012-11-04T00:15:14+00:00","mainEntityOfPage":{"@id":"https:\/\/sandzakpress.net\/arhiva\/sudija-%e2%80%9epogurao%e2%80%9c-uzicane-nerijeseno-pred-praznim-tribinama\/"},"wordCount":180,"commentCount":0,"publisher":{"@id":"https:\/\/sandzakpress.net\/arhiva\/#\/schema\/person\/6e72b67d6e51910a1117b3b483ba20bd"},"image":{"@id":"https:\/\/sandzakpress.net\/arhiva\/sudija-%e2%80%9epogurao%e2%80%9c-uzicane-nerijeseno-pred-praznim-tribinama\/#primaryimage"},"thumbnailUrl":"https:\/\/sandzakpress.net\/arhiva\/wp-content\/uploads\/2012\/11\/fknplogo.jpg","articleSection":["Novi Pazar","Sport","VIJESTI DANA"],"inLanguage":"bs-BA","potentialAction":[{"@type":"CommentAction","name":"Comment","target":["https:\/\/sandzakpress.net\/arhiva\/sudija-%e2%80%9epogurao%e2%80%9c-uzicane-nerijeseno-pred-praznim-tribinama\/#respond"]}]},{"@type":"WebPage","@id":"https:\/\/sandzakpress.net\/arhiva\/sudija-%e2%80%9epogurao%e2%80%9c-uzicane-nerijeseno-pred-praznim-tribinama\/","url":"https:\/\/sandzakpress.net\/arhiva\/sudija-%e2%80%9epogurao%e2%80%9c-uzicane-nerijeseno-pred-praznim-tribinama\/","name":"Sudija \u201epogurao\u201c U\u017ei\u010dane, nerije\u0161eno pred praznim tribinama","isPartOf":{"@id":"https:\/\/sandzakpress.net\/arhiva\/#website"},"primaryImageOfPage":{"@id":"https:\/\/sandzakpress.net\/arhiva\/sudija-%e2%80%9epogurao%e2%80%9c-uzicane-nerijeseno-pred-praznim-tribinama\/#primaryimage"},"image":{"@id":"https:\/\/sandzakpress.net\/arhiva\/sudija-%e2%80%9epogurao%e2%80%9c-uzicane-nerijeseno-pred-praznim-tribinama\/#primaryimage"},"thumbnailUrl":"https:\/\/sandzakpress.net\/arhiva\/wp-content\/uploads\/2012\/11\/fknplogo.jpg","datePublished":"2012-11-03T21:38:56+00:00","dateModified":"2012-11-04T00:15:14+00:00","breadcrumb":{"@id":"https:\/\/sandzakpress.net\/arhiva\/sudija-%e2%80%9epogurao%e2%80%9c-uzicane-nerijeseno-pred-praznim-tribinama\/#breadcrumb"},"inLanguage":"bs-BA","potentialAction":[{"@type":"ReadAction","target":["https:\/\/sandzakpress.net\/arhiva\/sudija-%e2%80%9epogurao%e2%80%9c-uzicane-nerijeseno-pred-praznim-tribinama\/"]}]},{"@type":"ImageObject","inLanguage":"bs-BA","@id":"https:\/\/sandzakpress.net\/arhiva\/sudija-%e2%80%9epogurao%e2%80%9c-uzicane-nerijeseno-pred-praznim-tribinama\/#primaryimage","url":"https:\/\/sandzakpress.net\/arhiva\/wp-content\/uploads\/2012\/11\/fknplogo.jpg","contentUrl":"https:\/\/sandzakpress.net\/arhiva\/wp-content\/uploads\/2012\/11\/fknplogo.jpg","width":450,"height":302},{"@type":"BreadcrumbList","@id":"https:\/\/sandzakpress.net\/arhiva\/sudija-%e2%80%9epogurao%e2%80%9c-uzicane-nerijeseno-pred-praznim-tribinama\/#breadcrumb","itemListElement":[{"@type":"ListItem","position":1,"name":"Home","item":"https:\/\/sandzakpress.net\/arhiva\/"},{"@type":"ListItem","position":2,"name":"Sudija \u201epogurao\u201c U\u017ei\u010dane, nerije\u0161eno pred praznim tribinama"}]},{"@type":"WebSite","@id":"https:\/\/sandzakpress.net\/arhiva\/#website","url":"https:\/\/sandzakpress.net\/arhiva\/","name":"Sand\u017eak PRESS","description":"Prve elektronske novine u Sand\u017eaku","publisher":{"@id":"https:\/\/sandzakpress.net\/arhiva\/#\/schema\/person\/6e72b67d6e51910a1117b3b483ba20bd"},"potentialAction":[{"@type":"SearchAction","target":{"@type":"EntryPoint","urlTemplate":"https:\/\/sandzakpress.net\/arhiva\/?s={search_term_string}"},"query-input":{"@type":"PropertyValueSpecification","valueRequired":true,"valueName":"search_term_string"}}],"inLanguage":"bs-BA"},{"@type":["Person","Organization"],"@id":"https:\/\/sandzakpress.net\/arhiva\/#\/schema\/person\/6e72b67d6e51910a1117b3b483ba20bd","name":"Kul","image":{"@type":"ImageObject","inLanguage":"bs-BA","@id":"https:\/\/sandzakpress.net\/arhiva\/#\/schema\/person\/image\/","url":"https:\/\/secure.gravatar.com\/avatar\/42263f39aa27ac04c43cab85c280eb2e?s=96&d=mm&r=pg","contentUrl":"https:\/\/secure.gravatar.com\/avatar\/42263f39aa27ac04c43cab85c280eb2e?s=96&d=mm&r=pg","caption":"Kul"},"logo":{"@id":"https:\/\/sandzakpress.net\/arhiva\/#\/schema\/person\/image\/"}},{"@type":"Person","@id":"","url":"https:\/\/sandzakpress.net\/arhiva\/author\/"}]}},"_links":{"self":[{"href":"https:\/\/sandzakpress.net\/arhiva\/wp-json\/wp\/v2\/posts\/54477"}],"collection":[{"href":"https:\/\/sandzakpress.net\/arhiva\/wp-json\/wp\/v2\/posts"}],"about":[{"href":"https:\/\/sandzakpress.net\/arhiva\/wp-json\/wp\/v2\/types\/post"}],"author":[{"embeddable":true,"href":"https:\/\/sandzakpress.net\/arhiva\/wp-json\/wp\/v2\/users\/14"}],"replies":[{"embeddable":true,"href":"https:\/\/sandzakpress.net\/arhiva\/wp-json\/wp\/v2\/comments?post=54477"}],"version-history":[{"count":0,"href":"https:\/\/sandzakpress.net\/arhiva\/wp-json\/wp\/v2\/posts\/54477\/revisions"}],"wp:featuredmedia":[{"embeddable":true,"href":"https:\/\/sandzakpress.net\/arhiva\/wp-json\/wp\/v2\/media\/54478"}],"wp:attachment":[{"href":"https:\/\/sandzakpress.net\/arhiva\/wp-json\/wp\/v2\/media?parent=54477"}],"wp:term":[{"taxonomy":"category","embeddable":true,"href":"https:\/\/sandzakpress.net\/arhiva\/wp-json\/wp\/v2\/categories?post=54477"},{"taxonomy":"post_tag","embeddable":true,"href":"https:\/\/sandzakpress.net\/arhiva\/wp-json\/wp\/v2\/tags?post=54477"}],"curies":[{"name":"wp","href":"https:\/\/api.w.org\/{rel}","templated":true}]}}