{"id":5444,"date":"2010-06-27T14:37:42","date_gmt":"2010-06-27T14:37:42","guid":{"rendered":"https:\/\/sandzakpress.net\/arhiva\/?p=5444"},"modified":"2010-06-27T14:37:42","modified_gmt":"2010-06-27T14:37:42","slug":"blef-pregovori-izmedu-ugljanina-i-ljajica-o-bnv","status":"publish","type":"post","link":"https:\/\/sandzakpress.net\/arhiva\/blef-pregovori-izmedu-ugljanina-i-ljajica-o-bnv\/","title":{"rendered":"Blef pregovori izme\u0111u Ugljanina i Ljaji\u0107a o BNV"},"content":{"rendered":"<p><strong><a href=\"https:\/\/sandzakpress.net\/arhiva\/wp-content\/uploads\/2010\/06\/10029_1041879985041_1766820357_84524_7381502_n1.jpg\"><img loading=\"lazy\" decoding=\"async\" class=\"alignleft size-medium wp-image-5445\" title=\"10029_1041879985041_1766820357_84524_7381502_n\" src=\"https:\/\/sandzakpress.net\/arhiva\/wp-content\/uploads\/2010\/06\/10029_1041879985041_1766820357_84524_7381502_n1-300x172.jpg\" alt=\"\" width=\"300\" height=\"172\" \/><\/a>Sjeverni Sand\u017eak &#8211; Kako nezvani\u010dno saznajemo, u Beogradu su se sastali Sulejman Ugljanin i Rasim Ljaji\u0107, 15. ovog mjeseca, kako bi poku\u0161ali formirati ve\u0107inu u BNV.<\/strong><\/p>\n<p>Esad D\u017eud\u017eevi\u0107 je izjavio da predstavnici Bo\u0161nja\u010dke liste (BL), koju podr\u017eava Stranka demokratske akcije Sulejmana Ugljanina i Preporoda &#8211; bliskog osniva\u010du Sand\u017ea\u010dke demokratske partije Rasima Ljaji\u0107a, neformalno pregovaraju o formiranju BNV-a.<\/p>\n<p>Glavni problem koji za formiranje ve\u0107ine izme\u0111u ove dvije liste jeste to \u0161to vije\u0107nici sa liste Bo\u0161nja\u010dki preporod nisu pod direktnim uticajem Rasima Ljaji\u0107a, ve\u0107 su to ljudi koje manje-vi\u0161e ne zavise od SDP-a i zato ne \u017eele u\u0107i u koaliciju sa predstavnicima SDA.<\/p>\n<p>Najistaknutiji me\u0111u njima je Zehnija Buli\u0107, koji je \u201czakleti protivnik\u201d Esada D\u017eud\u017eevi\u0107a i koji je, kako nezvani\u010dno saznajemo, izjavio da \u0107e prije osje\u0107i ruku nego oti\u0107i u koaliciju sa Esadom D\u017eud\u017eevi\u0107em.<\/p>\n<p>Muftija Zukorli\u0107 je rekao da o\u010dekuje da \u0107e konstitutivna sjedica biti odr\u017eana u subotu, 3. jula, kao i da \u0107e na toj sjednici biti izabrani organi BNV-a.<\/p>\n<p>Mutija Zukorli\u0107 je kazao da \u0107e se njegova lista dr\u017eati proklamovanih programskih opredjeljenja, kao i da su i oni otvoreni za dogovor sa predstavnicima druge dvije liste.<\/p>\n<p>Izvor: <strong>SandzakPRESS.net<\/strong><\/p>\n","protected":false},"excerpt":{"rendered":"<p>Sjeverni Sand\u017eak &#8211; Kako nezvani\u010dno saznajemo, u Beogradu su se sastali Sulejman Ugljanin i Rasim Ljaji\u0107, 15. ovog mjeseca, kako bi poku\u0161ali formirati ve\u0107inu u BNV. Esad D\u017eud\u017eevi\u0107 je izjavio da predstavnici Bo\u0161nja\u010dke liste (BL), koju podr\u017eava Stranka demokratske akcije Sulejmana Ugljanina i Preporoda &#8211; bliskog osniva\u010du Sand\u017ea\u010dke demokratske partije Rasima Ljaji\u0107a, neformalno pregovaraju o [&hellip;]<\/p>\n","protected":false},"author":83,"featured_media":5445,"comment_status":"open","ping_status":"open","sticky":false,"template":"","format":"standard","meta":{"footnotes":""},"categories":[72,52,1,327,392,393,394],"tags":[],"class_list":{"0":"post-5444","1":"post","2":"type-post","3":"status-publish","4":"format-standard","5":"has-post-thumbnail","7":"category-novi-pazar","8":"category-sjenica","9":"category-politika","10":"category-tutin","11":"category-prijepolje_","12":"category-priboj","13":"category-nova-varos"},"yoast_head":"<!-- This site is optimized with the Yoast SEO Premium plugin v23.1 (Yoast SEO v24.9) - https:\/\/yoast.com\/wordpress\/plugins\/seo\/ -->\n<title>Blef pregovori izme\u0111u Ugljanina i Ljaji\u0107a o BNV<\/title>\n<meta name=\"robots\" content=\"index, follow, max-snippet:-1, max-image-preview:large, max-video-preview:-1\" \/>\n<link rel=\"canonical\" href=\"https:\/\/sandzakpress.net\/arhiva\/blef-pregovori-izmedu-ugljanina-i-ljajica-o-bnv\/\" \/>\n<meta property=\"og:locale\" content=\"bs_BA\" \/>\n<meta property=\"og:type\" content=\"article\" \/>\n<meta property=\"og:title\" content=\"Blef pregovori izme\u0111u Ugljanina i Ljaji\u0107a o BNV\" \/>\n<meta property=\"og:description\" content=\"Sjeverni Sand\u017eak &#8211; Kako nezvani\u010dno saznajemo, u Beogradu su se sastali Sulejman Ugljanin i Rasim Ljaji\u0107, 15. ovog mjeseca, kako bi poku\u0161ali formirati ve\u0107inu u BNV. Esad D\u017eud\u017eevi\u0107 je izjavio da predstavnici Bo\u0161nja\u010dke liste (BL), koju podr\u017eava Stranka demokratske akcije Sulejmana Ugljanina i Preporoda &#8211; bliskog osniva\u010du Sand\u017ea\u010dke demokratske partije Rasima Ljaji\u0107a, neformalno pregovaraju o [&hellip;]\" \/>\n<meta property=\"og:url\" content=\"https:\/\/sandzakpress.net\/arhiva\/blef-pregovori-izmedu-ugljanina-i-ljajica-o-bnv\/\" \/>\n<meta property=\"og:site_name\" content=\"Sand\u017eak PRESS\" \/>\n<meta property=\"article:published_time\" content=\"2010-06-27T14:37:42+00:00\" \/>\n<meta property=\"og:image\" content=\"https:\/\/sandzakpress.net\/arhiva\/wp-content\/uploads\/2010\/06\/10029_1041879985041_1766820357_84524_7381502_n1.jpg\" \/>\n\t<meta property=\"og:image:width\" content=\"495\" \/>\n\t<meta property=\"og:image:height\" content=\"284\" \/>\n\t<meta property=\"og:image:type\" content=\"image\/jpeg\" \/>\n<meta name=\"author\" content=\"bosniak\" \/>\n<meta name=\"twitter:card\" content=\"summary_large_image\" \/>\n<meta name=\"twitter:label1\" content=\"Written by\" \/>\n\t<meta name=\"twitter:data1\" content=\"bosniak\" \/>\n\t<meta name=\"twitter:label2\" content=\"Est. reading time\" \/>\n\t<meta name=\"twitter:data2\" content=\"1 minuta\" \/>\n<script type=\"application\/ld+json\" class=\"yoast-schema-graph\">{\"@context\":\"https:\/\/schema.org\",\"@graph\":[{\"@type\":\"Article\",\"@id\":\"https:\/\/sandzakpress.net\/arhiva\/blef-pregovori-izmedu-ugljanina-i-ljajica-o-bnv\/#article\",\"isPartOf\":{\"@id\":\"https:\/\/sandzakpress.net\/arhiva\/blef-pregovori-izmedu-ugljanina-i-ljajica-o-bnv\/\"},\"author\":{\"name\":\"bosniak\",\"@id\":\"https:\/\/sandzakpress.net\/arhiva\/#\/schema\/person\/c8baee722073534b583ea7bdb2e36c02\"},\"headline\":\"Blef pregovori izme\u0111u Ugljanina i Ljaji\u0107a o BNV\",\"datePublished\":\"2010-06-27T14:37:42+00:00\",\"mainEntityOfPage\":{\"@id\":\"https:\/\/sandzakpress.net\/arhiva\/blef-pregovori-izmedu-ugljanina-i-ljajica-o-bnv\/\"},\"wordCount\":231,\"commentCount\":15,\"publisher\":{\"@id\":\"https:\/\/sandzakpress.net\/arhiva\/#\/schema\/person\/6e72b67d6e51910a1117b3b483ba20bd\"},\"image\":{\"@id\":\"https:\/\/sandzakpress.net\/arhiva\/blef-pregovori-izmedu-ugljanina-i-ljajica-o-bnv\/#primaryimage\"},\"thumbnailUrl\":\"https:\/\/sandzakpress.net\/arhiva\/wp-content\/uploads\/2010\/06\/10029_1041879985041_1766820357_84524_7381502_n1.jpg\",\"articleSection\":[\"Novi Pazar\",\"Sjenica\",\"Politika\",\"Tutin\",\"Prijepolje\",\"Priboj\",\"Nova Varo\u0161\"],\"inLanguage\":\"bs-BA\",\"potentialAction\":[{\"@type\":\"CommentAction\",\"name\":\"Comment\",\"target\":[\"https:\/\/sandzakpress.net\/arhiva\/blef-pregovori-izmedu-ugljanina-i-ljajica-o-bnv\/#respond\"]}]},{\"@type\":\"WebPage\",\"@id\":\"https:\/\/sandzakpress.net\/arhiva\/blef-pregovori-izmedu-ugljanina-i-ljajica-o-bnv\/\",\"url\":\"https:\/\/sandzakpress.net\/arhiva\/blef-pregovori-izmedu-ugljanina-i-ljajica-o-bnv\/\",\"name\":\"Blef pregovori izme\u0111u Ugljanina i Ljaji\u0107a o BNV\",\"isPartOf\":{\"@id\":\"https:\/\/sandzakpress.net\/arhiva\/#website\"},\"primaryImageOfPage\":{\"@id\":\"https:\/\/sandzakpress.net\/arhiva\/blef-pregovori-izmedu-ugljanina-i-ljajica-o-bnv\/#primaryimage\"},\"image\":{\"@id\":\"https:\/\/sandzakpress.net\/arhiva\/blef-pregovori-izmedu-ugljanina-i-ljajica-o-bnv\/#primaryimage\"},\"thumbnailUrl\":\"https:\/\/sandzakpress.net\/arhiva\/wp-content\/uploads\/2010\/06\/10029_1041879985041_1766820357_84524_7381502_n1.jpg\",\"datePublished\":\"2010-06-27T14:37:42+00:00\",\"breadcrumb\":{\"@id\":\"https:\/\/sandzakpress.net\/arhiva\/blef-pregovori-izmedu-ugljanina-i-ljajica-o-bnv\/#breadcrumb\"},\"inLanguage\":\"bs-BA\",\"potentialAction\":[{\"@type\":\"ReadAction\",\"target\":[\"https:\/\/sandzakpress.net\/arhiva\/blef-pregovori-izmedu-ugljanina-i-ljajica-o-bnv\/\"]}]},{\"@type\":\"ImageObject\",\"inLanguage\":\"bs-BA\",\"@id\":\"https:\/\/sandzakpress.net\/arhiva\/blef-pregovori-izmedu-ugljanina-i-ljajica-o-bnv\/#primaryimage\",\"url\":\"https:\/\/sandzakpress.net\/arhiva\/wp-content\/uploads\/2010\/06\/10029_1041879985041_1766820357_84524_7381502_n1.jpg\",\"contentUrl\":\"https:\/\/sandzakpress.net\/arhiva\/wp-content\/uploads\/2010\/06\/10029_1041879985041_1766820357_84524_7381502_n1.jpg\",\"width\":495,\"height\":284},{\"@type\":\"BreadcrumbList\",\"@id\":\"https:\/\/sandzakpress.net\/arhiva\/blef-pregovori-izmedu-ugljanina-i-ljajica-o-bnv\/#breadcrumb\",\"itemListElement\":[{\"@type\":\"ListItem\",\"position\":1,\"name\":\"Home\",\"item\":\"https:\/\/sandzakpress.net\/arhiva\/\"},{\"@type\":\"ListItem\",\"position\":2,\"name\":\"Blef pregovori izme\u0111u Ugljanina i Ljaji\u0107a o BNV\"}]},{\"@type\":\"WebSite\",\"@id\":\"https:\/\/sandzakpress.net\/arhiva\/#website\",\"url\":\"https:\/\/sandzakpress.net\/arhiva\/\",\"name\":\"Sand\u017eak PRESS\",\"description\":\"Prve elektronske novine u Sand\u017eaku\",\"publisher\":{\"@id\":\"https:\/\/sandzakpress.net\/arhiva\/#\/schema\/person\/6e72b67d6e51910a1117b3b483ba20bd\"},\"potentialAction\":[{\"@type\":\"SearchAction\",\"target\":{\"@type\":\"EntryPoint\",\"urlTemplate\":\"https:\/\/sandzakpress.net\/arhiva\/?s={search_term_string}\"},\"query-input\":{\"@type\":\"PropertyValueSpecification\",\"valueRequired\":true,\"valueName\":\"search_term_string\"}}],\"inLanguage\":\"bs-BA\"},{\"@type\":[\"Person\",\"Organization\"],\"@id\":\"https:\/\/sandzakpress.net\/arhiva\/#\/schema\/person\/6e72b67d6e51910a1117b3b483ba20bd\",\"name\":\"Kul\",\"image\":{\"@type\":\"ImageObject\",\"inLanguage\":\"bs-BA\",\"@id\":\"https:\/\/sandzakpress.net\/arhiva\/#\/schema\/person\/image\/\",\"url\":\"https:\/\/secure.gravatar.com\/avatar\/42263f39aa27ac04c43cab85c280eb2e?s=96&d=mm&r=pg\",\"contentUrl\":\"https:\/\/secure.gravatar.com\/avatar\/42263f39aa27ac04c43cab85c280eb2e?s=96&d=mm&r=pg\",\"caption\":\"Kul\"},\"logo\":{\"@id\":\"https:\/\/sandzakpress.net\/arhiva\/#\/schema\/person\/image\/\"}},{\"@type\":\"Person\",\"@id\":\"https:\/\/sandzakpress.net\/arhiva\/#\/schema\/person\/c8baee722073534b583ea7bdb2e36c02\",\"name\":\"bosniak\",\"image\":{\"@type\":\"ImageObject\",\"inLanguage\":\"bs-BA\",\"@id\":\"https:\/\/sandzakpress.net\/arhiva\/#\/schema\/person\/image\/\",\"url\":\"https:\/\/secure.gravatar.com\/avatar\/a04fd330bfe3a36a72a0ad4a6d89fca7?s=96&d=mm&r=pg\",\"contentUrl\":\"https:\/\/secure.gravatar.com\/avatar\/a04fd330bfe3a36a72a0ad4a6d89fca7?s=96&d=mm&r=pg\",\"caption\":\"bosniak\"},\"url\":\"https:\/\/sandzakpress.net\/arhiva\/author\/bosniak\/\"}]}<\/script>\n<!-- \/ Yoast SEO Premium plugin. -->","yoast_head_json":{"title":"Blef pregovori izme\u0111u Ugljanina i Ljaji\u0107a o BNV","robots":{"index":"index","follow":"follow","max-snippet":"max-snippet:-1","max-image-preview":"max-image-preview:large","max-video-preview":"max-video-preview:-1"},"canonical":"https:\/\/sandzakpress.net\/arhiva\/blef-pregovori-izmedu-ugljanina-i-ljajica-o-bnv\/","og_locale":"bs_BA","og_type":"article","og_title":"Blef pregovori izme\u0111u Ugljanina i Ljaji\u0107a o BNV","og_description":"Sjeverni Sand\u017eak &#8211; Kako nezvani\u010dno saznajemo, u Beogradu su se sastali Sulejman Ugljanin i Rasim Ljaji\u0107, 15. ovog mjeseca, kako bi poku\u0161ali formirati ve\u0107inu u BNV. Esad D\u017eud\u017eevi\u0107 je izjavio da predstavnici Bo\u0161nja\u010dke liste (BL), koju podr\u017eava Stranka demokratske akcije Sulejmana Ugljanina i Preporoda &#8211; bliskog osniva\u010du Sand\u017ea\u010dke demokratske partije Rasima Ljaji\u0107a, neformalno pregovaraju o [&hellip;]","og_url":"https:\/\/sandzakpress.net\/arhiva\/blef-pregovori-izmedu-ugljanina-i-ljajica-o-bnv\/","og_site_name":"Sand\u017eak PRESS","article_published_time":"2010-06-27T14:37:42+00:00","og_image":[{"width":495,"height":284,"url":"https:\/\/sandzakpress.net\/arhiva\/wp-content\/uploads\/2010\/06\/10029_1041879985041_1766820357_84524_7381502_n1.jpg","type":"image\/jpeg"}],"author":"bosniak","twitter_card":"summary_large_image","twitter_misc":{"Written by":"bosniak","Est. reading time":"1 minuta"},"schema":{"@context":"https:\/\/schema.org","@graph":[{"@type":"Article","@id":"https:\/\/sandzakpress.net\/arhiva\/blef-pregovori-izmedu-ugljanina-i-ljajica-o-bnv\/#article","isPartOf":{"@id":"https:\/\/sandzakpress.net\/arhiva\/blef-pregovori-izmedu-ugljanina-i-ljajica-o-bnv\/"},"author":{"name":"bosniak","@id":"https:\/\/sandzakpress.net\/arhiva\/#\/schema\/person\/c8baee722073534b583ea7bdb2e36c02"},"headline":"Blef pregovori izme\u0111u Ugljanina i Ljaji\u0107a o BNV","datePublished":"2010-06-27T14:37:42+00:00","mainEntityOfPage":{"@id":"https:\/\/sandzakpress.net\/arhiva\/blef-pregovori-izmedu-ugljanina-i-ljajica-o-bnv\/"},"wordCount":231,"commentCount":15,"publisher":{"@id":"https:\/\/sandzakpress.net\/arhiva\/#\/schema\/person\/6e72b67d6e51910a1117b3b483ba20bd"},"image":{"@id":"https:\/\/sandzakpress.net\/arhiva\/blef-pregovori-izmedu-ugljanina-i-ljajica-o-bnv\/#primaryimage"},"thumbnailUrl":"https:\/\/sandzakpress.net\/arhiva\/wp-content\/uploads\/2010\/06\/10029_1041879985041_1766820357_84524_7381502_n1.jpg","articleSection":["Novi Pazar","Sjenica","Politika","Tutin","Prijepolje","Priboj","Nova Varo\u0161"],"inLanguage":"bs-BA","potentialAction":[{"@type":"CommentAction","name":"Comment","target":["https:\/\/sandzakpress.net\/arhiva\/blef-pregovori-izmedu-ugljanina-i-ljajica-o-bnv\/#respond"]}]},{"@type":"WebPage","@id":"https:\/\/sandzakpress.net\/arhiva\/blef-pregovori-izmedu-ugljanina-i-ljajica-o-bnv\/","url":"https:\/\/sandzakpress.net\/arhiva\/blef-pregovori-izmedu-ugljanina-i-ljajica-o-bnv\/","name":"Blef pregovori izme\u0111u Ugljanina i Ljaji\u0107a o BNV","isPartOf":{"@id":"https:\/\/sandzakpress.net\/arhiva\/#website"},"primaryImageOfPage":{"@id":"https:\/\/sandzakpress.net\/arhiva\/blef-pregovori-izmedu-ugljanina-i-ljajica-o-bnv\/#primaryimage"},"image":{"@id":"https:\/\/sandzakpress.net\/arhiva\/blef-pregovori-izmedu-ugljanina-i-ljajica-o-bnv\/#primaryimage"},"thumbnailUrl":"https:\/\/sandzakpress.net\/arhiva\/wp-content\/uploads\/2010\/06\/10029_1041879985041_1766820357_84524_7381502_n1.jpg","datePublished":"2010-06-27T14:37:42+00:00","breadcrumb":{"@id":"https:\/\/sandzakpress.net\/arhiva\/blef-pregovori-izmedu-ugljanina-i-ljajica-o-bnv\/#breadcrumb"},"inLanguage":"bs-BA","potentialAction":[{"@type":"ReadAction","target":["https:\/\/sandzakpress.net\/arhiva\/blef-pregovori-izmedu-ugljanina-i-ljajica-o-bnv\/"]}]},{"@type":"ImageObject","inLanguage":"bs-BA","@id":"https:\/\/sandzakpress.net\/arhiva\/blef-pregovori-izmedu-ugljanina-i-ljajica-o-bnv\/#primaryimage","url":"https:\/\/sandzakpress.net\/arhiva\/wp-content\/uploads\/2010\/06\/10029_1041879985041_1766820357_84524_7381502_n1.jpg","contentUrl":"https:\/\/sandzakpress.net\/arhiva\/wp-content\/uploads\/2010\/06\/10029_1041879985041_1766820357_84524_7381502_n1.jpg","width":495,"height":284},{"@type":"BreadcrumbList","@id":"https:\/\/sandzakpress.net\/arhiva\/blef-pregovori-izmedu-ugljanina-i-ljajica-o-bnv\/#breadcrumb","itemListElement":[{"@type":"ListItem","position":1,"name":"Home","item":"https:\/\/sandzakpress.net\/arhiva\/"},{"@type":"ListItem","position":2,"name":"Blef pregovori izme\u0111u Ugljanina i Ljaji\u0107a o BNV"}]},{"@type":"WebSite","@id":"https:\/\/sandzakpress.net\/arhiva\/#website","url":"https:\/\/sandzakpress.net\/arhiva\/","name":"Sand\u017eak PRESS","description":"Prve elektronske novine u Sand\u017eaku","publisher":{"@id":"https:\/\/sandzakpress.net\/arhiva\/#\/schema\/person\/6e72b67d6e51910a1117b3b483ba20bd"},"potentialAction":[{"@type":"SearchAction","target":{"@type":"EntryPoint","urlTemplate":"https:\/\/sandzakpress.net\/arhiva\/?s={search_term_string}"},"query-input":{"@type":"PropertyValueSpecification","valueRequired":true,"valueName":"search_term_string"}}],"inLanguage":"bs-BA"},{"@type":["Person","Organization"],"@id":"https:\/\/sandzakpress.net\/arhiva\/#\/schema\/person\/6e72b67d6e51910a1117b3b483ba20bd","name":"Kul","image":{"@type":"ImageObject","inLanguage":"bs-BA","@id":"https:\/\/sandzakpress.net\/arhiva\/#\/schema\/person\/image\/","url":"https:\/\/secure.gravatar.com\/avatar\/42263f39aa27ac04c43cab85c280eb2e?s=96&d=mm&r=pg","contentUrl":"https:\/\/secure.gravatar.com\/avatar\/42263f39aa27ac04c43cab85c280eb2e?s=96&d=mm&r=pg","caption":"Kul"},"logo":{"@id":"https:\/\/sandzakpress.net\/arhiva\/#\/schema\/person\/image\/"}},{"@type":"Person","@id":"https:\/\/sandzakpress.net\/arhiva\/#\/schema\/person\/c8baee722073534b583ea7bdb2e36c02","name":"bosniak","image":{"@type":"ImageObject","inLanguage":"bs-BA","@id":"https:\/\/sandzakpress.net\/arhiva\/#\/schema\/person\/image\/","url":"https:\/\/secure.gravatar.com\/avatar\/a04fd330bfe3a36a72a0ad4a6d89fca7?s=96&d=mm&r=pg","contentUrl":"https:\/\/secure.gravatar.com\/avatar\/a04fd330bfe3a36a72a0ad4a6d89fca7?s=96&d=mm&r=pg","caption":"bosniak"},"url":"https:\/\/sandzakpress.net\/arhiva\/author\/bosniak\/"}]}},"_links":{"self":[{"href":"https:\/\/sandzakpress.net\/arhiva\/wp-json\/wp\/v2\/posts\/5444"}],"collection":[{"href":"https:\/\/sandzakpress.net\/arhiva\/wp-json\/wp\/v2\/posts"}],"about":[{"href":"https:\/\/sandzakpress.net\/arhiva\/wp-json\/wp\/v2\/types\/post"}],"author":[{"embeddable":true,"href":"https:\/\/sandzakpress.net\/arhiva\/wp-json\/wp\/v2\/users\/83"}],"replies":[{"embeddable":true,"href":"https:\/\/sandzakpress.net\/arhiva\/wp-json\/wp\/v2\/comments?post=5444"}],"version-history":[{"count":0,"href":"https:\/\/sandzakpress.net\/arhiva\/wp-json\/wp\/v2\/posts\/5444\/revisions"}],"wp:featuredmedia":[{"embeddable":true,"href":"https:\/\/sandzakpress.net\/arhiva\/wp-json\/wp\/v2\/media\/5445"}],"wp:attachment":[{"href":"https:\/\/sandzakpress.net\/arhiva\/wp-json\/wp\/v2\/media?parent=5444"}],"wp:term":[{"taxonomy":"category","embeddable":true,"href":"https:\/\/sandzakpress.net\/arhiva\/wp-json\/wp\/v2\/categories?post=5444"},{"taxonomy":"post_tag","embeddable":true,"href":"https:\/\/sandzakpress.net\/arhiva\/wp-json\/wp\/v2\/tags?post=5444"}],"curies":[{"name":"wp","href":"https:\/\/api.w.org\/{rel}","templated":true}]}}