{"id":54186,"date":"2012-10-27T13:03:24","date_gmt":"2012-10-27T11:03:24","guid":{"rendered":"https:\/\/sandzakpress.net\/arhiva\/?p=54186"},"modified":"2012-10-27T13:03:24","modified_gmt":"2012-10-27T11:03:24","slug":"bajramska-akademija-u-prijepolju-sutra-nedjelja-u-1900h","status":"publish","type":"post","link":"https:\/\/sandzakpress.net\/arhiva\/bajramska-akademija-u-prijepolju-sutra-nedjelja-u-1900h\/","title":{"rendered":"Bajramska akademija u Prijepolju, sutra (nedjelja) u 19:00h"},"content":{"rendered":"<p><a href=\"https:\/\/sandzakpress.net\/arhiva\/wp-content\/uploads\/2012\/10\/13.jpg\"><img loading=\"lazy\" decoding=\"async\" class=\"aligncenter size-full wp-image-54188\" title=\"1\" src=\"https:\/\/sandzakpress.net\/arhiva\/wp-content\/uploads\/2012\/10\/13.jpg\" alt=\"\" width=\"616\" height=\"821\" \/><\/a><\/p>\n<p><strong>Prijepolje &#8211; Bajramska akademija &#8220;Dova za Sand\u017eak&#8221;  28.10.2012.(treceg dana Bajrama) u velikoj sali Doma kulture sa po\u010detkom  u 19h. U kulturno-umjetni\u010dkom djelu programa u\u010destvuju:<\/strong><\/p>\n<p>&#8211; Interpretatori sevdalinki<br \/>\n&#8211; Hor &#8220;Ljiljan&#8221; Prijepolje<br \/>\n&#8211; Hor &#8220;Merd\u017ean&#8221; Novi Pazar<br \/>\n&#8211; Hor &#8220;Firdews&#8221; Sjenica<br \/>\n&#8211; Kud Sandzak<\/p>\n<p>Na skupu \u0107e govoriti:<\/p>\n<p>&#8211; Glavni muftija Muamer ef. Zukorli\u0107<\/p>\n<div>&#8211; Predsjednik BNV-a Samir Tandir<\/p>\n<p>Poslije programa na platou Doma kulture \u0107e biti postavljena bajramska sofra i prire\u0111en vatromet.<\/p>\n<\/div>\n<div>B U J R U M !<\/div>\n","protected":false},"excerpt":{"rendered":"<p>Prijepolje &#8211; Bajramska akademija &#8220;Dova za Sand\u017eak&#8221; 28.10.2012.(treceg dana Bajrama) u velikoj sali Doma kulture sa po\u010detkom u 19h. U kulturno-umjetni\u010dkom djelu programa u\u010destvuju: &#8211; Interpretatori sevdalinki &#8211; Hor &#8220;Ljiljan&#8221; Prijepolje &#8211; Hor &#8220;Merd\u017ean&#8221; Novi Pazar &#8211; Hor &#8220;Firdews&#8221; Sjenica &#8211; Kud Sandzak Na skupu \u0107e govoriti: &#8211; Glavni muftija Muamer ef. Zukorli\u0107 &#8211; Predsjednik [&hellip;]<\/p>\n","protected":false},"author":83,"featured_media":54188,"comment_status":"open","ping_status":"open","sticky":false,"template":"","format":"standard","meta":{"footnotes":""},"categories":[800,392,8957],"tags":[],"class_list":{"0":"post-54186","1":"post","2":"type-post","3":"status-publish","4":"format-standard","5":"has-post-thumbnail","7":"category-nacija","8":"category-prijepolje_","9":"category-vijesti-dana"},"yoast_head":"<!-- This site is optimized with the Yoast SEO Premium plugin v23.1 (Yoast SEO v24.9) - https:\/\/yoast.com\/wordpress\/plugins\/seo\/ -->\n<title>Bajramska akademija u Prijepolju, sutra (nedjelja) u 19:00h<\/title>\n<meta name=\"robots\" content=\"index, follow, max-snippet:-1, max-image-preview:large, max-video-preview:-1\" \/>\n<link rel=\"canonical\" href=\"https:\/\/sandzakpress.net\/arhiva\/bajramska-akademija-u-prijepolju-sutra-nedjelja-u-1900h\/\" \/>\n<meta property=\"og:locale\" content=\"bs_BA\" \/>\n<meta property=\"og:type\" content=\"article\" \/>\n<meta property=\"og:title\" content=\"Bajramska akademija u Prijepolju, sutra (nedjelja) u 19:00h\" \/>\n<meta property=\"og:description\" content=\"Prijepolje &#8211; Bajramska akademija &#8220;Dova za Sand\u017eak&#8221; 28.10.2012.(treceg dana Bajrama) u velikoj sali Doma kulture sa po\u010detkom u 19h. U kulturno-umjetni\u010dkom djelu programa u\u010destvuju: &#8211; Interpretatori sevdalinki &#8211; Hor &#8220;Ljiljan&#8221; Prijepolje &#8211; Hor &#8220;Merd\u017ean&#8221; Novi Pazar &#8211; Hor &#8220;Firdews&#8221; Sjenica &#8211; Kud Sandzak Na skupu \u0107e govoriti: &#8211; Glavni muftija Muamer ef. Zukorli\u0107 &#8211; Predsjednik [&hellip;]\" \/>\n<meta property=\"og:url\" content=\"https:\/\/sandzakpress.net\/arhiva\/bajramska-akademija-u-prijepolju-sutra-nedjelja-u-1900h\/\" \/>\n<meta property=\"og:site_name\" content=\"Sand\u017eak PRESS\" \/>\n<meta property=\"article:published_time\" content=\"2012-10-27T11:03:24+00:00\" \/>\n<meta property=\"og:image\" content=\"https:\/\/sandzakpress.net\/arhiva\/wp-content\/uploads\/2012\/10\/13.jpg\" \/>\n\t<meta property=\"og:image:width\" content=\"616\" \/>\n\t<meta property=\"og:image:height\" content=\"821\" \/>\n\t<meta property=\"og:image:type\" content=\"image\/jpeg\" \/>\n<meta name=\"author\" content=\"bosniak\" \/>\n<meta name=\"twitter:card\" content=\"summary_large_image\" \/>\n<meta name=\"twitter:label1\" content=\"Written by\" \/>\n\t<meta name=\"twitter:data1\" content=\"bosniak\" \/>\n<script type=\"application\/ld+json\" class=\"yoast-schema-graph\">{\"@context\":\"https:\/\/schema.org\",\"@graph\":[{\"@type\":\"Article\",\"@id\":\"https:\/\/sandzakpress.net\/arhiva\/bajramska-akademija-u-prijepolju-sutra-nedjelja-u-1900h\/#article\",\"isPartOf\":{\"@id\":\"https:\/\/sandzakpress.net\/arhiva\/bajramska-akademija-u-prijepolju-sutra-nedjelja-u-1900h\/\"},\"author\":{\"name\":\"bosniak\",\"@id\":\"https:\/\/sandzakpress.net\/arhiva\/#\/schema\/person\/c8baee722073534b583ea7bdb2e36c02\"},\"headline\":\"Bajramska akademija u Prijepolju, sutra (nedjelja) u 19:00h\",\"datePublished\":\"2012-10-27T11:03:24+00:00\",\"mainEntityOfPage\":{\"@id\":\"https:\/\/sandzakpress.net\/arhiva\/bajramska-akademija-u-prijepolju-sutra-nedjelja-u-1900h\/\"},\"wordCount\":92,\"commentCount\":3,\"publisher\":{\"@id\":\"https:\/\/sandzakpress.net\/arhiva\/#\/schema\/person\/6e72b67d6e51910a1117b3b483ba20bd\"},\"image\":{\"@id\":\"https:\/\/sandzakpress.net\/arhiva\/bajramska-akademija-u-prijepolju-sutra-nedjelja-u-1900h\/#primaryimage\"},\"thumbnailUrl\":\"https:\/\/sandzakpress.net\/arhiva\/wp-content\/uploads\/2012\/10\/13.jpg\",\"articleSection\":[\"Nacija\",\"Prijepolje\",\"VIJESTI DANA\"],\"inLanguage\":\"bs-BA\",\"potentialAction\":[{\"@type\":\"CommentAction\",\"name\":\"Comment\",\"target\":[\"https:\/\/sandzakpress.net\/arhiva\/bajramska-akademija-u-prijepolju-sutra-nedjelja-u-1900h\/#respond\"]}]},{\"@type\":\"WebPage\",\"@id\":\"https:\/\/sandzakpress.net\/arhiva\/bajramska-akademija-u-prijepolju-sutra-nedjelja-u-1900h\/\",\"url\":\"https:\/\/sandzakpress.net\/arhiva\/bajramska-akademija-u-prijepolju-sutra-nedjelja-u-1900h\/\",\"name\":\"Bajramska akademija u Prijepolju, sutra (nedjelja) u 19:00h\",\"isPartOf\":{\"@id\":\"https:\/\/sandzakpress.net\/arhiva\/#website\"},\"primaryImageOfPage\":{\"@id\":\"https:\/\/sandzakpress.net\/arhiva\/bajramska-akademija-u-prijepolju-sutra-nedjelja-u-1900h\/#primaryimage\"},\"image\":{\"@id\":\"https:\/\/sandzakpress.net\/arhiva\/bajramska-akademija-u-prijepolju-sutra-nedjelja-u-1900h\/#primaryimage\"},\"thumbnailUrl\":\"https:\/\/sandzakpress.net\/arhiva\/wp-content\/uploads\/2012\/10\/13.jpg\",\"datePublished\":\"2012-10-27T11:03:24+00:00\",\"breadcrumb\":{\"@id\":\"https:\/\/sandzakpress.net\/arhiva\/bajramska-akademija-u-prijepolju-sutra-nedjelja-u-1900h\/#breadcrumb\"},\"inLanguage\":\"bs-BA\",\"potentialAction\":[{\"@type\":\"ReadAction\",\"target\":[\"https:\/\/sandzakpress.net\/arhiva\/bajramska-akademija-u-prijepolju-sutra-nedjelja-u-1900h\/\"]}]},{\"@type\":\"ImageObject\",\"inLanguage\":\"bs-BA\",\"@id\":\"https:\/\/sandzakpress.net\/arhiva\/bajramska-akademija-u-prijepolju-sutra-nedjelja-u-1900h\/#primaryimage\",\"url\":\"https:\/\/sandzakpress.net\/arhiva\/wp-content\/uploads\/2012\/10\/13.jpg\",\"contentUrl\":\"https:\/\/sandzakpress.net\/arhiva\/wp-content\/uploads\/2012\/10\/13.jpg\",\"width\":616,\"height\":821},{\"@type\":\"BreadcrumbList\",\"@id\":\"https:\/\/sandzakpress.net\/arhiva\/bajramska-akademija-u-prijepolju-sutra-nedjelja-u-1900h\/#breadcrumb\",\"itemListElement\":[{\"@type\":\"ListItem\",\"position\":1,\"name\":\"Home\",\"item\":\"https:\/\/sandzakpress.net\/arhiva\/\"},{\"@type\":\"ListItem\",\"position\":2,\"name\":\"Bajramska akademija u Prijepolju, sutra (nedjelja) u 19:00h\"}]},{\"@type\":\"WebSite\",\"@id\":\"https:\/\/sandzakpress.net\/arhiva\/#website\",\"url\":\"https:\/\/sandzakpress.net\/arhiva\/\",\"name\":\"Sand\u017eak PRESS\",\"description\":\"Prve elektronske novine u Sand\u017eaku\",\"publisher\":{\"@id\":\"https:\/\/sandzakpress.net\/arhiva\/#\/schema\/person\/6e72b67d6e51910a1117b3b483ba20bd\"},\"potentialAction\":[{\"@type\":\"SearchAction\",\"target\":{\"@type\":\"EntryPoint\",\"urlTemplate\":\"https:\/\/sandzakpress.net\/arhiva\/?s={search_term_string}\"},\"query-input\":{\"@type\":\"PropertyValueSpecification\",\"valueRequired\":true,\"valueName\":\"search_term_string\"}}],\"inLanguage\":\"bs-BA\"},{\"@type\":[\"Person\",\"Organization\"],\"@id\":\"https:\/\/sandzakpress.net\/arhiva\/#\/schema\/person\/6e72b67d6e51910a1117b3b483ba20bd\",\"name\":\"Kul\",\"image\":{\"@type\":\"ImageObject\",\"inLanguage\":\"bs-BA\",\"@id\":\"https:\/\/sandzakpress.net\/arhiva\/#\/schema\/person\/image\/\",\"url\":\"https:\/\/secure.gravatar.com\/avatar\/42263f39aa27ac04c43cab85c280eb2e?s=96&d=mm&r=pg\",\"contentUrl\":\"https:\/\/secure.gravatar.com\/avatar\/42263f39aa27ac04c43cab85c280eb2e?s=96&d=mm&r=pg\",\"caption\":\"Kul\"},\"logo\":{\"@id\":\"https:\/\/sandzakpress.net\/arhiva\/#\/schema\/person\/image\/\"}},{\"@type\":\"Person\",\"@id\":\"https:\/\/sandzakpress.net\/arhiva\/#\/schema\/person\/c8baee722073534b583ea7bdb2e36c02\",\"name\":\"bosniak\",\"image\":{\"@type\":\"ImageObject\",\"inLanguage\":\"bs-BA\",\"@id\":\"https:\/\/sandzakpress.net\/arhiva\/#\/schema\/person\/image\/\",\"url\":\"https:\/\/secure.gravatar.com\/avatar\/a04fd330bfe3a36a72a0ad4a6d89fca7?s=96&d=mm&r=pg\",\"contentUrl\":\"https:\/\/secure.gravatar.com\/avatar\/a04fd330bfe3a36a72a0ad4a6d89fca7?s=96&d=mm&r=pg\",\"caption\":\"bosniak\"},\"url\":\"https:\/\/sandzakpress.net\/arhiva\/author\/bosniak\/\"}]}<\/script>\n<!-- \/ Yoast SEO Premium plugin. -->","yoast_head_json":{"title":"Bajramska akademija u Prijepolju, sutra (nedjelja) u 19:00h","robots":{"index":"index","follow":"follow","max-snippet":"max-snippet:-1","max-image-preview":"max-image-preview:large","max-video-preview":"max-video-preview:-1"},"canonical":"https:\/\/sandzakpress.net\/arhiva\/bajramska-akademija-u-prijepolju-sutra-nedjelja-u-1900h\/","og_locale":"bs_BA","og_type":"article","og_title":"Bajramska akademija u Prijepolju, sutra (nedjelja) u 19:00h","og_description":"Prijepolje &#8211; Bajramska akademija &#8220;Dova za Sand\u017eak&#8221; 28.10.2012.(treceg dana Bajrama) u velikoj sali Doma kulture sa po\u010detkom u 19h. U kulturno-umjetni\u010dkom djelu programa u\u010destvuju: &#8211; Interpretatori sevdalinki &#8211; Hor &#8220;Ljiljan&#8221; Prijepolje &#8211; Hor &#8220;Merd\u017ean&#8221; Novi Pazar &#8211; Hor &#8220;Firdews&#8221; Sjenica &#8211; Kud Sandzak Na skupu \u0107e govoriti: &#8211; Glavni muftija Muamer ef. Zukorli\u0107 &#8211; Predsjednik [&hellip;]","og_url":"https:\/\/sandzakpress.net\/arhiva\/bajramska-akademija-u-prijepolju-sutra-nedjelja-u-1900h\/","og_site_name":"Sand\u017eak PRESS","article_published_time":"2012-10-27T11:03:24+00:00","og_image":[{"width":616,"height":821,"url":"https:\/\/sandzakpress.net\/arhiva\/wp-content\/uploads\/2012\/10\/13.jpg","type":"image\/jpeg"}],"author":"bosniak","twitter_card":"summary_large_image","twitter_misc":{"Written by":"bosniak"},"schema":{"@context":"https:\/\/schema.org","@graph":[{"@type":"Article","@id":"https:\/\/sandzakpress.net\/arhiva\/bajramska-akademija-u-prijepolju-sutra-nedjelja-u-1900h\/#article","isPartOf":{"@id":"https:\/\/sandzakpress.net\/arhiva\/bajramska-akademija-u-prijepolju-sutra-nedjelja-u-1900h\/"},"author":{"name":"bosniak","@id":"https:\/\/sandzakpress.net\/arhiva\/#\/schema\/person\/c8baee722073534b583ea7bdb2e36c02"},"headline":"Bajramska akademija u Prijepolju, sutra (nedjelja) u 19:00h","datePublished":"2012-10-27T11:03:24+00:00","mainEntityOfPage":{"@id":"https:\/\/sandzakpress.net\/arhiva\/bajramska-akademija-u-prijepolju-sutra-nedjelja-u-1900h\/"},"wordCount":92,"commentCount":3,"publisher":{"@id":"https:\/\/sandzakpress.net\/arhiva\/#\/schema\/person\/6e72b67d6e51910a1117b3b483ba20bd"},"image":{"@id":"https:\/\/sandzakpress.net\/arhiva\/bajramska-akademija-u-prijepolju-sutra-nedjelja-u-1900h\/#primaryimage"},"thumbnailUrl":"https:\/\/sandzakpress.net\/arhiva\/wp-content\/uploads\/2012\/10\/13.jpg","articleSection":["Nacija","Prijepolje","VIJESTI DANA"],"inLanguage":"bs-BA","potentialAction":[{"@type":"CommentAction","name":"Comment","target":["https:\/\/sandzakpress.net\/arhiva\/bajramska-akademija-u-prijepolju-sutra-nedjelja-u-1900h\/#respond"]}]},{"@type":"WebPage","@id":"https:\/\/sandzakpress.net\/arhiva\/bajramska-akademija-u-prijepolju-sutra-nedjelja-u-1900h\/","url":"https:\/\/sandzakpress.net\/arhiva\/bajramska-akademija-u-prijepolju-sutra-nedjelja-u-1900h\/","name":"Bajramska akademija u Prijepolju, sutra (nedjelja) u 19:00h","isPartOf":{"@id":"https:\/\/sandzakpress.net\/arhiva\/#website"},"primaryImageOfPage":{"@id":"https:\/\/sandzakpress.net\/arhiva\/bajramska-akademija-u-prijepolju-sutra-nedjelja-u-1900h\/#primaryimage"},"image":{"@id":"https:\/\/sandzakpress.net\/arhiva\/bajramska-akademija-u-prijepolju-sutra-nedjelja-u-1900h\/#primaryimage"},"thumbnailUrl":"https:\/\/sandzakpress.net\/arhiva\/wp-content\/uploads\/2012\/10\/13.jpg","datePublished":"2012-10-27T11:03:24+00:00","breadcrumb":{"@id":"https:\/\/sandzakpress.net\/arhiva\/bajramska-akademija-u-prijepolju-sutra-nedjelja-u-1900h\/#breadcrumb"},"inLanguage":"bs-BA","potentialAction":[{"@type":"ReadAction","target":["https:\/\/sandzakpress.net\/arhiva\/bajramska-akademija-u-prijepolju-sutra-nedjelja-u-1900h\/"]}]},{"@type":"ImageObject","inLanguage":"bs-BA","@id":"https:\/\/sandzakpress.net\/arhiva\/bajramska-akademija-u-prijepolju-sutra-nedjelja-u-1900h\/#primaryimage","url":"https:\/\/sandzakpress.net\/arhiva\/wp-content\/uploads\/2012\/10\/13.jpg","contentUrl":"https:\/\/sandzakpress.net\/arhiva\/wp-content\/uploads\/2012\/10\/13.jpg","width":616,"height":821},{"@type":"BreadcrumbList","@id":"https:\/\/sandzakpress.net\/arhiva\/bajramska-akademija-u-prijepolju-sutra-nedjelja-u-1900h\/#breadcrumb","itemListElement":[{"@type":"ListItem","position":1,"name":"Home","item":"https:\/\/sandzakpress.net\/arhiva\/"},{"@type":"ListItem","position":2,"name":"Bajramska akademija u Prijepolju, sutra (nedjelja) u 19:00h"}]},{"@type":"WebSite","@id":"https:\/\/sandzakpress.net\/arhiva\/#website","url":"https:\/\/sandzakpress.net\/arhiva\/","name":"Sand\u017eak PRESS","description":"Prve elektronske novine u Sand\u017eaku","publisher":{"@id":"https:\/\/sandzakpress.net\/arhiva\/#\/schema\/person\/6e72b67d6e51910a1117b3b483ba20bd"},"potentialAction":[{"@type":"SearchAction","target":{"@type":"EntryPoint","urlTemplate":"https:\/\/sandzakpress.net\/arhiva\/?s={search_term_string}"},"query-input":{"@type":"PropertyValueSpecification","valueRequired":true,"valueName":"search_term_string"}}],"inLanguage":"bs-BA"},{"@type":["Person","Organization"],"@id":"https:\/\/sandzakpress.net\/arhiva\/#\/schema\/person\/6e72b67d6e51910a1117b3b483ba20bd","name":"Kul","image":{"@type":"ImageObject","inLanguage":"bs-BA","@id":"https:\/\/sandzakpress.net\/arhiva\/#\/schema\/person\/image\/","url":"https:\/\/secure.gravatar.com\/avatar\/42263f39aa27ac04c43cab85c280eb2e?s=96&d=mm&r=pg","contentUrl":"https:\/\/secure.gravatar.com\/avatar\/42263f39aa27ac04c43cab85c280eb2e?s=96&d=mm&r=pg","caption":"Kul"},"logo":{"@id":"https:\/\/sandzakpress.net\/arhiva\/#\/schema\/person\/image\/"}},{"@type":"Person","@id":"https:\/\/sandzakpress.net\/arhiva\/#\/schema\/person\/c8baee722073534b583ea7bdb2e36c02","name":"bosniak","image":{"@type":"ImageObject","inLanguage":"bs-BA","@id":"https:\/\/sandzakpress.net\/arhiva\/#\/schema\/person\/image\/","url":"https:\/\/secure.gravatar.com\/avatar\/a04fd330bfe3a36a72a0ad4a6d89fca7?s=96&d=mm&r=pg","contentUrl":"https:\/\/secure.gravatar.com\/avatar\/a04fd330bfe3a36a72a0ad4a6d89fca7?s=96&d=mm&r=pg","caption":"bosniak"},"url":"https:\/\/sandzakpress.net\/arhiva\/author\/bosniak\/"}]}},"_links":{"self":[{"href":"https:\/\/sandzakpress.net\/arhiva\/wp-json\/wp\/v2\/posts\/54186"}],"collection":[{"href":"https:\/\/sandzakpress.net\/arhiva\/wp-json\/wp\/v2\/posts"}],"about":[{"href":"https:\/\/sandzakpress.net\/arhiva\/wp-json\/wp\/v2\/types\/post"}],"author":[{"embeddable":true,"href":"https:\/\/sandzakpress.net\/arhiva\/wp-json\/wp\/v2\/users\/83"}],"replies":[{"embeddable":true,"href":"https:\/\/sandzakpress.net\/arhiva\/wp-json\/wp\/v2\/comments?post=54186"}],"version-history":[{"count":0,"href":"https:\/\/sandzakpress.net\/arhiva\/wp-json\/wp\/v2\/posts\/54186\/revisions"}],"wp:featuredmedia":[{"embeddable":true,"href":"https:\/\/sandzakpress.net\/arhiva\/wp-json\/wp\/v2\/media\/54188"}],"wp:attachment":[{"href":"https:\/\/sandzakpress.net\/arhiva\/wp-json\/wp\/v2\/media?parent=54186"}],"wp:term":[{"taxonomy":"category","embeddable":true,"href":"https:\/\/sandzakpress.net\/arhiva\/wp-json\/wp\/v2\/categories?post=54186"},{"taxonomy":"post_tag","embeddable":true,"href":"https:\/\/sandzakpress.net\/arhiva\/wp-json\/wp\/v2\/tags?post=54186"}],"curies":[{"name":"wp","href":"https:\/\/api.w.org\/{rel}","templated":true}]}}