{"id":53829,"date":"2012-10-22T15:49:52","date_gmt":"2012-10-22T13:49:52","guid":{"rendered":"https:\/\/sandzakpress.net\/arhiva\/?p=53829"},"modified":"2012-10-22T15:49:52","modified_gmt":"2012-10-22T13:49:52","slug":"u-petak-kurban-bajram-i-na-kosovu","status":"publish","type":"post","link":"https:\/\/sandzakpress.net\/arhiva\/u-petak-kurban-bajram-i-na-kosovu\/","title":{"rendered":"U petak Kurban-bajram i na Kosovu"},"content":{"rendered":"<p><strong><a href=\"https:\/\/sandzakpress.net\/arhiva\/wp-content\/uploads\/2012\/10\/copyright_aabadoluajansi_2012_20121022134736.jpg\"><img loading=\"lazy\" decoding=\"async\" class=\"alignleft size-medium wp-image-53831\" title=\"copyright_aabadoluajansi_2012_20121022134736\" src=\"https:\/\/sandzakpress.net\/arhiva\/wp-content\/uploads\/2012\/10\/copyright_aabadoluajansi_2012_20121022134736-300x208.jpg\" alt=\"\" width=\"300\" height=\"208\" \/><\/a>Kosovo &#8211; Prvi dan Kurban-bajrama na Kosovu bit \u0107e odr\u017ean u petak, 26. oktobra ove godine, a ne u \u010detvrtak, 25. oktobra kako je to ranije planirano, potvr\u0111eno je agenciji Anadolija iz vi\u0161e izvora.<\/strong><\/p>\n<p>Ovu informaciju je, izme\u0111u ostalog, potvrdio i glasnogovornik Islamske zajednice Kosova Ahmet Sadriu. U me\u0111uvremenu, Islamska zajednica Kosova oglasila se i saop\u0107enjem za javnost.<\/p>\n<p>Sadriu je objasnio da je odluka o pomjeraju datuma prvog dana Kurban-bajrama donesena jer je definitivno potvr\u0111eno da \u0107e se dan Arefata odr\u017eati 25. oktobra. To zna\u010di, pojasnio je, da prvi dan Kurban-bajrama mora biti odr\u017ean dan kasnije, u petak.<\/p>\n<p>&#8220;Definitivno Dan Kurban-bajram je u petak&#8221;, rekao je Sadriu.<\/p>\n<p>Kruban-bajram \u0107e u petak bit obilje\u017een u Bosni i Hercegovini, Crnoj Gori, Srbiji, Hrvatskoj i Sloveniji, dok \u0107e se u Makedoniji i Albaniji Krban-bajram slaviti u \u010detvrtak, 25. oktobra, kao i u Turskoj.<\/p>\n<p>Prema informacijama agencije Anadolija, odluku o Kruban-bajramu bi mogla promijeniti i Islamska zajednica u Makedoniji, ali, za sada, tu informaciju niko nije bio spreman potvrditi.<\/p>\n<p>(Anadolu)<\/p>\n","protected":false},"excerpt":{"rendered":"<p>Kosovo &#8211; Prvi dan Kurban-bajrama na Kosovu bit \u0107e odr\u017ean u petak, 26. oktobra ove godine, a ne u \u010detvrtak, 25. oktobra kako je to ranije planirano, potvr\u0111eno je agenciji Anadolija iz vi\u0161e izvora. Ovu informaciju je, izme\u0111u ostalog, potvrdio i glasnogovornik Islamske zajednice Kosova Ahmet Sadriu. U me\u0111uvremenu, Islamska zajednica Kosova oglasila se i [&hellip;]<\/p>\n","protected":false},"author":83,"featured_media":53831,"comment_status":"open","ping_status":"open","sticky":false,"template":"","format":"standard","meta":{"footnotes":""},"categories":[2690,802,8957],"tags":[],"class_list":{"0":"post-53829","1":"post","2":"type-post","3":"status-publish","4":"format-standard","5":"has-post-thumbnail","7":"category-kosovo-gradovi","8":"category-islamska_zajednica","9":"category-vijesti-dana"},"yoast_head":"<!-- This site is optimized with the Yoast SEO Premium plugin v23.1 (Yoast SEO v24.9) - https:\/\/yoast.com\/wordpress\/plugins\/seo\/ -->\n<title>U petak Kurban-bajram i na Kosovu<\/title>\n<meta name=\"robots\" content=\"index, follow, max-snippet:-1, max-image-preview:large, max-video-preview:-1\" \/>\n<link rel=\"canonical\" href=\"https:\/\/sandzakpress.net\/arhiva\/u-petak-kurban-bajram-i-na-kosovu\/\" \/>\n<meta property=\"og:locale\" content=\"bs_BA\" \/>\n<meta property=\"og:type\" content=\"article\" \/>\n<meta property=\"og:title\" content=\"U petak Kurban-bajram i na Kosovu\" \/>\n<meta property=\"og:description\" content=\"Kosovo &#8211; Prvi dan Kurban-bajrama na Kosovu bit \u0107e odr\u017ean u petak, 26. oktobra ove godine, a ne u \u010detvrtak, 25. oktobra kako je to ranije planirano, potvr\u0111eno je agenciji Anadolija iz vi\u0161e izvora. Ovu informaciju je, izme\u0111u ostalog, potvrdio i glasnogovornik Islamske zajednice Kosova Ahmet Sadriu. U me\u0111uvremenu, Islamska zajednica Kosova oglasila se i [&hellip;]\" \/>\n<meta property=\"og:url\" content=\"https:\/\/sandzakpress.net\/arhiva\/u-petak-kurban-bajram-i-na-kosovu\/\" \/>\n<meta property=\"og:site_name\" content=\"Sand\u017eak PRESS\" \/>\n<meta property=\"article:published_time\" content=\"2012-10-22T13:49:52+00:00\" \/>\n<meta property=\"og:image\" content=\"https:\/\/sandzakpress.net\/arhiva\/wp-content\/uploads\/2012\/10\/copyright_aabadoluajansi_2012_20121022134736.jpg\" \/>\n\t<meta property=\"og:image:width\" content=\"609\" \/>\n\t<meta property=\"og:image:height\" content=\"424\" \/>\n\t<meta property=\"og:image:type\" content=\"image\/jpeg\" \/>\n<meta name=\"author\" content=\"bosniak\" \/>\n<meta name=\"twitter:card\" content=\"summary_large_image\" \/>\n<meta name=\"twitter:label1\" content=\"Written by\" \/>\n\t<meta name=\"twitter:data1\" content=\"bosniak\" \/>\n\t<meta name=\"twitter:label2\" content=\"Est. reading time\" \/>\n\t<meta name=\"twitter:data2\" content=\"1 minuta\" \/>\n<script type=\"application\/ld+json\" class=\"yoast-schema-graph\">{\"@context\":\"https:\/\/schema.org\",\"@graph\":[{\"@type\":\"Article\",\"@id\":\"https:\/\/sandzakpress.net\/arhiva\/u-petak-kurban-bajram-i-na-kosovu\/#article\",\"isPartOf\":{\"@id\":\"https:\/\/sandzakpress.net\/arhiva\/u-petak-kurban-bajram-i-na-kosovu\/\"},\"author\":{\"name\":\"bosniak\",\"@id\":\"https:\/\/sandzakpress.net\/arhiva\/#\/schema\/person\/c8baee722073534b583ea7bdb2e36c02\"},\"headline\":\"U petak Kurban-bajram i na Kosovu\",\"datePublished\":\"2012-10-22T13:49:52+00:00\",\"mainEntityOfPage\":{\"@id\":\"https:\/\/sandzakpress.net\/arhiva\/u-petak-kurban-bajram-i-na-kosovu\/\"},\"wordCount\":179,\"commentCount\":0,\"publisher\":{\"@id\":\"https:\/\/sandzakpress.net\/arhiva\/#\/schema\/person\/6e72b67d6e51910a1117b3b483ba20bd\"},\"image\":{\"@id\":\"https:\/\/sandzakpress.net\/arhiva\/u-petak-kurban-bajram-i-na-kosovu\/#primaryimage\"},\"thumbnailUrl\":\"https:\/\/sandzakpress.net\/arhiva\/wp-content\/uploads\/2012\/10\/copyright_aabadoluajansi_2012_20121022134736.jpg\",\"articleSection\":[\"Kosovo\",\"Islamska zajednica\",\"VIJESTI DANA\"],\"inLanguage\":\"bs-BA\",\"potentialAction\":[{\"@type\":\"CommentAction\",\"name\":\"Comment\",\"target\":[\"https:\/\/sandzakpress.net\/arhiva\/u-petak-kurban-bajram-i-na-kosovu\/#respond\"]}]},{\"@type\":\"WebPage\",\"@id\":\"https:\/\/sandzakpress.net\/arhiva\/u-petak-kurban-bajram-i-na-kosovu\/\",\"url\":\"https:\/\/sandzakpress.net\/arhiva\/u-petak-kurban-bajram-i-na-kosovu\/\",\"name\":\"U petak Kurban-bajram i na Kosovu\",\"isPartOf\":{\"@id\":\"https:\/\/sandzakpress.net\/arhiva\/#website\"},\"primaryImageOfPage\":{\"@id\":\"https:\/\/sandzakpress.net\/arhiva\/u-petak-kurban-bajram-i-na-kosovu\/#primaryimage\"},\"image\":{\"@id\":\"https:\/\/sandzakpress.net\/arhiva\/u-petak-kurban-bajram-i-na-kosovu\/#primaryimage\"},\"thumbnailUrl\":\"https:\/\/sandzakpress.net\/arhiva\/wp-content\/uploads\/2012\/10\/copyright_aabadoluajansi_2012_20121022134736.jpg\",\"datePublished\":\"2012-10-22T13:49:52+00:00\",\"breadcrumb\":{\"@id\":\"https:\/\/sandzakpress.net\/arhiva\/u-petak-kurban-bajram-i-na-kosovu\/#breadcrumb\"},\"inLanguage\":\"bs-BA\",\"potentialAction\":[{\"@type\":\"ReadAction\",\"target\":[\"https:\/\/sandzakpress.net\/arhiva\/u-petak-kurban-bajram-i-na-kosovu\/\"]}]},{\"@type\":\"ImageObject\",\"inLanguage\":\"bs-BA\",\"@id\":\"https:\/\/sandzakpress.net\/arhiva\/u-petak-kurban-bajram-i-na-kosovu\/#primaryimage\",\"url\":\"https:\/\/sandzakpress.net\/arhiva\/wp-content\/uploads\/2012\/10\/copyright_aabadoluajansi_2012_20121022134736.jpg\",\"contentUrl\":\"https:\/\/sandzakpress.net\/arhiva\/wp-content\/uploads\/2012\/10\/copyright_aabadoluajansi_2012_20121022134736.jpg\",\"width\":609,\"height\":424},{\"@type\":\"BreadcrumbList\",\"@id\":\"https:\/\/sandzakpress.net\/arhiva\/u-petak-kurban-bajram-i-na-kosovu\/#breadcrumb\",\"itemListElement\":[{\"@type\":\"ListItem\",\"position\":1,\"name\":\"Home\",\"item\":\"https:\/\/sandzakpress.net\/arhiva\/\"},{\"@type\":\"ListItem\",\"position\":2,\"name\":\"U petak Kurban-bajram i na Kosovu\"}]},{\"@type\":\"WebSite\",\"@id\":\"https:\/\/sandzakpress.net\/arhiva\/#website\",\"url\":\"https:\/\/sandzakpress.net\/arhiva\/\",\"name\":\"Sand\u017eak PRESS\",\"description\":\"Prve elektronske novine u Sand\u017eaku\",\"publisher\":{\"@id\":\"https:\/\/sandzakpress.net\/arhiva\/#\/schema\/person\/6e72b67d6e51910a1117b3b483ba20bd\"},\"potentialAction\":[{\"@type\":\"SearchAction\",\"target\":{\"@type\":\"EntryPoint\",\"urlTemplate\":\"https:\/\/sandzakpress.net\/arhiva\/?s={search_term_string}\"},\"query-input\":{\"@type\":\"PropertyValueSpecification\",\"valueRequired\":true,\"valueName\":\"search_term_string\"}}],\"inLanguage\":\"bs-BA\"},{\"@type\":[\"Person\",\"Organization\"],\"@id\":\"https:\/\/sandzakpress.net\/arhiva\/#\/schema\/person\/6e72b67d6e51910a1117b3b483ba20bd\",\"name\":\"Kul\",\"image\":{\"@type\":\"ImageObject\",\"inLanguage\":\"bs-BA\",\"@id\":\"https:\/\/sandzakpress.net\/arhiva\/#\/schema\/person\/image\/\",\"url\":\"https:\/\/secure.gravatar.com\/avatar\/42263f39aa27ac04c43cab85c280eb2e?s=96&d=mm&r=pg\",\"contentUrl\":\"https:\/\/secure.gravatar.com\/avatar\/42263f39aa27ac04c43cab85c280eb2e?s=96&d=mm&r=pg\",\"caption\":\"Kul\"},\"logo\":{\"@id\":\"https:\/\/sandzakpress.net\/arhiva\/#\/schema\/person\/image\/\"}},{\"@type\":\"Person\",\"@id\":\"https:\/\/sandzakpress.net\/arhiva\/#\/schema\/person\/c8baee722073534b583ea7bdb2e36c02\",\"name\":\"bosniak\",\"image\":{\"@type\":\"ImageObject\",\"inLanguage\":\"bs-BA\",\"@id\":\"https:\/\/sandzakpress.net\/arhiva\/#\/schema\/person\/image\/\",\"url\":\"https:\/\/secure.gravatar.com\/avatar\/a04fd330bfe3a36a72a0ad4a6d89fca7?s=96&d=mm&r=pg\",\"contentUrl\":\"https:\/\/secure.gravatar.com\/avatar\/a04fd330bfe3a36a72a0ad4a6d89fca7?s=96&d=mm&r=pg\",\"caption\":\"bosniak\"},\"url\":\"https:\/\/sandzakpress.net\/arhiva\/author\/bosniak\/\"}]}<\/script>\n<!-- \/ Yoast SEO Premium plugin. -->","yoast_head_json":{"title":"U petak Kurban-bajram i na Kosovu","robots":{"index":"index","follow":"follow","max-snippet":"max-snippet:-1","max-image-preview":"max-image-preview:large","max-video-preview":"max-video-preview:-1"},"canonical":"https:\/\/sandzakpress.net\/arhiva\/u-petak-kurban-bajram-i-na-kosovu\/","og_locale":"bs_BA","og_type":"article","og_title":"U petak Kurban-bajram i na Kosovu","og_description":"Kosovo &#8211; Prvi dan Kurban-bajrama na Kosovu bit \u0107e odr\u017ean u petak, 26. oktobra ove godine, a ne u \u010detvrtak, 25. oktobra kako je to ranije planirano, potvr\u0111eno je agenciji Anadolija iz vi\u0161e izvora. Ovu informaciju je, izme\u0111u ostalog, potvrdio i glasnogovornik Islamske zajednice Kosova Ahmet Sadriu. U me\u0111uvremenu, Islamska zajednica Kosova oglasila se i [&hellip;]","og_url":"https:\/\/sandzakpress.net\/arhiva\/u-petak-kurban-bajram-i-na-kosovu\/","og_site_name":"Sand\u017eak PRESS","article_published_time":"2012-10-22T13:49:52+00:00","og_image":[{"width":609,"height":424,"url":"https:\/\/sandzakpress.net\/arhiva\/wp-content\/uploads\/2012\/10\/copyright_aabadoluajansi_2012_20121022134736.jpg","type":"image\/jpeg"}],"author":"bosniak","twitter_card":"summary_large_image","twitter_misc":{"Written by":"bosniak","Est. reading time":"1 minuta"},"schema":{"@context":"https:\/\/schema.org","@graph":[{"@type":"Article","@id":"https:\/\/sandzakpress.net\/arhiva\/u-petak-kurban-bajram-i-na-kosovu\/#article","isPartOf":{"@id":"https:\/\/sandzakpress.net\/arhiva\/u-petak-kurban-bajram-i-na-kosovu\/"},"author":{"name":"bosniak","@id":"https:\/\/sandzakpress.net\/arhiva\/#\/schema\/person\/c8baee722073534b583ea7bdb2e36c02"},"headline":"U petak Kurban-bajram i na Kosovu","datePublished":"2012-10-22T13:49:52+00:00","mainEntityOfPage":{"@id":"https:\/\/sandzakpress.net\/arhiva\/u-petak-kurban-bajram-i-na-kosovu\/"},"wordCount":179,"commentCount":0,"publisher":{"@id":"https:\/\/sandzakpress.net\/arhiva\/#\/schema\/person\/6e72b67d6e51910a1117b3b483ba20bd"},"image":{"@id":"https:\/\/sandzakpress.net\/arhiva\/u-petak-kurban-bajram-i-na-kosovu\/#primaryimage"},"thumbnailUrl":"https:\/\/sandzakpress.net\/arhiva\/wp-content\/uploads\/2012\/10\/copyright_aabadoluajansi_2012_20121022134736.jpg","articleSection":["Kosovo","Islamska zajednica","VIJESTI DANA"],"inLanguage":"bs-BA","potentialAction":[{"@type":"CommentAction","name":"Comment","target":["https:\/\/sandzakpress.net\/arhiva\/u-petak-kurban-bajram-i-na-kosovu\/#respond"]}]},{"@type":"WebPage","@id":"https:\/\/sandzakpress.net\/arhiva\/u-petak-kurban-bajram-i-na-kosovu\/","url":"https:\/\/sandzakpress.net\/arhiva\/u-petak-kurban-bajram-i-na-kosovu\/","name":"U petak Kurban-bajram i na Kosovu","isPartOf":{"@id":"https:\/\/sandzakpress.net\/arhiva\/#website"},"primaryImageOfPage":{"@id":"https:\/\/sandzakpress.net\/arhiva\/u-petak-kurban-bajram-i-na-kosovu\/#primaryimage"},"image":{"@id":"https:\/\/sandzakpress.net\/arhiva\/u-petak-kurban-bajram-i-na-kosovu\/#primaryimage"},"thumbnailUrl":"https:\/\/sandzakpress.net\/arhiva\/wp-content\/uploads\/2012\/10\/copyright_aabadoluajansi_2012_20121022134736.jpg","datePublished":"2012-10-22T13:49:52+00:00","breadcrumb":{"@id":"https:\/\/sandzakpress.net\/arhiva\/u-petak-kurban-bajram-i-na-kosovu\/#breadcrumb"},"inLanguage":"bs-BA","potentialAction":[{"@type":"ReadAction","target":["https:\/\/sandzakpress.net\/arhiva\/u-petak-kurban-bajram-i-na-kosovu\/"]}]},{"@type":"ImageObject","inLanguage":"bs-BA","@id":"https:\/\/sandzakpress.net\/arhiva\/u-petak-kurban-bajram-i-na-kosovu\/#primaryimage","url":"https:\/\/sandzakpress.net\/arhiva\/wp-content\/uploads\/2012\/10\/copyright_aabadoluajansi_2012_20121022134736.jpg","contentUrl":"https:\/\/sandzakpress.net\/arhiva\/wp-content\/uploads\/2012\/10\/copyright_aabadoluajansi_2012_20121022134736.jpg","width":609,"height":424},{"@type":"BreadcrumbList","@id":"https:\/\/sandzakpress.net\/arhiva\/u-petak-kurban-bajram-i-na-kosovu\/#breadcrumb","itemListElement":[{"@type":"ListItem","position":1,"name":"Home","item":"https:\/\/sandzakpress.net\/arhiva\/"},{"@type":"ListItem","position":2,"name":"U petak Kurban-bajram i na Kosovu"}]},{"@type":"WebSite","@id":"https:\/\/sandzakpress.net\/arhiva\/#website","url":"https:\/\/sandzakpress.net\/arhiva\/","name":"Sand\u017eak PRESS","description":"Prve elektronske novine u Sand\u017eaku","publisher":{"@id":"https:\/\/sandzakpress.net\/arhiva\/#\/schema\/person\/6e72b67d6e51910a1117b3b483ba20bd"},"potentialAction":[{"@type":"SearchAction","target":{"@type":"EntryPoint","urlTemplate":"https:\/\/sandzakpress.net\/arhiva\/?s={search_term_string}"},"query-input":{"@type":"PropertyValueSpecification","valueRequired":true,"valueName":"search_term_string"}}],"inLanguage":"bs-BA"},{"@type":["Person","Organization"],"@id":"https:\/\/sandzakpress.net\/arhiva\/#\/schema\/person\/6e72b67d6e51910a1117b3b483ba20bd","name":"Kul","image":{"@type":"ImageObject","inLanguage":"bs-BA","@id":"https:\/\/sandzakpress.net\/arhiva\/#\/schema\/person\/image\/","url":"https:\/\/secure.gravatar.com\/avatar\/42263f39aa27ac04c43cab85c280eb2e?s=96&d=mm&r=pg","contentUrl":"https:\/\/secure.gravatar.com\/avatar\/42263f39aa27ac04c43cab85c280eb2e?s=96&d=mm&r=pg","caption":"Kul"},"logo":{"@id":"https:\/\/sandzakpress.net\/arhiva\/#\/schema\/person\/image\/"}},{"@type":"Person","@id":"https:\/\/sandzakpress.net\/arhiva\/#\/schema\/person\/c8baee722073534b583ea7bdb2e36c02","name":"bosniak","image":{"@type":"ImageObject","inLanguage":"bs-BA","@id":"https:\/\/sandzakpress.net\/arhiva\/#\/schema\/person\/image\/","url":"https:\/\/secure.gravatar.com\/avatar\/a04fd330bfe3a36a72a0ad4a6d89fca7?s=96&d=mm&r=pg","contentUrl":"https:\/\/secure.gravatar.com\/avatar\/a04fd330bfe3a36a72a0ad4a6d89fca7?s=96&d=mm&r=pg","caption":"bosniak"},"url":"https:\/\/sandzakpress.net\/arhiva\/author\/bosniak\/"}]}},"_links":{"self":[{"href":"https:\/\/sandzakpress.net\/arhiva\/wp-json\/wp\/v2\/posts\/53829"}],"collection":[{"href":"https:\/\/sandzakpress.net\/arhiva\/wp-json\/wp\/v2\/posts"}],"about":[{"href":"https:\/\/sandzakpress.net\/arhiva\/wp-json\/wp\/v2\/types\/post"}],"author":[{"embeddable":true,"href":"https:\/\/sandzakpress.net\/arhiva\/wp-json\/wp\/v2\/users\/83"}],"replies":[{"embeddable":true,"href":"https:\/\/sandzakpress.net\/arhiva\/wp-json\/wp\/v2\/comments?post=53829"}],"version-history":[{"count":0,"href":"https:\/\/sandzakpress.net\/arhiva\/wp-json\/wp\/v2\/posts\/53829\/revisions"}],"wp:featuredmedia":[{"embeddable":true,"href":"https:\/\/sandzakpress.net\/arhiva\/wp-json\/wp\/v2\/media\/53831"}],"wp:attachment":[{"href":"https:\/\/sandzakpress.net\/arhiva\/wp-json\/wp\/v2\/media?parent=53829"}],"wp:term":[{"taxonomy":"category","embeddable":true,"href":"https:\/\/sandzakpress.net\/arhiva\/wp-json\/wp\/v2\/categories?post=53829"},{"taxonomy":"post_tag","embeddable":true,"href":"https:\/\/sandzakpress.net\/arhiva\/wp-json\/wp\/v2\/tags?post=53829"}],"curies":[{"name":"wp","href":"https:\/\/api.w.org\/{rel}","templated":true}]}}