{"id":53765,"date":"2012-10-20T22:20:03","date_gmt":"2012-10-20T20:20:03","guid":{"rendered":"https:\/\/sandzakpress.net\/arhiva\/?p=53765"},"modified":"2012-10-20T22:27:22","modified_gmt":"2012-10-20T20:27:22","slug":"sta-je-rasim-ljajic-uradio-na-stetu-sandzaku-od-izbora-2012","status":"publish","type":"post","link":"https:\/\/sandzakpress.net\/arhiva\/sta-je-rasim-ljajic-uradio-na-stetu-sandzaku-od-izbora-2012\/","title":{"rendered":"\u0160ta je Rasim Ljaji\u0107 uradio na \u0161tetu Sand\u017eaku od Izbora 2012."},"content":{"rendered":"<h3><a href=\"https:\/\/sandzakpress.net\/arhiva\/wp-content\/uploads\/2012\/10\/rasim-ljajic-527.jpg\"><img loading=\"lazy\" decoding=\"async\" class=\"aligncenter size-full wp-image-53774\" title=\"rasim-ljajic-527\" src=\"https:\/\/sandzakpress.net\/arhiva\/wp-content\/uploads\/2012\/10\/rasim-ljajic-527.jpg\" alt=\"\" width=\"616\" height=\"362\" \/><\/a><\/h3>\n<p><strong>Sjeverni Sand\u017eak &#8211; \u0160ta je Rasim Ljaji\u0107 u\u010dini protiv Sand\u017eaka u periodu vladavine od Izbora u Maju 2012.:<\/strong><\/p>\n<h3><a href=\"https:\/\/sandzakpress.net\/arhiva\/muftija-ljajicu-dalje-prste-od-iz-da-se-ne-oprzis\">1. Ljaji\u0107 najavio osnivanje tre\u0107e Islamske zajednice<\/a><\/h3>\n<h3><a href=\"https:\/\/sandzakpress.net\/arhiva\/ugljanin-i-ljajic-zajedno-promovisu-tadica\">2. Ljaji\u0107 aktivno promovisao Borisa Tadi\u0107a u kampanji za Predsjednika Srbije<\/a><\/h3>\n<h3><a href=\"https:\/\/sandzakpress.net\/arhiva\/ljajic-adem-ljajic-ce-pjevati-himnu-pogrijesio-je\">3. Ljaji\u0107 obe\u0107ao da \u0107e Adem Ljaji\u0107 pjevati srpsku himnu<\/a><\/h3>\n<h3><a href=\"https:\/\/sandzakpress.net\/arhiva\/ljajic-uhapsiti-zukorlica-zbog-kriminala\">4. Ljaji\u0107 pozvao na hap\u0161enje Muftije Zukorli\u0107a<\/a><\/h3>\n<h3><a href=\"https:\/\/sandzakpress.net\/arhiva\/sda-i-sdp-dogovorile-mahmutovic-gradonacelnik-i-srbi-ulaze-u-vlast\">5. Ljaji\u0107eva SDP u\u0161la u koaliciju sa SDA u Sand\u017eaku<\/a><\/h3>\n<h3><a href=\"https:\/\/sandzakpress.net\/arhiva\/ljajic-nikolic-ne-zna-biti-predsjednik\">6. Ljaji\u0107 vrije\u0111ao Predsjednika Srbije Tomislava Nikoli\u0107a<\/a><\/h3>\n<h3><a href=\"https:\/\/sandzakpress.net\/arhiva\/ljajic-bolje-vlada-sa-sns-nego-novi-izbori\">7. Ljaji\u0107 pozvao na formiranje Vlade sa Tomislavom Nikoli\u0107em<\/a><\/h3>\n<h3><a href=\"https:\/\/sandzakpress.net\/arhiva\/dali-smo-podrsku-ljajicu-ako-nas-ne-primi-slijede-blokade-puteva-video\">8. Protest Srba u Novom Pazaru zbog neispunjenih Ljaji\u0107evih obe\u0107anja<\/a><\/h3>\n<h3><a href=\"https:\/\/sandzakpress.net\/arhiva\/ljajic-ipak-ulazi-u-vladu-da-bi-sprijecio-muftiju-da-preuzme-sandzak\">9. Ljaji\u0107 ulazi u Vladu sa Nikoli\u0107em, da bi sprije\u010dio Muftiju da preuzme Sand\u017eak<\/a><\/h3>\n<h3><a href=\"https:\/\/sandzakpress.net\/arhiva\/ljajic-napustam-vladu-ako-sruse-vlast-u-beogradu\">10 Ljaji\u0107 obe\u0107ao da \u0107e sru\u0161iti Vladu ako se smijeni \u0110ilas u Beogradu<\/a><\/h3>\n<h3><a href=\"https:\/\/sandzakpress.net\/arhiva\/ljajicu-pripala-nadleznost-nad-sumama-u-srbiji\">11. Ljaji\u0107 uni\u0161tava \u0161ume u Sand\u017eaku<\/a><\/h3>\n<h3><a href=\"https:\/\/sandzakpress.net\/arhiva\/ljajic-nisam-zadovoljan-turskim-ulaganjima-u-srbiju-i-sandzak\">12. Ljaji\u0107 kritikovao Tursku<\/a><\/h3>\n<h3><a href=\"https:\/\/sandzakpress.net\/arhiva\/elfic-kritikovao-a-palma-branio-rad-ugljanina-i-ljajica-u-skupstini-srbije\">13. Ljaji\u0107a kritikovao Elfi\u0107, a branio Palma u Skup\u0161tini Srbije<\/a><\/h3>\n<h3><a href=\"https:\/\/sandzakpress.net\/arhiva\/ljajic-ostaje-predsednik-saveta-za-saradnju-sa-hagom\">14. Ljaji\u0107 nastavlja braniti tvorce genocida u Bosni \u2013 Karad\u017ei\u0107a i Mladi\u0107a<\/a><\/h3>\n<h3><a href=\"https:\/\/sandzakpress.net\/arhiva\/rasim-ljajic-osudio-postavljanje-table-acif-efendiji-u-novom-pazaru\">15. Ljaji\u0107 osudio postavljanje table A\u0107if-efendiji<\/a><\/h3>\n<h3><a href=\"https:\/\/sandzakpress.net\/arhiva\/ljajic-nikakve-veze-nemamo-ni-ja-ni-stranka-sa-navijackim-grupama\">16. Ljaji\u0107 se ogradio od navija\u010dkih grupa u Novom Pazaru<\/a><\/h3>\n<h3><a href=\"https:\/\/sandzakpress.net\/arhiva\/ljajic-protestuje-zbovg-uvodenja-albanskog-pozivnog-broja-355-na-kosovu\" target=\"_self\">17. Ljaji\u0107 protestvovao zbog uvo\u0111enja albanskog pozivnog broja na Kosovu<\/a><\/h3>\n<h3><a href=\"https:\/\/sandzakpress.net\/arhiva\/ljajic-nastavlja-poslove-odbrane-zlocinaca-pred-hagom-i-istrage-trgovine-organima-na-kosovu\">18. Ljaji\u0107 postavljen da istra\u017euje trgovinu organima na Kosovu<\/a><\/h3>\n<h3><a href=\"https:\/\/sandzakpress.net\/arhiva\/gegic-optuzuje-ljajica-i-ugljanina-za-ubistvo-ruzdije-durovica\">19. Gegi\u0107 optu\u017eio Ljaji\u0107a za naru\u010divanje ubistva rah. Ru\u017edije Durovi\u0107a<\/a><\/h3>\n<h3><a href=\"https:\/\/sandzakpress.net\/arhiva\/protest-za-vjeronauku-fotovideo\">20. Kao potpredsjednik Vlade Srbije ima udjela u istjerivanju vjerou\u010ditelja iz osnovnih i srednjih \u0161kola<\/a><\/h3>\n<p>Sand\u017eak PRESS \u0107e vas redovno izvje\u0161tavati o \u0161tetnom djelovanju ministra Rasima Ljaji\u0107a koje je usmjereno direktno ka uni\u0161tavanju svega \u0161to je istinski islamsko, bo\u0161nja\u010dko, sand\u017ea\u010dko i ljudsko u Novom Pazaru, Tutinu, Sjenici, Prijepolju, Priboju i Novoj Varo\u0161i, sve dok se njegovo djelovanje ne promijeni ili dok ne bude izgubio vlast na sand\u017ea\u010dkom i srbijanskom nivou i izgubio mo\u0107 da \u010dini \u0161tetne stvari prema na\u0161em narodu.<\/p>\n<p>(Sand\u017eak PRESS)<\/p>\n","protected":false},"excerpt":{"rendered":"<p>Sjeverni Sand\u017eak &#8211; \u0160ta je Rasim Ljaji\u0107 u\u010dini protiv Sand\u017eaka u periodu vladavine od Izbora u Maju 2012.: 1. Ljaji\u0107 najavio osnivanje tre\u0107e Islamske zajednice 2. Ljaji\u0107 aktivno promovisao Borisa Tadi\u0107a u kampanji za Predsjednika Srbije 3. Ljaji\u0107 obe\u0107ao da \u0107e Adem Ljaji\u0107 pjevati srpsku himnu 4. Ljaji\u0107 pozvao na hap\u0161enje Muftije Zukorli\u0107a 5. Ljaji\u0107eva [&hellip;]<\/p>\n","protected":false},"author":83,"featured_media":53774,"comment_status":"open","ping_status":"open","sticky":false,"template":"","format":"standard","meta":{"footnotes":""},"categories":[72,1,52,327,392,393,394,8957],"tags":[],"class_list":{"0":"post-53765","1":"post","2":"type-post","3":"status-publish","4":"format-standard","5":"has-post-thumbnail","7":"category-novi-pazar","8":"category-politika","9":"category-sjenica","10":"category-tutin","11":"category-prijepolje_","12":"category-priboj","13":"category-nova-varos","14":"category-vijesti-dana"},"yoast_head":"<!-- This site is optimized with the Yoast SEO Premium plugin v23.1 (Yoast SEO v24.9) - https:\/\/yoast.com\/wordpress\/plugins\/seo\/ -->\n<title>\u0160ta je Rasim Ljaji\u0107 uradio na \u0161tetu Sand\u017eaku od Izbora 2012.<\/title>\n<meta name=\"robots\" content=\"index, follow, max-snippet:-1, max-image-preview:large, max-video-preview:-1\" \/>\n<link rel=\"canonical\" href=\"https:\/\/sandzakpress.net\/arhiva\/sta-je-rasim-ljajic-uradio-na-stetu-sandzaku-od-izbora-2012\/\" \/>\n<meta property=\"og:locale\" content=\"bs_BA\" \/>\n<meta property=\"og:type\" content=\"article\" \/>\n<meta property=\"og:title\" content=\"\u0160ta je Rasim Ljaji\u0107 uradio na \u0161tetu Sand\u017eaku od Izbora 2012.\" \/>\n<meta property=\"og:description\" content=\"Sjeverni Sand\u017eak &#8211; \u0160ta je Rasim Ljaji\u0107 u\u010dini protiv Sand\u017eaka u periodu vladavine od Izbora u Maju 2012.: 1. Ljaji\u0107 najavio osnivanje tre\u0107e Islamske zajednice 2. Ljaji\u0107 aktivno promovisao Borisa Tadi\u0107a u kampanji za Predsjednika Srbije 3. Ljaji\u0107 obe\u0107ao da \u0107e Adem Ljaji\u0107 pjevati srpsku himnu 4. Ljaji\u0107 pozvao na hap\u0161enje Muftije Zukorli\u0107a 5. Ljaji\u0107eva [&hellip;]\" \/>\n<meta property=\"og:url\" content=\"https:\/\/sandzakpress.net\/arhiva\/sta-je-rasim-ljajic-uradio-na-stetu-sandzaku-od-izbora-2012\/\" \/>\n<meta property=\"og:site_name\" content=\"Sand\u017eak PRESS\" \/>\n<meta property=\"article:published_time\" content=\"2012-10-20T20:20:03+00:00\" \/>\n<meta property=\"article:modified_time\" content=\"2012-10-20T20:27:22+00:00\" \/>\n<meta property=\"og:image\" content=\"https:\/\/sandzakpress.net\/arhiva\/wp-content\/uploads\/2012\/10\/rasim-ljajic-527.jpg\" \/>\n\t<meta property=\"og:image:width\" content=\"616\" \/>\n\t<meta property=\"og:image:height\" content=\"362\" \/>\n\t<meta property=\"og:image:type\" content=\"image\/jpeg\" \/>\n<meta name=\"author\" content=\"bosniak\" \/>\n<meta name=\"twitter:card\" content=\"summary_large_image\" \/>\n<meta name=\"twitter:label1\" content=\"Written by\" \/>\n\t<meta name=\"twitter:data1\" content=\"bosniak\" \/>\n\t<meta name=\"twitter:label2\" content=\"Est. reading time\" \/>\n\t<meta name=\"twitter:data2\" content=\"2 minute\" \/>\n<script type=\"application\/ld+json\" class=\"yoast-schema-graph\">{\"@context\":\"https:\/\/schema.org\",\"@graph\":[{\"@type\":\"Article\",\"@id\":\"https:\/\/sandzakpress.net\/arhiva\/sta-je-rasim-ljajic-uradio-na-stetu-sandzaku-od-izbora-2012\/#article\",\"isPartOf\":{\"@id\":\"https:\/\/sandzakpress.net\/arhiva\/sta-je-rasim-ljajic-uradio-na-stetu-sandzaku-od-izbora-2012\/\"},\"author\":{\"name\":\"bosniak\",\"@id\":\"https:\/\/sandzakpress.net\/arhiva\/#\/schema\/person\/c8baee722073534b583ea7bdb2e36c02\"},\"headline\":\"\u0160ta je Rasim Ljaji\u0107 uradio na \u0161tetu Sand\u017eaku od Izbora 2012.\",\"datePublished\":\"2012-10-20T20:20:03+00:00\",\"dateModified\":\"2012-10-20T20:27:22+00:00\",\"mainEntityOfPage\":{\"@id\":\"https:\/\/sandzakpress.net\/arhiva\/sta-je-rasim-ljajic-uradio-na-stetu-sandzaku-od-izbora-2012\/\"},\"wordCount\":315,\"commentCount\":12,\"publisher\":{\"@id\":\"https:\/\/sandzakpress.net\/arhiva\/#\/schema\/person\/6e72b67d6e51910a1117b3b483ba20bd\"},\"image\":{\"@id\":\"https:\/\/sandzakpress.net\/arhiva\/sta-je-rasim-ljajic-uradio-na-stetu-sandzaku-od-izbora-2012\/#primaryimage\"},\"thumbnailUrl\":\"https:\/\/sandzakpress.net\/arhiva\/wp-content\/uploads\/2012\/10\/rasim-ljajic-527.jpg\",\"articleSection\":[\"Novi Pazar\",\"Politika\",\"Sjenica\",\"Tutin\",\"Prijepolje\",\"Priboj\",\"Nova Varo\u0161\",\"VIJESTI DANA\"],\"inLanguage\":\"bs-BA\",\"potentialAction\":[{\"@type\":\"CommentAction\",\"name\":\"Comment\",\"target\":[\"https:\/\/sandzakpress.net\/arhiva\/sta-je-rasim-ljajic-uradio-na-stetu-sandzaku-od-izbora-2012\/#respond\"]}]},{\"@type\":\"WebPage\",\"@id\":\"https:\/\/sandzakpress.net\/arhiva\/sta-je-rasim-ljajic-uradio-na-stetu-sandzaku-od-izbora-2012\/\",\"url\":\"https:\/\/sandzakpress.net\/arhiva\/sta-je-rasim-ljajic-uradio-na-stetu-sandzaku-od-izbora-2012\/\",\"name\":\"\u0160ta je Rasim Ljaji\u0107 uradio na \u0161tetu Sand\u017eaku od Izbora 2012.\",\"isPartOf\":{\"@id\":\"https:\/\/sandzakpress.net\/arhiva\/#website\"},\"primaryImageOfPage\":{\"@id\":\"https:\/\/sandzakpress.net\/arhiva\/sta-je-rasim-ljajic-uradio-na-stetu-sandzaku-od-izbora-2012\/#primaryimage\"},\"image\":{\"@id\":\"https:\/\/sandzakpress.net\/arhiva\/sta-je-rasim-ljajic-uradio-na-stetu-sandzaku-od-izbora-2012\/#primaryimage\"},\"thumbnailUrl\":\"https:\/\/sandzakpress.net\/arhiva\/wp-content\/uploads\/2012\/10\/rasim-ljajic-527.jpg\",\"datePublished\":\"2012-10-20T20:20:03+00:00\",\"dateModified\":\"2012-10-20T20:27:22+00:00\",\"breadcrumb\":{\"@id\":\"https:\/\/sandzakpress.net\/arhiva\/sta-je-rasim-ljajic-uradio-na-stetu-sandzaku-od-izbora-2012\/#breadcrumb\"},\"inLanguage\":\"bs-BA\",\"potentialAction\":[{\"@type\":\"ReadAction\",\"target\":[\"https:\/\/sandzakpress.net\/arhiva\/sta-je-rasim-ljajic-uradio-na-stetu-sandzaku-od-izbora-2012\/\"]}]},{\"@type\":\"ImageObject\",\"inLanguage\":\"bs-BA\",\"@id\":\"https:\/\/sandzakpress.net\/arhiva\/sta-je-rasim-ljajic-uradio-na-stetu-sandzaku-od-izbora-2012\/#primaryimage\",\"url\":\"https:\/\/sandzakpress.net\/arhiva\/wp-content\/uploads\/2012\/10\/rasim-ljajic-527.jpg\",\"contentUrl\":\"https:\/\/sandzakpress.net\/arhiva\/wp-content\/uploads\/2012\/10\/rasim-ljajic-527.jpg\",\"width\":616,\"height\":362},{\"@type\":\"BreadcrumbList\",\"@id\":\"https:\/\/sandzakpress.net\/arhiva\/sta-je-rasim-ljajic-uradio-na-stetu-sandzaku-od-izbora-2012\/#breadcrumb\",\"itemListElement\":[{\"@type\":\"ListItem\",\"position\":1,\"name\":\"Home\",\"item\":\"https:\/\/sandzakpress.net\/arhiva\/\"},{\"@type\":\"ListItem\",\"position\":2,\"name\":\"\u0160ta je Rasim Ljaji\u0107 uradio na \u0161tetu Sand\u017eaku od Izbora 2012.\"}]},{\"@type\":\"WebSite\",\"@id\":\"https:\/\/sandzakpress.net\/arhiva\/#website\",\"url\":\"https:\/\/sandzakpress.net\/arhiva\/\",\"name\":\"Sand\u017eak PRESS\",\"description\":\"Prve elektronske novine u Sand\u017eaku\",\"publisher\":{\"@id\":\"https:\/\/sandzakpress.net\/arhiva\/#\/schema\/person\/6e72b67d6e51910a1117b3b483ba20bd\"},\"potentialAction\":[{\"@type\":\"SearchAction\",\"target\":{\"@type\":\"EntryPoint\",\"urlTemplate\":\"https:\/\/sandzakpress.net\/arhiva\/?s={search_term_string}\"},\"query-input\":{\"@type\":\"PropertyValueSpecification\",\"valueRequired\":true,\"valueName\":\"search_term_string\"}}],\"inLanguage\":\"bs-BA\"},{\"@type\":[\"Person\",\"Organization\"],\"@id\":\"https:\/\/sandzakpress.net\/arhiva\/#\/schema\/person\/6e72b67d6e51910a1117b3b483ba20bd\",\"name\":\"Kul\",\"image\":{\"@type\":\"ImageObject\",\"inLanguage\":\"bs-BA\",\"@id\":\"https:\/\/sandzakpress.net\/arhiva\/#\/schema\/person\/image\/\",\"url\":\"https:\/\/secure.gravatar.com\/avatar\/42263f39aa27ac04c43cab85c280eb2e?s=96&d=mm&r=pg\",\"contentUrl\":\"https:\/\/secure.gravatar.com\/avatar\/42263f39aa27ac04c43cab85c280eb2e?s=96&d=mm&r=pg\",\"caption\":\"Kul\"},\"logo\":{\"@id\":\"https:\/\/sandzakpress.net\/arhiva\/#\/schema\/person\/image\/\"}},{\"@type\":\"Person\",\"@id\":\"https:\/\/sandzakpress.net\/arhiva\/#\/schema\/person\/c8baee722073534b583ea7bdb2e36c02\",\"name\":\"bosniak\",\"image\":{\"@type\":\"ImageObject\",\"inLanguage\":\"bs-BA\",\"@id\":\"https:\/\/sandzakpress.net\/arhiva\/#\/schema\/person\/image\/\",\"url\":\"https:\/\/secure.gravatar.com\/avatar\/a04fd330bfe3a36a72a0ad4a6d89fca7?s=96&d=mm&r=pg\",\"contentUrl\":\"https:\/\/secure.gravatar.com\/avatar\/a04fd330bfe3a36a72a0ad4a6d89fca7?s=96&d=mm&r=pg\",\"caption\":\"bosniak\"},\"url\":\"https:\/\/sandzakpress.net\/arhiva\/author\/bosniak\/\"}]}<\/script>\n<!-- \/ Yoast SEO Premium plugin. -->","yoast_head_json":{"title":"\u0160ta je Rasim Ljaji\u0107 uradio na \u0161tetu Sand\u017eaku od Izbora 2012.","robots":{"index":"index","follow":"follow","max-snippet":"max-snippet:-1","max-image-preview":"max-image-preview:large","max-video-preview":"max-video-preview:-1"},"canonical":"https:\/\/sandzakpress.net\/arhiva\/sta-je-rasim-ljajic-uradio-na-stetu-sandzaku-od-izbora-2012\/","og_locale":"bs_BA","og_type":"article","og_title":"\u0160ta je Rasim Ljaji\u0107 uradio na \u0161tetu Sand\u017eaku od Izbora 2012.","og_description":"Sjeverni Sand\u017eak &#8211; \u0160ta je Rasim Ljaji\u0107 u\u010dini protiv Sand\u017eaka u periodu vladavine od Izbora u Maju 2012.: 1. Ljaji\u0107 najavio osnivanje tre\u0107e Islamske zajednice 2. Ljaji\u0107 aktivno promovisao Borisa Tadi\u0107a u kampanji za Predsjednika Srbije 3. Ljaji\u0107 obe\u0107ao da \u0107e Adem Ljaji\u0107 pjevati srpsku himnu 4. Ljaji\u0107 pozvao na hap\u0161enje Muftije Zukorli\u0107a 5. Ljaji\u0107eva [&hellip;]","og_url":"https:\/\/sandzakpress.net\/arhiva\/sta-je-rasim-ljajic-uradio-na-stetu-sandzaku-od-izbora-2012\/","og_site_name":"Sand\u017eak PRESS","article_published_time":"2012-10-20T20:20:03+00:00","article_modified_time":"2012-10-20T20:27:22+00:00","og_image":[{"width":616,"height":362,"url":"https:\/\/sandzakpress.net\/arhiva\/wp-content\/uploads\/2012\/10\/rasim-ljajic-527.jpg","type":"image\/jpeg"}],"author":"bosniak","twitter_card":"summary_large_image","twitter_misc":{"Written by":"bosniak","Est. reading time":"2 minute"},"schema":{"@context":"https:\/\/schema.org","@graph":[{"@type":"Article","@id":"https:\/\/sandzakpress.net\/arhiva\/sta-je-rasim-ljajic-uradio-na-stetu-sandzaku-od-izbora-2012\/#article","isPartOf":{"@id":"https:\/\/sandzakpress.net\/arhiva\/sta-je-rasim-ljajic-uradio-na-stetu-sandzaku-od-izbora-2012\/"},"author":{"name":"bosniak","@id":"https:\/\/sandzakpress.net\/arhiva\/#\/schema\/person\/c8baee722073534b583ea7bdb2e36c02"},"headline":"\u0160ta je Rasim Ljaji\u0107 uradio na \u0161tetu Sand\u017eaku od Izbora 2012.","datePublished":"2012-10-20T20:20:03+00:00","dateModified":"2012-10-20T20:27:22+00:00","mainEntityOfPage":{"@id":"https:\/\/sandzakpress.net\/arhiva\/sta-je-rasim-ljajic-uradio-na-stetu-sandzaku-od-izbora-2012\/"},"wordCount":315,"commentCount":12,"publisher":{"@id":"https:\/\/sandzakpress.net\/arhiva\/#\/schema\/person\/6e72b67d6e51910a1117b3b483ba20bd"},"image":{"@id":"https:\/\/sandzakpress.net\/arhiva\/sta-je-rasim-ljajic-uradio-na-stetu-sandzaku-od-izbora-2012\/#primaryimage"},"thumbnailUrl":"https:\/\/sandzakpress.net\/arhiva\/wp-content\/uploads\/2012\/10\/rasim-ljajic-527.jpg","articleSection":["Novi Pazar","Politika","Sjenica","Tutin","Prijepolje","Priboj","Nova Varo\u0161","VIJESTI DANA"],"inLanguage":"bs-BA","potentialAction":[{"@type":"CommentAction","name":"Comment","target":["https:\/\/sandzakpress.net\/arhiva\/sta-je-rasim-ljajic-uradio-na-stetu-sandzaku-od-izbora-2012\/#respond"]}]},{"@type":"WebPage","@id":"https:\/\/sandzakpress.net\/arhiva\/sta-je-rasim-ljajic-uradio-na-stetu-sandzaku-od-izbora-2012\/","url":"https:\/\/sandzakpress.net\/arhiva\/sta-je-rasim-ljajic-uradio-na-stetu-sandzaku-od-izbora-2012\/","name":"\u0160ta je Rasim Ljaji\u0107 uradio na \u0161tetu Sand\u017eaku od Izbora 2012.","isPartOf":{"@id":"https:\/\/sandzakpress.net\/arhiva\/#website"},"primaryImageOfPage":{"@id":"https:\/\/sandzakpress.net\/arhiva\/sta-je-rasim-ljajic-uradio-na-stetu-sandzaku-od-izbora-2012\/#primaryimage"},"image":{"@id":"https:\/\/sandzakpress.net\/arhiva\/sta-je-rasim-ljajic-uradio-na-stetu-sandzaku-od-izbora-2012\/#primaryimage"},"thumbnailUrl":"https:\/\/sandzakpress.net\/arhiva\/wp-content\/uploads\/2012\/10\/rasim-ljajic-527.jpg","datePublished":"2012-10-20T20:20:03+00:00","dateModified":"2012-10-20T20:27:22+00:00","breadcrumb":{"@id":"https:\/\/sandzakpress.net\/arhiva\/sta-je-rasim-ljajic-uradio-na-stetu-sandzaku-od-izbora-2012\/#breadcrumb"},"inLanguage":"bs-BA","potentialAction":[{"@type":"ReadAction","target":["https:\/\/sandzakpress.net\/arhiva\/sta-je-rasim-ljajic-uradio-na-stetu-sandzaku-od-izbora-2012\/"]}]},{"@type":"ImageObject","inLanguage":"bs-BA","@id":"https:\/\/sandzakpress.net\/arhiva\/sta-je-rasim-ljajic-uradio-na-stetu-sandzaku-od-izbora-2012\/#primaryimage","url":"https:\/\/sandzakpress.net\/arhiva\/wp-content\/uploads\/2012\/10\/rasim-ljajic-527.jpg","contentUrl":"https:\/\/sandzakpress.net\/arhiva\/wp-content\/uploads\/2012\/10\/rasim-ljajic-527.jpg","width":616,"height":362},{"@type":"BreadcrumbList","@id":"https:\/\/sandzakpress.net\/arhiva\/sta-je-rasim-ljajic-uradio-na-stetu-sandzaku-od-izbora-2012\/#breadcrumb","itemListElement":[{"@type":"ListItem","position":1,"name":"Home","item":"https:\/\/sandzakpress.net\/arhiva\/"},{"@type":"ListItem","position":2,"name":"\u0160ta je Rasim Ljaji\u0107 uradio na \u0161tetu Sand\u017eaku od Izbora 2012."}]},{"@type":"WebSite","@id":"https:\/\/sandzakpress.net\/arhiva\/#website","url":"https:\/\/sandzakpress.net\/arhiva\/","name":"Sand\u017eak PRESS","description":"Prve elektronske novine u Sand\u017eaku","publisher":{"@id":"https:\/\/sandzakpress.net\/arhiva\/#\/schema\/person\/6e72b67d6e51910a1117b3b483ba20bd"},"potentialAction":[{"@type":"SearchAction","target":{"@type":"EntryPoint","urlTemplate":"https:\/\/sandzakpress.net\/arhiva\/?s={search_term_string}"},"query-input":{"@type":"PropertyValueSpecification","valueRequired":true,"valueName":"search_term_string"}}],"inLanguage":"bs-BA"},{"@type":["Person","Organization"],"@id":"https:\/\/sandzakpress.net\/arhiva\/#\/schema\/person\/6e72b67d6e51910a1117b3b483ba20bd","name":"Kul","image":{"@type":"ImageObject","inLanguage":"bs-BA","@id":"https:\/\/sandzakpress.net\/arhiva\/#\/schema\/person\/image\/","url":"https:\/\/secure.gravatar.com\/avatar\/42263f39aa27ac04c43cab85c280eb2e?s=96&d=mm&r=pg","contentUrl":"https:\/\/secure.gravatar.com\/avatar\/42263f39aa27ac04c43cab85c280eb2e?s=96&d=mm&r=pg","caption":"Kul"},"logo":{"@id":"https:\/\/sandzakpress.net\/arhiva\/#\/schema\/person\/image\/"}},{"@type":"Person","@id":"https:\/\/sandzakpress.net\/arhiva\/#\/schema\/person\/c8baee722073534b583ea7bdb2e36c02","name":"bosniak","image":{"@type":"ImageObject","inLanguage":"bs-BA","@id":"https:\/\/sandzakpress.net\/arhiva\/#\/schema\/person\/image\/","url":"https:\/\/secure.gravatar.com\/avatar\/a04fd330bfe3a36a72a0ad4a6d89fca7?s=96&d=mm&r=pg","contentUrl":"https:\/\/secure.gravatar.com\/avatar\/a04fd330bfe3a36a72a0ad4a6d89fca7?s=96&d=mm&r=pg","caption":"bosniak"},"url":"https:\/\/sandzakpress.net\/arhiva\/author\/bosniak\/"}]}},"_links":{"self":[{"href":"https:\/\/sandzakpress.net\/arhiva\/wp-json\/wp\/v2\/posts\/53765"}],"collection":[{"href":"https:\/\/sandzakpress.net\/arhiva\/wp-json\/wp\/v2\/posts"}],"about":[{"href":"https:\/\/sandzakpress.net\/arhiva\/wp-json\/wp\/v2\/types\/post"}],"author":[{"embeddable":true,"href":"https:\/\/sandzakpress.net\/arhiva\/wp-json\/wp\/v2\/users\/83"}],"replies":[{"embeddable":true,"href":"https:\/\/sandzakpress.net\/arhiva\/wp-json\/wp\/v2\/comments?post=53765"}],"version-history":[{"count":0,"href":"https:\/\/sandzakpress.net\/arhiva\/wp-json\/wp\/v2\/posts\/53765\/revisions"}],"wp:featuredmedia":[{"embeddable":true,"href":"https:\/\/sandzakpress.net\/arhiva\/wp-json\/wp\/v2\/media\/53774"}],"wp:attachment":[{"href":"https:\/\/sandzakpress.net\/arhiva\/wp-json\/wp\/v2\/media?parent=53765"}],"wp:term":[{"taxonomy":"category","embeddable":true,"href":"https:\/\/sandzakpress.net\/arhiva\/wp-json\/wp\/v2\/categories?post=53765"},{"taxonomy":"post_tag","embeddable":true,"href":"https:\/\/sandzakpress.net\/arhiva\/wp-json\/wp\/v2\/tags?post=53765"}],"curies":[{"name":"wp","href":"https:\/\/api.w.org\/{rel}","templated":true}]}}