{"id":53744,"date":"2012-10-20T22:04:47","date_gmt":"2012-10-20T20:04:47","guid":{"rendered":"https:\/\/sandzakpress.net\/arhiva\/?p=53744"},"modified":"2012-10-20T22:04:47","modified_gmt":"2012-10-20T20:04:47","slug":"prvi-sastanak-lidera-kosova-i-srbije-dacic-i-taci-se-obavezali-da-rade-zajedno","status":"publish","type":"post","link":"https:\/\/sandzakpress.net\/arhiva\/prvi-sastanak-lidera-kosova-i-srbije-dacic-i-taci-se-obavezali-da-rade-zajedno\/","title":{"rendered":"Prvi sastanak lidera Kosova i Srbije: Da\u010di\u0107 i Ta\u010di se obavezali da rade zajedno"},"content":{"rendered":"<p><strong><a href=\"https:\/\/sandzakpress.net\/arhiva\/wp-content\/uploads\/2012\/10\/3577DBF6-D7A5-490D-B61A-81E0EF370C0D_w640_r1_s.jpg\"><img loading=\"lazy\" decoding=\"async\" class=\"alignleft size-medium wp-image-53767\" title=\"3577DBF6-D7A5-490D-B61A-81E0EF370C0D_w640_r1_s\" src=\"https:\/\/sandzakpress.net\/arhiva\/wp-content\/uploads\/2012\/10\/3577DBF6-D7A5-490D-B61A-81E0EF370C0D_w640_r1_s-300x168.jpg\" alt=\"\" width=\"300\" height=\"168\" \/><\/a>Srbija, Kosovo &#8211; Premijer Srbije Ivica Da\u010di\u0107 i kosovski premijer Ha\u0161im Ta\u010di susreli su se u petak u Briselu za istim stolom, sa visokom \u0161eficom evropske diplomatije Ketrin E\u0161ton,  koja se li\u010dno anga\u017eovala u poku\u0161aju unapre\u0111enja dijaloga Beograda i  Pri\u0161tine. Dijalog \u0107e biti nastavljen u novembru a Da\u010di\u0107 i Ta\u010di su se  obavezali da rade zajedno. Analiti\u010dari ocenjuju da ovaj sastanak mo\u017eda  zaslu\u017euje i epitet istorijskog.<\/strong><\/p>\n<p>Prvi susret premijera Srbije i Kosova vodio se u Briselu iza zatvorenih vrata.<\/p>\n<p>Vreme je za istorijski dogovor, spremni smo \u010dak i za razgovore o  statusu, poru\u010dio je Da\u010di\u0107 nakon susreta, svestan da druga strana to ne  vidi kao temu.\u00a0Ipak nije propustio da napomene da Srbija ne menja svoju  poziciju i da razgovore smatra statusno neutralnim.<\/p>\n<p><em>\u201eJa sam i Ta\u010diju rekao, koliko je Kosovo njegovo, toliko je i moje,  zato \u0161to sam ja, izme\u0111u ostalog, i ro\u0111en na Kosovu. Kada je re\u010d o  paralelnim strukturama tako\u0111e sam ga podsetio da je lako sada govoriti o  paralelnim strukturama Srba na severu Kosova, ali sam ga podsetio da je  i on bio na \u010delu jedne paralelne strukture u tada\u0161nje vreme, i to mo\u017eda  i paravojne formacije, kao \u0161to je OVK\u201c<\/em>, rekao je Da\u010di\u0107.<\/p>\n<p>Slede\u0107i sastanak bi\u0107e u novembru a prvi susret srpskog i kosovskog  premijera trajao je oko sat vremena i protekao je, prema oceni \u0161efice  evropske diplomatije, u dobroj i konstruktivnoj atmosferi.<\/p>\n<p><em>\u201eSlo\u017eili smo se da nastavimo dijalog o normalizaciji odnosa izme\u0111u  dve strane i obe strane su posve\u0107ene tome. Sre\u0161\u0107emo se ponovo. \u010cvrsto  verujem da je dijalog u interesu obe strane. Cilj je pobolj\u0161anje \u017eivota  gra\u0111ana i pomo\u0107 u re\u0161avanju njihovih problema kako bi se Srbija i Kosovo  pribli\u017eili EU\u201c<\/em>, navela je u saop\u0161tenju E\u0161tonova.<\/p>\n<p>Razgovori su bili neformalni, prenosi dopisnik RSE iz Brisela <em><strong>Rikard D\u017eozviak<\/strong><\/em>. On javlja da nije bilo nikakvih pregovora, ali da su o\u010digledno sve karte bile na stolu.<\/p>\n<p><em>\u201eRazgovarali su o situaciji na severu Kosova i o paralelnim  insitucijama Srbije, ali nije doneta nikakva odluka. Usaglasili su se da  se sastanu ponovo za dve do tri nedelje, uz prisustvo Ketrin E\u0161ton,  najverovatnije ponovo u Briselu. Tokom sastanka Ta\u010di i Da\u010di\u0107 sedeli su  jedan naspram drugog na sofi\u201c<\/em>, javio je dopisnik RSE.<\/p>\n<p>Da\u010di\u0107 je rekao da sada sledi sednica dr\u017eavnog rukovodstva Srbije na  kojoj \u0107e biti utvr\u0111ena platforma za dijalog u kome \u0107e biti otvorene sve  teme, od primene do sada postignutih sporazuma pa do politi\u010dkih pitanja.<\/p>\n<p><strong>Dobar signal i za region<\/strong><\/p>\n<p><strong>Ivan Vejvoda<\/strong>, potpredsednik za program Mar\u0161alovog fonda  i stru\u010dnjak za Balkan ka\u017ee za RSE da je ovo izuzetno va\u017ean sastanak  koji u nekom smislu zaslu\u017euje i epitet istorijskog.<\/p>\n<p><em>\u201eAko pogledam unazad, u ovih desetak godina stalno\u00a0 se \u010dekao taj  trenutak kada dolazi do po\u010detka re\u0161avanja jednog problema koji ko\u010di  Srbiju u njenom napretku. Ne mislim da je ovo samo jedan protokolarni  susret da bi se pokazala dobra volja nego da je to po\u010detak. A \u010dinjenica  da je visoka predstavnica EU Ketrin E\u0161ton sama preuzela da vodi dijalog  tako\u0111e mnogo govori o ozbiljnosti namere\u201c<\/em>, ocenjuje Vejvoda.<\/p>\n<p>Da\u010di\u0107 je pred put u Brisel ocenio da su te\u0161ki uslovi u kojima se  nastavlja dijalog i da Srbija ne be\u017ei ni od jedne teme, ni od jednog  sagovornika, niti od razgovora sa bilo kojim predstavnikom pri\u0161tinske  vlasti. On je tako\u0111e rekao da Beograd \u017eeli \u201estatusno neutralni dijalog\u201c,  i da ne dolazi u obzir da Srbija prihvati da zbog dobijanja datuma za  po\u010detak pregovora sa EU pristane na nezavisnost Kosova a da o svim  drugim pitanjima je spremna da razgovara&#8221;.<\/p>\n<p>\u0160ef Delegacije EU u Beogradu <strong>Vensan De\u017eer<\/strong> rekao je da  Brisel o\u010dekuje jasnu spremnost i Beograda i Pri\u0161tine da se anga\u017euju u  nastavku dijaloga, kako bi se definisali naredni koraci u tom procesu.<\/p>\n<p><em>&#8220;\u017delimo da dijalog podignemo na politi\u010dki nivo, da od najvi\u0161ih  politi\u010dkih predstavnika direktno \u010dujemo da su spremni da se anga\u017euju, a  posle toga mo\u017eemo da defini\u0161emo naredne korake u procesu&#8221;<\/em>, izjavio je De\u017eer.<\/p>\n<p>Dok je Skup\u0161tina Kosova dan uo\u010di ovih susreta <strong><a href=\"http:\/\/www.slobodnaevropa.org\/content\/skupstina-kosova-usvojila-rezoluciju-o-normalizaciji-odnosa-sa-srbijom\/24743817.html\" target=\"_blank\">usvojila Rezoluciju <\/a><\/strong>o  normalizaciji odnosa sa Srbijom vlada u Beogradu jo\u0161 nije raspravljala o  dijalogu sa Pri\u0161tinom, niti je obelodanjena najavljivana platforma za  te razgovore.<\/p>\n<p>Ono \u0161to se zna da \u0107e biti polazne osnove Beograda su insistiranje na  statusnoj neutralnosti razgovora, po\u0161tovanju Ustava Srbije i o\u010dekivanju  da kosovska strana ka\u017ee kako oni vide sebe.<\/p>\n<p>Iako je oprezan u ocenama jer je suret E\u0161ton, Da\u010di\u0107, Ta\u010di tek prvi Ivo  Vejvoda misli da u svakom slu\u010daju mo\u017ee biti ispunjenje uslova ako do\u0107e  do nastavka. Ali, ka\u017ee, i da je to dobar signal za region.<\/p>\n<p><em>\u201e\u010cujemo iz saop\u0161tenja kabineta Ketrin E\u0161ton da \u0107e biti nastavka,  zna\u010di ispunjenje jednog od bitnih uslova da bi se dobio eventualno datum  za po\u010detak pregovora u martu mesecu \u0161to bi bilo jako zna\u010dajno za Srbiju  kako bi mogla, ne samo da krene u te pregovore nego i da mo\u017ee da ra\u010duna  na fondove EU u tom hodu napred. A naravno, mislim da je generalno  dobar signal za ceo region da je Srbija privr\u017eena svom evropskom putu,  jo\u0161 va\u017enije privr\u017eena je daljem smirivanju otvorenih pitanja i njihovom  re\u0161avanju i to \u0161alje signal interesu Srbije za dalje u\u010dvr\u0161\u0107enje  stabilnosti i mira u regionu\u201c<\/em>, ocenjuje Vejvoda.<\/p>\n<p>Susret Da\u010di\u0107a i Ta\u010dija je udarna vest u svim beogradskim medijima.<\/p>\n<p>(SlobodnaEvropa)<\/p>\n","protected":false},"excerpt":{"rendered":"<p>Srbija, Kosovo &#8211; Premijer Srbije Ivica Da\u010di\u0107 i kosovski premijer Ha\u0161im Ta\u010di susreli su se u petak u Briselu za istim stolom, sa visokom \u0161eficom evropske diplomatije Ketrin E\u0161ton, koja se li\u010dno anga\u017eovala u poku\u0161aju unapre\u0111enja dijaloga Beograda i Pri\u0161tine. Dijalog \u0107e biti nastavljen u novembru a Da\u010di\u0107 i Ta\u010di su se obavezali da rade [&hellip;]<\/p>\n","protected":false},"author":13,"featured_media":53767,"comment_status":"open","ping_status":"open","sticky":false,"template":"","format":"standard","meta":{"footnotes":""},"categories":[2690],"tags":[],"class_list":{"0":"post-53744","1":"post","2":"type-post","3":"status-publish","4":"format-standard","5":"has-post-thumbnail","7":"category-kosovo-gradovi"},"yoast_head":"<!-- This site is optimized with the Yoast SEO Premium plugin v23.1 (Yoast SEO v24.9) - https:\/\/yoast.com\/wordpress\/plugins\/seo\/ -->\n<title>Prvi sastanak lidera Kosova i Srbije: Da\u010di\u0107 i Ta\u010di se obavezali da rade zajedno<\/title>\n<meta name=\"robots\" content=\"index, follow, max-snippet:-1, max-image-preview:large, max-video-preview:-1\" \/>\n<link rel=\"canonical\" href=\"https:\/\/sandzakpress.net\/arhiva\/prvi-sastanak-lidera-kosova-i-srbije-dacic-i-taci-se-obavezali-da-rade-zajedno\/\" \/>\n<meta property=\"og:locale\" content=\"bs_BA\" \/>\n<meta property=\"og:type\" content=\"article\" \/>\n<meta property=\"og:title\" content=\"Prvi sastanak lidera Kosova i Srbije: Da\u010di\u0107 i Ta\u010di se obavezali da rade zajedno\" \/>\n<meta property=\"og:description\" content=\"Srbija, Kosovo &#8211; Premijer Srbije Ivica Da\u010di\u0107 i kosovski premijer Ha\u0161im Ta\u010di susreli su se u petak u Briselu za istim stolom, sa visokom \u0161eficom evropske diplomatije Ketrin E\u0161ton, koja se li\u010dno anga\u017eovala u poku\u0161aju unapre\u0111enja dijaloga Beograda i Pri\u0161tine. Dijalog \u0107e biti nastavljen u novembru a Da\u010di\u0107 i Ta\u010di su se obavezali da rade [&hellip;]\" \/>\n<meta property=\"og:url\" content=\"https:\/\/sandzakpress.net\/arhiva\/prvi-sastanak-lidera-kosova-i-srbije-dacic-i-taci-se-obavezali-da-rade-zajedno\/\" \/>\n<meta property=\"og:site_name\" content=\"Sand\u017eak PRESS\" \/>\n<meta property=\"article:published_time\" content=\"2012-10-20T20:04:47+00:00\" \/>\n<meta property=\"og:image\" content=\"https:\/\/sandzakpress.net\/arhiva\/wp-content\/uploads\/2012\/10\/3577DBF6-D7A5-490D-B61A-81E0EF370C0D_w640_r1_s.jpg\" \/>\n\t<meta property=\"og:image:width\" content=\"616\" \/>\n\t<meta property=\"og:image:height\" content=\"346\" \/>\n\t<meta property=\"og:image:type\" content=\"image\/jpeg\" \/>\n<meta name=\"twitter:card\" content=\"summary_large_image\" \/>\n<meta name=\"twitter:label1\" content=\"Written by\" \/>\n\t<meta name=\"twitter:data1\" content=\"\" \/>\n\t<meta name=\"twitter:label2\" content=\"Est. reading time\" \/>\n\t<meta name=\"twitter:data2\" content=\"5 minuta\" \/>\n<script type=\"application\/ld+json\" class=\"yoast-schema-graph\">{\"@context\":\"https:\/\/schema.org\",\"@graph\":[{\"@type\":\"Article\",\"@id\":\"https:\/\/sandzakpress.net\/arhiva\/prvi-sastanak-lidera-kosova-i-srbije-dacic-i-taci-se-obavezali-da-rade-zajedno\/#article\",\"isPartOf\":{\"@id\":\"https:\/\/sandzakpress.net\/arhiva\/prvi-sastanak-lidera-kosova-i-srbije-dacic-i-taci-se-obavezali-da-rade-zajedno\/\"},\"author\":{\"name\":\"\",\"@id\":\"\"},\"headline\":\"Prvi sastanak lidera Kosova i Srbije: Da\u010di\u0107 i Ta\u010di se obavezali da rade zajedno\",\"datePublished\":\"2012-10-20T20:04:47+00:00\",\"mainEntityOfPage\":{\"@id\":\"https:\/\/sandzakpress.net\/arhiva\/prvi-sastanak-lidera-kosova-i-srbije-dacic-i-taci-se-obavezali-da-rade-zajedno\/\"},\"wordCount\":975,\"commentCount\":2,\"publisher\":{\"@id\":\"https:\/\/sandzakpress.net\/arhiva\/#\/schema\/person\/6e72b67d6e51910a1117b3b483ba20bd\"},\"image\":{\"@id\":\"https:\/\/sandzakpress.net\/arhiva\/prvi-sastanak-lidera-kosova-i-srbije-dacic-i-taci-se-obavezali-da-rade-zajedno\/#primaryimage\"},\"thumbnailUrl\":\"https:\/\/sandzakpress.net\/arhiva\/wp-content\/uploads\/2012\/10\/3577DBF6-D7A5-490D-B61A-81E0EF370C0D_w640_r1_s.jpg\",\"articleSection\":[\"Kosovo\"],\"inLanguage\":\"bs-BA\",\"potentialAction\":[{\"@type\":\"CommentAction\",\"name\":\"Comment\",\"target\":[\"https:\/\/sandzakpress.net\/arhiva\/prvi-sastanak-lidera-kosova-i-srbije-dacic-i-taci-se-obavezali-da-rade-zajedno\/#respond\"]}]},{\"@type\":\"WebPage\",\"@id\":\"https:\/\/sandzakpress.net\/arhiva\/prvi-sastanak-lidera-kosova-i-srbije-dacic-i-taci-se-obavezali-da-rade-zajedno\/\",\"url\":\"https:\/\/sandzakpress.net\/arhiva\/prvi-sastanak-lidera-kosova-i-srbije-dacic-i-taci-se-obavezali-da-rade-zajedno\/\",\"name\":\"Prvi sastanak lidera Kosova i Srbije: Da\u010di\u0107 i Ta\u010di se obavezali da rade zajedno\",\"isPartOf\":{\"@id\":\"https:\/\/sandzakpress.net\/arhiva\/#website\"},\"primaryImageOfPage\":{\"@id\":\"https:\/\/sandzakpress.net\/arhiva\/prvi-sastanak-lidera-kosova-i-srbije-dacic-i-taci-se-obavezali-da-rade-zajedno\/#primaryimage\"},\"image\":{\"@id\":\"https:\/\/sandzakpress.net\/arhiva\/prvi-sastanak-lidera-kosova-i-srbije-dacic-i-taci-se-obavezali-da-rade-zajedno\/#primaryimage\"},\"thumbnailUrl\":\"https:\/\/sandzakpress.net\/arhiva\/wp-content\/uploads\/2012\/10\/3577DBF6-D7A5-490D-B61A-81E0EF370C0D_w640_r1_s.jpg\",\"datePublished\":\"2012-10-20T20:04:47+00:00\",\"breadcrumb\":{\"@id\":\"https:\/\/sandzakpress.net\/arhiva\/prvi-sastanak-lidera-kosova-i-srbije-dacic-i-taci-se-obavezali-da-rade-zajedno\/#breadcrumb\"},\"inLanguage\":\"bs-BA\",\"potentialAction\":[{\"@type\":\"ReadAction\",\"target\":[\"https:\/\/sandzakpress.net\/arhiva\/prvi-sastanak-lidera-kosova-i-srbije-dacic-i-taci-se-obavezali-da-rade-zajedno\/\"]}]},{\"@type\":\"ImageObject\",\"inLanguage\":\"bs-BA\",\"@id\":\"https:\/\/sandzakpress.net\/arhiva\/prvi-sastanak-lidera-kosova-i-srbije-dacic-i-taci-se-obavezali-da-rade-zajedno\/#primaryimage\",\"url\":\"https:\/\/sandzakpress.net\/arhiva\/wp-content\/uploads\/2012\/10\/3577DBF6-D7A5-490D-B61A-81E0EF370C0D_w640_r1_s.jpg\",\"contentUrl\":\"https:\/\/sandzakpress.net\/arhiva\/wp-content\/uploads\/2012\/10\/3577DBF6-D7A5-490D-B61A-81E0EF370C0D_w640_r1_s.jpg\",\"width\":616,\"height\":346},{\"@type\":\"BreadcrumbList\",\"@id\":\"https:\/\/sandzakpress.net\/arhiva\/prvi-sastanak-lidera-kosova-i-srbije-dacic-i-taci-se-obavezali-da-rade-zajedno\/#breadcrumb\",\"itemListElement\":[{\"@type\":\"ListItem\",\"position\":1,\"name\":\"Home\",\"item\":\"https:\/\/sandzakpress.net\/arhiva\/\"},{\"@type\":\"ListItem\",\"position\":2,\"name\":\"Prvi sastanak lidera Kosova i Srbije: Da\u010di\u0107 i Ta\u010di se obavezali da rade zajedno\"}]},{\"@type\":\"WebSite\",\"@id\":\"https:\/\/sandzakpress.net\/arhiva\/#website\",\"url\":\"https:\/\/sandzakpress.net\/arhiva\/\",\"name\":\"Sand\u017eak PRESS\",\"description\":\"Prve elektronske novine u Sand\u017eaku\",\"publisher\":{\"@id\":\"https:\/\/sandzakpress.net\/arhiva\/#\/schema\/person\/6e72b67d6e51910a1117b3b483ba20bd\"},\"potentialAction\":[{\"@type\":\"SearchAction\",\"target\":{\"@type\":\"EntryPoint\",\"urlTemplate\":\"https:\/\/sandzakpress.net\/arhiva\/?s={search_term_string}\"},\"query-input\":{\"@type\":\"PropertyValueSpecification\",\"valueRequired\":true,\"valueName\":\"search_term_string\"}}],\"inLanguage\":\"bs-BA\"},{\"@type\":[\"Person\",\"Organization\"],\"@id\":\"https:\/\/sandzakpress.net\/arhiva\/#\/schema\/person\/6e72b67d6e51910a1117b3b483ba20bd\",\"name\":\"Kul\",\"image\":{\"@type\":\"ImageObject\",\"inLanguage\":\"bs-BA\",\"@id\":\"https:\/\/sandzakpress.net\/arhiva\/#\/schema\/person\/image\/\",\"url\":\"https:\/\/secure.gravatar.com\/avatar\/42263f39aa27ac04c43cab85c280eb2e?s=96&d=mm&r=pg\",\"contentUrl\":\"https:\/\/secure.gravatar.com\/avatar\/42263f39aa27ac04c43cab85c280eb2e?s=96&d=mm&r=pg\",\"caption\":\"Kul\"},\"logo\":{\"@id\":\"https:\/\/sandzakpress.net\/arhiva\/#\/schema\/person\/image\/\"}},{\"@type\":\"Person\",\"@id\":\"\",\"url\":\"https:\/\/sandzakpress.net\/arhiva\/author\/\"}]}<\/script>\n<!-- \/ Yoast SEO Premium plugin. -->","yoast_head_json":{"title":"Prvi sastanak lidera Kosova i Srbije: Da\u010di\u0107 i Ta\u010di se obavezali da rade zajedno","robots":{"index":"index","follow":"follow","max-snippet":"max-snippet:-1","max-image-preview":"max-image-preview:large","max-video-preview":"max-video-preview:-1"},"canonical":"https:\/\/sandzakpress.net\/arhiva\/prvi-sastanak-lidera-kosova-i-srbije-dacic-i-taci-se-obavezali-da-rade-zajedno\/","og_locale":"bs_BA","og_type":"article","og_title":"Prvi sastanak lidera Kosova i Srbije: Da\u010di\u0107 i Ta\u010di se obavezali da rade zajedno","og_description":"Srbija, Kosovo &#8211; Premijer Srbije Ivica Da\u010di\u0107 i kosovski premijer Ha\u0161im Ta\u010di susreli su se u petak u Briselu za istim stolom, sa visokom \u0161eficom evropske diplomatije Ketrin E\u0161ton, koja se li\u010dno anga\u017eovala u poku\u0161aju unapre\u0111enja dijaloga Beograda i Pri\u0161tine. Dijalog \u0107e biti nastavljen u novembru a Da\u010di\u0107 i Ta\u010di su se obavezali da rade [&hellip;]","og_url":"https:\/\/sandzakpress.net\/arhiva\/prvi-sastanak-lidera-kosova-i-srbije-dacic-i-taci-se-obavezali-da-rade-zajedno\/","og_site_name":"Sand\u017eak PRESS","article_published_time":"2012-10-20T20:04:47+00:00","og_image":[{"width":616,"height":346,"url":"https:\/\/sandzakpress.net\/arhiva\/wp-content\/uploads\/2012\/10\/3577DBF6-D7A5-490D-B61A-81E0EF370C0D_w640_r1_s.jpg","type":"image\/jpeg"}],"twitter_card":"summary_large_image","twitter_misc":{"Written by":"","Est. reading time":"5 minuta"},"schema":{"@context":"https:\/\/schema.org","@graph":[{"@type":"Article","@id":"https:\/\/sandzakpress.net\/arhiva\/prvi-sastanak-lidera-kosova-i-srbije-dacic-i-taci-se-obavezali-da-rade-zajedno\/#article","isPartOf":{"@id":"https:\/\/sandzakpress.net\/arhiva\/prvi-sastanak-lidera-kosova-i-srbije-dacic-i-taci-se-obavezali-da-rade-zajedno\/"},"author":{"name":"","@id":""},"headline":"Prvi sastanak lidera Kosova i Srbije: Da\u010di\u0107 i Ta\u010di se obavezali da rade zajedno","datePublished":"2012-10-20T20:04:47+00:00","mainEntityOfPage":{"@id":"https:\/\/sandzakpress.net\/arhiva\/prvi-sastanak-lidera-kosova-i-srbije-dacic-i-taci-se-obavezali-da-rade-zajedno\/"},"wordCount":975,"commentCount":2,"publisher":{"@id":"https:\/\/sandzakpress.net\/arhiva\/#\/schema\/person\/6e72b67d6e51910a1117b3b483ba20bd"},"image":{"@id":"https:\/\/sandzakpress.net\/arhiva\/prvi-sastanak-lidera-kosova-i-srbije-dacic-i-taci-se-obavezali-da-rade-zajedno\/#primaryimage"},"thumbnailUrl":"https:\/\/sandzakpress.net\/arhiva\/wp-content\/uploads\/2012\/10\/3577DBF6-D7A5-490D-B61A-81E0EF370C0D_w640_r1_s.jpg","articleSection":["Kosovo"],"inLanguage":"bs-BA","potentialAction":[{"@type":"CommentAction","name":"Comment","target":["https:\/\/sandzakpress.net\/arhiva\/prvi-sastanak-lidera-kosova-i-srbije-dacic-i-taci-se-obavezali-da-rade-zajedno\/#respond"]}]},{"@type":"WebPage","@id":"https:\/\/sandzakpress.net\/arhiva\/prvi-sastanak-lidera-kosova-i-srbije-dacic-i-taci-se-obavezali-da-rade-zajedno\/","url":"https:\/\/sandzakpress.net\/arhiva\/prvi-sastanak-lidera-kosova-i-srbije-dacic-i-taci-se-obavezali-da-rade-zajedno\/","name":"Prvi sastanak lidera Kosova i Srbije: Da\u010di\u0107 i Ta\u010di se obavezali da rade zajedno","isPartOf":{"@id":"https:\/\/sandzakpress.net\/arhiva\/#website"},"primaryImageOfPage":{"@id":"https:\/\/sandzakpress.net\/arhiva\/prvi-sastanak-lidera-kosova-i-srbije-dacic-i-taci-se-obavezali-da-rade-zajedno\/#primaryimage"},"image":{"@id":"https:\/\/sandzakpress.net\/arhiva\/prvi-sastanak-lidera-kosova-i-srbije-dacic-i-taci-se-obavezali-da-rade-zajedno\/#primaryimage"},"thumbnailUrl":"https:\/\/sandzakpress.net\/arhiva\/wp-content\/uploads\/2012\/10\/3577DBF6-D7A5-490D-B61A-81E0EF370C0D_w640_r1_s.jpg","datePublished":"2012-10-20T20:04:47+00:00","breadcrumb":{"@id":"https:\/\/sandzakpress.net\/arhiva\/prvi-sastanak-lidera-kosova-i-srbije-dacic-i-taci-se-obavezali-da-rade-zajedno\/#breadcrumb"},"inLanguage":"bs-BA","potentialAction":[{"@type":"ReadAction","target":["https:\/\/sandzakpress.net\/arhiva\/prvi-sastanak-lidera-kosova-i-srbije-dacic-i-taci-se-obavezali-da-rade-zajedno\/"]}]},{"@type":"ImageObject","inLanguage":"bs-BA","@id":"https:\/\/sandzakpress.net\/arhiva\/prvi-sastanak-lidera-kosova-i-srbije-dacic-i-taci-se-obavezali-da-rade-zajedno\/#primaryimage","url":"https:\/\/sandzakpress.net\/arhiva\/wp-content\/uploads\/2012\/10\/3577DBF6-D7A5-490D-B61A-81E0EF370C0D_w640_r1_s.jpg","contentUrl":"https:\/\/sandzakpress.net\/arhiva\/wp-content\/uploads\/2012\/10\/3577DBF6-D7A5-490D-B61A-81E0EF370C0D_w640_r1_s.jpg","width":616,"height":346},{"@type":"BreadcrumbList","@id":"https:\/\/sandzakpress.net\/arhiva\/prvi-sastanak-lidera-kosova-i-srbije-dacic-i-taci-se-obavezali-da-rade-zajedno\/#breadcrumb","itemListElement":[{"@type":"ListItem","position":1,"name":"Home","item":"https:\/\/sandzakpress.net\/arhiva\/"},{"@type":"ListItem","position":2,"name":"Prvi sastanak lidera Kosova i Srbije: Da\u010di\u0107 i Ta\u010di se obavezali da rade zajedno"}]},{"@type":"WebSite","@id":"https:\/\/sandzakpress.net\/arhiva\/#website","url":"https:\/\/sandzakpress.net\/arhiva\/","name":"Sand\u017eak PRESS","description":"Prve elektronske novine u Sand\u017eaku","publisher":{"@id":"https:\/\/sandzakpress.net\/arhiva\/#\/schema\/person\/6e72b67d6e51910a1117b3b483ba20bd"},"potentialAction":[{"@type":"SearchAction","target":{"@type":"EntryPoint","urlTemplate":"https:\/\/sandzakpress.net\/arhiva\/?s={search_term_string}"},"query-input":{"@type":"PropertyValueSpecification","valueRequired":true,"valueName":"search_term_string"}}],"inLanguage":"bs-BA"},{"@type":["Person","Organization"],"@id":"https:\/\/sandzakpress.net\/arhiva\/#\/schema\/person\/6e72b67d6e51910a1117b3b483ba20bd","name":"Kul","image":{"@type":"ImageObject","inLanguage":"bs-BA","@id":"https:\/\/sandzakpress.net\/arhiva\/#\/schema\/person\/image\/","url":"https:\/\/secure.gravatar.com\/avatar\/42263f39aa27ac04c43cab85c280eb2e?s=96&d=mm&r=pg","contentUrl":"https:\/\/secure.gravatar.com\/avatar\/42263f39aa27ac04c43cab85c280eb2e?s=96&d=mm&r=pg","caption":"Kul"},"logo":{"@id":"https:\/\/sandzakpress.net\/arhiva\/#\/schema\/person\/image\/"}},{"@type":"Person","@id":"","url":"https:\/\/sandzakpress.net\/arhiva\/author\/"}]}},"_links":{"self":[{"href":"https:\/\/sandzakpress.net\/arhiva\/wp-json\/wp\/v2\/posts\/53744"}],"collection":[{"href":"https:\/\/sandzakpress.net\/arhiva\/wp-json\/wp\/v2\/posts"}],"about":[{"href":"https:\/\/sandzakpress.net\/arhiva\/wp-json\/wp\/v2\/types\/post"}],"author":[{"embeddable":true,"href":"https:\/\/sandzakpress.net\/arhiva\/wp-json\/wp\/v2\/users\/13"}],"replies":[{"embeddable":true,"href":"https:\/\/sandzakpress.net\/arhiva\/wp-json\/wp\/v2\/comments?post=53744"}],"version-history":[{"count":0,"href":"https:\/\/sandzakpress.net\/arhiva\/wp-json\/wp\/v2\/posts\/53744\/revisions"}],"wp:featuredmedia":[{"embeddable":true,"href":"https:\/\/sandzakpress.net\/arhiva\/wp-json\/wp\/v2\/media\/53767"}],"wp:attachment":[{"href":"https:\/\/sandzakpress.net\/arhiva\/wp-json\/wp\/v2\/media?parent=53744"}],"wp:term":[{"taxonomy":"category","embeddable":true,"href":"https:\/\/sandzakpress.net\/arhiva\/wp-json\/wp\/v2\/categories?post=53744"},{"taxonomy":"post_tag","embeddable":true,"href":"https:\/\/sandzakpress.net\/arhiva\/wp-json\/wp\/v2\/tags?post=53744"}],"curies":[{"name":"wp","href":"https:\/\/api.w.org\/{rel}","templated":true}]}}