{"id":53702,"date":"2012-10-19T23:53:14","date_gmt":"2012-10-19T21:53:14","guid":{"rendered":"https:\/\/sandzakpress.net\/arhiva\/?p=53702"},"modified":"2012-10-19T23:53:14","modified_gmt":"2012-10-19T21:53:14","slug":"dacic-srbija-nece-mijenjati-stav-o-kosovu","status":"publish","type":"post","link":"https:\/\/sandzakpress.net\/arhiva\/dacic-srbija-nece-mijenjati-stav-o-kosovu\/","title":{"rendered":"Da\u010di\u0107: Srbija ne\u0107e mijenjati stav o Kosovu"},"content":{"rendered":"<p><strong><a href=\"https:\/\/sandzakpress.net\/arhiva\/wp-content\/uploads\/2012\/10\/ivica-dacic-ispitivanje-privatizacije-sumnjive-privatizacije-1346663427-198858.jpg\"><img loading=\"lazy\" decoding=\"async\" class=\"alignleft size-medium wp-image-53703\" title=\"ivica-dacic-ispitivanje-privatizacije-sumnjive-privatizacije-1346663427-198858\" src=\"https:\/\/sandzakpress.net\/arhiva\/wp-content\/uploads\/2012\/10\/ivica-dacic-ispitivanje-privatizacije-sumnjive-privatizacije-1346663427-198858-300x161.jpg\" alt=\"\" width=\"300\" height=\"161\" \/><\/a>Srbija, Kosovo &#8211; Srbija ne\u0107e odstupiti od svog stava da  ne priznaje nezavisnost Kosova, kazao je za Al Jazeeru premijer Srbije  Ivica Da\u010di\u0107 nakon susreta sa premijerom Kosova Hashimom Thacijem u  Briselu.<\/strong><\/p>\n<p>Kako je iz Brisela izvijestila reporterka Al Jazeere <strong>Katarina Drlja<\/strong>, Da\u010di\u0107 i Thaci u petak su sjeli za isti sto na poziv \u0161efice diplomatije Evropske unije (EU) Catherine Ashton.<\/p>\n<p>Thaci je susret ozna\u010dio bilateralnim i kazao kako \u0107e on voditi ka me\u0111usobnom priznanju, izvijestila je Drlja.<\/p>\n<p>Da\u010di\u0107 je kazao za Al Jazeeru da do susreta dvojice premijera vjerovatno ne bi do\u0161lo da nije bilo Ashton.<\/p>\n<p>&#8220;Ja  sam jasno rekao da mi ne menjamo na\u0161 stav o nezavisnosti Kosova i  Metohije. Mi smo i tra\u017eili nastavak dijaloga&#8221;, kazao je Da\u010di\u0107.<\/p>\n<p>&#8220;Veoma  je bitno da nemamo nijednu tabu temu. Mi smo spremni da govorimo i o  su\u0161tinskim pitanjima, tra\u017eenju kompromisa koji bi stavio ta\u010dku na sve  probleme koje zajedno i me\u0111usobno imamo.<\/p>\n<p>Kako je pojasnio, nastavak dijaloga Beograda i Pri\u0161tine o\u010dekuje se u novembru.<\/p>\n<p>On je ocijenio da je atmosfera susreta sa Thacijem bila &#8220;veoma konstruktivna&#8221;, ali i da &#8220;nema jednostranih poteza&#8221;.<\/p>\n<p>&#8220;Svi  treba da se okrenemo tra\u017eenju mirnog re\u0161enja&#8221;, kazao je premijer  Srbije, te poru\u010dio Evropskoj uniji da &#8220;pritiscima ni\u0161ta ne mo\u017ee da  postigne kad je re\u010d o Kosovu i nekim drugim pitanjima&#8221;.<\/p>\n<p>&#8220;Ja ne  znam kako neko od nas mo\u017ee tra\u017eiti da re\u0161imo problem Kosova, a da ne  u\u010destvujemo u razgovorima. Ja sam protiv Ta\u010dija i ratovao. Meni niko  ni\u0161ta ne mo\u017ee da zameri, ja sam premijer Srbije, neko mora da preuzme  odgovornost, ja nisam izabran ovde da bih prebacivao odgovornost na  nekog drugog. Ja sam ovde da probamo da re\u0161imo probleme&#8221;, rekao je  Da\u010di\u0107.<\/p>\n<p>U petak je kosovska Skup\u0161tina usvojila Rezoluciju o normalizaciji odnosa sa Srbijom.<\/p>\n<p>Ashton je najavila novi sastanak.<\/p>\n<p>&#8220;Uskoro  \u0107emo se ponovo sresti. \u010cvrsto vjerujem da je dijalog u interesu obiju  strana. Njegov cilj je da pobolj\u0161a \u017eivote ljudi i pomogne rje\u0161enju  problema, pritom pribli\u017eavaju\u0107i Srbiju i Kosovo Evropskoj uniji&#8221;, navodi  se u saop\u0107enju iz njenog ureda.<\/p>\n<p><strong>Pitanje Albanaca sa juga Srbije<\/strong><\/p>\n<p>Dok  se konkretni detalji o budu\u0107em dijalogu izme\u0111u Beograda i Pri\u0161tine jo\u0161  razra\u0111uju, Albanci sa juga Srbije, iz podru\u010dja Pre\u0161eva i Bujanovca,  tra\u017ee da budu dio pregovora, a sli\u010dno \u017eele i kosovske vlasti.<\/p>\n<p>Kako je sa juga Srbije izvijestio reporter Al Jazeere <strong>Zoran Kosanovi\u0107<\/strong>,  iako je izvjesno da \u0107e problem sjevera Kosova biti jedna od glavnih  tema pregovora, za uklju\u010divanje problema Albanaca sa juga Srbije u  pregovore Beograda i Pri\u0161tine zainteresirane su kosovske vlasti, ali i  albanski politi\u010dari iz op\u0161tina Pre\u0161evo i Bujanovac.<\/p>\n<div>\n<strong>Albanci s juga Srbije \u017eele biti dio pregovora<\/strong><\/p>\n<\/div>\n<p>&#8220;Ako  na pregovorima posebna tema bude sever Kosova, onda istovremeno treba  da bude tema Pre\u0161evske doline, odnosno op\u0161tina Pre\u0161evo, Bujanovac i  Medve\u0111a, po\u0161to u ove tri op\u0161tine ve\u0107inski Albanci imaju nere\u0161ene  probleme koji se ve\u0107 decenijama ostavljaju nere\u0161eni&#8221;, isti\u010de predsjednik  Op\u0161tine Pre\u0161evo Ragmi Mustafa.<\/p>\n<p>&#8220;Nije veoma bitno da li \u0107e na ovim  pregovorima biti predstavnika Albanaca iz Pre\u0161evske doline ili ne,  bitno je da se na ovim pregovorima stave i problemi Albanaca iz  Pre\u0161evske doline.&#8221;<\/p>\n<p>Prema rije\u010dima albanskih politi\u010dara, problemi  koji ih mu\u010de na jugu Srbije su prije svega slobodna upotreba jezika i  pisma i nacionalnih obilje\u017eja, sloboda kretanja, demilitarizacija  regije, i najva\u017enije &#8211; ekonomski razvoj, javlja Kosanovi\u0107.<\/p>\n<p>&#8220;Pojedini  albanski politi\u010dari iz Bujanovca, region juga Srbije sa ve\u0107inskim  albanskim stanovni\u0161tvom, \u010dak nazivaju i isto\u010dnim Kosovom. U pregovorima  Beograda i Pri\u0161tine vide priliku za pokretanje mnogo radikalnijih  pitanja&#8221;, navodi on.<\/p>\n<p>Jonuz Musliu iz Pokreta za demokratski  progres, navodi:\u00a0 &#8220;Nije tehni\u010dka, ve\u0107 politi\u010dka stvar pregovora Kosova,  Pri\u0161tine. Naravno u tom timu i mi \u017eelimo da budemo i da vidimo gde \u0107e da  \u017eive Albanci iz isto\u010dnog Kosova&#8221;.<\/p>\n<p>(Aljazeera)<\/p>\n","protected":false},"excerpt":{"rendered":"<p>Srbija, Kosovo &#8211; Srbija ne\u0107e odstupiti od svog stava da ne priznaje nezavisnost Kosova, kazao je za Al Jazeeru premijer Srbije Ivica Da\u010di\u0107 nakon susreta sa premijerom Kosova Hashimom Thacijem u Briselu. Kako je iz Brisela izvijestila reporterka Al Jazeere Katarina Drlja, Da\u010di\u0107 i Thaci u petak su sjeli za isti sto na poziv \u0161efice [&hellip;]<\/p>\n","protected":false},"author":13,"featured_media":53703,"comment_status":"open","ping_status":"open","sticky":false,"template":"","format":"standard","meta":{"footnotes":""},"categories":[2690],"tags":[],"class_list":{"0":"post-53702","1":"post","2":"type-post","3":"status-publish","4":"format-standard","5":"has-post-thumbnail","7":"category-kosovo-gradovi"},"yoast_head":"<!-- This site is optimized with the Yoast SEO Premium plugin v23.1 (Yoast SEO v24.9) - https:\/\/yoast.com\/wordpress\/plugins\/seo\/ -->\n<title>Da\u010di\u0107: Srbija ne\u0107e mijenjati stav o Kosovu<\/title>\n<meta name=\"robots\" content=\"index, follow, max-snippet:-1, max-image-preview:large, max-video-preview:-1\" \/>\n<link rel=\"canonical\" href=\"https:\/\/sandzakpress.net\/arhiva\/dacic-srbija-nece-mijenjati-stav-o-kosovu\/\" \/>\n<meta property=\"og:locale\" content=\"bs_BA\" \/>\n<meta property=\"og:type\" content=\"article\" \/>\n<meta property=\"og:title\" content=\"Da\u010di\u0107: Srbija ne\u0107e mijenjati stav o Kosovu\" \/>\n<meta property=\"og:description\" content=\"Srbija, Kosovo &#8211; Srbija ne\u0107e odstupiti od svog stava da ne priznaje nezavisnost Kosova, kazao je za Al Jazeeru premijer Srbije Ivica Da\u010di\u0107 nakon susreta sa premijerom Kosova Hashimom Thacijem u Briselu. Kako je iz Brisela izvijestila reporterka Al Jazeere Katarina Drlja, Da\u010di\u0107 i Thaci u petak su sjeli za isti sto na poziv \u0161efice [&hellip;]\" \/>\n<meta property=\"og:url\" content=\"https:\/\/sandzakpress.net\/arhiva\/dacic-srbija-nece-mijenjati-stav-o-kosovu\/\" \/>\n<meta property=\"og:site_name\" content=\"Sand\u017eak PRESS\" \/>\n<meta property=\"article:published_time\" content=\"2012-10-19T21:53:14+00:00\" \/>\n<meta property=\"og:image\" content=\"https:\/\/sandzakpress.net\/arhiva\/wp-content\/uploads\/2012\/10\/ivica-dacic-ispitivanje-privatizacije-sumnjive-privatizacije-1346663427-198858.jpg\" \/>\n\t<meta property=\"og:image:width\" content=\"616\" \/>\n\t<meta property=\"og:image:height\" content=\"331\" \/>\n\t<meta property=\"og:image:type\" content=\"image\/jpeg\" \/>\n<meta name=\"twitter:card\" content=\"summary_large_image\" \/>\n<meta name=\"twitter:label1\" content=\"Written by\" \/>\n\t<meta name=\"twitter:data1\" content=\"\" \/>\n\t<meta name=\"twitter:label2\" content=\"Est. reading time\" \/>\n\t<meta name=\"twitter:data2\" content=\"3 minute\" \/>\n<script type=\"application\/ld+json\" class=\"yoast-schema-graph\">{\"@context\":\"https:\/\/schema.org\",\"@graph\":[{\"@type\":\"Article\",\"@id\":\"https:\/\/sandzakpress.net\/arhiva\/dacic-srbija-nece-mijenjati-stav-o-kosovu\/#article\",\"isPartOf\":{\"@id\":\"https:\/\/sandzakpress.net\/arhiva\/dacic-srbija-nece-mijenjati-stav-o-kosovu\/\"},\"author\":{\"name\":\"\",\"@id\":\"\"},\"headline\":\"Da\u010di\u0107: Srbija ne\u0107e mijenjati stav o Kosovu\",\"datePublished\":\"2012-10-19T21:53:14+00:00\",\"mainEntityOfPage\":{\"@id\":\"https:\/\/sandzakpress.net\/arhiva\/dacic-srbija-nece-mijenjati-stav-o-kosovu\/\"},\"wordCount\":690,\"commentCount\":1,\"publisher\":{\"@id\":\"https:\/\/sandzakpress.net\/arhiva\/#\/schema\/person\/6e72b67d6e51910a1117b3b483ba20bd\"},\"image\":{\"@id\":\"https:\/\/sandzakpress.net\/arhiva\/dacic-srbija-nece-mijenjati-stav-o-kosovu\/#primaryimage\"},\"thumbnailUrl\":\"https:\/\/sandzakpress.net\/arhiva\/wp-content\/uploads\/2012\/10\/ivica-dacic-ispitivanje-privatizacije-sumnjive-privatizacije-1346663427-198858.jpg\",\"articleSection\":[\"Kosovo\"],\"inLanguage\":\"bs-BA\",\"potentialAction\":[{\"@type\":\"CommentAction\",\"name\":\"Comment\",\"target\":[\"https:\/\/sandzakpress.net\/arhiva\/dacic-srbija-nece-mijenjati-stav-o-kosovu\/#respond\"]}]},{\"@type\":\"WebPage\",\"@id\":\"https:\/\/sandzakpress.net\/arhiva\/dacic-srbija-nece-mijenjati-stav-o-kosovu\/\",\"url\":\"https:\/\/sandzakpress.net\/arhiva\/dacic-srbija-nece-mijenjati-stav-o-kosovu\/\",\"name\":\"Da\u010di\u0107: Srbija ne\u0107e mijenjati stav o Kosovu\",\"isPartOf\":{\"@id\":\"https:\/\/sandzakpress.net\/arhiva\/#website\"},\"primaryImageOfPage\":{\"@id\":\"https:\/\/sandzakpress.net\/arhiva\/dacic-srbija-nece-mijenjati-stav-o-kosovu\/#primaryimage\"},\"image\":{\"@id\":\"https:\/\/sandzakpress.net\/arhiva\/dacic-srbija-nece-mijenjati-stav-o-kosovu\/#primaryimage\"},\"thumbnailUrl\":\"https:\/\/sandzakpress.net\/arhiva\/wp-content\/uploads\/2012\/10\/ivica-dacic-ispitivanje-privatizacije-sumnjive-privatizacije-1346663427-198858.jpg\",\"datePublished\":\"2012-10-19T21:53:14+00:00\",\"breadcrumb\":{\"@id\":\"https:\/\/sandzakpress.net\/arhiva\/dacic-srbija-nece-mijenjati-stav-o-kosovu\/#breadcrumb\"},\"inLanguage\":\"bs-BA\",\"potentialAction\":[{\"@type\":\"ReadAction\",\"target\":[\"https:\/\/sandzakpress.net\/arhiva\/dacic-srbija-nece-mijenjati-stav-o-kosovu\/\"]}]},{\"@type\":\"ImageObject\",\"inLanguage\":\"bs-BA\",\"@id\":\"https:\/\/sandzakpress.net\/arhiva\/dacic-srbija-nece-mijenjati-stav-o-kosovu\/#primaryimage\",\"url\":\"https:\/\/sandzakpress.net\/arhiva\/wp-content\/uploads\/2012\/10\/ivica-dacic-ispitivanje-privatizacije-sumnjive-privatizacije-1346663427-198858.jpg\",\"contentUrl\":\"https:\/\/sandzakpress.net\/arhiva\/wp-content\/uploads\/2012\/10\/ivica-dacic-ispitivanje-privatizacije-sumnjive-privatizacije-1346663427-198858.jpg\",\"width\":616,\"height\":331},{\"@type\":\"BreadcrumbList\",\"@id\":\"https:\/\/sandzakpress.net\/arhiva\/dacic-srbija-nece-mijenjati-stav-o-kosovu\/#breadcrumb\",\"itemListElement\":[{\"@type\":\"ListItem\",\"position\":1,\"name\":\"Home\",\"item\":\"https:\/\/sandzakpress.net\/arhiva\/\"},{\"@type\":\"ListItem\",\"position\":2,\"name\":\"Da\u010di\u0107: Srbija ne\u0107e mijenjati stav o Kosovu\"}]},{\"@type\":\"WebSite\",\"@id\":\"https:\/\/sandzakpress.net\/arhiva\/#website\",\"url\":\"https:\/\/sandzakpress.net\/arhiva\/\",\"name\":\"Sand\u017eak PRESS\",\"description\":\"Prve elektronske novine u Sand\u017eaku\",\"publisher\":{\"@id\":\"https:\/\/sandzakpress.net\/arhiva\/#\/schema\/person\/6e72b67d6e51910a1117b3b483ba20bd\"},\"potentialAction\":[{\"@type\":\"SearchAction\",\"target\":{\"@type\":\"EntryPoint\",\"urlTemplate\":\"https:\/\/sandzakpress.net\/arhiva\/?s={search_term_string}\"},\"query-input\":{\"@type\":\"PropertyValueSpecification\",\"valueRequired\":true,\"valueName\":\"search_term_string\"}}],\"inLanguage\":\"bs-BA\"},{\"@type\":[\"Person\",\"Organization\"],\"@id\":\"https:\/\/sandzakpress.net\/arhiva\/#\/schema\/person\/6e72b67d6e51910a1117b3b483ba20bd\",\"name\":\"Kul\",\"image\":{\"@type\":\"ImageObject\",\"inLanguage\":\"bs-BA\",\"@id\":\"https:\/\/sandzakpress.net\/arhiva\/#\/schema\/person\/image\/\",\"url\":\"https:\/\/secure.gravatar.com\/avatar\/42263f39aa27ac04c43cab85c280eb2e?s=96&d=mm&r=pg\",\"contentUrl\":\"https:\/\/secure.gravatar.com\/avatar\/42263f39aa27ac04c43cab85c280eb2e?s=96&d=mm&r=pg\",\"caption\":\"Kul\"},\"logo\":{\"@id\":\"https:\/\/sandzakpress.net\/arhiva\/#\/schema\/person\/image\/\"}},{\"@type\":\"Person\",\"@id\":\"\",\"url\":\"https:\/\/sandzakpress.net\/arhiva\/author\/\"}]}<\/script>\n<!-- \/ Yoast SEO Premium plugin. -->","yoast_head_json":{"title":"Da\u010di\u0107: Srbija ne\u0107e mijenjati stav o Kosovu","robots":{"index":"index","follow":"follow","max-snippet":"max-snippet:-1","max-image-preview":"max-image-preview:large","max-video-preview":"max-video-preview:-1"},"canonical":"https:\/\/sandzakpress.net\/arhiva\/dacic-srbija-nece-mijenjati-stav-o-kosovu\/","og_locale":"bs_BA","og_type":"article","og_title":"Da\u010di\u0107: Srbija ne\u0107e mijenjati stav o Kosovu","og_description":"Srbija, Kosovo &#8211; Srbija ne\u0107e odstupiti od svog stava da ne priznaje nezavisnost Kosova, kazao je za Al Jazeeru premijer Srbije Ivica Da\u010di\u0107 nakon susreta sa premijerom Kosova Hashimom Thacijem u Briselu. Kako je iz Brisela izvijestila reporterka Al Jazeere Katarina Drlja, Da\u010di\u0107 i Thaci u petak su sjeli za isti sto na poziv \u0161efice [&hellip;]","og_url":"https:\/\/sandzakpress.net\/arhiva\/dacic-srbija-nece-mijenjati-stav-o-kosovu\/","og_site_name":"Sand\u017eak PRESS","article_published_time":"2012-10-19T21:53:14+00:00","og_image":[{"width":616,"height":331,"url":"https:\/\/sandzakpress.net\/arhiva\/wp-content\/uploads\/2012\/10\/ivica-dacic-ispitivanje-privatizacije-sumnjive-privatizacije-1346663427-198858.jpg","type":"image\/jpeg"}],"twitter_card":"summary_large_image","twitter_misc":{"Written by":"","Est. reading time":"3 minute"},"schema":{"@context":"https:\/\/schema.org","@graph":[{"@type":"Article","@id":"https:\/\/sandzakpress.net\/arhiva\/dacic-srbija-nece-mijenjati-stav-o-kosovu\/#article","isPartOf":{"@id":"https:\/\/sandzakpress.net\/arhiva\/dacic-srbija-nece-mijenjati-stav-o-kosovu\/"},"author":{"name":"","@id":""},"headline":"Da\u010di\u0107: Srbija ne\u0107e mijenjati stav o Kosovu","datePublished":"2012-10-19T21:53:14+00:00","mainEntityOfPage":{"@id":"https:\/\/sandzakpress.net\/arhiva\/dacic-srbija-nece-mijenjati-stav-o-kosovu\/"},"wordCount":690,"commentCount":1,"publisher":{"@id":"https:\/\/sandzakpress.net\/arhiva\/#\/schema\/person\/6e72b67d6e51910a1117b3b483ba20bd"},"image":{"@id":"https:\/\/sandzakpress.net\/arhiva\/dacic-srbija-nece-mijenjati-stav-o-kosovu\/#primaryimage"},"thumbnailUrl":"https:\/\/sandzakpress.net\/arhiva\/wp-content\/uploads\/2012\/10\/ivica-dacic-ispitivanje-privatizacije-sumnjive-privatizacije-1346663427-198858.jpg","articleSection":["Kosovo"],"inLanguage":"bs-BA","potentialAction":[{"@type":"CommentAction","name":"Comment","target":["https:\/\/sandzakpress.net\/arhiva\/dacic-srbija-nece-mijenjati-stav-o-kosovu\/#respond"]}]},{"@type":"WebPage","@id":"https:\/\/sandzakpress.net\/arhiva\/dacic-srbija-nece-mijenjati-stav-o-kosovu\/","url":"https:\/\/sandzakpress.net\/arhiva\/dacic-srbija-nece-mijenjati-stav-o-kosovu\/","name":"Da\u010di\u0107: Srbija ne\u0107e mijenjati stav o Kosovu","isPartOf":{"@id":"https:\/\/sandzakpress.net\/arhiva\/#website"},"primaryImageOfPage":{"@id":"https:\/\/sandzakpress.net\/arhiva\/dacic-srbija-nece-mijenjati-stav-o-kosovu\/#primaryimage"},"image":{"@id":"https:\/\/sandzakpress.net\/arhiva\/dacic-srbija-nece-mijenjati-stav-o-kosovu\/#primaryimage"},"thumbnailUrl":"https:\/\/sandzakpress.net\/arhiva\/wp-content\/uploads\/2012\/10\/ivica-dacic-ispitivanje-privatizacije-sumnjive-privatizacije-1346663427-198858.jpg","datePublished":"2012-10-19T21:53:14+00:00","breadcrumb":{"@id":"https:\/\/sandzakpress.net\/arhiva\/dacic-srbija-nece-mijenjati-stav-o-kosovu\/#breadcrumb"},"inLanguage":"bs-BA","potentialAction":[{"@type":"ReadAction","target":["https:\/\/sandzakpress.net\/arhiva\/dacic-srbija-nece-mijenjati-stav-o-kosovu\/"]}]},{"@type":"ImageObject","inLanguage":"bs-BA","@id":"https:\/\/sandzakpress.net\/arhiva\/dacic-srbija-nece-mijenjati-stav-o-kosovu\/#primaryimage","url":"https:\/\/sandzakpress.net\/arhiva\/wp-content\/uploads\/2012\/10\/ivica-dacic-ispitivanje-privatizacije-sumnjive-privatizacije-1346663427-198858.jpg","contentUrl":"https:\/\/sandzakpress.net\/arhiva\/wp-content\/uploads\/2012\/10\/ivica-dacic-ispitivanje-privatizacije-sumnjive-privatizacije-1346663427-198858.jpg","width":616,"height":331},{"@type":"BreadcrumbList","@id":"https:\/\/sandzakpress.net\/arhiva\/dacic-srbija-nece-mijenjati-stav-o-kosovu\/#breadcrumb","itemListElement":[{"@type":"ListItem","position":1,"name":"Home","item":"https:\/\/sandzakpress.net\/arhiva\/"},{"@type":"ListItem","position":2,"name":"Da\u010di\u0107: Srbija ne\u0107e mijenjati stav o Kosovu"}]},{"@type":"WebSite","@id":"https:\/\/sandzakpress.net\/arhiva\/#website","url":"https:\/\/sandzakpress.net\/arhiva\/","name":"Sand\u017eak PRESS","description":"Prve elektronske novine u Sand\u017eaku","publisher":{"@id":"https:\/\/sandzakpress.net\/arhiva\/#\/schema\/person\/6e72b67d6e51910a1117b3b483ba20bd"},"potentialAction":[{"@type":"SearchAction","target":{"@type":"EntryPoint","urlTemplate":"https:\/\/sandzakpress.net\/arhiva\/?s={search_term_string}"},"query-input":{"@type":"PropertyValueSpecification","valueRequired":true,"valueName":"search_term_string"}}],"inLanguage":"bs-BA"},{"@type":["Person","Organization"],"@id":"https:\/\/sandzakpress.net\/arhiva\/#\/schema\/person\/6e72b67d6e51910a1117b3b483ba20bd","name":"Kul","image":{"@type":"ImageObject","inLanguage":"bs-BA","@id":"https:\/\/sandzakpress.net\/arhiva\/#\/schema\/person\/image\/","url":"https:\/\/secure.gravatar.com\/avatar\/42263f39aa27ac04c43cab85c280eb2e?s=96&d=mm&r=pg","contentUrl":"https:\/\/secure.gravatar.com\/avatar\/42263f39aa27ac04c43cab85c280eb2e?s=96&d=mm&r=pg","caption":"Kul"},"logo":{"@id":"https:\/\/sandzakpress.net\/arhiva\/#\/schema\/person\/image\/"}},{"@type":"Person","@id":"","url":"https:\/\/sandzakpress.net\/arhiva\/author\/"}]}},"_links":{"self":[{"href":"https:\/\/sandzakpress.net\/arhiva\/wp-json\/wp\/v2\/posts\/53702"}],"collection":[{"href":"https:\/\/sandzakpress.net\/arhiva\/wp-json\/wp\/v2\/posts"}],"about":[{"href":"https:\/\/sandzakpress.net\/arhiva\/wp-json\/wp\/v2\/types\/post"}],"author":[{"embeddable":true,"href":"https:\/\/sandzakpress.net\/arhiva\/wp-json\/wp\/v2\/users\/13"}],"replies":[{"embeddable":true,"href":"https:\/\/sandzakpress.net\/arhiva\/wp-json\/wp\/v2\/comments?post=53702"}],"version-history":[{"count":0,"href":"https:\/\/sandzakpress.net\/arhiva\/wp-json\/wp\/v2\/posts\/53702\/revisions"}],"wp:featuredmedia":[{"embeddable":true,"href":"https:\/\/sandzakpress.net\/arhiva\/wp-json\/wp\/v2\/media\/53703"}],"wp:attachment":[{"href":"https:\/\/sandzakpress.net\/arhiva\/wp-json\/wp\/v2\/media?parent=53702"}],"wp:term":[{"taxonomy":"category","embeddable":true,"href":"https:\/\/sandzakpress.net\/arhiva\/wp-json\/wp\/v2\/categories?post=53702"},{"taxonomy":"post_tag","embeddable":true,"href":"https:\/\/sandzakpress.net\/arhiva\/wp-json\/wp\/v2\/tags?post=53702"}],"curies":[{"name":"wp","href":"https:\/\/api.w.org\/{rel}","templated":true}]}}