{"id":53538,"date":"2012-10-18T14:30:15","date_gmt":"2012-10-18T12:30:15","guid":{"rendered":"https:\/\/sandzakpress.net\/arhiva\/?p=53538"},"modified":"2012-10-18T14:30:30","modified_gmt":"2012-10-18T12:30:30","slug":"husovic-koalicija-sa-dps-om","status":"publish","type":"post","link":"https:\/\/sandzakpress.net\/arhiva\/husovic-koalicija-sa-dps-om\/","title":{"rendered":"Husovi\u0107: Koalicija sa \u0110ukonovi\u0107evim DPS-om?"},"content":{"rendered":"<p><strong><a href=\"https:\/\/sandzakpress.net\/arhiva\/wp-content\/uploads\/2012\/10\/133952.jpg\"><img loading=\"lazy\" decoding=\"async\" class=\"alignleft size-medium wp-image-53539\" title=\"133952\" src=\"https:\/\/sandzakpress.net\/arhiva\/wp-content\/uploads\/2012\/10\/133952-300x202.jpg\" alt=\"\" width=\"300\" height=\"202\" \/><\/a>Ju\u017eni Sand\u017eak &#8211; \u201cMislim da je neminovnost na Bo\u0161njak-Musliman bude na nekoj od najvi\u0161ih pozicija u CG. O\u010dekujemo da bude \u0161to ve\u0107i broj Bo\u0161njaka-Muslimana na pozicijama gdje se odlu\u010duje&#8221;<\/strong><\/p>\n<p>Bo\u0161nja\u010dka stranka (BS) o\u010dekuje da ve\u0107i broj Bo\u0161njaka-Muslimana bude na pozicijama gdje se odlu\u010duje i neminovnost je da njihov predstavnik bude na nekoj od najve\u0107ih funkcija u Crnoj Gori, rekao je njen predsjednik Rafet Husovi\u0107.<\/p>\n<p>On je kazao sarajevskoj agenciji Anadolija da je BS va\u017eno da bude u vlasti, bez obzira ho\u0107e li biti \u201ctas na vagi\u201d.<\/p>\n<p>\u201cMi znamo\u00a0na\u0161u snagu, moramo pomo\u0107i sjeveru Crne Gore, gdje uglavnom \u017eive Bo\u0161njaci-Muslimani. To nam je prioritet u odnosu na ministarske fotelje ili neka personalna rje\u0161enja\u201d, rekao je Husovi\u0107.<\/p>\n<p>On je naglasio da BS \u017eeli da bude zastupljena u vladi.<\/p>\n<p><em>\u201cMi znamo na\u0161u snagu, moramo pomo\u0107i sjeveru, gdje uglavnom \u017eive Bo\u0161njaci-Muslimani. To nam je prioritet u odnosu na ministarske fotelje ili neka personalna rje\u0161enja\u201d, rekao je Husovi\u0107<\/em><\/p>\n<p>\u201cAli isklju\u010divo vodimo ra\u010duna o srazmjernom zapo\u0161ljavanju i zastupljenosti Bo\u0161njaka-Muslimana na svim nivoima vlasti. To je za nas prioritet&#8221;, kazao je Husovi\u0107.<\/p>\n<p>On o\u010dekuje da Bo\u0161njaci poslije ovih izbora do\u017eive sna\u017eniju politi\u010dku reafirmaciju, i da bude Bo\u0161njaka na najvi\u0161im funkcijama u Crnoj Gori.<\/p>\n<p>&#8220;Imali smo Bo\u0161njaka, potpredsjednika Skup\u0161tine Crne Gore, iz Socijaldemokratske partije (SDP). Da li je to dovoljno u ovom trenutku ili nije, sve zavisi od odnosa snaga\u201d, kazao je Husovi\u0107.<\/p>\n<p>On smatra da \u0107e biti dosta stranaka koje \u010dine novu koaliciju.<\/p>\n<p>\u201cMislim da je neminovnost na Bo\u0161njak-Musliman bude na nekoj od najvi\u0161ih pozicija u Crnoj Gori. O\u010dekujemo da bude \u0161to ve\u0107i broj Bo\u0161njaka-Muslimana na pozicijama gdje se odlu\u010duje&#8221;, navodi Husovi\u0107.<\/p>\n<p>On je ocijenio da Bo\u0161njaci, koji su \u010dlanovi Demokratske partije socijalista i SDP-a, gube polako pozicije na lokalnom i dr\u017eavnom nivou.<\/p>\n<p>\u201cZato su nervozni. Nezapam\u0107eno je da se unutar bo\u0161nja\u010dkog korpusa de\u0161avaju neki incidenti oko prevlasti. To je ono \u0161to kvari koaliciju na dr\u017eavnom nivou i to nije dobro\u201d, ocijenio je Husovi\u0107.<\/p>\n<p>Prema njegovim rije\u010dima, vrh partija trebao je da reaguje da se rije\u0161e ti ispadi, da se na\u0111e na\u010dina da se to prevazi\u0111e, a da se kasnije pravi koalicija. \u201cKoalicija se sa dr\u017eavnog mora spustiti do lokalnog nivoa\u201d.<\/p>\n","protected":false},"excerpt":{"rendered":"<p>Ju\u017eni Sand\u017eak &#8211; \u201cMislim da je neminovnost na Bo\u0161njak-Musliman bude na nekoj od najvi\u0161ih pozicija u CG. O\u010dekujemo da bude \u0161to ve\u0107i broj Bo\u0161njaka-Muslimana na pozicijama gdje se odlu\u010duje&#8221; Bo\u0161nja\u010dka stranka (BS) o\u010dekuje da ve\u0107i broj Bo\u0161njaka-Muslimana bude na pozicijama gdje se odlu\u010duje i neminovnost je da njihov predstavnik bude na nekoj od najve\u0107ih funkcija [&hellip;]<\/p>\n","protected":false},"author":83,"featured_media":53539,"comment_status":"open","ping_status":"open","sticky":false,"template":"","format":"standard","meta":{"footnotes":""},"categories":[398,1,397,395,399,8957],"tags":[],"class_list":{"0":"post-53538","1":"post","2":"type-post","3":"status-publish","4":"format-standard","5":"has-post-thumbnail","7":"category-rozaje","8":"category-politika","9":"category-berane","10":"category-pljevlja_","11":"category-plav_","12":"category-vijesti-dana"},"yoast_head":"<!-- This site is optimized with the Yoast SEO Premium plugin v23.1 (Yoast SEO v24.9) - https:\/\/yoast.com\/wordpress\/plugins\/seo\/ -->\n<title>Husovi\u0107: Koalicija sa \u0110ukonovi\u0107evim DPS-om?<\/title>\n<meta name=\"robots\" content=\"index, follow, max-snippet:-1, max-image-preview:large, max-video-preview:-1\" \/>\n<link rel=\"canonical\" href=\"https:\/\/sandzakpress.net\/arhiva\/husovic-koalicija-sa-dps-om\/\" \/>\n<meta property=\"og:locale\" content=\"bs_BA\" \/>\n<meta property=\"og:type\" content=\"article\" \/>\n<meta property=\"og:title\" content=\"Husovi\u0107: Koalicija sa \u0110ukonovi\u0107evim DPS-om?\" \/>\n<meta property=\"og:description\" content=\"Ju\u017eni Sand\u017eak &#8211; \u201cMislim da je neminovnost na Bo\u0161njak-Musliman bude na nekoj od najvi\u0161ih pozicija u CG. O\u010dekujemo da bude \u0161to ve\u0107i broj Bo\u0161njaka-Muslimana na pozicijama gdje se odlu\u010duje&#8221; Bo\u0161nja\u010dka stranka (BS) o\u010dekuje da ve\u0107i broj Bo\u0161njaka-Muslimana bude na pozicijama gdje se odlu\u010duje i neminovnost je da njihov predstavnik bude na nekoj od najve\u0107ih funkcija [&hellip;]\" \/>\n<meta property=\"og:url\" content=\"https:\/\/sandzakpress.net\/arhiva\/husovic-koalicija-sa-dps-om\/\" \/>\n<meta property=\"og:site_name\" content=\"Sand\u017eak PRESS\" \/>\n<meta property=\"article:published_time\" content=\"2012-10-18T12:30:15+00:00\" \/>\n<meta property=\"article:modified_time\" content=\"2012-10-18T12:30:30+00:00\" \/>\n<meta property=\"og:image\" content=\"https:\/\/sandzakpress.net\/arhiva\/wp-content\/uploads\/2012\/10\/133952.jpg\" \/>\n\t<meta property=\"og:image:width\" content=\"616\" \/>\n\t<meta property=\"og:image:height\" content=\"416\" \/>\n\t<meta property=\"og:image:type\" content=\"image\/jpeg\" \/>\n<meta name=\"author\" content=\"bosniak\" \/>\n<meta name=\"twitter:card\" content=\"summary_large_image\" \/>\n<meta name=\"twitter:label1\" content=\"Written by\" \/>\n\t<meta name=\"twitter:data1\" content=\"bosniak\" \/>\n\t<meta name=\"twitter:label2\" content=\"Est. reading time\" \/>\n\t<meta name=\"twitter:data2\" content=\"2 minute\" \/>\n<script type=\"application\/ld+json\" class=\"yoast-schema-graph\">{\"@context\":\"https:\/\/schema.org\",\"@graph\":[{\"@type\":\"Article\",\"@id\":\"https:\/\/sandzakpress.net\/arhiva\/husovic-koalicija-sa-dps-om\/#article\",\"isPartOf\":{\"@id\":\"https:\/\/sandzakpress.net\/arhiva\/husovic-koalicija-sa-dps-om\/\"},\"author\":{\"name\":\"bosniak\",\"@id\":\"https:\/\/sandzakpress.net\/arhiva\/#\/schema\/person\/c8baee722073534b583ea7bdb2e36c02\"},\"headline\":\"Husovi\u0107: Koalicija sa \u0110ukonovi\u0107evim DPS-om?\",\"datePublished\":\"2012-10-18T12:30:15+00:00\",\"dateModified\":\"2012-10-18T12:30:30+00:00\",\"mainEntityOfPage\":{\"@id\":\"https:\/\/sandzakpress.net\/arhiva\/husovic-koalicija-sa-dps-om\/\"},\"wordCount\":417,\"commentCount\":2,\"publisher\":{\"@id\":\"https:\/\/sandzakpress.net\/arhiva\/#\/schema\/person\/6e72b67d6e51910a1117b3b483ba20bd\"},\"image\":{\"@id\":\"https:\/\/sandzakpress.net\/arhiva\/husovic-koalicija-sa-dps-om\/#primaryimage\"},\"thumbnailUrl\":\"https:\/\/sandzakpress.net\/arhiva\/wp-content\/uploads\/2012\/10\/133952.jpg\",\"articleSection\":[\"Ro\u017eaje\",\"Politika\",\"Berane\",\"Pljevlja\",\"Plav\",\"VIJESTI DANA\"],\"inLanguage\":\"bs-BA\",\"potentialAction\":[{\"@type\":\"CommentAction\",\"name\":\"Comment\",\"target\":[\"https:\/\/sandzakpress.net\/arhiva\/husovic-koalicija-sa-dps-om\/#respond\"]}]},{\"@type\":\"WebPage\",\"@id\":\"https:\/\/sandzakpress.net\/arhiva\/husovic-koalicija-sa-dps-om\/\",\"url\":\"https:\/\/sandzakpress.net\/arhiva\/husovic-koalicija-sa-dps-om\/\",\"name\":\"Husovi\u0107: Koalicija sa \u0110ukonovi\u0107evim DPS-om?\",\"isPartOf\":{\"@id\":\"https:\/\/sandzakpress.net\/arhiva\/#website\"},\"primaryImageOfPage\":{\"@id\":\"https:\/\/sandzakpress.net\/arhiva\/husovic-koalicija-sa-dps-om\/#primaryimage\"},\"image\":{\"@id\":\"https:\/\/sandzakpress.net\/arhiva\/husovic-koalicija-sa-dps-om\/#primaryimage\"},\"thumbnailUrl\":\"https:\/\/sandzakpress.net\/arhiva\/wp-content\/uploads\/2012\/10\/133952.jpg\",\"datePublished\":\"2012-10-18T12:30:15+00:00\",\"dateModified\":\"2012-10-18T12:30:30+00:00\",\"breadcrumb\":{\"@id\":\"https:\/\/sandzakpress.net\/arhiva\/husovic-koalicija-sa-dps-om\/#breadcrumb\"},\"inLanguage\":\"bs-BA\",\"potentialAction\":[{\"@type\":\"ReadAction\",\"target\":[\"https:\/\/sandzakpress.net\/arhiva\/husovic-koalicija-sa-dps-om\/\"]}]},{\"@type\":\"ImageObject\",\"inLanguage\":\"bs-BA\",\"@id\":\"https:\/\/sandzakpress.net\/arhiva\/husovic-koalicija-sa-dps-om\/#primaryimage\",\"url\":\"https:\/\/sandzakpress.net\/arhiva\/wp-content\/uploads\/2012\/10\/133952.jpg\",\"contentUrl\":\"https:\/\/sandzakpress.net\/arhiva\/wp-content\/uploads\/2012\/10\/133952.jpg\",\"width\":616,\"height\":416},{\"@type\":\"BreadcrumbList\",\"@id\":\"https:\/\/sandzakpress.net\/arhiva\/husovic-koalicija-sa-dps-om\/#breadcrumb\",\"itemListElement\":[{\"@type\":\"ListItem\",\"position\":1,\"name\":\"Home\",\"item\":\"https:\/\/sandzakpress.net\/arhiva\/\"},{\"@type\":\"ListItem\",\"position\":2,\"name\":\"Husovi\u0107: Koalicija sa \u0110ukonovi\u0107evim DPS-om?\"}]},{\"@type\":\"WebSite\",\"@id\":\"https:\/\/sandzakpress.net\/arhiva\/#website\",\"url\":\"https:\/\/sandzakpress.net\/arhiva\/\",\"name\":\"Sand\u017eak PRESS\",\"description\":\"Prve elektronske novine u Sand\u017eaku\",\"publisher\":{\"@id\":\"https:\/\/sandzakpress.net\/arhiva\/#\/schema\/person\/6e72b67d6e51910a1117b3b483ba20bd\"},\"potentialAction\":[{\"@type\":\"SearchAction\",\"target\":{\"@type\":\"EntryPoint\",\"urlTemplate\":\"https:\/\/sandzakpress.net\/arhiva\/?s={search_term_string}\"},\"query-input\":{\"@type\":\"PropertyValueSpecification\",\"valueRequired\":true,\"valueName\":\"search_term_string\"}}],\"inLanguage\":\"bs-BA\"},{\"@type\":[\"Person\",\"Organization\"],\"@id\":\"https:\/\/sandzakpress.net\/arhiva\/#\/schema\/person\/6e72b67d6e51910a1117b3b483ba20bd\",\"name\":\"Kul\",\"image\":{\"@type\":\"ImageObject\",\"inLanguage\":\"bs-BA\",\"@id\":\"https:\/\/sandzakpress.net\/arhiva\/#\/schema\/person\/image\/\",\"url\":\"https:\/\/secure.gravatar.com\/avatar\/42263f39aa27ac04c43cab85c280eb2e?s=96&d=mm&r=pg\",\"contentUrl\":\"https:\/\/secure.gravatar.com\/avatar\/42263f39aa27ac04c43cab85c280eb2e?s=96&d=mm&r=pg\",\"caption\":\"Kul\"},\"logo\":{\"@id\":\"https:\/\/sandzakpress.net\/arhiva\/#\/schema\/person\/image\/\"}},{\"@type\":\"Person\",\"@id\":\"https:\/\/sandzakpress.net\/arhiva\/#\/schema\/person\/c8baee722073534b583ea7bdb2e36c02\",\"name\":\"bosniak\",\"image\":{\"@type\":\"ImageObject\",\"inLanguage\":\"bs-BA\",\"@id\":\"https:\/\/sandzakpress.net\/arhiva\/#\/schema\/person\/image\/\",\"url\":\"https:\/\/secure.gravatar.com\/avatar\/a04fd330bfe3a36a72a0ad4a6d89fca7?s=96&d=mm&r=pg\",\"contentUrl\":\"https:\/\/secure.gravatar.com\/avatar\/a04fd330bfe3a36a72a0ad4a6d89fca7?s=96&d=mm&r=pg\",\"caption\":\"bosniak\"},\"url\":\"https:\/\/sandzakpress.net\/arhiva\/author\/bosniak\/\"}]}<\/script>\n<!-- \/ Yoast SEO Premium plugin. -->","yoast_head_json":{"title":"Husovi\u0107: Koalicija sa \u0110ukonovi\u0107evim DPS-om?","robots":{"index":"index","follow":"follow","max-snippet":"max-snippet:-1","max-image-preview":"max-image-preview:large","max-video-preview":"max-video-preview:-1"},"canonical":"https:\/\/sandzakpress.net\/arhiva\/husovic-koalicija-sa-dps-om\/","og_locale":"bs_BA","og_type":"article","og_title":"Husovi\u0107: Koalicija sa \u0110ukonovi\u0107evim DPS-om?","og_description":"Ju\u017eni Sand\u017eak &#8211; \u201cMislim da je neminovnost na Bo\u0161njak-Musliman bude na nekoj od najvi\u0161ih pozicija u CG. O\u010dekujemo da bude \u0161to ve\u0107i broj Bo\u0161njaka-Muslimana na pozicijama gdje se odlu\u010duje&#8221; Bo\u0161nja\u010dka stranka (BS) o\u010dekuje da ve\u0107i broj Bo\u0161njaka-Muslimana bude na pozicijama gdje se odlu\u010duje i neminovnost je da njihov predstavnik bude na nekoj od najve\u0107ih funkcija [&hellip;]","og_url":"https:\/\/sandzakpress.net\/arhiva\/husovic-koalicija-sa-dps-om\/","og_site_name":"Sand\u017eak PRESS","article_published_time":"2012-10-18T12:30:15+00:00","article_modified_time":"2012-10-18T12:30:30+00:00","og_image":[{"width":616,"height":416,"url":"https:\/\/sandzakpress.net\/arhiva\/wp-content\/uploads\/2012\/10\/133952.jpg","type":"image\/jpeg"}],"author":"bosniak","twitter_card":"summary_large_image","twitter_misc":{"Written by":"bosniak","Est. reading time":"2 minute"},"schema":{"@context":"https:\/\/schema.org","@graph":[{"@type":"Article","@id":"https:\/\/sandzakpress.net\/arhiva\/husovic-koalicija-sa-dps-om\/#article","isPartOf":{"@id":"https:\/\/sandzakpress.net\/arhiva\/husovic-koalicija-sa-dps-om\/"},"author":{"name":"bosniak","@id":"https:\/\/sandzakpress.net\/arhiva\/#\/schema\/person\/c8baee722073534b583ea7bdb2e36c02"},"headline":"Husovi\u0107: Koalicija sa \u0110ukonovi\u0107evim DPS-om?","datePublished":"2012-10-18T12:30:15+00:00","dateModified":"2012-10-18T12:30:30+00:00","mainEntityOfPage":{"@id":"https:\/\/sandzakpress.net\/arhiva\/husovic-koalicija-sa-dps-om\/"},"wordCount":417,"commentCount":2,"publisher":{"@id":"https:\/\/sandzakpress.net\/arhiva\/#\/schema\/person\/6e72b67d6e51910a1117b3b483ba20bd"},"image":{"@id":"https:\/\/sandzakpress.net\/arhiva\/husovic-koalicija-sa-dps-om\/#primaryimage"},"thumbnailUrl":"https:\/\/sandzakpress.net\/arhiva\/wp-content\/uploads\/2012\/10\/133952.jpg","articleSection":["Ro\u017eaje","Politika","Berane","Pljevlja","Plav","VIJESTI DANA"],"inLanguage":"bs-BA","potentialAction":[{"@type":"CommentAction","name":"Comment","target":["https:\/\/sandzakpress.net\/arhiva\/husovic-koalicija-sa-dps-om\/#respond"]}]},{"@type":"WebPage","@id":"https:\/\/sandzakpress.net\/arhiva\/husovic-koalicija-sa-dps-om\/","url":"https:\/\/sandzakpress.net\/arhiva\/husovic-koalicija-sa-dps-om\/","name":"Husovi\u0107: Koalicija sa \u0110ukonovi\u0107evim DPS-om?","isPartOf":{"@id":"https:\/\/sandzakpress.net\/arhiva\/#website"},"primaryImageOfPage":{"@id":"https:\/\/sandzakpress.net\/arhiva\/husovic-koalicija-sa-dps-om\/#primaryimage"},"image":{"@id":"https:\/\/sandzakpress.net\/arhiva\/husovic-koalicija-sa-dps-om\/#primaryimage"},"thumbnailUrl":"https:\/\/sandzakpress.net\/arhiva\/wp-content\/uploads\/2012\/10\/133952.jpg","datePublished":"2012-10-18T12:30:15+00:00","dateModified":"2012-10-18T12:30:30+00:00","breadcrumb":{"@id":"https:\/\/sandzakpress.net\/arhiva\/husovic-koalicija-sa-dps-om\/#breadcrumb"},"inLanguage":"bs-BA","potentialAction":[{"@type":"ReadAction","target":["https:\/\/sandzakpress.net\/arhiva\/husovic-koalicija-sa-dps-om\/"]}]},{"@type":"ImageObject","inLanguage":"bs-BA","@id":"https:\/\/sandzakpress.net\/arhiva\/husovic-koalicija-sa-dps-om\/#primaryimage","url":"https:\/\/sandzakpress.net\/arhiva\/wp-content\/uploads\/2012\/10\/133952.jpg","contentUrl":"https:\/\/sandzakpress.net\/arhiva\/wp-content\/uploads\/2012\/10\/133952.jpg","width":616,"height":416},{"@type":"BreadcrumbList","@id":"https:\/\/sandzakpress.net\/arhiva\/husovic-koalicija-sa-dps-om\/#breadcrumb","itemListElement":[{"@type":"ListItem","position":1,"name":"Home","item":"https:\/\/sandzakpress.net\/arhiva\/"},{"@type":"ListItem","position":2,"name":"Husovi\u0107: Koalicija sa \u0110ukonovi\u0107evim DPS-om?"}]},{"@type":"WebSite","@id":"https:\/\/sandzakpress.net\/arhiva\/#website","url":"https:\/\/sandzakpress.net\/arhiva\/","name":"Sand\u017eak PRESS","description":"Prve elektronske novine u Sand\u017eaku","publisher":{"@id":"https:\/\/sandzakpress.net\/arhiva\/#\/schema\/person\/6e72b67d6e51910a1117b3b483ba20bd"},"potentialAction":[{"@type":"SearchAction","target":{"@type":"EntryPoint","urlTemplate":"https:\/\/sandzakpress.net\/arhiva\/?s={search_term_string}"},"query-input":{"@type":"PropertyValueSpecification","valueRequired":true,"valueName":"search_term_string"}}],"inLanguage":"bs-BA"},{"@type":["Person","Organization"],"@id":"https:\/\/sandzakpress.net\/arhiva\/#\/schema\/person\/6e72b67d6e51910a1117b3b483ba20bd","name":"Kul","image":{"@type":"ImageObject","inLanguage":"bs-BA","@id":"https:\/\/sandzakpress.net\/arhiva\/#\/schema\/person\/image\/","url":"https:\/\/secure.gravatar.com\/avatar\/42263f39aa27ac04c43cab85c280eb2e?s=96&d=mm&r=pg","contentUrl":"https:\/\/secure.gravatar.com\/avatar\/42263f39aa27ac04c43cab85c280eb2e?s=96&d=mm&r=pg","caption":"Kul"},"logo":{"@id":"https:\/\/sandzakpress.net\/arhiva\/#\/schema\/person\/image\/"}},{"@type":"Person","@id":"https:\/\/sandzakpress.net\/arhiva\/#\/schema\/person\/c8baee722073534b583ea7bdb2e36c02","name":"bosniak","image":{"@type":"ImageObject","inLanguage":"bs-BA","@id":"https:\/\/sandzakpress.net\/arhiva\/#\/schema\/person\/image\/","url":"https:\/\/secure.gravatar.com\/avatar\/a04fd330bfe3a36a72a0ad4a6d89fca7?s=96&d=mm&r=pg","contentUrl":"https:\/\/secure.gravatar.com\/avatar\/a04fd330bfe3a36a72a0ad4a6d89fca7?s=96&d=mm&r=pg","caption":"bosniak"},"url":"https:\/\/sandzakpress.net\/arhiva\/author\/bosniak\/"}]}},"_links":{"self":[{"href":"https:\/\/sandzakpress.net\/arhiva\/wp-json\/wp\/v2\/posts\/53538"}],"collection":[{"href":"https:\/\/sandzakpress.net\/arhiva\/wp-json\/wp\/v2\/posts"}],"about":[{"href":"https:\/\/sandzakpress.net\/arhiva\/wp-json\/wp\/v2\/types\/post"}],"author":[{"embeddable":true,"href":"https:\/\/sandzakpress.net\/arhiva\/wp-json\/wp\/v2\/users\/83"}],"replies":[{"embeddable":true,"href":"https:\/\/sandzakpress.net\/arhiva\/wp-json\/wp\/v2\/comments?post=53538"}],"version-history":[{"count":0,"href":"https:\/\/sandzakpress.net\/arhiva\/wp-json\/wp\/v2\/posts\/53538\/revisions"}],"wp:featuredmedia":[{"embeddable":true,"href":"https:\/\/sandzakpress.net\/arhiva\/wp-json\/wp\/v2\/media\/53539"}],"wp:attachment":[{"href":"https:\/\/sandzakpress.net\/arhiva\/wp-json\/wp\/v2\/media?parent=53538"}],"wp:term":[{"taxonomy":"category","embeddable":true,"href":"https:\/\/sandzakpress.net\/arhiva\/wp-json\/wp\/v2\/categories?post=53538"},{"taxonomy":"post_tag","embeddable":true,"href":"https:\/\/sandzakpress.net\/arhiva\/wp-json\/wp\/v2\/tags?post=53538"}],"curies":[{"name":"wp","href":"https:\/\/api.w.org\/{rel}","templated":true}]}}