{"id":5345,"date":"2010-06-24T21:30:57","date_gmt":"2010-06-24T21:30:57","guid":{"rendered":"https:\/\/sandzakpress.net\/arhiva\/?p=5345"},"modified":"2010-06-24T21:30:57","modified_gmt":"2010-06-24T21:30:57","slug":"zajedno-u-borbu-protiv-droge","status":"publish","type":"post","link":"https:\/\/sandzakpress.net\/arhiva\/zajedno-u-borbu-protiv-droge\/","title":{"rendered":"Zajedno u borbu protiv droge"},"content":{"rendered":"<p><strong><a href=\"https:\/\/sandzakpress.net\/arhiva\/wp-content\/uploads\/2010\/06\/x1258166292708093002.jpg\"><img loading=\"lazy\" decoding=\"async\" class=\"alignleft size-medium wp-image-5346\" title=\"x1258166292708093002\" src=\"https:\/\/sandzakpress.net\/arhiva\/wp-content\/uploads\/2010\/06\/x1258166292708093002-295x300.jpg\" alt=\"\" width=\"295\" height=\"300\" \/><\/a>Nova Varo\u0161 &#8211; Grupa \u0161estaka, u\u010denika O\u0160 &#8220;\u017divko Ljuji\u0107&#8221;, uputila je ovih dana apel lokalnoj javnosti, sa ciljem da skrenu pa\u017enju na sve u\u010destaliju pojavu droge u na\u0161em gradu. Bave\u0107i se ovom problematikom u poslejdnjih nekoliko mjeseci, novovaro\u0161ki osnovci izradili su i razrednu studiju u kojoj od svih nadle\u017enih institucija dr\u017eave i op\u0161tine zahtijevaju efikasniju borbu protiv najve\u0107e po\u0161asti savremenog doba, jer droga sve \u010de\u0161\u0107e &#8220;uzima danak&#8221; i me\u0111u u\u010deni\u010dkom populacijom. <\/strong><\/p>\n<p>Promocija ove studije nedavno je uprili\u010dena u \u0161kolskoj Biblioteci, u prisustvu rukovodstva, nastavnika i u\u010denika ove obrazovne ustanove. Tom prilikom je istaknuto da \u0107e najzanimljiviji dijelovi ovog istra\u017eivanja biti predstavljeni i \u0161iroj javnosti, i to otvorenim pismom, u kome se kao najefikasnija mjera u borbi protiv droge predla\u017ee zna\u010dajnija prisutnost pripadnika policije na rizi\u010dnim mjestima.<\/p>\n<p>&#8211; Prisustvom policije na rizi\u010dnim mjestima bi\u0107e za\u0161ti\u0107eni nedu\u017eni mladi ljudi, koji ne \u017eele da uplove u ove opasne vode i zbog sve ve\u0107e prisutnosti droge, osje\u0107aju strah kada su u pitanju izlasci i dru\u017eenja u gradu. Na\u0161i roditelji bi nam sa olak\u0161anjem dozvoljavali da izlazimo kada bi znali da \u0107e nas policija \u0161tititi. Zna\u010dajnije prisustvo pripadnika MUP bi doprinijelo i efikasnijem i pravovremenom reagovanju prilikom rasturanja droge i njenog kori\u0161\u0107enja na javnim mjestima, isti\u010de se u pismu javnosti u kojem pi\u0161e i da mjere koje se trenutno sprovode u borbi protiv droge ne daju gotovo nikakve rezultate. Rje\u0161avanje ovog problema ote\u017eavaju i stavovi koji se sve \u010de\u0161\u0107e mogu \u010duti da se prisutnost droge me\u0111u mladima svodi u kategoriju &#8220;prava na privatnost&#8221;, dodaje se.<\/p>\n<p>Novovaro\u0161ki osnovci, ina\u010de, polaznici gra\u0111anskog vaspitanja, u svom istra\u017eivanju na temu droge do\u0161li su do zaklju\u010dka i da ova po\u0161ast uzima maha i u sredinama kakva je na\u0161a, i da se i lokalna vlast mora aktivno uklju\u010diti kako bi se situacija bar ubla\u017eila, sve u cilju kako bi sa\u010duvala \u017eivote mladih ljudi i generacija koje dolaze. Grupa od desetak \u0161estaka posjetila je i brojne institucije i ustanove koje su, po prirodi stvari, upu\u0107ene na ovu problematiku &#8211; policiju, Dom zdravlja, Centar za socijalni rad, Skup\u0161tinu op\u0161tine, osnovne i srednje \u0161kole, kao i lokalni list Zlatarske novosti.<\/p>\n<p>&#8211; Kroz posjete nadle\u017enim institucijama, saznali smo da postoje neslaganja u zajednici vezana za pitanje droge. Nadle\u017ene slu\u017ebe ne pori\u010du svoju odgovornost, ali svaka misli da bi onaj drugi trebalo da se vi\u0161e zalo\u017ei, kako bi se problem ubla\u017eio. Mi smatramo da svi oni zajedno, u saradnji sa porodicom, treba da urade najvi\u0161e \u0161to mogu, i da svi pojedina\u010dno daju svoj doprinos, smatraju ovda\u0161nji osnovci i pozivaju odrasle da se zna\u010dajnije anga\u017euju na informisanju mladih o opasnostima i posljedicama koje droga nosi sa sobom, ograni\u010de rad kafi\u0107a, kao i da mladima ponude kvalitetnije sadr\u017eaje kako ne bi posegli za &#8220;bijelim prahom&#8221;.<\/p>\n<p>\u010citav proces rada i istra\u017eivanja mladih na temu droge pratila je pedagog u gradskoj Osnovnoj \u0161koli Neca Jovi\u0107, ina\u010de, stru\u010dna saradnica i specijalista metodike gra\u0111anskog vaspitanja. Ona isti\u010de da su se ovda\u0161nji \u0161estaci upoznali sa\u00a0radom\u00a0i kativnostima svih nadle\u017enih ustanova i institucija, koje se bave unapre\u0111enjem kvaliteta \u017eivota u lokalnoj zajednici. &#8220;Nau\u010dili su da su i sami odgovorni za kvalitet \u017eivota u svojoj sredini i da bi trebalo da budu aktivniji gra\u0111ani. Svi mi sami biramo pravac i odgovorni smo za izbor&#8221;, smatra Jovi\u0107.<\/p>\n","protected":false},"excerpt":{"rendered":"<p>Nova Varo\u0161 &#8211; Grupa \u0161estaka, u\u010denika O\u0160 &#8220;\u017divko Ljuji\u0107&#8221;, uputila je ovih dana apel lokalnoj javnosti, sa ciljem da skrenu pa\u017enju na sve u\u010destaliju pojavu droge u na\u0161em gradu. Bave\u0107i se ovom problematikom u poslejdnjih nekoliko mjeseci, novovaro\u0161ki osnovci izradili su i razrednu studiju u kojoj od svih nadle\u017enih institucija dr\u017eave i op\u0161tine zahtijevaju efikasniju [&hellip;]<\/p>\n","protected":false},"author":83,"featured_media":5346,"comment_status":"open","ping_status":"open","sticky":false,"template":"","format":"standard","meta":{"footnotes":""},"categories":[394,5],"tags":[],"class_list":{"0":"post-5345","1":"post","2":"type-post","3":"status-publish","4":"format-standard","5":"has-post-thumbnail","7":"category-nova-varos","8":"category-drustvo"},"yoast_head":"<!-- This site is optimized with the Yoast SEO Premium plugin v23.1 (Yoast SEO v24.9) - https:\/\/yoast.com\/wordpress\/plugins\/seo\/ -->\n<title>Zajedno u borbu protiv droge<\/title>\n<meta name=\"robots\" content=\"index, follow, max-snippet:-1, max-image-preview:large, max-video-preview:-1\" \/>\n<link rel=\"canonical\" href=\"https:\/\/sandzakpress.net\/arhiva\/zajedno-u-borbu-protiv-droge\/\" \/>\n<meta property=\"og:locale\" content=\"bs_BA\" \/>\n<meta property=\"og:type\" content=\"article\" \/>\n<meta property=\"og:title\" content=\"Zajedno u borbu protiv droge\" \/>\n<meta property=\"og:description\" content=\"Nova Varo\u0161 &#8211; Grupa \u0161estaka, u\u010denika O\u0160 &#8220;\u017divko Ljuji\u0107&#8221;, uputila je ovih dana apel lokalnoj javnosti, sa ciljem da skrenu pa\u017enju na sve u\u010destaliju pojavu droge u na\u0161em gradu. Bave\u0107i se ovom problematikom u poslejdnjih nekoliko mjeseci, novovaro\u0161ki osnovci izradili su i razrednu studiju u kojoj od svih nadle\u017enih institucija dr\u017eave i op\u0161tine zahtijevaju efikasniju [&hellip;]\" \/>\n<meta property=\"og:url\" content=\"https:\/\/sandzakpress.net\/arhiva\/zajedno-u-borbu-protiv-droge\/\" \/>\n<meta property=\"og:site_name\" content=\"Sand\u017eak PRESS\" \/>\n<meta property=\"article:published_time\" content=\"2010-06-24T21:30:57+00:00\" \/>\n<meta property=\"og:image\" content=\"https:\/\/sandzakpress.net\/arhiva\/wp-content\/uploads\/2010\/06\/x1258166292708093002.jpg\" \/>\n\t<meta property=\"og:image:width\" content=\"472\" \/>\n\t<meta property=\"og:image:height\" content=\"480\" \/>\n\t<meta property=\"og:image:type\" content=\"image\/jpeg\" \/>\n<meta name=\"author\" content=\"bosniak\" \/>\n<meta name=\"twitter:card\" content=\"summary_large_image\" \/>\n<meta name=\"twitter:label1\" content=\"Written by\" \/>\n\t<meta name=\"twitter:data1\" content=\"bosniak\" \/>\n\t<meta name=\"twitter:label2\" content=\"Est. reading time\" \/>\n\t<meta name=\"twitter:data2\" content=\"3 minute\" \/>\n<script type=\"application\/ld+json\" class=\"yoast-schema-graph\">{\"@context\":\"https:\/\/schema.org\",\"@graph\":[{\"@type\":\"Article\",\"@id\":\"https:\/\/sandzakpress.net\/arhiva\/zajedno-u-borbu-protiv-droge\/#article\",\"isPartOf\":{\"@id\":\"https:\/\/sandzakpress.net\/arhiva\/zajedno-u-borbu-protiv-droge\/\"},\"author\":{\"name\":\"bosniak\",\"@id\":\"https:\/\/sandzakpress.net\/arhiva\/#\/schema\/person\/c8baee722073534b583ea7bdb2e36c02\"},\"headline\":\"Zajedno u borbu protiv droge\",\"datePublished\":\"2010-06-24T21:30:57+00:00\",\"mainEntityOfPage\":{\"@id\":\"https:\/\/sandzakpress.net\/arhiva\/zajedno-u-borbu-protiv-droge\/\"},\"wordCount\":615,\"commentCount\":0,\"publisher\":{\"@id\":\"https:\/\/sandzakpress.net\/arhiva\/#\/schema\/person\/6e72b67d6e51910a1117b3b483ba20bd\"},\"image\":{\"@id\":\"https:\/\/sandzakpress.net\/arhiva\/zajedno-u-borbu-protiv-droge\/#primaryimage\"},\"thumbnailUrl\":\"https:\/\/sandzakpress.net\/arhiva\/wp-content\/uploads\/2010\/06\/x1258166292708093002.jpg\",\"articleSection\":[\"Nova Varo\u0161\",\"Dru\u0161tvo\"],\"inLanguage\":\"bs-BA\",\"potentialAction\":[{\"@type\":\"CommentAction\",\"name\":\"Comment\",\"target\":[\"https:\/\/sandzakpress.net\/arhiva\/zajedno-u-borbu-protiv-droge\/#respond\"]}]},{\"@type\":\"WebPage\",\"@id\":\"https:\/\/sandzakpress.net\/arhiva\/zajedno-u-borbu-protiv-droge\/\",\"url\":\"https:\/\/sandzakpress.net\/arhiva\/zajedno-u-borbu-protiv-droge\/\",\"name\":\"Zajedno u borbu protiv droge\",\"isPartOf\":{\"@id\":\"https:\/\/sandzakpress.net\/arhiva\/#website\"},\"primaryImageOfPage\":{\"@id\":\"https:\/\/sandzakpress.net\/arhiva\/zajedno-u-borbu-protiv-droge\/#primaryimage\"},\"image\":{\"@id\":\"https:\/\/sandzakpress.net\/arhiva\/zajedno-u-borbu-protiv-droge\/#primaryimage\"},\"thumbnailUrl\":\"https:\/\/sandzakpress.net\/arhiva\/wp-content\/uploads\/2010\/06\/x1258166292708093002.jpg\",\"datePublished\":\"2010-06-24T21:30:57+00:00\",\"breadcrumb\":{\"@id\":\"https:\/\/sandzakpress.net\/arhiva\/zajedno-u-borbu-protiv-droge\/#breadcrumb\"},\"inLanguage\":\"bs-BA\",\"potentialAction\":[{\"@type\":\"ReadAction\",\"target\":[\"https:\/\/sandzakpress.net\/arhiva\/zajedno-u-borbu-protiv-droge\/\"]}]},{\"@type\":\"ImageObject\",\"inLanguage\":\"bs-BA\",\"@id\":\"https:\/\/sandzakpress.net\/arhiva\/zajedno-u-borbu-protiv-droge\/#primaryimage\",\"url\":\"https:\/\/sandzakpress.net\/arhiva\/wp-content\/uploads\/2010\/06\/x1258166292708093002.jpg\",\"contentUrl\":\"https:\/\/sandzakpress.net\/arhiva\/wp-content\/uploads\/2010\/06\/x1258166292708093002.jpg\",\"width\":472,\"height\":480},{\"@type\":\"BreadcrumbList\",\"@id\":\"https:\/\/sandzakpress.net\/arhiva\/zajedno-u-borbu-protiv-droge\/#breadcrumb\",\"itemListElement\":[{\"@type\":\"ListItem\",\"position\":1,\"name\":\"Home\",\"item\":\"https:\/\/sandzakpress.net\/arhiva\/\"},{\"@type\":\"ListItem\",\"position\":2,\"name\":\"Zajedno u borbu protiv droge\"}]},{\"@type\":\"WebSite\",\"@id\":\"https:\/\/sandzakpress.net\/arhiva\/#website\",\"url\":\"https:\/\/sandzakpress.net\/arhiva\/\",\"name\":\"Sand\u017eak PRESS\",\"description\":\"Prve elektronske novine u Sand\u017eaku\",\"publisher\":{\"@id\":\"https:\/\/sandzakpress.net\/arhiva\/#\/schema\/person\/6e72b67d6e51910a1117b3b483ba20bd\"},\"potentialAction\":[{\"@type\":\"SearchAction\",\"target\":{\"@type\":\"EntryPoint\",\"urlTemplate\":\"https:\/\/sandzakpress.net\/arhiva\/?s={search_term_string}\"},\"query-input\":{\"@type\":\"PropertyValueSpecification\",\"valueRequired\":true,\"valueName\":\"search_term_string\"}}],\"inLanguage\":\"bs-BA\"},{\"@type\":[\"Person\",\"Organization\"],\"@id\":\"https:\/\/sandzakpress.net\/arhiva\/#\/schema\/person\/6e72b67d6e51910a1117b3b483ba20bd\",\"name\":\"Kul\",\"image\":{\"@type\":\"ImageObject\",\"inLanguage\":\"bs-BA\",\"@id\":\"https:\/\/sandzakpress.net\/arhiva\/#\/schema\/person\/image\/\",\"url\":\"https:\/\/secure.gravatar.com\/avatar\/42263f39aa27ac04c43cab85c280eb2e?s=96&d=mm&r=pg\",\"contentUrl\":\"https:\/\/secure.gravatar.com\/avatar\/42263f39aa27ac04c43cab85c280eb2e?s=96&d=mm&r=pg\",\"caption\":\"Kul\"},\"logo\":{\"@id\":\"https:\/\/sandzakpress.net\/arhiva\/#\/schema\/person\/image\/\"}},{\"@type\":\"Person\",\"@id\":\"https:\/\/sandzakpress.net\/arhiva\/#\/schema\/person\/c8baee722073534b583ea7bdb2e36c02\",\"name\":\"bosniak\",\"image\":{\"@type\":\"ImageObject\",\"inLanguage\":\"bs-BA\",\"@id\":\"https:\/\/sandzakpress.net\/arhiva\/#\/schema\/person\/image\/\",\"url\":\"https:\/\/secure.gravatar.com\/avatar\/a04fd330bfe3a36a72a0ad4a6d89fca7?s=96&d=mm&r=pg\",\"contentUrl\":\"https:\/\/secure.gravatar.com\/avatar\/a04fd330bfe3a36a72a0ad4a6d89fca7?s=96&d=mm&r=pg\",\"caption\":\"bosniak\"},\"url\":\"https:\/\/sandzakpress.net\/arhiva\/author\/bosniak\/\"}]}<\/script>\n<!-- \/ Yoast SEO Premium plugin. -->","yoast_head_json":{"title":"Zajedno u borbu protiv droge","robots":{"index":"index","follow":"follow","max-snippet":"max-snippet:-1","max-image-preview":"max-image-preview:large","max-video-preview":"max-video-preview:-1"},"canonical":"https:\/\/sandzakpress.net\/arhiva\/zajedno-u-borbu-protiv-droge\/","og_locale":"bs_BA","og_type":"article","og_title":"Zajedno u borbu protiv droge","og_description":"Nova Varo\u0161 &#8211; Grupa \u0161estaka, u\u010denika O\u0160 &#8220;\u017divko Ljuji\u0107&#8221;, uputila je ovih dana apel lokalnoj javnosti, sa ciljem da skrenu pa\u017enju na sve u\u010destaliju pojavu droge u na\u0161em gradu. Bave\u0107i se ovom problematikom u poslejdnjih nekoliko mjeseci, novovaro\u0161ki osnovci izradili su i razrednu studiju u kojoj od svih nadle\u017enih institucija dr\u017eave i op\u0161tine zahtijevaju efikasniju [&hellip;]","og_url":"https:\/\/sandzakpress.net\/arhiva\/zajedno-u-borbu-protiv-droge\/","og_site_name":"Sand\u017eak PRESS","article_published_time":"2010-06-24T21:30:57+00:00","og_image":[{"width":472,"height":480,"url":"https:\/\/sandzakpress.net\/arhiva\/wp-content\/uploads\/2010\/06\/x1258166292708093002.jpg","type":"image\/jpeg"}],"author":"bosniak","twitter_card":"summary_large_image","twitter_misc":{"Written by":"bosniak","Est. reading time":"3 minute"},"schema":{"@context":"https:\/\/schema.org","@graph":[{"@type":"Article","@id":"https:\/\/sandzakpress.net\/arhiva\/zajedno-u-borbu-protiv-droge\/#article","isPartOf":{"@id":"https:\/\/sandzakpress.net\/arhiva\/zajedno-u-borbu-protiv-droge\/"},"author":{"name":"bosniak","@id":"https:\/\/sandzakpress.net\/arhiva\/#\/schema\/person\/c8baee722073534b583ea7bdb2e36c02"},"headline":"Zajedno u borbu protiv droge","datePublished":"2010-06-24T21:30:57+00:00","mainEntityOfPage":{"@id":"https:\/\/sandzakpress.net\/arhiva\/zajedno-u-borbu-protiv-droge\/"},"wordCount":615,"commentCount":0,"publisher":{"@id":"https:\/\/sandzakpress.net\/arhiva\/#\/schema\/person\/6e72b67d6e51910a1117b3b483ba20bd"},"image":{"@id":"https:\/\/sandzakpress.net\/arhiva\/zajedno-u-borbu-protiv-droge\/#primaryimage"},"thumbnailUrl":"https:\/\/sandzakpress.net\/arhiva\/wp-content\/uploads\/2010\/06\/x1258166292708093002.jpg","articleSection":["Nova Varo\u0161","Dru\u0161tvo"],"inLanguage":"bs-BA","potentialAction":[{"@type":"CommentAction","name":"Comment","target":["https:\/\/sandzakpress.net\/arhiva\/zajedno-u-borbu-protiv-droge\/#respond"]}]},{"@type":"WebPage","@id":"https:\/\/sandzakpress.net\/arhiva\/zajedno-u-borbu-protiv-droge\/","url":"https:\/\/sandzakpress.net\/arhiva\/zajedno-u-borbu-protiv-droge\/","name":"Zajedno u borbu protiv droge","isPartOf":{"@id":"https:\/\/sandzakpress.net\/arhiva\/#website"},"primaryImageOfPage":{"@id":"https:\/\/sandzakpress.net\/arhiva\/zajedno-u-borbu-protiv-droge\/#primaryimage"},"image":{"@id":"https:\/\/sandzakpress.net\/arhiva\/zajedno-u-borbu-protiv-droge\/#primaryimage"},"thumbnailUrl":"https:\/\/sandzakpress.net\/arhiva\/wp-content\/uploads\/2010\/06\/x1258166292708093002.jpg","datePublished":"2010-06-24T21:30:57+00:00","breadcrumb":{"@id":"https:\/\/sandzakpress.net\/arhiva\/zajedno-u-borbu-protiv-droge\/#breadcrumb"},"inLanguage":"bs-BA","potentialAction":[{"@type":"ReadAction","target":["https:\/\/sandzakpress.net\/arhiva\/zajedno-u-borbu-protiv-droge\/"]}]},{"@type":"ImageObject","inLanguage":"bs-BA","@id":"https:\/\/sandzakpress.net\/arhiva\/zajedno-u-borbu-protiv-droge\/#primaryimage","url":"https:\/\/sandzakpress.net\/arhiva\/wp-content\/uploads\/2010\/06\/x1258166292708093002.jpg","contentUrl":"https:\/\/sandzakpress.net\/arhiva\/wp-content\/uploads\/2010\/06\/x1258166292708093002.jpg","width":472,"height":480},{"@type":"BreadcrumbList","@id":"https:\/\/sandzakpress.net\/arhiva\/zajedno-u-borbu-protiv-droge\/#breadcrumb","itemListElement":[{"@type":"ListItem","position":1,"name":"Home","item":"https:\/\/sandzakpress.net\/arhiva\/"},{"@type":"ListItem","position":2,"name":"Zajedno u borbu protiv droge"}]},{"@type":"WebSite","@id":"https:\/\/sandzakpress.net\/arhiva\/#website","url":"https:\/\/sandzakpress.net\/arhiva\/","name":"Sand\u017eak PRESS","description":"Prve elektronske novine u Sand\u017eaku","publisher":{"@id":"https:\/\/sandzakpress.net\/arhiva\/#\/schema\/person\/6e72b67d6e51910a1117b3b483ba20bd"},"potentialAction":[{"@type":"SearchAction","target":{"@type":"EntryPoint","urlTemplate":"https:\/\/sandzakpress.net\/arhiva\/?s={search_term_string}"},"query-input":{"@type":"PropertyValueSpecification","valueRequired":true,"valueName":"search_term_string"}}],"inLanguage":"bs-BA"},{"@type":["Person","Organization"],"@id":"https:\/\/sandzakpress.net\/arhiva\/#\/schema\/person\/6e72b67d6e51910a1117b3b483ba20bd","name":"Kul","image":{"@type":"ImageObject","inLanguage":"bs-BA","@id":"https:\/\/sandzakpress.net\/arhiva\/#\/schema\/person\/image\/","url":"https:\/\/secure.gravatar.com\/avatar\/42263f39aa27ac04c43cab85c280eb2e?s=96&d=mm&r=pg","contentUrl":"https:\/\/secure.gravatar.com\/avatar\/42263f39aa27ac04c43cab85c280eb2e?s=96&d=mm&r=pg","caption":"Kul"},"logo":{"@id":"https:\/\/sandzakpress.net\/arhiva\/#\/schema\/person\/image\/"}},{"@type":"Person","@id":"https:\/\/sandzakpress.net\/arhiva\/#\/schema\/person\/c8baee722073534b583ea7bdb2e36c02","name":"bosniak","image":{"@type":"ImageObject","inLanguage":"bs-BA","@id":"https:\/\/sandzakpress.net\/arhiva\/#\/schema\/person\/image\/","url":"https:\/\/secure.gravatar.com\/avatar\/a04fd330bfe3a36a72a0ad4a6d89fca7?s=96&d=mm&r=pg","contentUrl":"https:\/\/secure.gravatar.com\/avatar\/a04fd330bfe3a36a72a0ad4a6d89fca7?s=96&d=mm&r=pg","caption":"bosniak"},"url":"https:\/\/sandzakpress.net\/arhiva\/author\/bosniak\/"}]}},"_links":{"self":[{"href":"https:\/\/sandzakpress.net\/arhiva\/wp-json\/wp\/v2\/posts\/5345"}],"collection":[{"href":"https:\/\/sandzakpress.net\/arhiva\/wp-json\/wp\/v2\/posts"}],"about":[{"href":"https:\/\/sandzakpress.net\/arhiva\/wp-json\/wp\/v2\/types\/post"}],"author":[{"embeddable":true,"href":"https:\/\/sandzakpress.net\/arhiva\/wp-json\/wp\/v2\/users\/83"}],"replies":[{"embeddable":true,"href":"https:\/\/sandzakpress.net\/arhiva\/wp-json\/wp\/v2\/comments?post=5345"}],"version-history":[{"count":0,"href":"https:\/\/sandzakpress.net\/arhiva\/wp-json\/wp\/v2\/posts\/5345\/revisions"}],"wp:featuredmedia":[{"embeddable":true,"href":"https:\/\/sandzakpress.net\/arhiva\/wp-json\/wp\/v2\/media\/5346"}],"wp:attachment":[{"href":"https:\/\/sandzakpress.net\/arhiva\/wp-json\/wp\/v2\/media?parent=5345"}],"wp:term":[{"taxonomy":"category","embeddable":true,"href":"https:\/\/sandzakpress.net\/arhiva\/wp-json\/wp\/v2\/categories?post=5345"},{"taxonomy":"post_tag","embeddable":true,"href":"https:\/\/sandzakpress.net\/arhiva\/wp-json\/wp\/v2\/tags?post=5345"}],"curies":[{"name":"wp","href":"https:\/\/api.w.org\/{rel}","templated":true}]}}