{"id":533,"date":"2009-12-25T17:25:10","date_gmt":"2009-12-25T17:25:10","guid":{"rendered":"https:\/\/sandzakpress.net\/arhiva\/?p=533"},"modified":"2010-02-28T01:30:16","modified_gmt":"2010-02-28T00:30:16","slug":"sta-bosnjaci-dobijaju-upisom-u-poseban-biracki-spisak","status":"publish","type":"post","link":"https:\/\/sandzakpress.net\/arhiva\/sta-bosnjaci-dobijaju-upisom-u-poseban-biracki-spisak\/","title":{"rendered":"\u0160ta Bo\u0161njaci dobijaju upisom u poseban bira\u010dki spisak?"},"content":{"rendered":"<p><strong><a href=\"https:\/\/sandzakpress.net\/arhiva\/wp-content\/uploads\/2009\/12\/n283729477873_8577.jpg\"><img loading=\"lazy\" decoding=\"async\" class=\"alignleft size-full wp-image-2392\" title=\"n283729477873_8577\" src=\"https:\/\/sandzakpress.net\/arhiva\/wp-content\/uploads\/2009\/12\/n283729477873_8577.jpg\" alt=\"\" width=\"200\" height=\"296\" \/><\/a>OVO JE VA\u017dNO DA ZNA\u0160!!!<\/strong><\/p>\n<p>&#8211; Bo\u0161nja\u010dka kulturna zajednica (BKZ) te poziva da se upi\u0161e\u0161 kod nje u poseban bira\u010dki spisak.<\/p>\n<p>&#8211; To ti je va\u017eno da bi sigurno stekao pravo da glasa\u0161 na izborima za Bo\u0161nja\u010dki nacionalni savjet.<\/p>\n<p>&#8211; Ako si ve\u0107 upisan u nekoj od stranaka, upi\u0161i se ponovo kod nas, da nebi bio prevaren i izgubio pravo glasa.<\/p>\n<p>&#8211; Naro\u010dito je va\u017eno da se upi\u0161e\u0161 kod nas ako ti nije stiglo rje\u0161enje za pravo glasa.<\/p>\n<p>&#8211; Mi smo organizacija koja okuplja doktore, magistre, umjetnike, poznate i po\u0161tene biznismene i ljude uop\u0161te.<\/p>\n<p>&#8211; Mi nismo stranka, ve\u0107 udru\u017eenje gra\u0111a koji se bore za kulturu, naciju i vjeru.<\/p>\n<p>&#8211;<\/p>\n<p><strong>&#8212; <span style=\"text-decoration: underline;\">UPI\u0160I SE ODMAH!!!<\/span> &#8212;<\/strong><\/p>\n<p><strong>&#8212;&gt;  NOVI PAZAR<\/strong><br \/>\n&#8211; Kancelarija BKZ na trgu kod Islmaskog fakulteta (od 9h do 19h)<br \/>\n&#8211; Bt. tel.: 020 \/ 336 677<\/p>\n<p><strong>&#8212;&gt; TUTIN<\/strong><br \/>\n&#8211; Kancelarija BKZ kod Centralne d\u017eamije (od 9h do 15h)<br \/>\n&#8211; Br. tel.: 064 \/ 889 1809<\/p>\n<p><strong>&#8212;&gt; SJENICA<\/strong><br \/>\n&#8211; Kancelarija BKZ kod &#8220;Divlje rijeke&#8221; preko puta Gimnazije (od 9h o 15h)<br \/>\n&#8211; (Br. tel. \u0107e biti uskoro objavljen)<\/p>\n<p><strong>&#8212;&gt; PRIJEPOLJE<\/strong><br \/>\n&#8211; Kancelarija BKZ u Ulici Tufa Had\u017eagi\u0107a u mjestu Hamam (od 9h do 15h)<br \/>\n&#8211; (Br. tel. \u0107e biti uskoro objavljen)<\/p>\n<p><strong>&#8212;&gt; PRIBOJ<\/strong><br \/>\n&#8211; Enes Svraka<br \/>\n&#8211; 064 \/ 889 17 30<\/p>\n<p><strong>&#8212;&gt; NOVA VARO\u0160<\/strong><br \/>\n&#8211; Ismet Bihorac<br \/>\n&#8211; 064 \/ 889 1715<\/p>\n<p><strong>&#8212;&gt; SARAJEVO<\/strong><br \/>\n&#8211; Ilid\u017ea, Bli\u017eujski drum br. 74  (od 9h do 16h)<br \/>\n&#8211; +387 \/ 66 366 529<\/p>\n<p><strong>&#8212;&gt; KELN<\/strong><br \/>\n&#8211; Edin Salkovi\u0107<br \/>\n&#8211; +49 \/ 177 262 7954<\/p>\n<p><strong>&#8212;&gt; FRANKFURT<\/strong><br \/>\n&#8211; Kemal Sejdovi\u0107<br \/>\n&#8211; (Br. tel. \u0107e biti uskoro objavljen)<\/p>\n<p><strong>&#8212;&gt; MINHEN<\/strong><br \/>\n&#8211; Izet Bibi\u0107<br \/>\n&#8211; +49 \/ 163 309 2288<\/p>\n<p><strong>&#8212;&gt; BERLIN<\/strong><br \/>\n&#8211; Hasim Kola\u0161inac<br \/>\n&#8211; +49 \/ 177 795 4525<\/p>\n<p><strong>&#8212;&gt; FRANCUSKA<\/strong><br \/>\n&#8211; \u0160efadil Li\u010dina<br \/>\n&#8211; +33 \/ 622 445 134<\/p>\n<p><strong>&#8212;&gt; AUSTRIJA<\/strong><br \/>\n&#8211; Mithat Mujovi\u0107<br \/>\n&#8211; +43 \/ 681 104 016 09<\/p>\n<p><strong>&#8212;&gt; \u0160VICARSKA<\/strong><br \/>\n&#8211; Izet Osmanovi\u0107<br \/>\n&#8211; +41\/ 763 201 891<\/p>\n","protected":false},"excerpt":{"rendered":"<p>OVO JE VA\u017dNO DA ZNA\u0160!!! &#8211; Bo\u0161nja\u010dka kulturna zajednica (BKZ) te poziva da se upi\u0161e\u0161 kod nje u poseban bira\u010dki spisak. &#8211; To ti je va\u017eno da bi sigurno stekao pravo da glasa\u0161 na izborima za Bo\u0161nja\u010dki nacionalni savjet. &#8211; Ako si ve\u0107 upisan u nekoj od stranaka, upi\u0161i se ponovo kod nas, da nebi [&hellip;]<\/p>\n","protected":false},"author":83,"featured_media":2392,"comment_status":"open","ping_status":"open","sticky":false,"template":"","format":"standard","meta":{"footnotes":""},"categories":[1],"tags":[],"class_list":{"0":"post-533","1":"post","2":"type-post","3":"status-publish","4":"format-standard","5":"has-post-thumbnail","7":"category-politika"},"yoast_head":"<!-- This site is optimized with the Yoast SEO Premium plugin v23.1 (Yoast SEO v24.9) - https:\/\/yoast.com\/wordpress\/plugins\/seo\/ -->\n<title>\u0160ta Bo\u0161njaci dobijaju upisom u poseban bira\u010dki spisak?<\/title>\n<meta name=\"robots\" content=\"index, follow, max-snippet:-1, max-image-preview:large, max-video-preview:-1\" \/>\n<link rel=\"canonical\" href=\"https:\/\/sandzakpress.net\/arhiva\/sta-bosnjaci-dobijaju-upisom-u-poseban-biracki-spisak\/\" \/>\n<meta property=\"og:locale\" content=\"bs_BA\" \/>\n<meta property=\"og:type\" content=\"article\" \/>\n<meta property=\"og:title\" content=\"\u0160ta Bo\u0161njaci dobijaju upisom u poseban bira\u010dki spisak?\" \/>\n<meta property=\"og:description\" content=\"OVO JE VA\u017dNO DA ZNA\u0160!!! &#8211; Bo\u0161nja\u010dka kulturna zajednica (BKZ) te poziva da se upi\u0161e\u0161 kod nje u poseban bira\u010dki spisak. &#8211; To ti je va\u017eno da bi sigurno stekao pravo da glasa\u0161 na izborima za Bo\u0161nja\u010dki nacionalni savjet. &#8211; Ako si ve\u0107 upisan u nekoj od stranaka, upi\u0161i se ponovo kod nas, da nebi [&hellip;]\" \/>\n<meta property=\"og:url\" content=\"https:\/\/sandzakpress.net\/arhiva\/sta-bosnjaci-dobijaju-upisom-u-poseban-biracki-spisak\/\" \/>\n<meta property=\"og:site_name\" content=\"Sand\u017eak PRESS\" \/>\n<meta property=\"article:published_time\" content=\"2009-12-25T17:25:10+00:00\" \/>\n<meta property=\"article:modified_time\" content=\"2010-02-28T00:30:16+00:00\" \/>\n<meta property=\"og:image\" content=\"https:\/\/sandzakpress.net\/arhiva\/wp-content\/uploads\/2009\/12\/n283729477873_8577.jpg\" \/>\n\t<meta property=\"og:image:width\" content=\"200\" \/>\n\t<meta property=\"og:image:height\" content=\"296\" \/>\n\t<meta property=\"og:image:type\" content=\"image\/jpeg\" \/>\n<meta name=\"author\" content=\"bosniak\" \/>\n<meta name=\"twitter:card\" content=\"summary_large_image\" \/>\n<meta name=\"twitter:label1\" content=\"Written by\" \/>\n\t<meta name=\"twitter:data1\" content=\"bosniak\" \/>\n\t<meta name=\"twitter:label2\" content=\"Est. reading time\" \/>\n\t<meta name=\"twitter:data2\" content=\"2 minute\" \/>\n<script type=\"application\/ld+json\" class=\"yoast-schema-graph\">{\"@context\":\"https:\/\/schema.org\",\"@graph\":[{\"@type\":\"Article\",\"@id\":\"https:\/\/sandzakpress.net\/arhiva\/sta-bosnjaci-dobijaju-upisom-u-poseban-biracki-spisak\/#article\",\"isPartOf\":{\"@id\":\"https:\/\/sandzakpress.net\/arhiva\/sta-bosnjaci-dobijaju-upisom-u-poseban-biracki-spisak\/\"},\"author\":{\"name\":\"bosniak\",\"@id\":\"https:\/\/sandzakpress.net\/arhiva\/#\/schema\/person\/c8baee722073534b583ea7bdb2e36c02\"},\"headline\":\"\u0160ta Bo\u0161njaci dobijaju upisom u poseban bira\u010dki spisak?\",\"datePublished\":\"2009-12-25T17:25:10+00:00\",\"dateModified\":\"2010-02-28T00:30:16+00:00\",\"mainEntityOfPage\":{\"@id\":\"https:\/\/sandzakpress.net\/arhiva\/sta-bosnjaci-dobijaju-upisom-u-poseban-biracki-spisak\/\"},\"wordCount\":315,\"commentCount\":1,\"publisher\":{\"@id\":\"https:\/\/sandzakpress.net\/arhiva\/#\/schema\/person\/6e72b67d6e51910a1117b3b483ba20bd\"},\"image\":{\"@id\":\"https:\/\/sandzakpress.net\/arhiva\/sta-bosnjaci-dobijaju-upisom-u-poseban-biracki-spisak\/#primaryimage\"},\"thumbnailUrl\":\"https:\/\/sandzakpress.net\/arhiva\/wp-content\/uploads\/2009\/12\/n283729477873_8577.jpg\",\"articleSection\":[\"Politika\"],\"inLanguage\":\"bs-BA\",\"potentialAction\":[{\"@type\":\"CommentAction\",\"name\":\"Comment\",\"target\":[\"https:\/\/sandzakpress.net\/arhiva\/sta-bosnjaci-dobijaju-upisom-u-poseban-biracki-spisak\/#respond\"]}]},{\"@type\":\"WebPage\",\"@id\":\"https:\/\/sandzakpress.net\/arhiva\/sta-bosnjaci-dobijaju-upisom-u-poseban-biracki-spisak\/\",\"url\":\"https:\/\/sandzakpress.net\/arhiva\/sta-bosnjaci-dobijaju-upisom-u-poseban-biracki-spisak\/\",\"name\":\"\u0160ta Bo\u0161njaci dobijaju upisom u poseban bira\u010dki spisak?\",\"isPartOf\":{\"@id\":\"https:\/\/sandzakpress.net\/arhiva\/#website\"},\"primaryImageOfPage\":{\"@id\":\"https:\/\/sandzakpress.net\/arhiva\/sta-bosnjaci-dobijaju-upisom-u-poseban-biracki-spisak\/#primaryimage\"},\"image\":{\"@id\":\"https:\/\/sandzakpress.net\/arhiva\/sta-bosnjaci-dobijaju-upisom-u-poseban-biracki-spisak\/#primaryimage\"},\"thumbnailUrl\":\"https:\/\/sandzakpress.net\/arhiva\/wp-content\/uploads\/2009\/12\/n283729477873_8577.jpg\",\"datePublished\":\"2009-12-25T17:25:10+00:00\",\"dateModified\":\"2010-02-28T00:30:16+00:00\",\"breadcrumb\":{\"@id\":\"https:\/\/sandzakpress.net\/arhiva\/sta-bosnjaci-dobijaju-upisom-u-poseban-biracki-spisak\/#breadcrumb\"},\"inLanguage\":\"bs-BA\",\"potentialAction\":[{\"@type\":\"ReadAction\",\"target\":[\"https:\/\/sandzakpress.net\/arhiva\/sta-bosnjaci-dobijaju-upisom-u-poseban-biracki-spisak\/\"]}]},{\"@type\":\"ImageObject\",\"inLanguage\":\"bs-BA\",\"@id\":\"https:\/\/sandzakpress.net\/arhiva\/sta-bosnjaci-dobijaju-upisom-u-poseban-biracki-spisak\/#primaryimage\",\"url\":\"https:\/\/sandzakpress.net\/arhiva\/wp-content\/uploads\/2009\/12\/n283729477873_8577.jpg\",\"contentUrl\":\"https:\/\/sandzakpress.net\/arhiva\/wp-content\/uploads\/2009\/12\/n283729477873_8577.jpg\",\"width\":200,\"height\":296},{\"@type\":\"BreadcrumbList\",\"@id\":\"https:\/\/sandzakpress.net\/arhiva\/sta-bosnjaci-dobijaju-upisom-u-poseban-biracki-spisak\/#breadcrumb\",\"itemListElement\":[{\"@type\":\"ListItem\",\"position\":1,\"name\":\"Home\",\"item\":\"https:\/\/sandzakpress.net\/arhiva\/\"},{\"@type\":\"ListItem\",\"position\":2,\"name\":\"\u0160ta Bo\u0161njaci dobijaju upisom u poseban bira\u010dki spisak?\"}]},{\"@type\":\"WebSite\",\"@id\":\"https:\/\/sandzakpress.net\/arhiva\/#website\",\"url\":\"https:\/\/sandzakpress.net\/arhiva\/\",\"name\":\"Sand\u017eak PRESS\",\"description\":\"Prve elektronske novine u Sand\u017eaku\",\"publisher\":{\"@id\":\"https:\/\/sandzakpress.net\/arhiva\/#\/schema\/person\/6e72b67d6e51910a1117b3b483ba20bd\"},\"potentialAction\":[{\"@type\":\"SearchAction\",\"target\":{\"@type\":\"EntryPoint\",\"urlTemplate\":\"https:\/\/sandzakpress.net\/arhiva\/?s={search_term_string}\"},\"query-input\":{\"@type\":\"PropertyValueSpecification\",\"valueRequired\":true,\"valueName\":\"search_term_string\"}}],\"inLanguage\":\"bs-BA\"},{\"@type\":[\"Person\",\"Organization\"],\"@id\":\"https:\/\/sandzakpress.net\/arhiva\/#\/schema\/person\/6e72b67d6e51910a1117b3b483ba20bd\",\"name\":\"Kul\",\"image\":{\"@type\":\"ImageObject\",\"inLanguage\":\"bs-BA\",\"@id\":\"https:\/\/sandzakpress.net\/arhiva\/#\/schema\/person\/image\/\",\"url\":\"https:\/\/secure.gravatar.com\/avatar\/42263f39aa27ac04c43cab85c280eb2e?s=96&d=mm&r=pg\",\"contentUrl\":\"https:\/\/secure.gravatar.com\/avatar\/42263f39aa27ac04c43cab85c280eb2e?s=96&d=mm&r=pg\",\"caption\":\"Kul\"},\"logo\":{\"@id\":\"https:\/\/sandzakpress.net\/arhiva\/#\/schema\/person\/image\/\"}},{\"@type\":\"Person\",\"@id\":\"https:\/\/sandzakpress.net\/arhiva\/#\/schema\/person\/c8baee722073534b583ea7bdb2e36c02\",\"name\":\"bosniak\",\"image\":{\"@type\":\"ImageObject\",\"inLanguage\":\"bs-BA\",\"@id\":\"https:\/\/sandzakpress.net\/arhiva\/#\/schema\/person\/image\/\",\"url\":\"https:\/\/secure.gravatar.com\/avatar\/a04fd330bfe3a36a72a0ad4a6d89fca7?s=96&d=mm&r=pg\",\"contentUrl\":\"https:\/\/secure.gravatar.com\/avatar\/a04fd330bfe3a36a72a0ad4a6d89fca7?s=96&d=mm&r=pg\",\"caption\":\"bosniak\"},\"url\":\"https:\/\/sandzakpress.net\/arhiva\/author\/bosniak\/\"}]}<\/script>\n<!-- \/ Yoast SEO Premium plugin. -->","yoast_head_json":{"title":"\u0160ta Bo\u0161njaci dobijaju upisom u poseban bira\u010dki spisak?","robots":{"index":"index","follow":"follow","max-snippet":"max-snippet:-1","max-image-preview":"max-image-preview:large","max-video-preview":"max-video-preview:-1"},"canonical":"https:\/\/sandzakpress.net\/arhiva\/sta-bosnjaci-dobijaju-upisom-u-poseban-biracki-spisak\/","og_locale":"bs_BA","og_type":"article","og_title":"\u0160ta Bo\u0161njaci dobijaju upisom u poseban bira\u010dki spisak?","og_description":"OVO JE VA\u017dNO DA ZNA\u0160!!! &#8211; Bo\u0161nja\u010dka kulturna zajednica (BKZ) te poziva da se upi\u0161e\u0161 kod nje u poseban bira\u010dki spisak. &#8211; To ti je va\u017eno da bi sigurno stekao pravo da glasa\u0161 na izborima za Bo\u0161nja\u010dki nacionalni savjet. &#8211; Ako si ve\u0107 upisan u nekoj od stranaka, upi\u0161i se ponovo kod nas, da nebi [&hellip;]","og_url":"https:\/\/sandzakpress.net\/arhiva\/sta-bosnjaci-dobijaju-upisom-u-poseban-biracki-spisak\/","og_site_name":"Sand\u017eak PRESS","article_published_time":"2009-12-25T17:25:10+00:00","article_modified_time":"2010-02-28T00:30:16+00:00","og_image":[{"width":200,"height":296,"url":"https:\/\/sandzakpress.net\/arhiva\/wp-content\/uploads\/2009\/12\/n283729477873_8577.jpg","type":"image\/jpeg"}],"author":"bosniak","twitter_card":"summary_large_image","twitter_misc":{"Written by":"bosniak","Est. reading time":"2 minute"},"schema":{"@context":"https:\/\/schema.org","@graph":[{"@type":"Article","@id":"https:\/\/sandzakpress.net\/arhiva\/sta-bosnjaci-dobijaju-upisom-u-poseban-biracki-spisak\/#article","isPartOf":{"@id":"https:\/\/sandzakpress.net\/arhiva\/sta-bosnjaci-dobijaju-upisom-u-poseban-biracki-spisak\/"},"author":{"name":"bosniak","@id":"https:\/\/sandzakpress.net\/arhiva\/#\/schema\/person\/c8baee722073534b583ea7bdb2e36c02"},"headline":"\u0160ta Bo\u0161njaci dobijaju upisom u poseban bira\u010dki spisak?","datePublished":"2009-12-25T17:25:10+00:00","dateModified":"2010-02-28T00:30:16+00:00","mainEntityOfPage":{"@id":"https:\/\/sandzakpress.net\/arhiva\/sta-bosnjaci-dobijaju-upisom-u-poseban-biracki-spisak\/"},"wordCount":315,"commentCount":1,"publisher":{"@id":"https:\/\/sandzakpress.net\/arhiva\/#\/schema\/person\/6e72b67d6e51910a1117b3b483ba20bd"},"image":{"@id":"https:\/\/sandzakpress.net\/arhiva\/sta-bosnjaci-dobijaju-upisom-u-poseban-biracki-spisak\/#primaryimage"},"thumbnailUrl":"https:\/\/sandzakpress.net\/arhiva\/wp-content\/uploads\/2009\/12\/n283729477873_8577.jpg","articleSection":["Politika"],"inLanguage":"bs-BA","potentialAction":[{"@type":"CommentAction","name":"Comment","target":["https:\/\/sandzakpress.net\/arhiva\/sta-bosnjaci-dobijaju-upisom-u-poseban-biracki-spisak\/#respond"]}]},{"@type":"WebPage","@id":"https:\/\/sandzakpress.net\/arhiva\/sta-bosnjaci-dobijaju-upisom-u-poseban-biracki-spisak\/","url":"https:\/\/sandzakpress.net\/arhiva\/sta-bosnjaci-dobijaju-upisom-u-poseban-biracki-spisak\/","name":"\u0160ta Bo\u0161njaci dobijaju upisom u poseban bira\u010dki spisak?","isPartOf":{"@id":"https:\/\/sandzakpress.net\/arhiva\/#website"},"primaryImageOfPage":{"@id":"https:\/\/sandzakpress.net\/arhiva\/sta-bosnjaci-dobijaju-upisom-u-poseban-biracki-spisak\/#primaryimage"},"image":{"@id":"https:\/\/sandzakpress.net\/arhiva\/sta-bosnjaci-dobijaju-upisom-u-poseban-biracki-spisak\/#primaryimage"},"thumbnailUrl":"https:\/\/sandzakpress.net\/arhiva\/wp-content\/uploads\/2009\/12\/n283729477873_8577.jpg","datePublished":"2009-12-25T17:25:10+00:00","dateModified":"2010-02-28T00:30:16+00:00","breadcrumb":{"@id":"https:\/\/sandzakpress.net\/arhiva\/sta-bosnjaci-dobijaju-upisom-u-poseban-biracki-spisak\/#breadcrumb"},"inLanguage":"bs-BA","potentialAction":[{"@type":"ReadAction","target":["https:\/\/sandzakpress.net\/arhiva\/sta-bosnjaci-dobijaju-upisom-u-poseban-biracki-spisak\/"]}]},{"@type":"ImageObject","inLanguage":"bs-BA","@id":"https:\/\/sandzakpress.net\/arhiva\/sta-bosnjaci-dobijaju-upisom-u-poseban-biracki-spisak\/#primaryimage","url":"https:\/\/sandzakpress.net\/arhiva\/wp-content\/uploads\/2009\/12\/n283729477873_8577.jpg","contentUrl":"https:\/\/sandzakpress.net\/arhiva\/wp-content\/uploads\/2009\/12\/n283729477873_8577.jpg","width":200,"height":296},{"@type":"BreadcrumbList","@id":"https:\/\/sandzakpress.net\/arhiva\/sta-bosnjaci-dobijaju-upisom-u-poseban-biracki-spisak\/#breadcrumb","itemListElement":[{"@type":"ListItem","position":1,"name":"Home","item":"https:\/\/sandzakpress.net\/arhiva\/"},{"@type":"ListItem","position":2,"name":"\u0160ta Bo\u0161njaci dobijaju upisom u poseban bira\u010dki spisak?"}]},{"@type":"WebSite","@id":"https:\/\/sandzakpress.net\/arhiva\/#website","url":"https:\/\/sandzakpress.net\/arhiva\/","name":"Sand\u017eak PRESS","description":"Prve elektronske novine u Sand\u017eaku","publisher":{"@id":"https:\/\/sandzakpress.net\/arhiva\/#\/schema\/person\/6e72b67d6e51910a1117b3b483ba20bd"},"potentialAction":[{"@type":"SearchAction","target":{"@type":"EntryPoint","urlTemplate":"https:\/\/sandzakpress.net\/arhiva\/?s={search_term_string}"},"query-input":{"@type":"PropertyValueSpecification","valueRequired":true,"valueName":"search_term_string"}}],"inLanguage":"bs-BA"},{"@type":["Person","Organization"],"@id":"https:\/\/sandzakpress.net\/arhiva\/#\/schema\/person\/6e72b67d6e51910a1117b3b483ba20bd","name":"Kul","image":{"@type":"ImageObject","inLanguage":"bs-BA","@id":"https:\/\/sandzakpress.net\/arhiva\/#\/schema\/person\/image\/","url":"https:\/\/secure.gravatar.com\/avatar\/42263f39aa27ac04c43cab85c280eb2e?s=96&d=mm&r=pg","contentUrl":"https:\/\/secure.gravatar.com\/avatar\/42263f39aa27ac04c43cab85c280eb2e?s=96&d=mm&r=pg","caption":"Kul"},"logo":{"@id":"https:\/\/sandzakpress.net\/arhiva\/#\/schema\/person\/image\/"}},{"@type":"Person","@id":"https:\/\/sandzakpress.net\/arhiva\/#\/schema\/person\/c8baee722073534b583ea7bdb2e36c02","name":"bosniak","image":{"@type":"ImageObject","inLanguage":"bs-BA","@id":"https:\/\/sandzakpress.net\/arhiva\/#\/schema\/person\/image\/","url":"https:\/\/secure.gravatar.com\/avatar\/a04fd330bfe3a36a72a0ad4a6d89fca7?s=96&d=mm&r=pg","contentUrl":"https:\/\/secure.gravatar.com\/avatar\/a04fd330bfe3a36a72a0ad4a6d89fca7?s=96&d=mm&r=pg","caption":"bosniak"},"url":"https:\/\/sandzakpress.net\/arhiva\/author\/bosniak\/"}]}},"_links":{"self":[{"href":"https:\/\/sandzakpress.net\/arhiva\/wp-json\/wp\/v2\/posts\/533"}],"collection":[{"href":"https:\/\/sandzakpress.net\/arhiva\/wp-json\/wp\/v2\/posts"}],"about":[{"href":"https:\/\/sandzakpress.net\/arhiva\/wp-json\/wp\/v2\/types\/post"}],"author":[{"embeddable":true,"href":"https:\/\/sandzakpress.net\/arhiva\/wp-json\/wp\/v2\/users\/83"}],"replies":[{"embeddable":true,"href":"https:\/\/sandzakpress.net\/arhiva\/wp-json\/wp\/v2\/comments?post=533"}],"version-history":[{"count":0,"href":"https:\/\/sandzakpress.net\/arhiva\/wp-json\/wp\/v2\/posts\/533\/revisions"}],"wp:featuredmedia":[{"embeddable":true,"href":"https:\/\/sandzakpress.net\/arhiva\/wp-json\/wp\/v2\/media\/2392"}],"wp:attachment":[{"href":"https:\/\/sandzakpress.net\/arhiva\/wp-json\/wp\/v2\/media?parent=533"}],"wp:term":[{"taxonomy":"category","embeddable":true,"href":"https:\/\/sandzakpress.net\/arhiva\/wp-json\/wp\/v2\/categories?post=533"},{"taxonomy":"post_tag","embeddable":true,"href":"https:\/\/sandzakpress.net\/arhiva\/wp-json\/wp\/v2\/tags?post=533"}],"curies":[{"name":"wp","href":"https:\/\/api.w.org\/{rel}","templated":true}]}}