{"id":5323,"date":"2010-06-24T20:58:24","date_gmt":"2010-06-24T20:58:24","guid":{"rendered":"https:\/\/sandzakpress.net\/arhiva\/?p=5323"},"modified":"2010-06-24T20:58:24","modified_gmt":"2010-06-24T20:58:24","slug":"promjene-u-vladajucoj-skupstinskoj-vecini","status":"publish","type":"post","link":"https:\/\/sandzakpress.net\/arhiva\/promjene-u-vladajucoj-skupstinskoj-vecini\/","title":{"rendered":"Promjene u vladaju\u0107oj skup\u0161tinskoj ve\u0107ini"},"content":{"rendered":"<p><strong><a href=\"https:\/\/sandzakpress.net\/arhiva\/wp-content\/uploads\/2010\/06\/danasnjawo4.jpg\"><img loading=\"lazy\" decoding=\"async\" class=\"alignleft size-medium wp-image-5324\" title=\"danasnjawo4\" src=\"https:\/\/sandzakpress.net\/arhiva\/wp-content\/uploads\/2010\/06\/danasnjawo4-300x224.jpg\" alt=\"\" width=\"300\" height=\"224\" \/><\/a>Sjenica &#8211; Na zahtjev 20 odbornika Skup\u0161tine op\u0161tine Sjenica za petak, 2. jul, zakazana je sjednica tog najve\u0107eg zakonodavnog tijela u op\u0161tini.<\/strong><\/p>\n<p>Zahtjev su potpisali odbornici SDP-a, LDP-a, DS-a, Jedinstvene srpske liste, DSS-a i dva odbornika G 17 plus, koji bi, kako se najavljuje mogli \u010diniti novu ve\u0107inu.<\/p>\n<p>Predsjednik SO Harun Hajradinovi\u0107 potvrdio je za radio Sto plus da je sjednica zakazana, a najavljenu promjenu u vlasti, dovodi u vezu sa nedavnim izborima za nacionalne savjete i ocenjuje da bi moglo do\u0107i i do vanrednih lokalnih izbora.<\/p>\n<p>\u201eOd izbora 6. juna mijenja se situacija. Mi smo podr\u017eali BKZ na tim izborima i zato se tra\u017ei promjena. Sada\u0161nja vladaju\u0107a garnitura prakti\u010dno predstavlja samo 10 odsto bira\u010dkog tijela. Stav Narodnog pokreta Sand\u017eaka je da mora do\u0107i do vanrednih izbora i u\u010dini\u0107emo sve da do njih do\u0111e\u201c, rekao je Hajradinovi\u0107, ina\u010de funkcioner NPS.<\/p>\n<p>Prema najavama, u opoziciju bi mogli pre\u0107i odbornici Narodnog pokreta Sand\u017eaka i odbornici Grupe gra\u0111ana \u201eDosta je\u201c Mensura Gi\u010devi\u0107a, koji su na nedavnim izborima podr\u017eali BKZ, dok bi, iz opozicije u vlast, pre\u0161li odbornici G 17 plus.<\/p>\n<p>Ina\u010de sjeni\u010dka skup\u0161tina ima 39 odbornika, a vladaju\u0107u ve\u0107inu \u010dine SDP, LDP, DS, Jedinstvena srpska lista, DSS, NPS i GG \u201eDosta je\u201c Mensura Gi\u010devi\u0107a. Opozicija su SDA i G 17 plus.<\/p>\n<p>Izvor: <strong>RadioStoPlus.com,\u00a0 Sjenica-info.com<\/strong><\/p>\n","protected":false},"excerpt":{"rendered":"<p>Sjenica &#8211; Na zahtjev 20 odbornika Skup\u0161tine op\u0161tine Sjenica za petak, 2. jul, zakazana je sjednica tog najve\u0107eg zakonodavnog tijela u op\u0161tini. Zahtjev su potpisali odbornici SDP-a, LDP-a, DS-a, Jedinstvene srpske liste, DSS-a i dva odbornika G 17 plus, koji bi, kako se najavljuje mogli \u010diniti novu ve\u0107inu. Predsjednik SO Harun Hajradinovi\u0107 potvrdio je za [&hellip;]<\/p>\n","protected":false},"author":83,"featured_media":5324,"comment_status":"open","ping_status":"open","sticky":false,"template":"","format":"standard","meta":{"footnotes":""},"categories":[1,52],"tags":[],"class_list":{"0":"post-5323","1":"post","2":"type-post","3":"status-publish","4":"format-standard","5":"has-post-thumbnail","7":"category-politika","8":"category-sjenica"},"yoast_head":"<!-- This site is optimized with the Yoast SEO Premium plugin v23.1 (Yoast SEO v24.9) - https:\/\/yoast.com\/wordpress\/plugins\/seo\/ -->\n<title>Promjene u vladaju\u0107oj skup\u0161tinskoj ve\u0107ini<\/title>\n<meta name=\"robots\" content=\"index, follow, max-snippet:-1, max-image-preview:large, max-video-preview:-1\" \/>\n<link rel=\"canonical\" href=\"https:\/\/sandzakpress.net\/arhiva\/promjene-u-vladajucoj-skupstinskoj-vecini\/\" \/>\n<meta property=\"og:locale\" content=\"bs_BA\" \/>\n<meta property=\"og:type\" content=\"article\" \/>\n<meta property=\"og:title\" content=\"Promjene u vladaju\u0107oj skup\u0161tinskoj ve\u0107ini\" \/>\n<meta property=\"og:description\" content=\"Sjenica &#8211; Na zahtjev 20 odbornika Skup\u0161tine op\u0161tine Sjenica za petak, 2. jul, zakazana je sjednica tog najve\u0107eg zakonodavnog tijela u op\u0161tini. Zahtjev su potpisali odbornici SDP-a, LDP-a, DS-a, Jedinstvene srpske liste, DSS-a i dva odbornika G 17 plus, koji bi, kako se najavljuje mogli \u010diniti novu ve\u0107inu. Predsjednik SO Harun Hajradinovi\u0107 potvrdio je za [&hellip;]\" \/>\n<meta property=\"og:url\" content=\"https:\/\/sandzakpress.net\/arhiva\/promjene-u-vladajucoj-skupstinskoj-vecini\/\" \/>\n<meta property=\"og:site_name\" content=\"Sand\u017eak PRESS\" \/>\n<meta property=\"article:published_time\" content=\"2010-06-24T20:58:24+00:00\" \/>\n<meta property=\"og:image\" content=\"https:\/\/sandzakpress.net\/arhiva\/wp-content\/uploads\/2010\/06\/danasnjawo4.jpg\" \/>\n\t<meta property=\"og:image:width\" content=\"616\" \/>\n\t<meta property=\"og:image:height\" content=\"462\" \/>\n\t<meta property=\"og:image:type\" content=\"image\/jpeg\" \/>\n<meta name=\"author\" content=\"bosniak\" \/>\n<meta name=\"twitter:card\" content=\"summary_large_image\" \/>\n<meta name=\"twitter:label1\" content=\"Written by\" \/>\n\t<meta name=\"twitter:data1\" content=\"bosniak\" \/>\n\t<meta name=\"twitter:label2\" content=\"Est. reading time\" \/>\n\t<meta name=\"twitter:data2\" content=\"1 minuta\" \/>\n<script type=\"application\/ld+json\" class=\"yoast-schema-graph\">{\"@context\":\"https:\/\/schema.org\",\"@graph\":[{\"@type\":\"Article\",\"@id\":\"https:\/\/sandzakpress.net\/arhiva\/promjene-u-vladajucoj-skupstinskoj-vecini\/#article\",\"isPartOf\":{\"@id\":\"https:\/\/sandzakpress.net\/arhiva\/promjene-u-vladajucoj-skupstinskoj-vecini\/\"},\"author\":{\"name\":\"bosniak\",\"@id\":\"https:\/\/sandzakpress.net\/arhiva\/#\/schema\/person\/c8baee722073534b583ea7bdb2e36c02\"},\"headline\":\"Promjene u vladaju\u0107oj skup\u0161tinskoj ve\u0107ini\",\"datePublished\":\"2010-06-24T20:58:24+00:00\",\"mainEntityOfPage\":{\"@id\":\"https:\/\/sandzakpress.net\/arhiva\/promjene-u-vladajucoj-skupstinskoj-vecini\/\"},\"wordCount\":245,\"commentCount\":7,\"publisher\":{\"@id\":\"https:\/\/sandzakpress.net\/arhiva\/#\/schema\/person\/6e72b67d6e51910a1117b3b483ba20bd\"},\"image\":{\"@id\":\"https:\/\/sandzakpress.net\/arhiva\/promjene-u-vladajucoj-skupstinskoj-vecini\/#primaryimage\"},\"thumbnailUrl\":\"https:\/\/sandzakpress.net\/arhiva\/wp-content\/uploads\/2010\/06\/danasnjawo4.jpg\",\"articleSection\":[\"Politika\",\"Sjenica\"],\"inLanguage\":\"bs-BA\",\"potentialAction\":[{\"@type\":\"CommentAction\",\"name\":\"Comment\",\"target\":[\"https:\/\/sandzakpress.net\/arhiva\/promjene-u-vladajucoj-skupstinskoj-vecini\/#respond\"]}]},{\"@type\":\"WebPage\",\"@id\":\"https:\/\/sandzakpress.net\/arhiva\/promjene-u-vladajucoj-skupstinskoj-vecini\/\",\"url\":\"https:\/\/sandzakpress.net\/arhiva\/promjene-u-vladajucoj-skupstinskoj-vecini\/\",\"name\":\"Promjene u vladaju\u0107oj skup\u0161tinskoj ve\u0107ini\",\"isPartOf\":{\"@id\":\"https:\/\/sandzakpress.net\/arhiva\/#website\"},\"primaryImageOfPage\":{\"@id\":\"https:\/\/sandzakpress.net\/arhiva\/promjene-u-vladajucoj-skupstinskoj-vecini\/#primaryimage\"},\"image\":{\"@id\":\"https:\/\/sandzakpress.net\/arhiva\/promjene-u-vladajucoj-skupstinskoj-vecini\/#primaryimage\"},\"thumbnailUrl\":\"https:\/\/sandzakpress.net\/arhiva\/wp-content\/uploads\/2010\/06\/danasnjawo4.jpg\",\"datePublished\":\"2010-06-24T20:58:24+00:00\",\"breadcrumb\":{\"@id\":\"https:\/\/sandzakpress.net\/arhiva\/promjene-u-vladajucoj-skupstinskoj-vecini\/#breadcrumb\"},\"inLanguage\":\"bs-BA\",\"potentialAction\":[{\"@type\":\"ReadAction\",\"target\":[\"https:\/\/sandzakpress.net\/arhiva\/promjene-u-vladajucoj-skupstinskoj-vecini\/\"]}]},{\"@type\":\"ImageObject\",\"inLanguage\":\"bs-BA\",\"@id\":\"https:\/\/sandzakpress.net\/arhiva\/promjene-u-vladajucoj-skupstinskoj-vecini\/#primaryimage\",\"url\":\"https:\/\/sandzakpress.net\/arhiva\/wp-content\/uploads\/2010\/06\/danasnjawo4.jpg\",\"contentUrl\":\"https:\/\/sandzakpress.net\/arhiva\/wp-content\/uploads\/2010\/06\/danasnjawo4.jpg\",\"width\":616,\"height\":462},{\"@type\":\"BreadcrumbList\",\"@id\":\"https:\/\/sandzakpress.net\/arhiva\/promjene-u-vladajucoj-skupstinskoj-vecini\/#breadcrumb\",\"itemListElement\":[{\"@type\":\"ListItem\",\"position\":1,\"name\":\"Home\",\"item\":\"https:\/\/sandzakpress.net\/arhiva\/\"},{\"@type\":\"ListItem\",\"position\":2,\"name\":\"Promjene u vladaju\u0107oj skup\u0161tinskoj ve\u0107ini\"}]},{\"@type\":\"WebSite\",\"@id\":\"https:\/\/sandzakpress.net\/arhiva\/#website\",\"url\":\"https:\/\/sandzakpress.net\/arhiva\/\",\"name\":\"Sand\u017eak PRESS\",\"description\":\"Prve elektronske novine u Sand\u017eaku\",\"publisher\":{\"@id\":\"https:\/\/sandzakpress.net\/arhiva\/#\/schema\/person\/6e72b67d6e51910a1117b3b483ba20bd\"},\"potentialAction\":[{\"@type\":\"SearchAction\",\"target\":{\"@type\":\"EntryPoint\",\"urlTemplate\":\"https:\/\/sandzakpress.net\/arhiva\/?s={search_term_string}\"},\"query-input\":{\"@type\":\"PropertyValueSpecification\",\"valueRequired\":true,\"valueName\":\"search_term_string\"}}],\"inLanguage\":\"bs-BA\"},{\"@type\":[\"Person\",\"Organization\"],\"@id\":\"https:\/\/sandzakpress.net\/arhiva\/#\/schema\/person\/6e72b67d6e51910a1117b3b483ba20bd\",\"name\":\"Kul\",\"image\":{\"@type\":\"ImageObject\",\"inLanguage\":\"bs-BA\",\"@id\":\"https:\/\/sandzakpress.net\/arhiva\/#\/schema\/person\/image\/\",\"url\":\"https:\/\/secure.gravatar.com\/avatar\/42263f39aa27ac04c43cab85c280eb2e?s=96&d=mm&r=pg\",\"contentUrl\":\"https:\/\/secure.gravatar.com\/avatar\/42263f39aa27ac04c43cab85c280eb2e?s=96&d=mm&r=pg\",\"caption\":\"Kul\"},\"logo\":{\"@id\":\"https:\/\/sandzakpress.net\/arhiva\/#\/schema\/person\/image\/\"}},{\"@type\":\"Person\",\"@id\":\"https:\/\/sandzakpress.net\/arhiva\/#\/schema\/person\/c8baee722073534b583ea7bdb2e36c02\",\"name\":\"bosniak\",\"image\":{\"@type\":\"ImageObject\",\"inLanguage\":\"bs-BA\",\"@id\":\"https:\/\/sandzakpress.net\/arhiva\/#\/schema\/person\/image\/\",\"url\":\"https:\/\/secure.gravatar.com\/avatar\/a04fd330bfe3a36a72a0ad4a6d89fca7?s=96&d=mm&r=pg\",\"contentUrl\":\"https:\/\/secure.gravatar.com\/avatar\/a04fd330bfe3a36a72a0ad4a6d89fca7?s=96&d=mm&r=pg\",\"caption\":\"bosniak\"},\"url\":\"https:\/\/sandzakpress.net\/arhiva\/author\/bosniak\/\"}]}<\/script>\n<!-- \/ Yoast SEO Premium plugin. -->","yoast_head_json":{"title":"Promjene u vladaju\u0107oj skup\u0161tinskoj ve\u0107ini","robots":{"index":"index","follow":"follow","max-snippet":"max-snippet:-1","max-image-preview":"max-image-preview:large","max-video-preview":"max-video-preview:-1"},"canonical":"https:\/\/sandzakpress.net\/arhiva\/promjene-u-vladajucoj-skupstinskoj-vecini\/","og_locale":"bs_BA","og_type":"article","og_title":"Promjene u vladaju\u0107oj skup\u0161tinskoj ve\u0107ini","og_description":"Sjenica &#8211; Na zahtjev 20 odbornika Skup\u0161tine op\u0161tine Sjenica za petak, 2. jul, zakazana je sjednica tog najve\u0107eg zakonodavnog tijela u op\u0161tini. Zahtjev su potpisali odbornici SDP-a, LDP-a, DS-a, Jedinstvene srpske liste, DSS-a i dva odbornika G 17 plus, koji bi, kako se najavljuje mogli \u010diniti novu ve\u0107inu. Predsjednik SO Harun Hajradinovi\u0107 potvrdio je za [&hellip;]","og_url":"https:\/\/sandzakpress.net\/arhiva\/promjene-u-vladajucoj-skupstinskoj-vecini\/","og_site_name":"Sand\u017eak PRESS","article_published_time":"2010-06-24T20:58:24+00:00","og_image":[{"width":616,"height":462,"url":"https:\/\/sandzakpress.net\/arhiva\/wp-content\/uploads\/2010\/06\/danasnjawo4.jpg","type":"image\/jpeg"}],"author":"bosniak","twitter_card":"summary_large_image","twitter_misc":{"Written by":"bosniak","Est. reading time":"1 minuta"},"schema":{"@context":"https:\/\/schema.org","@graph":[{"@type":"Article","@id":"https:\/\/sandzakpress.net\/arhiva\/promjene-u-vladajucoj-skupstinskoj-vecini\/#article","isPartOf":{"@id":"https:\/\/sandzakpress.net\/arhiva\/promjene-u-vladajucoj-skupstinskoj-vecini\/"},"author":{"name":"bosniak","@id":"https:\/\/sandzakpress.net\/arhiva\/#\/schema\/person\/c8baee722073534b583ea7bdb2e36c02"},"headline":"Promjene u vladaju\u0107oj skup\u0161tinskoj ve\u0107ini","datePublished":"2010-06-24T20:58:24+00:00","mainEntityOfPage":{"@id":"https:\/\/sandzakpress.net\/arhiva\/promjene-u-vladajucoj-skupstinskoj-vecini\/"},"wordCount":245,"commentCount":7,"publisher":{"@id":"https:\/\/sandzakpress.net\/arhiva\/#\/schema\/person\/6e72b67d6e51910a1117b3b483ba20bd"},"image":{"@id":"https:\/\/sandzakpress.net\/arhiva\/promjene-u-vladajucoj-skupstinskoj-vecini\/#primaryimage"},"thumbnailUrl":"https:\/\/sandzakpress.net\/arhiva\/wp-content\/uploads\/2010\/06\/danasnjawo4.jpg","articleSection":["Politika","Sjenica"],"inLanguage":"bs-BA","potentialAction":[{"@type":"CommentAction","name":"Comment","target":["https:\/\/sandzakpress.net\/arhiva\/promjene-u-vladajucoj-skupstinskoj-vecini\/#respond"]}]},{"@type":"WebPage","@id":"https:\/\/sandzakpress.net\/arhiva\/promjene-u-vladajucoj-skupstinskoj-vecini\/","url":"https:\/\/sandzakpress.net\/arhiva\/promjene-u-vladajucoj-skupstinskoj-vecini\/","name":"Promjene u vladaju\u0107oj skup\u0161tinskoj ve\u0107ini","isPartOf":{"@id":"https:\/\/sandzakpress.net\/arhiva\/#website"},"primaryImageOfPage":{"@id":"https:\/\/sandzakpress.net\/arhiva\/promjene-u-vladajucoj-skupstinskoj-vecini\/#primaryimage"},"image":{"@id":"https:\/\/sandzakpress.net\/arhiva\/promjene-u-vladajucoj-skupstinskoj-vecini\/#primaryimage"},"thumbnailUrl":"https:\/\/sandzakpress.net\/arhiva\/wp-content\/uploads\/2010\/06\/danasnjawo4.jpg","datePublished":"2010-06-24T20:58:24+00:00","breadcrumb":{"@id":"https:\/\/sandzakpress.net\/arhiva\/promjene-u-vladajucoj-skupstinskoj-vecini\/#breadcrumb"},"inLanguage":"bs-BA","potentialAction":[{"@type":"ReadAction","target":["https:\/\/sandzakpress.net\/arhiva\/promjene-u-vladajucoj-skupstinskoj-vecini\/"]}]},{"@type":"ImageObject","inLanguage":"bs-BA","@id":"https:\/\/sandzakpress.net\/arhiva\/promjene-u-vladajucoj-skupstinskoj-vecini\/#primaryimage","url":"https:\/\/sandzakpress.net\/arhiva\/wp-content\/uploads\/2010\/06\/danasnjawo4.jpg","contentUrl":"https:\/\/sandzakpress.net\/arhiva\/wp-content\/uploads\/2010\/06\/danasnjawo4.jpg","width":616,"height":462},{"@type":"BreadcrumbList","@id":"https:\/\/sandzakpress.net\/arhiva\/promjene-u-vladajucoj-skupstinskoj-vecini\/#breadcrumb","itemListElement":[{"@type":"ListItem","position":1,"name":"Home","item":"https:\/\/sandzakpress.net\/arhiva\/"},{"@type":"ListItem","position":2,"name":"Promjene u vladaju\u0107oj skup\u0161tinskoj ve\u0107ini"}]},{"@type":"WebSite","@id":"https:\/\/sandzakpress.net\/arhiva\/#website","url":"https:\/\/sandzakpress.net\/arhiva\/","name":"Sand\u017eak PRESS","description":"Prve elektronske novine u Sand\u017eaku","publisher":{"@id":"https:\/\/sandzakpress.net\/arhiva\/#\/schema\/person\/6e72b67d6e51910a1117b3b483ba20bd"},"potentialAction":[{"@type":"SearchAction","target":{"@type":"EntryPoint","urlTemplate":"https:\/\/sandzakpress.net\/arhiva\/?s={search_term_string}"},"query-input":{"@type":"PropertyValueSpecification","valueRequired":true,"valueName":"search_term_string"}}],"inLanguage":"bs-BA"},{"@type":["Person","Organization"],"@id":"https:\/\/sandzakpress.net\/arhiva\/#\/schema\/person\/6e72b67d6e51910a1117b3b483ba20bd","name":"Kul","image":{"@type":"ImageObject","inLanguage":"bs-BA","@id":"https:\/\/sandzakpress.net\/arhiva\/#\/schema\/person\/image\/","url":"https:\/\/secure.gravatar.com\/avatar\/42263f39aa27ac04c43cab85c280eb2e?s=96&d=mm&r=pg","contentUrl":"https:\/\/secure.gravatar.com\/avatar\/42263f39aa27ac04c43cab85c280eb2e?s=96&d=mm&r=pg","caption":"Kul"},"logo":{"@id":"https:\/\/sandzakpress.net\/arhiva\/#\/schema\/person\/image\/"}},{"@type":"Person","@id":"https:\/\/sandzakpress.net\/arhiva\/#\/schema\/person\/c8baee722073534b583ea7bdb2e36c02","name":"bosniak","image":{"@type":"ImageObject","inLanguage":"bs-BA","@id":"https:\/\/sandzakpress.net\/arhiva\/#\/schema\/person\/image\/","url":"https:\/\/secure.gravatar.com\/avatar\/a04fd330bfe3a36a72a0ad4a6d89fca7?s=96&d=mm&r=pg","contentUrl":"https:\/\/secure.gravatar.com\/avatar\/a04fd330bfe3a36a72a0ad4a6d89fca7?s=96&d=mm&r=pg","caption":"bosniak"},"url":"https:\/\/sandzakpress.net\/arhiva\/author\/bosniak\/"}]}},"_links":{"self":[{"href":"https:\/\/sandzakpress.net\/arhiva\/wp-json\/wp\/v2\/posts\/5323"}],"collection":[{"href":"https:\/\/sandzakpress.net\/arhiva\/wp-json\/wp\/v2\/posts"}],"about":[{"href":"https:\/\/sandzakpress.net\/arhiva\/wp-json\/wp\/v2\/types\/post"}],"author":[{"embeddable":true,"href":"https:\/\/sandzakpress.net\/arhiva\/wp-json\/wp\/v2\/users\/83"}],"replies":[{"embeddable":true,"href":"https:\/\/sandzakpress.net\/arhiva\/wp-json\/wp\/v2\/comments?post=5323"}],"version-history":[{"count":0,"href":"https:\/\/sandzakpress.net\/arhiva\/wp-json\/wp\/v2\/posts\/5323\/revisions"}],"wp:featuredmedia":[{"embeddable":true,"href":"https:\/\/sandzakpress.net\/arhiva\/wp-json\/wp\/v2\/media\/5324"}],"wp:attachment":[{"href":"https:\/\/sandzakpress.net\/arhiva\/wp-json\/wp\/v2\/media?parent=5323"}],"wp:term":[{"taxonomy":"category","embeddable":true,"href":"https:\/\/sandzakpress.net\/arhiva\/wp-json\/wp\/v2\/categories?post=5323"},{"taxonomy":"post_tag","embeddable":true,"href":"https:\/\/sandzakpress.net\/arhiva\/wp-json\/wp\/v2\/tags?post=5323"}],"curies":[{"name":"wp","href":"https:\/\/api.w.org\/{rel}","templated":true}]}}