{"id":53038,"date":"2012-10-11T15:28:48","date_gmt":"2012-10-11T13:28:48","guid":{"rendered":"https:\/\/sandzakpress.net\/arhiva\/?p=53038"},"modified":"2012-10-11T15:28:48","modified_gmt":"2012-10-11T13:28:48","slug":"centar-za-kvalitetniju-zdravstvenu-zastitu","status":"publish","type":"post","link":"https:\/\/sandzakpress.net\/arhiva\/centar-za-kvalitetniju-zdravstvenu-zastitu\/","title":{"rendered":"Centar za kvalitetniju zdravstvenu za\u0161titu"},"content":{"rendered":"<p><strong><a href=\"https:\/\/sandzakpress.net\/arhiva\/wp-content\/uploads\/2012\/10\/PLAV-RADUNOVIC-300x168.jpg\"><img loading=\"lazy\" decoding=\"async\" class=\"alignleft size-full wp-image-53039\" title=\"PLAV-RADUNOVIC-300x168\" src=\"https:\/\/sandzakpress.net\/arhiva\/wp-content\/uploads\/2012\/10\/PLAV-RADUNOVIC-300x168.jpg\" alt=\"\" width=\"300\" height=\"168\" \/><\/a>Plav &#8211; Sve\u010danosti su prisustvovali i direktor Fonda za zdravstveno osiguranje Kenan Hrapovi\u0107, predstavnici agencije za me\u0111unarodnu pomo\u0107 i saradnju TIKA iz Turske, Fondacije \u201eGusinje\u201d iz Njujorka i drugi gosti.<\/strong><\/p>\n<p>&#8211; Presre\u0107an sam \u0161to mogu da otvorim moderan centar za dijalizu, jedanaesti po redu u Crnoj Gori, i da gra\u0111ani sva tri mjesna centra \u2013 Plava, Gusinja i Murina \u2013 imaju jo\u0161 kvalitetniju zdravstvenu za\u0161titu \u2013 kazao je Radunovi\u0107.<\/p>\n<p>Ovaj centar, \u010dija je vrijednost oko 150.000 eura, izgra\u0111en je uz finansijsku podr\u0161ku Ministarstva zdravlja, Fonda zdravstvenog osiguranja, Agencije za me\u0111unarodnu pomo\u0107 i saradnju TIKA iz Turske, Fondacije \u201eGusinje\u201d iz Njujorka, kao i poznatog biznismena iz Njujorka Refika Radon\u010di\u0107a.<\/p>\n<p>Ministar Radunovi\u0107 naglasio je da je posebno zadovoljan radom plavskog Doma zdravlja i zdravstvenih stanica u Gusinju i Murinu i uslugama koje ljekari i ostalo medicinsko osoblje pru\u017eaju gra\u0111anima.<\/p>\n<p>&#8211; Sa menad\u017ementom ovog doma zdravlja i predstavnicima fondacije iz Njujorka dogovoreno je da u gusinjskoj zdravstvenoj stanici bude otvorena podstanica hitne pomo\u0107i, da bi se u hitnim slu\u010dajevima svakom pacijentu mogla pru\u017eiti hitna medicinska pomo\u0107. I u zdravstvenoj stanici u Murinu, ugovorom ili na neki drugi na\u010din, bi\u0107e obezbije\u0111en stalni stomatolog, jer je i ovaj vid zdravstvene za\u0161tite neophodan gra\u0111anima ovog mjesnog centra \u2013 najavio je ministar Radunovi\u0107.<\/p>\n<p>Na sve\u010danosti su govorili direktor Fonda za zdravstveno osiguranje Kenan Hrapovi\u0107, koordinator Fondacije \u201eGusinje\u201d iz Njujorka mr Huso Brdaki\u0107, koordinator agencije TIKA doc. dr Birol \u0106etin i direktorica plavskog Doma zdravlja Sabina Marki\u0161i\u0107.<\/p>\n<p>(Pobjeda)<\/p>\n","protected":false},"excerpt":{"rendered":"<p>Plav &#8211; Sve\u010danosti su prisustvovali i direktor Fonda za zdravstveno osiguranje Kenan Hrapovi\u0107, predstavnici agencije za me\u0111unarodnu pomo\u0107 i saradnju TIKA iz Turske, Fondacije \u201eGusinje\u201d iz Njujorka i drugi gosti. &#8211; Presre\u0107an sam \u0161to mogu da otvorim moderan centar za dijalizu, jedanaesti po redu u Crnoj Gori, i da gra\u0111ani sva tri mjesna centra \u2013 [&hellip;]<\/p>\n","protected":false},"author":16,"featured_media":53039,"comment_status":"open","ping_status":"open","sticky":false,"template":"","format":"standard","meta":{"footnotes":""},"categories":[399,5],"tags":[],"class_list":{"0":"post-53038","1":"post","2":"type-post","3":"status-publish","4":"format-standard","5":"has-post-thumbnail","7":"category-plav_","8":"category-drustvo"},"yoast_head":"<!-- This site is optimized with the Yoast SEO Premium plugin v23.1 (Yoast SEO v24.9) - https:\/\/yoast.com\/wordpress\/plugins\/seo\/ -->\n<title>Centar za kvalitetniju zdravstvenu za\u0161titu<\/title>\n<meta name=\"robots\" content=\"index, follow, max-snippet:-1, max-image-preview:large, max-video-preview:-1\" \/>\n<link rel=\"canonical\" href=\"https:\/\/sandzakpress.net\/arhiva\/centar-za-kvalitetniju-zdravstvenu-zastitu\/\" \/>\n<meta property=\"og:locale\" content=\"bs_BA\" \/>\n<meta property=\"og:type\" content=\"article\" \/>\n<meta property=\"og:title\" content=\"Centar za kvalitetniju zdravstvenu za\u0161titu\" \/>\n<meta property=\"og:description\" content=\"Plav &#8211; Sve\u010danosti su prisustvovali i direktor Fonda za zdravstveno osiguranje Kenan Hrapovi\u0107, predstavnici agencije za me\u0111unarodnu pomo\u0107 i saradnju TIKA iz Turske, Fondacije \u201eGusinje\u201d iz Njujorka i drugi gosti. &#8211; Presre\u0107an sam \u0161to mogu da otvorim moderan centar za dijalizu, jedanaesti po redu u Crnoj Gori, i da gra\u0111ani sva tri mjesna centra \u2013 [&hellip;]\" \/>\n<meta property=\"og:url\" content=\"https:\/\/sandzakpress.net\/arhiva\/centar-za-kvalitetniju-zdravstvenu-zastitu\/\" \/>\n<meta property=\"og:site_name\" content=\"Sand\u017eak PRESS\" \/>\n<meta property=\"article:published_time\" content=\"2012-10-11T13:28:48+00:00\" \/>\n<meta property=\"og:image\" content=\"https:\/\/sandzakpress.net\/arhiva\/wp-content\/uploads\/2012\/10\/PLAV-RADUNOVIC-300x168.jpg\" \/>\n\t<meta property=\"og:image:width\" content=\"300\" \/>\n\t<meta property=\"og:image:height\" content=\"168\" \/>\n\t<meta property=\"og:image:type\" content=\"image\/jpeg\" \/>\n<meta name=\"twitter:card\" content=\"summary_large_image\" \/>\n<meta name=\"twitter:label1\" content=\"Written by\" \/>\n\t<meta name=\"twitter:data1\" content=\"\" \/>\n\t<meta name=\"twitter:label2\" content=\"Est. reading time\" \/>\n\t<meta name=\"twitter:data2\" content=\"1 minuta\" \/>\n<script type=\"application\/ld+json\" class=\"yoast-schema-graph\">{\"@context\":\"https:\/\/schema.org\",\"@graph\":[{\"@type\":\"Article\",\"@id\":\"https:\/\/sandzakpress.net\/arhiva\/centar-za-kvalitetniju-zdravstvenu-zastitu\/#article\",\"isPartOf\":{\"@id\":\"https:\/\/sandzakpress.net\/arhiva\/centar-za-kvalitetniju-zdravstvenu-zastitu\/\"},\"author\":{\"name\":\"\",\"@id\":\"\"},\"headline\":\"Centar za kvalitetniju zdravstvenu za\u0161titu\",\"datePublished\":\"2012-10-11T13:28:48+00:00\",\"mainEntityOfPage\":{\"@id\":\"https:\/\/sandzakpress.net\/arhiva\/centar-za-kvalitetniju-zdravstvenu-zastitu\/\"},\"wordCount\":264,\"commentCount\":0,\"publisher\":{\"@id\":\"https:\/\/sandzakpress.net\/arhiva\/#\/schema\/person\/6e72b67d6e51910a1117b3b483ba20bd\"},\"image\":{\"@id\":\"https:\/\/sandzakpress.net\/arhiva\/centar-za-kvalitetniju-zdravstvenu-zastitu\/#primaryimage\"},\"thumbnailUrl\":\"https:\/\/sandzakpress.net\/arhiva\/wp-content\/uploads\/2012\/10\/PLAV-RADUNOVIC-300x168.jpg\",\"articleSection\":[\"Plav\",\"Dru\u0161tvo\"],\"inLanguage\":\"bs-BA\",\"potentialAction\":[{\"@type\":\"CommentAction\",\"name\":\"Comment\",\"target\":[\"https:\/\/sandzakpress.net\/arhiva\/centar-za-kvalitetniju-zdravstvenu-zastitu\/#respond\"]}]},{\"@type\":\"WebPage\",\"@id\":\"https:\/\/sandzakpress.net\/arhiva\/centar-za-kvalitetniju-zdravstvenu-zastitu\/\",\"url\":\"https:\/\/sandzakpress.net\/arhiva\/centar-za-kvalitetniju-zdravstvenu-zastitu\/\",\"name\":\"Centar za kvalitetniju zdravstvenu za\u0161titu\",\"isPartOf\":{\"@id\":\"https:\/\/sandzakpress.net\/arhiva\/#website\"},\"primaryImageOfPage\":{\"@id\":\"https:\/\/sandzakpress.net\/arhiva\/centar-za-kvalitetniju-zdravstvenu-zastitu\/#primaryimage\"},\"image\":{\"@id\":\"https:\/\/sandzakpress.net\/arhiva\/centar-za-kvalitetniju-zdravstvenu-zastitu\/#primaryimage\"},\"thumbnailUrl\":\"https:\/\/sandzakpress.net\/arhiva\/wp-content\/uploads\/2012\/10\/PLAV-RADUNOVIC-300x168.jpg\",\"datePublished\":\"2012-10-11T13:28:48+00:00\",\"breadcrumb\":{\"@id\":\"https:\/\/sandzakpress.net\/arhiva\/centar-za-kvalitetniju-zdravstvenu-zastitu\/#breadcrumb\"},\"inLanguage\":\"bs-BA\",\"potentialAction\":[{\"@type\":\"ReadAction\",\"target\":[\"https:\/\/sandzakpress.net\/arhiva\/centar-za-kvalitetniju-zdravstvenu-zastitu\/\"]}]},{\"@type\":\"ImageObject\",\"inLanguage\":\"bs-BA\",\"@id\":\"https:\/\/sandzakpress.net\/arhiva\/centar-za-kvalitetniju-zdravstvenu-zastitu\/#primaryimage\",\"url\":\"https:\/\/sandzakpress.net\/arhiva\/wp-content\/uploads\/2012\/10\/PLAV-RADUNOVIC-300x168.jpg\",\"contentUrl\":\"https:\/\/sandzakpress.net\/arhiva\/wp-content\/uploads\/2012\/10\/PLAV-RADUNOVIC-300x168.jpg\",\"width\":300,\"height\":168},{\"@type\":\"BreadcrumbList\",\"@id\":\"https:\/\/sandzakpress.net\/arhiva\/centar-za-kvalitetniju-zdravstvenu-zastitu\/#breadcrumb\",\"itemListElement\":[{\"@type\":\"ListItem\",\"position\":1,\"name\":\"Home\",\"item\":\"https:\/\/sandzakpress.net\/arhiva\/\"},{\"@type\":\"ListItem\",\"position\":2,\"name\":\"Centar za kvalitetniju zdravstvenu za\u0161titu\"}]},{\"@type\":\"WebSite\",\"@id\":\"https:\/\/sandzakpress.net\/arhiva\/#website\",\"url\":\"https:\/\/sandzakpress.net\/arhiva\/\",\"name\":\"Sand\u017eak PRESS\",\"description\":\"Prve elektronske novine u Sand\u017eaku\",\"publisher\":{\"@id\":\"https:\/\/sandzakpress.net\/arhiva\/#\/schema\/person\/6e72b67d6e51910a1117b3b483ba20bd\"},\"potentialAction\":[{\"@type\":\"SearchAction\",\"target\":{\"@type\":\"EntryPoint\",\"urlTemplate\":\"https:\/\/sandzakpress.net\/arhiva\/?s={search_term_string}\"},\"query-input\":{\"@type\":\"PropertyValueSpecification\",\"valueRequired\":true,\"valueName\":\"search_term_string\"}}],\"inLanguage\":\"bs-BA\"},{\"@type\":[\"Person\",\"Organization\"],\"@id\":\"https:\/\/sandzakpress.net\/arhiva\/#\/schema\/person\/6e72b67d6e51910a1117b3b483ba20bd\",\"name\":\"Kul\",\"image\":{\"@type\":\"ImageObject\",\"inLanguage\":\"bs-BA\",\"@id\":\"https:\/\/sandzakpress.net\/arhiva\/#\/schema\/person\/image\/\",\"url\":\"https:\/\/secure.gravatar.com\/avatar\/42263f39aa27ac04c43cab85c280eb2e?s=96&d=mm&r=pg\",\"contentUrl\":\"https:\/\/secure.gravatar.com\/avatar\/42263f39aa27ac04c43cab85c280eb2e?s=96&d=mm&r=pg\",\"caption\":\"Kul\"},\"logo\":{\"@id\":\"https:\/\/sandzakpress.net\/arhiva\/#\/schema\/person\/image\/\"}},{\"@type\":\"Person\",\"@id\":\"\",\"url\":\"https:\/\/sandzakpress.net\/arhiva\/author\/\"}]}<\/script>\n<!-- \/ Yoast SEO Premium plugin. -->","yoast_head_json":{"title":"Centar za kvalitetniju zdravstvenu za\u0161titu","robots":{"index":"index","follow":"follow","max-snippet":"max-snippet:-1","max-image-preview":"max-image-preview:large","max-video-preview":"max-video-preview:-1"},"canonical":"https:\/\/sandzakpress.net\/arhiva\/centar-za-kvalitetniju-zdravstvenu-zastitu\/","og_locale":"bs_BA","og_type":"article","og_title":"Centar za kvalitetniju zdravstvenu za\u0161titu","og_description":"Plav &#8211; Sve\u010danosti su prisustvovali i direktor Fonda za zdravstveno osiguranje Kenan Hrapovi\u0107, predstavnici agencije za me\u0111unarodnu pomo\u0107 i saradnju TIKA iz Turske, Fondacije \u201eGusinje\u201d iz Njujorka i drugi gosti. &#8211; Presre\u0107an sam \u0161to mogu da otvorim moderan centar za dijalizu, jedanaesti po redu u Crnoj Gori, i da gra\u0111ani sva tri mjesna centra \u2013 [&hellip;]","og_url":"https:\/\/sandzakpress.net\/arhiva\/centar-za-kvalitetniju-zdravstvenu-zastitu\/","og_site_name":"Sand\u017eak PRESS","article_published_time":"2012-10-11T13:28:48+00:00","og_image":[{"width":300,"height":168,"url":"https:\/\/sandzakpress.net\/arhiva\/wp-content\/uploads\/2012\/10\/PLAV-RADUNOVIC-300x168.jpg","type":"image\/jpeg"}],"twitter_card":"summary_large_image","twitter_misc":{"Written by":"","Est. reading time":"1 minuta"},"schema":{"@context":"https:\/\/schema.org","@graph":[{"@type":"Article","@id":"https:\/\/sandzakpress.net\/arhiva\/centar-za-kvalitetniju-zdravstvenu-zastitu\/#article","isPartOf":{"@id":"https:\/\/sandzakpress.net\/arhiva\/centar-za-kvalitetniju-zdravstvenu-zastitu\/"},"author":{"name":"","@id":""},"headline":"Centar za kvalitetniju zdravstvenu za\u0161titu","datePublished":"2012-10-11T13:28:48+00:00","mainEntityOfPage":{"@id":"https:\/\/sandzakpress.net\/arhiva\/centar-za-kvalitetniju-zdravstvenu-zastitu\/"},"wordCount":264,"commentCount":0,"publisher":{"@id":"https:\/\/sandzakpress.net\/arhiva\/#\/schema\/person\/6e72b67d6e51910a1117b3b483ba20bd"},"image":{"@id":"https:\/\/sandzakpress.net\/arhiva\/centar-za-kvalitetniju-zdravstvenu-zastitu\/#primaryimage"},"thumbnailUrl":"https:\/\/sandzakpress.net\/arhiva\/wp-content\/uploads\/2012\/10\/PLAV-RADUNOVIC-300x168.jpg","articleSection":["Plav","Dru\u0161tvo"],"inLanguage":"bs-BA","potentialAction":[{"@type":"CommentAction","name":"Comment","target":["https:\/\/sandzakpress.net\/arhiva\/centar-za-kvalitetniju-zdravstvenu-zastitu\/#respond"]}]},{"@type":"WebPage","@id":"https:\/\/sandzakpress.net\/arhiva\/centar-za-kvalitetniju-zdravstvenu-zastitu\/","url":"https:\/\/sandzakpress.net\/arhiva\/centar-za-kvalitetniju-zdravstvenu-zastitu\/","name":"Centar za kvalitetniju zdravstvenu za\u0161titu","isPartOf":{"@id":"https:\/\/sandzakpress.net\/arhiva\/#website"},"primaryImageOfPage":{"@id":"https:\/\/sandzakpress.net\/arhiva\/centar-za-kvalitetniju-zdravstvenu-zastitu\/#primaryimage"},"image":{"@id":"https:\/\/sandzakpress.net\/arhiva\/centar-za-kvalitetniju-zdravstvenu-zastitu\/#primaryimage"},"thumbnailUrl":"https:\/\/sandzakpress.net\/arhiva\/wp-content\/uploads\/2012\/10\/PLAV-RADUNOVIC-300x168.jpg","datePublished":"2012-10-11T13:28:48+00:00","breadcrumb":{"@id":"https:\/\/sandzakpress.net\/arhiva\/centar-za-kvalitetniju-zdravstvenu-zastitu\/#breadcrumb"},"inLanguage":"bs-BA","potentialAction":[{"@type":"ReadAction","target":["https:\/\/sandzakpress.net\/arhiva\/centar-za-kvalitetniju-zdravstvenu-zastitu\/"]}]},{"@type":"ImageObject","inLanguage":"bs-BA","@id":"https:\/\/sandzakpress.net\/arhiva\/centar-za-kvalitetniju-zdravstvenu-zastitu\/#primaryimage","url":"https:\/\/sandzakpress.net\/arhiva\/wp-content\/uploads\/2012\/10\/PLAV-RADUNOVIC-300x168.jpg","contentUrl":"https:\/\/sandzakpress.net\/arhiva\/wp-content\/uploads\/2012\/10\/PLAV-RADUNOVIC-300x168.jpg","width":300,"height":168},{"@type":"BreadcrumbList","@id":"https:\/\/sandzakpress.net\/arhiva\/centar-za-kvalitetniju-zdravstvenu-zastitu\/#breadcrumb","itemListElement":[{"@type":"ListItem","position":1,"name":"Home","item":"https:\/\/sandzakpress.net\/arhiva\/"},{"@type":"ListItem","position":2,"name":"Centar za kvalitetniju zdravstvenu za\u0161titu"}]},{"@type":"WebSite","@id":"https:\/\/sandzakpress.net\/arhiva\/#website","url":"https:\/\/sandzakpress.net\/arhiva\/","name":"Sand\u017eak PRESS","description":"Prve elektronske novine u Sand\u017eaku","publisher":{"@id":"https:\/\/sandzakpress.net\/arhiva\/#\/schema\/person\/6e72b67d6e51910a1117b3b483ba20bd"},"potentialAction":[{"@type":"SearchAction","target":{"@type":"EntryPoint","urlTemplate":"https:\/\/sandzakpress.net\/arhiva\/?s={search_term_string}"},"query-input":{"@type":"PropertyValueSpecification","valueRequired":true,"valueName":"search_term_string"}}],"inLanguage":"bs-BA"},{"@type":["Person","Organization"],"@id":"https:\/\/sandzakpress.net\/arhiva\/#\/schema\/person\/6e72b67d6e51910a1117b3b483ba20bd","name":"Kul","image":{"@type":"ImageObject","inLanguage":"bs-BA","@id":"https:\/\/sandzakpress.net\/arhiva\/#\/schema\/person\/image\/","url":"https:\/\/secure.gravatar.com\/avatar\/42263f39aa27ac04c43cab85c280eb2e?s=96&d=mm&r=pg","contentUrl":"https:\/\/secure.gravatar.com\/avatar\/42263f39aa27ac04c43cab85c280eb2e?s=96&d=mm&r=pg","caption":"Kul"},"logo":{"@id":"https:\/\/sandzakpress.net\/arhiva\/#\/schema\/person\/image\/"}},{"@type":"Person","@id":"","url":"https:\/\/sandzakpress.net\/arhiva\/author\/"}]}},"_links":{"self":[{"href":"https:\/\/sandzakpress.net\/arhiva\/wp-json\/wp\/v2\/posts\/53038"}],"collection":[{"href":"https:\/\/sandzakpress.net\/arhiva\/wp-json\/wp\/v2\/posts"}],"about":[{"href":"https:\/\/sandzakpress.net\/arhiva\/wp-json\/wp\/v2\/types\/post"}],"author":[{"embeddable":true,"href":"https:\/\/sandzakpress.net\/arhiva\/wp-json\/wp\/v2\/users\/16"}],"replies":[{"embeddable":true,"href":"https:\/\/sandzakpress.net\/arhiva\/wp-json\/wp\/v2\/comments?post=53038"}],"version-history":[{"count":0,"href":"https:\/\/sandzakpress.net\/arhiva\/wp-json\/wp\/v2\/posts\/53038\/revisions"}],"wp:featuredmedia":[{"embeddable":true,"href":"https:\/\/sandzakpress.net\/arhiva\/wp-json\/wp\/v2\/media\/53039"}],"wp:attachment":[{"href":"https:\/\/sandzakpress.net\/arhiva\/wp-json\/wp\/v2\/media?parent=53038"}],"wp:term":[{"taxonomy":"category","embeddable":true,"href":"https:\/\/sandzakpress.net\/arhiva\/wp-json\/wp\/v2\/categories?post=53038"},{"taxonomy":"post_tag","embeddable":true,"href":"https:\/\/sandzakpress.net\/arhiva\/wp-json\/wp\/v2\/tags?post=53038"}],"curies":[{"name":"wp","href":"https:\/\/api.w.org\/{rel}","templated":true}]}}