{"id":53007,"date":"2012-10-11T11:07:32","date_gmt":"2012-10-11T09:07:32","guid":{"rendered":"https:\/\/sandzakpress.net\/arhiva\/?p=53007"},"modified":"2012-10-11T11:07:56","modified_gmt":"2012-10-11T09:07:56","slug":"bdz-osudila-nikolicevo-negiranje-genocida-u-srebrenici","status":"publish","type":"post","link":"https:\/\/sandzakpress.net\/arhiva\/bdz-osudila-nikolicevo-negiranje-genocida-u-srebrenici\/","title":{"rendered":"BDZ osudila Nikoli\u0107evo negiranje genocida u Srebrenici"},"content":{"rendered":"<p><a href=\"https:\/\/sandzakpress.net\/arhiva\/wp-content\/uploads\/2012\/10\/kzs-admir-i-adnan.jpg\"><img loading=\"lazy\" decoding=\"async\" class=\"alignleft size-medium wp-image-53008\" title=\"kzs admir i adnan\" src=\"https:\/\/sandzakpress.net\/arhiva\/wp-content\/uploads\/2012\/10\/kzs-admir-i-adnan-300x180.jpg\" alt=\"\" width=\"300\" height=\"180\" \/><\/a><strong>Novi Pazar &#8211; Potpredsjednik Bo\u0161nja\u010dke demokratske zajednice-BDZ dr. Admir Muratovi\u0107 i predsjednik Gradskog odbora-GO BDZ dr. Adnan \u010cau\u0161evi\u0107 u srijedu 10. oktobra 2012. godine najo\u0161tie su osudili izjavu predsjednika Srbije Tomislava Nikoli\u0107a da se u Srebrenici nije desio genocid, ve\u0107 da se desio zlo\u010din za koji su odgovorni pojedinci.<img decoding=\"async\" title=\"More...\" src=\"http:\/\/bdz.rs\/wp-includes\/js\/tinymce\/plugins\/wordpress\/img\/trans.gif\" alt=\"\" \/><!--more--><br \/>\n<\/strong><\/p>\n<p>\u201eApsolutno je neprihvatljivo da u dvadeset prvom vijeku imamo nepo\u0161tivanje sudskih odluka od \u010dovjeka koji je studirao pravo. Nikoli\u0107 je ovim gestom pokazao da on nije predsjednik svih gra\u0111ana Srbije, ve\u0107 se isklju\u010divo rukovodi interesima srpskoga naroda.\u201c \u2013 rekao je Muratovi\u0107.<\/p>\n<p>Muratovi\u0107 je naglasio da BDZ ne \u010dudi ovakav Nikoli\u0107ev stav i podvukao je da njih zanima kakav je stav o ovome ministara iz redova Bo\u0161njaka koji participiraju u Vladi.<\/p>\n<p>\u201eO\u010dekujemo da se gospodin Ugljanin izjasni po ovom pitanju i ka\u017ee da li i on podr\u017eava gospodina Nikoli\u0107a u ovome stavu. \u0160to se ti\u010de gospodina Ljaji\u0107a ne o\u010dekujemo, a nema ni potrebe da se on izja\u0161njava, po\u0161to je stav po ovom pitanju jasno izrazio odlaskom u Banjaluku i prisustvovanjem zajedni\u010dkoj sjednici Vlade Republike Srbije i Vlade RS.\u201c \u2013 rekao je Muratovi\u0107.<\/p>\n<p>Muratovi\u0107 je rekao da \u0107e BDZ intezivirati zahtjeve prema Skup\u0161tini Republike Srbije da se usvoji Zakon o zabrani negiranja genocida u Srebrenici.<\/p>\n<p>\u201eOvo nije prvi put da gospodin Nikoli\u0107 izri\u010de ovakav stav. Ispostavilo se da je va\u017eno ukazati koliko su bili u pravu svi oni koji su insistirali da u Rezoluciji Skup\u0161tine Srbije koja je donijeta prije nekoliko godina mora stajati rije\u010d genocid. Nikoli\u0107 se upravo poziva na tu Rezoluciju u kojoj stoji da se u Srebrenici desio zlo\u010din.\u201c \u2013 rekao je Muratovi\u0107.<\/p>\n<p>On je \u010destitao narodima u BiH uspje\u0161no odr\u017eane izbore koji su pokazali da BiH pored svih pote\u0161ko\u0107a ide prema o\u010duvanju svog suvereniteta i integriteta, a posebno je \u010destitao \u0106amilu Durakovi\u0107u izbor za na\u010delnika op\u0161tine Srebrenica.<\/p>\n<p>\u201eSmatramo da je to jedan historijski doga\u0111aj koji govori o svijesti bo\u0161nja\u010dkog naroda, a taj doga\u0111aj je pokazao da je politika Milorada Dodika apsolutno pora\u017eena u BiH.\u201c \u2013 rekao je Muratovi\u0107.<\/p>\n<p>Muratovi\u0107 je govorio i o najavljenoj privatizaciji FAP-a iz Priboja za sumu od 300 000 eura i pozdravio napore potpredsjednika Vlade Aleksandra Vu\u010di\u0107a u borbi sa organizovanim kriminalom.<\/p>\n<p>\u201eBo\u0161njaci i njihovi predstavnici su bili u pravu kada su govorili\u00a0 da su u proteklim godinama diskriminisani od strane re\u017eima koji je ogrezao u kriminalu i korupciji. U tom kontekstu hrabri izjava gospodina Vu\u010di\u0107a da \u0107e procesuirati i neke aktuelne ministre. Ne \u017eelimo da vjerujemo da je kriminal u Sand\u017eaku sastavni dio re\u017eimskog odnosa prema ovom kraju i Bo\u0161njacima i o\u010dekujemo da se ta istraga pro\u0161iri i na Sand\u017eak i da \u0107e Vu\u010di\u010d ispitati sve sumnjive privatizacije u Novom Pazaru.\u201c \u2013 rekao je Muratovi\u0107.<\/p>\n<p>On je pozdravio odluku Agencije za restituciju da se Amiragin han vrati njenim pravim vlasnicima i postavio je pitanje za\u0161to Agencija za restituciju nije odgovorila na zahtjev za povra\u0107aj zgrade Islamskih ustanova Islamskoj zajednici.<\/p>\n<p>Muratovi\u0107 je tako\u0111er uputio zahtjev nadle\u017enim dr\u017eavnim organima da obrate pa\u017enju na te\u0161ko stanje poljoprivrede na Pe\u0161teru i da se ne bave samo sto\u010dnim fondom u Vojvodini ve\u0107 da svoju pomo\u0107 i subvencije upute i u na Pe\u0161ter, a tako\u0111er je postavio pitanje lokalnim samoupravama Sjenice, Tutina i Novog Pazara imaju li planove za rje\u0161avanje ovog goru\u0107eg problema.<\/p>\n<p>Muratovi\u0107 je tako\u0111er osudio napad navija\u010da FK \u201eJagodina\u201c na fudbalere FK\u201cNovi Pazar\u201c i postavio pitanje zbog \u010dega nema reakcije nadlje\u017enih organ i osude ovog napada.<\/p>\n<p>\u201eGradna\u010delnik Novog Pazara se nije udostojio da jednom izjavom stane u za\u0161titu fudbalera FK \u201eNovi Pazar\u201c koji su na nacionalnoj osnovi napadnuti u Jagodini.\u201c \u2013 rekao je Muratovi\u0107.<\/p>\n<p>Predsjednik Gradskog odbora BDZ-a dr. Adnan \u010cau\u0161evi\u0107 se u svojem obra\u0107anju bavio lokalnim temama i naglasio je da je BDZ kao konstruktivna opozicija dao \u0161ansu novoj lokalnoj vlasti od nekoliko mjeseci da poka\u017ee na koji na\u010din \u0107e rje\u0161avati pitanja od zna\u010daja za gra\u0111ane i grad.<\/p>\n<p>\u201eMislim da aktuelna gradska vlast nije adekvatno odgovorila na probleme u gradu i nije rije\u0161ila probleme koje je u predizbornoj kampanji obe\u0107ala da \u0107e rije\u0161iti.\u201c \u2013 rekao je \u010cau\u0161evi\u0107.<\/p>\n<p>Prva tema o kojoj je govorio doktor \u010cau\u0161evi\u0107 jeste zahtjev BDZ-a da se materijali za skup\u0161tinska zasjedanja Gradske skup\u0161tine ovoj odborni\u010dkoj grupi dostavljaju na bosanskom jeziku.<\/p>\n<p>\u201eNakon nekoliko mjeseci dobili smo odgovor u kojem stoji da zakon Republike Srbije omogu\u0107ava nacionalnim manjinama da se sve vrste slu\u017ebenih dokumenata pi\u0161u na jezicima nacionalnih manjina. Interesantna stvar je da na\u0161a Gradska skup\u0161tina u odgovoru nama pi\u0161e doslovno \u201e\u0160to se ti\u010de va\u0161eg zahtjeva za dostavljanje materijala na bosanskom jeziku va\u0161oj odborni\u010dkoj grupi, skup\u0161tinske slu\u017ebe ni kadrovski ni tehni\u010dki nisu osposobljene da materijal za skup\u0161tinska zasjedanja pripremaju na bosanskom jeziku\u201c. Ovakav stav Skup\u0161tine nije dobar jer je zakon usvojen 2005. godine a na\u0161a Skup\u0161tina do danas nije uspjela obezbijediti uslove za to. Nije ta\u010dno da nema kadrova jer na Internacionalnom univerzitetu postoji katedra za bosanski jezik i svake godine diplomira na desetine mladih, stru\u010dnih i obrazovanih ljudi koji poznaju bosanski jezik.\u201c \u2013 rekao je \u010cau\u0161evi\u0107.<\/p>\n<p>On je govorio i o pitanju vjeronauke i vjerou\u010ditelja koji su isterani sa svojih radnih mjesta bez jasne argumentacije i zamjerke na njihov rad.<\/p>\n<p>\u201ePostavlja se pitanje slu\u017ei li sada vjeronauka svrsi zbog koje je uvedena u \u0161kole? Obra\u0107am se roditeljima i poru\u010dujem im da imaju pravo da svoju djecu povuku sa te nastave, jer je to izborni predmet, i da se vrate tradicionalnom u\u010denju vjeronauke u mektebima i d\u017eamijama gdje je bolji ambijent za sprovo\u0111enje vjeronauke.\u201c \u2013 rekao je \u010cau\u0161evi\u0107.<\/p>\n<p>Doktor \u010cau\u0161evi\u0107 je govorio i o ugro\u017eenosti javnog zdravlja u gradu i podsjetio na predizborna obe\u0107anja aktuelne vlasti da \u0107e Zavod za za\u0161titu javnog zdravlja vratiti u Novi Pazar.<\/p>\n<p>\u201eTo njihovo obe\u0107anje ostalo je samo na rije\u010dima a nigdje nema djela u tom pravcu i kritikujem aktuelnu vlast za\u0161to nije ispunila ne\u0161to \u0161to je u predizbornoj kampanji obe\u0107ala.\u201c \u2013 rekao je \u010cau\u0161evi\u0107.<\/p>\n<p>Doktor Muratovi\u0107 se nadovezao na pri\u010du o bosanskom jeziku i podsjetio da je prije dvije godine donijeta skup\u0161tinska odluka o slu\u017ebenoj upotrebi i implementaciji bosanskog jezika kada je vlast \u010dinio Ljaji\u0107ev SDP a Ugljaninova SDA bila u opoziciji i da su za tu odluku glasali i jedni i drugi odbornici.<\/p>\n<p>\u201eTo je tada predstavljeno kao veliki napredak, da su i pozicija i opozicija glasali za jednu skup\u0161tinsku odluku. Poslije dvije godine kada vlast \u010dine te dvije partije mi dobijamo ovake odgovore da oni nisu u stanju da implementiraju ono \u0161to nam po zakonu pripada. \u010cesto \u0107ete \u010duti da su to stranke koje su nacionalno odgovorne a o ni o\u010digledno samo formalno insistiraju na za\u0161titi prava Bo\u0161njaka. Mi se ne bavimo formalno za\u0161titom prava Bo\u0161njaka ve\u0107 se time bavimo su\u0161tinski i istraja\u0107emo u tom insistiranju.\u201c \u2013 rekao je Muratovi\u0107.<\/p>\n<p>On se na kraju osvrnuo i na najavu pregovora izme\u0111u Pri\u0161tine i Beograda o rje\u0161avanju pitanja Kosova i rje\u0161avanju pitanja sjevera Kosova.<\/p>\n<p>\u201eNa snazi je op\u0161ta diskriminacija ljudi u Sand\u017eaku, a posebno Bo\u0161njaka, od strane re\u017eima u Beogradu. Mi \u017eelimo da budemo gra\u0111ani ove dr\u017eave ali da nam se po\u0161tuju prava. Mi vi\u0161e nemamo iluzije da sa Beogradom mo\u017eemo rije\u0161iti prava Bo\u0161njaka. Na \u017ealost oni su nas svojim stavom prema nama na to natjerali. Zbog toga tra\u017eimo da se ovih dana pokrene javna rasprava i konsultacije u cilju izrade zajedni\u010dke platforme Bo\u0161njaka Sand\u017eaka vezano za pregovore Pri\u0161tine i Beograda. Stav BDZ-a je da sve ono \u0161to pripadne sjeveru Kosova i na\u010din kako \u0107e se rje\u0161avati status na sjeveru Kosova, na taj na\u010din se mora rje\u0161avati status Sand\u017eaka i status Pre\u0161evske doline jer nas je Beograd svojim stavom ubjedio da kada budemo imali regionalne ingerencije i po pitanju obrazovanja, i po pitanju ekonomskog razvoja, i po pitanju zdravstvene za\u0161tite, tek tada \u0107emo biti u situaciji da rije\u0161imo na\u0161e probleme na zadovoljavaju\u0107i na\u010din.\u201c \u2013 rekao je na kraju Muratovi\u0107 uz konstataciju da su u kontaktu i razgovorima sa partijama Albanaca iz Pre\u0161evske doline po ovom pitanju.<\/p>\n<p><strong>Nermin Gici\u0107 (Mesihat.org)<\/strong><\/p>\n","protected":false},"excerpt":{"rendered":"<p>Novi Pazar &#8211; Potpredsjednik Bo\u0161nja\u010dke demokratske zajednice-BDZ dr. Admir Muratovi\u0107 i predsjednik Gradskog odbora-GO BDZ dr. Adnan \u010cau\u0161evi\u0107 u srijedu 10. oktobra 2012. godine najo\u0161tie su osudili izjavu predsjednika Srbije Tomislava Nikoli\u0107a da se u Srebrenici nije desio genocid, ve\u0107 da se desio zlo\u010din za koji su odgovorni pojedinci.<\/p>\n","protected":false},"author":83,"featured_media":53008,"comment_status":"open","ping_status":"open","sticky":false,"template":"","format":"standard","meta":{"footnotes":""},"categories":[72,1,8957],"tags":[],"class_list":{"0":"post-53007","1":"post","2":"type-post","3":"status-publish","4":"format-standard","5":"has-post-thumbnail","7":"category-novi-pazar","8":"category-politika","9":"category-vijesti-dana"},"yoast_head":"<!-- This site is optimized with the Yoast SEO Premium plugin v23.1 (Yoast SEO v24.9) - https:\/\/yoast.com\/wordpress\/plugins\/seo\/ -->\n<title>BDZ osudila Nikoli\u0107evo negiranje genocida u Srebrenici<\/title>\n<meta name=\"robots\" content=\"index, follow, max-snippet:-1, max-image-preview:large, max-video-preview:-1\" \/>\n<link rel=\"canonical\" href=\"https:\/\/sandzakpress.net\/arhiva\/bdz-osudila-nikolicevo-negiranje-genocida-u-srebrenici\/\" \/>\n<meta property=\"og:locale\" content=\"bs_BA\" \/>\n<meta property=\"og:type\" content=\"article\" \/>\n<meta property=\"og:title\" content=\"BDZ osudila Nikoli\u0107evo negiranje genocida u Srebrenici\" \/>\n<meta property=\"og:description\" content=\"Novi Pazar &#8211; Potpredsjednik Bo\u0161nja\u010dke demokratske zajednice-BDZ dr. Admir Muratovi\u0107 i predsjednik Gradskog odbora-GO BDZ dr. Adnan \u010cau\u0161evi\u0107 u srijedu 10. oktobra 2012. godine najo\u0161tie su osudili izjavu predsjednika Srbije Tomislava Nikoli\u0107a da se u Srebrenici nije desio genocid, ve\u0107 da se desio zlo\u010din za koji su odgovorni pojedinci.\" \/>\n<meta property=\"og:url\" content=\"https:\/\/sandzakpress.net\/arhiva\/bdz-osudila-nikolicevo-negiranje-genocida-u-srebrenici\/\" \/>\n<meta property=\"og:site_name\" content=\"Sand\u017eak PRESS\" \/>\n<meta property=\"article:published_time\" content=\"2012-10-11T09:07:32+00:00\" \/>\n<meta property=\"article:modified_time\" content=\"2012-10-11T09:07:56+00:00\" \/>\n<meta property=\"og:image\" content=\"https:\/\/sandzakpress.net\/arhiva\/wp-content\/uploads\/2012\/10\/kzs-admir-i-adnan.jpg\" \/>\n\t<meta property=\"og:image:width\" content=\"616\" \/>\n\t<meta property=\"og:image:height\" content=\"370\" \/>\n\t<meta property=\"og:image:type\" content=\"image\/jpeg\" \/>\n<meta name=\"author\" content=\"bosniak\" \/>\n<meta name=\"twitter:card\" content=\"summary_large_image\" \/>\n<meta name=\"twitter:label1\" content=\"Written by\" \/>\n\t<meta name=\"twitter:data1\" content=\"bosniak\" \/>\n\t<meta name=\"twitter:label2\" content=\"Est. reading time\" \/>\n\t<meta name=\"twitter:data2\" content=\"7 minuta\" \/>\n<script type=\"application\/ld+json\" class=\"yoast-schema-graph\">{\"@context\":\"https:\/\/schema.org\",\"@graph\":[{\"@type\":\"Article\",\"@id\":\"https:\/\/sandzakpress.net\/arhiva\/bdz-osudila-nikolicevo-negiranje-genocida-u-srebrenici\/#article\",\"isPartOf\":{\"@id\":\"https:\/\/sandzakpress.net\/arhiva\/bdz-osudila-nikolicevo-negiranje-genocida-u-srebrenici\/\"},\"author\":{\"name\":\"bosniak\",\"@id\":\"https:\/\/sandzakpress.net\/arhiva\/#\/schema\/person\/c8baee722073534b583ea7bdb2e36c02\"},\"headline\":\"BDZ osudila Nikoli\u0107evo negiranje genocida u Srebrenici\",\"datePublished\":\"2012-10-11T09:07:32+00:00\",\"dateModified\":\"2012-10-11T09:07:56+00:00\",\"mainEntityOfPage\":{\"@id\":\"https:\/\/sandzakpress.net\/arhiva\/bdz-osudila-nikolicevo-negiranje-genocida-u-srebrenici\/\"},\"wordCount\":1449,\"commentCount\":1,\"publisher\":{\"@id\":\"https:\/\/sandzakpress.net\/arhiva\/#\/schema\/person\/6e72b67d6e51910a1117b3b483ba20bd\"},\"image\":{\"@id\":\"https:\/\/sandzakpress.net\/arhiva\/bdz-osudila-nikolicevo-negiranje-genocida-u-srebrenici\/#primaryimage\"},\"thumbnailUrl\":\"https:\/\/sandzakpress.net\/arhiva\/wp-content\/uploads\/2012\/10\/kzs-admir-i-adnan.jpg\",\"articleSection\":[\"Novi Pazar\",\"Politika\",\"VIJESTI DANA\"],\"inLanguage\":\"bs-BA\",\"potentialAction\":[{\"@type\":\"CommentAction\",\"name\":\"Comment\",\"target\":[\"https:\/\/sandzakpress.net\/arhiva\/bdz-osudila-nikolicevo-negiranje-genocida-u-srebrenici\/#respond\"]}]},{\"@type\":\"WebPage\",\"@id\":\"https:\/\/sandzakpress.net\/arhiva\/bdz-osudila-nikolicevo-negiranje-genocida-u-srebrenici\/\",\"url\":\"https:\/\/sandzakpress.net\/arhiva\/bdz-osudila-nikolicevo-negiranje-genocida-u-srebrenici\/\",\"name\":\"BDZ osudila Nikoli\u0107evo negiranje genocida u Srebrenici\",\"isPartOf\":{\"@id\":\"https:\/\/sandzakpress.net\/arhiva\/#website\"},\"primaryImageOfPage\":{\"@id\":\"https:\/\/sandzakpress.net\/arhiva\/bdz-osudila-nikolicevo-negiranje-genocida-u-srebrenici\/#primaryimage\"},\"image\":{\"@id\":\"https:\/\/sandzakpress.net\/arhiva\/bdz-osudila-nikolicevo-negiranje-genocida-u-srebrenici\/#primaryimage\"},\"thumbnailUrl\":\"https:\/\/sandzakpress.net\/arhiva\/wp-content\/uploads\/2012\/10\/kzs-admir-i-adnan.jpg\",\"datePublished\":\"2012-10-11T09:07:32+00:00\",\"dateModified\":\"2012-10-11T09:07:56+00:00\",\"breadcrumb\":{\"@id\":\"https:\/\/sandzakpress.net\/arhiva\/bdz-osudila-nikolicevo-negiranje-genocida-u-srebrenici\/#breadcrumb\"},\"inLanguage\":\"bs-BA\",\"potentialAction\":[{\"@type\":\"ReadAction\",\"target\":[\"https:\/\/sandzakpress.net\/arhiva\/bdz-osudila-nikolicevo-negiranje-genocida-u-srebrenici\/\"]}]},{\"@type\":\"ImageObject\",\"inLanguage\":\"bs-BA\",\"@id\":\"https:\/\/sandzakpress.net\/arhiva\/bdz-osudila-nikolicevo-negiranje-genocida-u-srebrenici\/#primaryimage\",\"url\":\"https:\/\/sandzakpress.net\/arhiva\/wp-content\/uploads\/2012\/10\/kzs-admir-i-adnan.jpg\",\"contentUrl\":\"https:\/\/sandzakpress.net\/arhiva\/wp-content\/uploads\/2012\/10\/kzs-admir-i-adnan.jpg\",\"width\":616,\"height\":370},{\"@type\":\"BreadcrumbList\",\"@id\":\"https:\/\/sandzakpress.net\/arhiva\/bdz-osudila-nikolicevo-negiranje-genocida-u-srebrenici\/#breadcrumb\",\"itemListElement\":[{\"@type\":\"ListItem\",\"position\":1,\"name\":\"Home\",\"item\":\"https:\/\/sandzakpress.net\/arhiva\/\"},{\"@type\":\"ListItem\",\"position\":2,\"name\":\"BDZ osudila Nikoli\u0107evo negiranje genocida u Srebrenici\"}]},{\"@type\":\"WebSite\",\"@id\":\"https:\/\/sandzakpress.net\/arhiva\/#website\",\"url\":\"https:\/\/sandzakpress.net\/arhiva\/\",\"name\":\"Sand\u017eak PRESS\",\"description\":\"Prve elektronske novine u Sand\u017eaku\",\"publisher\":{\"@id\":\"https:\/\/sandzakpress.net\/arhiva\/#\/schema\/person\/6e72b67d6e51910a1117b3b483ba20bd\"},\"potentialAction\":[{\"@type\":\"SearchAction\",\"target\":{\"@type\":\"EntryPoint\",\"urlTemplate\":\"https:\/\/sandzakpress.net\/arhiva\/?s={search_term_string}\"},\"query-input\":{\"@type\":\"PropertyValueSpecification\",\"valueRequired\":true,\"valueName\":\"search_term_string\"}}],\"inLanguage\":\"bs-BA\"},{\"@type\":[\"Person\",\"Organization\"],\"@id\":\"https:\/\/sandzakpress.net\/arhiva\/#\/schema\/person\/6e72b67d6e51910a1117b3b483ba20bd\",\"name\":\"Kul\",\"image\":{\"@type\":\"ImageObject\",\"inLanguage\":\"bs-BA\",\"@id\":\"https:\/\/sandzakpress.net\/arhiva\/#\/schema\/person\/image\/\",\"url\":\"https:\/\/secure.gravatar.com\/avatar\/42263f39aa27ac04c43cab85c280eb2e?s=96&d=mm&r=pg\",\"contentUrl\":\"https:\/\/secure.gravatar.com\/avatar\/42263f39aa27ac04c43cab85c280eb2e?s=96&d=mm&r=pg\",\"caption\":\"Kul\"},\"logo\":{\"@id\":\"https:\/\/sandzakpress.net\/arhiva\/#\/schema\/person\/image\/\"}},{\"@type\":\"Person\",\"@id\":\"https:\/\/sandzakpress.net\/arhiva\/#\/schema\/person\/c8baee722073534b583ea7bdb2e36c02\",\"name\":\"bosniak\",\"image\":{\"@type\":\"ImageObject\",\"inLanguage\":\"bs-BA\",\"@id\":\"https:\/\/sandzakpress.net\/arhiva\/#\/schema\/person\/image\/\",\"url\":\"https:\/\/secure.gravatar.com\/avatar\/a04fd330bfe3a36a72a0ad4a6d89fca7?s=96&d=mm&r=pg\",\"contentUrl\":\"https:\/\/secure.gravatar.com\/avatar\/a04fd330bfe3a36a72a0ad4a6d89fca7?s=96&d=mm&r=pg\",\"caption\":\"bosniak\"},\"url\":\"https:\/\/sandzakpress.net\/arhiva\/author\/bosniak\/\"}]}<\/script>\n<!-- \/ Yoast SEO Premium plugin. -->","yoast_head_json":{"title":"BDZ osudila Nikoli\u0107evo negiranje genocida u Srebrenici","robots":{"index":"index","follow":"follow","max-snippet":"max-snippet:-1","max-image-preview":"max-image-preview:large","max-video-preview":"max-video-preview:-1"},"canonical":"https:\/\/sandzakpress.net\/arhiva\/bdz-osudila-nikolicevo-negiranje-genocida-u-srebrenici\/","og_locale":"bs_BA","og_type":"article","og_title":"BDZ osudila Nikoli\u0107evo negiranje genocida u Srebrenici","og_description":"Novi Pazar &#8211; Potpredsjednik Bo\u0161nja\u010dke demokratske zajednice-BDZ dr. Admir Muratovi\u0107 i predsjednik Gradskog odbora-GO BDZ dr. Adnan \u010cau\u0161evi\u0107 u srijedu 10. oktobra 2012. godine najo\u0161tie su osudili izjavu predsjednika Srbije Tomislava Nikoli\u0107a da se u Srebrenici nije desio genocid, ve\u0107 da se desio zlo\u010din za koji su odgovorni pojedinci.","og_url":"https:\/\/sandzakpress.net\/arhiva\/bdz-osudila-nikolicevo-negiranje-genocida-u-srebrenici\/","og_site_name":"Sand\u017eak PRESS","article_published_time":"2012-10-11T09:07:32+00:00","article_modified_time":"2012-10-11T09:07:56+00:00","og_image":[{"width":616,"height":370,"url":"https:\/\/sandzakpress.net\/arhiva\/wp-content\/uploads\/2012\/10\/kzs-admir-i-adnan.jpg","type":"image\/jpeg"}],"author":"bosniak","twitter_card":"summary_large_image","twitter_misc":{"Written by":"bosniak","Est. reading time":"7 minuta"},"schema":{"@context":"https:\/\/schema.org","@graph":[{"@type":"Article","@id":"https:\/\/sandzakpress.net\/arhiva\/bdz-osudila-nikolicevo-negiranje-genocida-u-srebrenici\/#article","isPartOf":{"@id":"https:\/\/sandzakpress.net\/arhiva\/bdz-osudila-nikolicevo-negiranje-genocida-u-srebrenici\/"},"author":{"name":"bosniak","@id":"https:\/\/sandzakpress.net\/arhiva\/#\/schema\/person\/c8baee722073534b583ea7bdb2e36c02"},"headline":"BDZ osudila Nikoli\u0107evo negiranje genocida u Srebrenici","datePublished":"2012-10-11T09:07:32+00:00","dateModified":"2012-10-11T09:07:56+00:00","mainEntityOfPage":{"@id":"https:\/\/sandzakpress.net\/arhiva\/bdz-osudila-nikolicevo-negiranje-genocida-u-srebrenici\/"},"wordCount":1449,"commentCount":1,"publisher":{"@id":"https:\/\/sandzakpress.net\/arhiva\/#\/schema\/person\/6e72b67d6e51910a1117b3b483ba20bd"},"image":{"@id":"https:\/\/sandzakpress.net\/arhiva\/bdz-osudila-nikolicevo-negiranje-genocida-u-srebrenici\/#primaryimage"},"thumbnailUrl":"https:\/\/sandzakpress.net\/arhiva\/wp-content\/uploads\/2012\/10\/kzs-admir-i-adnan.jpg","articleSection":["Novi Pazar","Politika","VIJESTI DANA"],"inLanguage":"bs-BA","potentialAction":[{"@type":"CommentAction","name":"Comment","target":["https:\/\/sandzakpress.net\/arhiva\/bdz-osudila-nikolicevo-negiranje-genocida-u-srebrenici\/#respond"]}]},{"@type":"WebPage","@id":"https:\/\/sandzakpress.net\/arhiva\/bdz-osudila-nikolicevo-negiranje-genocida-u-srebrenici\/","url":"https:\/\/sandzakpress.net\/arhiva\/bdz-osudila-nikolicevo-negiranje-genocida-u-srebrenici\/","name":"BDZ osudila Nikoli\u0107evo negiranje genocida u Srebrenici","isPartOf":{"@id":"https:\/\/sandzakpress.net\/arhiva\/#website"},"primaryImageOfPage":{"@id":"https:\/\/sandzakpress.net\/arhiva\/bdz-osudila-nikolicevo-negiranje-genocida-u-srebrenici\/#primaryimage"},"image":{"@id":"https:\/\/sandzakpress.net\/arhiva\/bdz-osudila-nikolicevo-negiranje-genocida-u-srebrenici\/#primaryimage"},"thumbnailUrl":"https:\/\/sandzakpress.net\/arhiva\/wp-content\/uploads\/2012\/10\/kzs-admir-i-adnan.jpg","datePublished":"2012-10-11T09:07:32+00:00","dateModified":"2012-10-11T09:07:56+00:00","breadcrumb":{"@id":"https:\/\/sandzakpress.net\/arhiva\/bdz-osudila-nikolicevo-negiranje-genocida-u-srebrenici\/#breadcrumb"},"inLanguage":"bs-BA","potentialAction":[{"@type":"ReadAction","target":["https:\/\/sandzakpress.net\/arhiva\/bdz-osudila-nikolicevo-negiranje-genocida-u-srebrenici\/"]}]},{"@type":"ImageObject","inLanguage":"bs-BA","@id":"https:\/\/sandzakpress.net\/arhiva\/bdz-osudila-nikolicevo-negiranje-genocida-u-srebrenici\/#primaryimage","url":"https:\/\/sandzakpress.net\/arhiva\/wp-content\/uploads\/2012\/10\/kzs-admir-i-adnan.jpg","contentUrl":"https:\/\/sandzakpress.net\/arhiva\/wp-content\/uploads\/2012\/10\/kzs-admir-i-adnan.jpg","width":616,"height":370},{"@type":"BreadcrumbList","@id":"https:\/\/sandzakpress.net\/arhiva\/bdz-osudila-nikolicevo-negiranje-genocida-u-srebrenici\/#breadcrumb","itemListElement":[{"@type":"ListItem","position":1,"name":"Home","item":"https:\/\/sandzakpress.net\/arhiva\/"},{"@type":"ListItem","position":2,"name":"BDZ osudila Nikoli\u0107evo negiranje genocida u Srebrenici"}]},{"@type":"WebSite","@id":"https:\/\/sandzakpress.net\/arhiva\/#website","url":"https:\/\/sandzakpress.net\/arhiva\/","name":"Sand\u017eak PRESS","description":"Prve elektronske novine u Sand\u017eaku","publisher":{"@id":"https:\/\/sandzakpress.net\/arhiva\/#\/schema\/person\/6e72b67d6e51910a1117b3b483ba20bd"},"potentialAction":[{"@type":"SearchAction","target":{"@type":"EntryPoint","urlTemplate":"https:\/\/sandzakpress.net\/arhiva\/?s={search_term_string}"},"query-input":{"@type":"PropertyValueSpecification","valueRequired":true,"valueName":"search_term_string"}}],"inLanguage":"bs-BA"},{"@type":["Person","Organization"],"@id":"https:\/\/sandzakpress.net\/arhiva\/#\/schema\/person\/6e72b67d6e51910a1117b3b483ba20bd","name":"Kul","image":{"@type":"ImageObject","inLanguage":"bs-BA","@id":"https:\/\/sandzakpress.net\/arhiva\/#\/schema\/person\/image\/","url":"https:\/\/secure.gravatar.com\/avatar\/42263f39aa27ac04c43cab85c280eb2e?s=96&d=mm&r=pg","contentUrl":"https:\/\/secure.gravatar.com\/avatar\/42263f39aa27ac04c43cab85c280eb2e?s=96&d=mm&r=pg","caption":"Kul"},"logo":{"@id":"https:\/\/sandzakpress.net\/arhiva\/#\/schema\/person\/image\/"}},{"@type":"Person","@id":"https:\/\/sandzakpress.net\/arhiva\/#\/schema\/person\/c8baee722073534b583ea7bdb2e36c02","name":"bosniak","image":{"@type":"ImageObject","inLanguage":"bs-BA","@id":"https:\/\/sandzakpress.net\/arhiva\/#\/schema\/person\/image\/","url":"https:\/\/secure.gravatar.com\/avatar\/a04fd330bfe3a36a72a0ad4a6d89fca7?s=96&d=mm&r=pg","contentUrl":"https:\/\/secure.gravatar.com\/avatar\/a04fd330bfe3a36a72a0ad4a6d89fca7?s=96&d=mm&r=pg","caption":"bosniak"},"url":"https:\/\/sandzakpress.net\/arhiva\/author\/bosniak\/"}]}},"_links":{"self":[{"href":"https:\/\/sandzakpress.net\/arhiva\/wp-json\/wp\/v2\/posts\/53007"}],"collection":[{"href":"https:\/\/sandzakpress.net\/arhiva\/wp-json\/wp\/v2\/posts"}],"about":[{"href":"https:\/\/sandzakpress.net\/arhiva\/wp-json\/wp\/v2\/types\/post"}],"author":[{"embeddable":true,"href":"https:\/\/sandzakpress.net\/arhiva\/wp-json\/wp\/v2\/users\/83"}],"replies":[{"embeddable":true,"href":"https:\/\/sandzakpress.net\/arhiva\/wp-json\/wp\/v2\/comments?post=53007"}],"version-history":[{"count":0,"href":"https:\/\/sandzakpress.net\/arhiva\/wp-json\/wp\/v2\/posts\/53007\/revisions"}],"wp:featuredmedia":[{"embeddable":true,"href":"https:\/\/sandzakpress.net\/arhiva\/wp-json\/wp\/v2\/media\/53008"}],"wp:attachment":[{"href":"https:\/\/sandzakpress.net\/arhiva\/wp-json\/wp\/v2\/media?parent=53007"}],"wp:term":[{"taxonomy":"category","embeddable":true,"href":"https:\/\/sandzakpress.net\/arhiva\/wp-json\/wp\/v2\/categories?post=53007"},{"taxonomy":"post_tag","embeddable":true,"href":"https:\/\/sandzakpress.net\/arhiva\/wp-json\/wp\/v2\/tags?post=53007"}],"curies":[{"name":"wp","href":"https:\/\/api.w.org\/{rel}","templated":true}]}}