{"id":52802,"date":"2012-10-09T11:31:46","date_gmt":"2012-10-09T09:31:46","guid":{"rendered":"https:\/\/sandzakpress.net\/arhiva\/?p=52802"},"modified":"2012-10-09T11:31:46","modified_gmt":"2012-10-09T09:31:46","slug":"predsjednik-sda-sandzaka-ugljanin-cestitao-izbornu-pobjedu-sda-bih","status":"publish","type":"post","link":"https:\/\/sandzakpress.net\/arhiva\/predsjednik-sda-sandzaka-ugljanin-cestitao-izbornu-pobjedu-sda-bih\/","title":{"rendered":"Predsjednik SDA Sand\u017eaka Ugljanin \u010destitao izbornu pobjedu SDA BiH"},"content":{"rendered":"<p><strong><a href=\"https:\/\/sandzakpress.net\/arhiva\/wp-content\/uploads\/2012\/10\/1176565184c19d3ec73cc2372769979_MidCol.jpg\"><img loading=\"lazy\" decoding=\"async\" class=\"alignleft size-medium wp-image-52803\" title=\"1176565184c19d3ec73cc2372769979_MidCol\" src=\"https:\/\/sandzakpress.net\/arhiva\/wp-content\/uploads\/2012\/10\/1176565184c19d3ec73cc2372769979_MidCol-300x198.jpg\" alt=\"\" width=\"300\" height=\"198\" \/><\/a>BiH &#8211; Predsjednik SDA Sand\u017eaka dr. Sulejman Ugljanin \u010destitao je predsjedniku Stranci demokratske akcije Bosne i Hercegovine Sulejmanu Tihi\u0107u i njegovim saradnicima izbornu pobjedu na lokalnim izborima odr\u017eanim u nedelju. U \u010destitci predsjednik Ugljanin ka\u017ee:<\/strong><\/p>\n<p>Po\u0161tovani predsjedni\u010de Tihi\u0107,<\/p>\n<p>Iskreno mi je zadovoljstvo i posebna \u010dast da Vam u ime Stranke demokratske akcije Sand\u017eaka i u svoje li\u010dno ime \u010destitam na izvanrednoj pobjedi koju je Stranka demokratske akcije ostvarila na lokalnim izborima u Bosni i Hercegovini.<\/p>\n<p>Ovo je velika satisfakcija Vama i Va\u0161im saradnicima koji ste imali jasnu viziju i jasan cilj. Raduje nas da su se gra\u0111ani Bosne i Hercegovine kona\u010dno vratili svojoj stranci koja ima definisane ciljeve i politiku koja garantuje trajan i stabilan i mir, sigurnost, saradnju i ubrzan ekonomski ekonomski razvoj Bosne i Hercegovine.<\/p>\n<p>Vama i Va\u0161im saradnicima jo\u0161 jednom \u017eelim puno uspeha u daljem radu. Nadam se i dalje na\u0161oj dobroj saradnji zarad op\u0161te dobrobiti \u010dlanstva u dr\u017eavama u kojima \u017eivimo. Stranka demokratske akcije je potvrdila svoj legitimitet u Bosni i Hercegovini, a parlamentarna je stranka i u ostalim republikama biv\u0161e Jugoslavije \u0161to je defini\u0161e kao faktor stabilnosti na Balkanu. Neka na\u0161a saradnja bude \u010dvrst osnov za dobre me\u0111udr\u017eavne odnose Republike Srbije i Bosne i Hercegovine.<\/p>\n<p>S po\u0161tovanjem.<\/p>\n<p>(SDA)<\/p>\n","protected":false},"excerpt":{"rendered":"<p>BiH &#8211; Predsjednik SDA Sand\u017eaka dr. Sulejman Ugljanin \u010destitao je predsjedniku Stranci demokratske akcije Bosne i Hercegovine Sulejmanu Tihi\u0107u i njegovim saradnicima izbornu pobjedu na lokalnim izborima odr\u017eanim u nedelju. U \u010destitci predsjednik Ugljanin ka\u017ee: Po\u0161tovani predsjedni\u010de Tihi\u0107, Iskreno mi je zadovoljstvo i posebna \u010dast da Vam u ime Stranke demokratske akcije Sand\u017eaka i u [&hellip;]<\/p>\n","protected":false},"author":83,"featured_media":52803,"comment_status":"open","ping_status":"open","sticky":false,"template":"","format":"standard","meta":{"footnotes":""},"categories":[72,2860,1,8957],"tags":[],"class_list":{"0":"post-52802","1":"post","2":"type-post","3":"status-publish","4":"format-standard","5":"has-post-thumbnail","7":"category-novi-pazar","8":"category-bosna-i-hercegovina-gradovi","9":"category-politika","10":"category-vijesti-dana"},"yoast_head":"<!-- This site is optimized with the Yoast SEO Premium plugin v23.1 (Yoast SEO v24.9) - https:\/\/yoast.com\/wordpress\/plugins\/seo\/ -->\n<title>Predsjednik SDA Sand\u017eaka Ugljanin \u010destitao izbornu pobjedu SDA BiH<\/title>\n<meta name=\"robots\" content=\"index, follow, max-snippet:-1, max-image-preview:large, max-video-preview:-1\" \/>\n<link rel=\"canonical\" href=\"https:\/\/sandzakpress.net\/arhiva\/predsjednik-sda-sandzaka-ugljanin-cestitao-izbornu-pobjedu-sda-bih\/\" \/>\n<meta property=\"og:locale\" content=\"bs_BA\" \/>\n<meta property=\"og:type\" content=\"article\" \/>\n<meta property=\"og:title\" content=\"Predsjednik SDA Sand\u017eaka Ugljanin \u010destitao izbornu pobjedu SDA BiH\" \/>\n<meta property=\"og:description\" content=\"BiH &#8211; Predsjednik SDA Sand\u017eaka dr. Sulejman Ugljanin \u010destitao je predsjedniku Stranci demokratske akcije Bosne i Hercegovine Sulejmanu Tihi\u0107u i njegovim saradnicima izbornu pobjedu na lokalnim izborima odr\u017eanim u nedelju. U \u010destitci predsjednik Ugljanin ka\u017ee: Po\u0161tovani predsjedni\u010de Tihi\u0107, Iskreno mi je zadovoljstvo i posebna \u010dast da Vam u ime Stranke demokratske akcije Sand\u017eaka i u [&hellip;]\" \/>\n<meta property=\"og:url\" content=\"https:\/\/sandzakpress.net\/arhiva\/predsjednik-sda-sandzaka-ugljanin-cestitao-izbornu-pobjedu-sda-bih\/\" \/>\n<meta property=\"og:site_name\" content=\"Sand\u017eak PRESS\" \/>\n<meta property=\"article:published_time\" content=\"2012-10-09T09:31:46+00:00\" \/>\n<meta property=\"og:image\" content=\"https:\/\/sandzakpress.net\/arhiva\/wp-content\/uploads\/2012\/10\/1176565184c19d3ec73cc2372769979_MidCol.jpg\" \/>\n\t<meta property=\"og:image:width\" content=\"370\" \/>\n\t<meta property=\"og:image:height\" content=\"245\" \/>\n\t<meta property=\"og:image:type\" content=\"image\/jpeg\" \/>\n<meta name=\"author\" content=\"bosniak\" \/>\n<meta name=\"twitter:card\" content=\"summary_large_image\" \/>\n<meta name=\"twitter:label1\" content=\"Written by\" \/>\n\t<meta name=\"twitter:data1\" content=\"bosniak\" \/>\n\t<meta name=\"twitter:label2\" content=\"Est. reading time\" \/>\n\t<meta name=\"twitter:data2\" content=\"1 minuta\" \/>\n<script type=\"application\/ld+json\" class=\"yoast-schema-graph\">{\"@context\":\"https:\/\/schema.org\",\"@graph\":[{\"@type\":\"Article\",\"@id\":\"https:\/\/sandzakpress.net\/arhiva\/predsjednik-sda-sandzaka-ugljanin-cestitao-izbornu-pobjedu-sda-bih\/#article\",\"isPartOf\":{\"@id\":\"https:\/\/sandzakpress.net\/arhiva\/predsjednik-sda-sandzaka-ugljanin-cestitao-izbornu-pobjedu-sda-bih\/\"},\"author\":{\"name\":\"bosniak\",\"@id\":\"https:\/\/sandzakpress.net\/arhiva\/#\/schema\/person\/c8baee722073534b583ea7bdb2e36c02\"},\"headline\":\"Predsjednik SDA Sand\u017eaka Ugljanin \u010destitao izbornu pobjedu SDA BiH\",\"datePublished\":\"2012-10-09T09:31:46+00:00\",\"mainEntityOfPage\":{\"@id\":\"https:\/\/sandzakpress.net\/arhiva\/predsjednik-sda-sandzaka-ugljanin-cestitao-izbornu-pobjedu-sda-bih\/\"},\"wordCount\":234,\"commentCount\":2,\"publisher\":{\"@id\":\"https:\/\/sandzakpress.net\/arhiva\/#\/schema\/person\/6e72b67d6e51910a1117b3b483ba20bd\"},\"image\":{\"@id\":\"https:\/\/sandzakpress.net\/arhiva\/predsjednik-sda-sandzaka-ugljanin-cestitao-izbornu-pobjedu-sda-bih\/#primaryimage\"},\"thumbnailUrl\":\"https:\/\/sandzakpress.net\/arhiva\/wp-content\/uploads\/2012\/10\/1176565184c19d3ec73cc2372769979_MidCol.jpg\",\"articleSection\":[\"Novi Pazar\",\"Bosna i Hercegovina\",\"Politika\",\"VIJESTI DANA\"],\"inLanguage\":\"bs-BA\",\"potentialAction\":[{\"@type\":\"CommentAction\",\"name\":\"Comment\",\"target\":[\"https:\/\/sandzakpress.net\/arhiva\/predsjednik-sda-sandzaka-ugljanin-cestitao-izbornu-pobjedu-sda-bih\/#respond\"]}]},{\"@type\":\"WebPage\",\"@id\":\"https:\/\/sandzakpress.net\/arhiva\/predsjednik-sda-sandzaka-ugljanin-cestitao-izbornu-pobjedu-sda-bih\/\",\"url\":\"https:\/\/sandzakpress.net\/arhiva\/predsjednik-sda-sandzaka-ugljanin-cestitao-izbornu-pobjedu-sda-bih\/\",\"name\":\"Predsjednik SDA Sand\u017eaka Ugljanin \u010destitao izbornu pobjedu SDA BiH\",\"isPartOf\":{\"@id\":\"https:\/\/sandzakpress.net\/arhiva\/#website\"},\"primaryImageOfPage\":{\"@id\":\"https:\/\/sandzakpress.net\/arhiva\/predsjednik-sda-sandzaka-ugljanin-cestitao-izbornu-pobjedu-sda-bih\/#primaryimage\"},\"image\":{\"@id\":\"https:\/\/sandzakpress.net\/arhiva\/predsjednik-sda-sandzaka-ugljanin-cestitao-izbornu-pobjedu-sda-bih\/#primaryimage\"},\"thumbnailUrl\":\"https:\/\/sandzakpress.net\/arhiva\/wp-content\/uploads\/2012\/10\/1176565184c19d3ec73cc2372769979_MidCol.jpg\",\"datePublished\":\"2012-10-09T09:31:46+00:00\",\"breadcrumb\":{\"@id\":\"https:\/\/sandzakpress.net\/arhiva\/predsjednik-sda-sandzaka-ugljanin-cestitao-izbornu-pobjedu-sda-bih\/#breadcrumb\"},\"inLanguage\":\"bs-BA\",\"potentialAction\":[{\"@type\":\"ReadAction\",\"target\":[\"https:\/\/sandzakpress.net\/arhiva\/predsjednik-sda-sandzaka-ugljanin-cestitao-izbornu-pobjedu-sda-bih\/\"]}]},{\"@type\":\"ImageObject\",\"inLanguage\":\"bs-BA\",\"@id\":\"https:\/\/sandzakpress.net\/arhiva\/predsjednik-sda-sandzaka-ugljanin-cestitao-izbornu-pobjedu-sda-bih\/#primaryimage\",\"url\":\"https:\/\/sandzakpress.net\/arhiva\/wp-content\/uploads\/2012\/10\/1176565184c19d3ec73cc2372769979_MidCol.jpg\",\"contentUrl\":\"https:\/\/sandzakpress.net\/arhiva\/wp-content\/uploads\/2012\/10\/1176565184c19d3ec73cc2372769979_MidCol.jpg\",\"width\":370,\"height\":245},{\"@type\":\"BreadcrumbList\",\"@id\":\"https:\/\/sandzakpress.net\/arhiva\/predsjednik-sda-sandzaka-ugljanin-cestitao-izbornu-pobjedu-sda-bih\/#breadcrumb\",\"itemListElement\":[{\"@type\":\"ListItem\",\"position\":1,\"name\":\"Home\",\"item\":\"https:\/\/sandzakpress.net\/arhiva\/\"},{\"@type\":\"ListItem\",\"position\":2,\"name\":\"Predsjednik SDA Sand\u017eaka Ugljanin \u010destitao izbornu pobjedu SDA BiH\"}]},{\"@type\":\"WebSite\",\"@id\":\"https:\/\/sandzakpress.net\/arhiva\/#website\",\"url\":\"https:\/\/sandzakpress.net\/arhiva\/\",\"name\":\"Sand\u017eak PRESS\",\"description\":\"Prve elektronske novine u Sand\u017eaku\",\"publisher\":{\"@id\":\"https:\/\/sandzakpress.net\/arhiva\/#\/schema\/person\/6e72b67d6e51910a1117b3b483ba20bd\"},\"potentialAction\":[{\"@type\":\"SearchAction\",\"target\":{\"@type\":\"EntryPoint\",\"urlTemplate\":\"https:\/\/sandzakpress.net\/arhiva\/?s={search_term_string}\"},\"query-input\":{\"@type\":\"PropertyValueSpecification\",\"valueRequired\":true,\"valueName\":\"search_term_string\"}}],\"inLanguage\":\"bs-BA\"},{\"@type\":[\"Person\",\"Organization\"],\"@id\":\"https:\/\/sandzakpress.net\/arhiva\/#\/schema\/person\/6e72b67d6e51910a1117b3b483ba20bd\",\"name\":\"Kul\",\"image\":{\"@type\":\"ImageObject\",\"inLanguage\":\"bs-BA\",\"@id\":\"https:\/\/sandzakpress.net\/arhiva\/#\/schema\/person\/image\/\",\"url\":\"https:\/\/secure.gravatar.com\/avatar\/42263f39aa27ac04c43cab85c280eb2e?s=96&d=mm&r=pg\",\"contentUrl\":\"https:\/\/secure.gravatar.com\/avatar\/42263f39aa27ac04c43cab85c280eb2e?s=96&d=mm&r=pg\",\"caption\":\"Kul\"},\"logo\":{\"@id\":\"https:\/\/sandzakpress.net\/arhiva\/#\/schema\/person\/image\/\"}},{\"@type\":\"Person\",\"@id\":\"https:\/\/sandzakpress.net\/arhiva\/#\/schema\/person\/c8baee722073534b583ea7bdb2e36c02\",\"name\":\"bosniak\",\"image\":{\"@type\":\"ImageObject\",\"inLanguage\":\"bs-BA\",\"@id\":\"https:\/\/sandzakpress.net\/arhiva\/#\/schema\/person\/image\/\",\"url\":\"https:\/\/secure.gravatar.com\/avatar\/a04fd330bfe3a36a72a0ad4a6d89fca7?s=96&d=mm&r=pg\",\"contentUrl\":\"https:\/\/secure.gravatar.com\/avatar\/a04fd330bfe3a36a72a0ad4a6d89fca7?s=96&d=mm&r=pg\",\"caption\":\"bosniak\"},\"url\":\"https:\/\/sandzakpress.net\/arhiva\/author\/bosniak\/\"}]}<\/script>\n<!-- \/ Yoast SEO Premium plugin. -->","yoast_head_json":{"title":"Predsjednik SDA Sand\u017eaka Ugljanin \u010destitao izbornu pobjedu SDA BiH","robots":{"index":"index","follow":"follow","max-snippet":"max-snippet:-1","max-image-preview":"max-image-preview:large","max-video-preview":"max-video-preview:-1"},"canonical":"https:\/\/sandzakpress.net\/arhiva\/predsjednik-sda-sandzaka-ugljanin-cestitao-izbornu-pobjedu-sda-bih\/","og_locale":"bs_BA","og_type":"article","og_title":"Predsjednik SDA Sand\u017eaka Ugljanin \u010destitao izbornu pobjedu SDA BiH","og_description":"BiH &#8211; Predsjednik SDA Sand\u017eaka dr. Sulejman Ugljanin \u010destitao je predsjedniku Stranci demokratske akcije Bosne i Hercegovine Sulejmanu Tihi\u0107u i njegovim saradnicima izbornu pobjedu na lokalnim izborima odr\u017eanim u nedelju. U \u010destitci predsjednik Ugljanin ka\u017ee: Po\u0161tovani predsjedni\u010de Tihi\u0107, Iskreno mi je zadovoljstvo i posebna \u010dast da Vam u ime Stranke demokratske akcije Sand\u017eaka i u [&hellip;]","og_url":"https:\/\/sandzakpress.net\/arhiva\/predsjednik-sda-sandzaka-ugljanin-cestitao-izbornu-pobjedu-sda-bih\/","og_site_name":"Sand\u017eak PRESS","article_published_time":"2012-10-09T09:31:46+00:00","og_image":[{"width":370,"height":245,"url":"https:\/\/sandzakpress.net\/arhiva\/wp-content\/uploads\/2012\/10\/1176565184c19d3ec73cc2372769979_MidCol.jpg","type":"image\/jpeg"}],"author":"bosniak","twitter_card":"summary_large_image","twitter_misc":{"Written by":"bosniak","Est. reading time":"1 minuta"},"schema":{"@context":"https:\/\/schema.org","@graph":[{"@type":"Article","@id":"https:\/\/sandzakpress.net\/arhiva\/predsjednik-sda-sandzaka-ugljanin-cestitao-izbornu-pobjedu-sda-bih\/#article","isPartOf":{"@id":"https:\/\/sandzakpress.net\/arhiva\/predsjednik-sda-sandzaka-ugljanin-cestitao-izbornu-pobjedu-sda-bih\/"},"author":{"name":"bosniak","@id":"https:\/\/sandzakpress.net\/arhiva\/#\/schema\/person\/c8baee722073534b583ea7bdb2e36c02"},"headline":"Predsjednik SDA Sand\u017eaka Ugljanin \u010destitao izbornu pobjedu SDA BiH","datePublished":"2012-10-09T09:31:46+00:00","mainEntityOfPage":{"@id":"https:\/\/sandzakpress.net\/arhiva\/predsjednik-sda-sandzaka-ugljanin-cestitao-izbornu-pobjedu-sda-bih\/"},"wordCount":234,"commentCount":2,"publisher":{"@id":"https:\/\/sandzakpress.net\/arhiva\/#\/schema\/person\/6e72b67d6e51910a1117b3b483ba20bd"},"image":{"@id":"https:\/\/sandzakpress.net\/arhiva\/predsjednik-sda-sandzaka-ugljanin-cestitao-izbornu-pobjedu-sda-bih\/#primaryimage"},"thumbnailUrl":"https:\/\/sandzakpress.net\/arhiva\/wp-content\/uploads\/2012\/10\/1176565184c19d3ec73cc2372769979_MidCol.jpg","articleSection":["Novi Pazar","Bosna i Hercegovina","Politika","VIJESTI DANA"],"inLanguage":"bs-BA","potentialAction":[{"@type":"CommentAction","name":"Comment","target":["https:\/\/sandzakpress.net\/arhiva\/predsjednik-sda-sandzaka-ugljanin-cestitao-izbornu-pobjedu-sda-bih\/#respond"]}]},{"@type":"WebPage","@id":"https:\/\/sandzakpress.net\/arhiva\/predsjednik-sda-sandzaka-ugljanin-cestitao-izbornu-pobjedu-sda-bih\/","url":"https:\/\/sandzakpress.net\/arhiva\/predsjednik-sda-sandzaka-ugljanin-cestitao-izbornu-pobjedu-sda-bih\/","name":"Predsjednik SDA Sand\u017eaka Ugljanin \u010destitao izbornu pobjedu SDA BiH","isPartOf":{"@id":"https:\/\/sandzakpress.net\/arhiva\/#website"},"primaryImageOfPage":{"@id":"https:\/\/sandzakpress.net\/arhiva\/predsjednik-sda-sandzaka-ugljanin-cestitao-izbornu-pobjedu-sda-bih\/#primaryimage"},"image":{"@id":"https:\/\/sandzakpress.net\/arhiva\/predsjednik-sda-sandzaka-ugljanin-cestitao-izbornu-pobjedu-sda-bih\/#primaryimage"},"thumbnailUrl":"https:\/\/sandzakpress.net\/arhiva\/wp-content\/uploads\/2012\/10\/1176565184c19d3ec73cc2372769979_MidCol.jpg","datePublished":"2012-10-09T09:31:46+00:00","breadcrumb":{"@id":"https:\/\/sandzakpress.net\/arhiva\/predsjednik-sda-sandzaka-ugljanin-cestitao-izbornu-pobjedu-sda-bih\/#breadcrumb"},"inLanguage":"bs-BA","potentialAction":[{"@type":"ReadAction","target":["https:\/\/sandzakpress.net\/arhiva\/predsjednik-sda-sandzaka-ugljanin-cestitao-izbornu-pobjedu-sda-bih\/"]}]},{"@type":"ImageObject","inLanguage":"bs-BA","@id":"https:\/\/sandzakpress.net\/arhiva\/predsjednik-sda-sandzaka-ugljanin-cestitao-izbornu-pobjedu-sda-bih\/#primaryimage","url":"https:\/\/sandzakpress.net\/arhiva\/wp-content\/uploads\/2012\/10\/1176565184c19d3ec73cc2372769979_MidCol.jpg","contentUrl":"https:\/\/sandzakpress.net\/arhiva\/wp-content\/uploads\/2012\/10\/1176565184c19d3ec73cc2372769979_MidCol.jpg","width":370,"height":245},{"@type":"BreadcrumbList","@id":"https:\/\/sandzakpress.net\/arhiva\/predsjednik-sda-sandzaka-ugljanin-cestitao-izbornu-pobjedu-sda-bih\/#breadcrumb","itemListElement":[{"@type":"ListItem","position":1,"name":"Home","item":"https:\/\/sandzakpress.net\/arhiva\/"},{"@type":"ListItem","position":2,"name":"Predsjednik SDA Sand\u017eaka Ugljanin \u010destitao izbornu pobjedu SDA BiH"}]},{"@type":"WebSite","@id":"https:\/\/sandzakpress.net\/arhiva\/#website","url":"https:\/\/sandzakpress.net\/arhiva\/","name":"Sand\u017eak PRESS","description":"Prve elektronske novine u Sand\u017eaku","publisher":{"@id":"https:\/\/sandzakpress.net\/arhiva\/#\/schema\/person\/6e72b67d6e51910a1117b3b483ba20bd"},"potentialAction":[{"@type":"SearchAction","target":{"@type":"EntryPoint","urlTemplate":"https:\/\/sandzakpress.net\/arhiva\/?s={search_term_string}"},"query-input":{"@type":"PropertyValueSpecification","valueRequired":true,"valueName":"search_term_string"}}],"inLanguage":"bs-BA"},{"@type":["Person","Organization"],"@id":"https:\/\/sandzakpress.net\/arhiva\/#\/schema\/person\/6e72b67d6e51910a1117b3b483ba20bd","name":"Kul","image":{"@type":"ImageObject","inLanguage":"bs-BA","@id":"https:\/\/sandzakpress.net\/arhiva\/#\/schema\/person\/image\/","url":"https:\/\/secure.gravatar.com\/avatar\/42263f39aa27ac04c43cab85c280eb2e?s=96&d=mm&r=pg","contentUrl":"https:\/\/secure.gravatar.com\/avatar\/42263f39aa27ac04c43cab85c280eb2e?s=96&d=mm&r=pg","caption":"Kul"},"logo":{"@id":"https:\/\/sandzakpress.net\/arhiva\/#\/schema\/person\/image\/"}},{"@type":"Person","@id":"https:\/\/sandzakpress.net\/arhiva\/#\/schema\/person\/c8baee722073534b583ea7bdb2e36c02","name":"bosniak","image":{"@type":"ImageObject","inLanguage":"bs-BA","@id":"https:\/\/sandzakpress.net\/arhiva\/#\/schema\/person\/image\/","url":"https:\/\/secure.gravatar.com\/avatar\/a04fd330bfe3a36a72a0ad4a6d89fca7?s=96&d=mm&r=pg","contentUrl":"https:\/\/secure.gravatar.com\/avatar\/a04fd330bfe3a36a72a0ad4a6d89fca7?s=96&d=mm&r=pg","caption":"bosniak"},"url":"https:\/\/sandzakpress.net\/arhiva\/author\/bosniak\/"}]}},"_links":{"self":[{"href":"https:\/\/sandzakpress.net\/arhiva\/wp-json\/wp\/v2\/posts\/52802"}],"collection":[{"href":"https:\/\/sandzakpress.net\/arhiva\/wp-json\/wp\/v2\/posts"}],"about":[{"href":"https:\/\/sandzakpress.net\/arhiva\/wp-json\/wp\/v2\/types\/post"}],"author":[{"embeddable":true,"href":"https:\/\/sandzakpress.net\/arhiva\/wp-json\/wp\/v2\/users\/83"}],"replies":[{"embeddable":true,"href":"https:\/\/sandzakpress.net\/arhiva\/wp-json\/wp\/v2\/comments?post=52802"}],"version-history":[{"count":0,"href":"https:\/\/sandzakpress.net\/arhiva\/wp-json\/wp\/v2\/posts\/52802\/revisions"}],"wp:featuredmedia":[{"embeddable":true,"href":"https:\/\/sandzakpress.net\/arhiva\/wp-json\/wp\/v2\/media\/52803"}],"wp:attachment":[{"href":"https:\/\/sandzakpress.net\/arhiva\/wp-json\/wp\/v2\/media?parent=52802"}],"wp:term":[{"taxonomy":"category","embeddable":true,"href":"https:\/\/sandzakpress.net\/arhiva\/wp-json\/wp\/v2\/categories?post=52802"},{"taxonomy":"post_tag","embeddable":true,"href":"https:\/\/sandzakpress.net\/arhiva\/wp-json\/wp\/v2\/tags?post=52802"}],"curies":[{"name":"wp","href":"https:\/\/api.w.org\/{rel}","templated":true}]}}