{"id":52440,"date":"2012-10-05T23:55:25","date_gmt":"2012-10-05T21:55:25","guid":{"rendered":"https:\/\/sandzakpress.net\/arhiva\/?p=52440"},"modified":"2012-10-06T18:37:49","modified_gmt":"2012-10-06T16:37:49","slug":"knjiga-%e2%80%9d-fenomen-muftija%e2%80%9d-izasla-iz-stampe","status":"publish","type":"post","link":"https:\/\/sandzakpress.net\/arhiva\/knjiga-%e2%80%9d-fenomen-muftija%e2%80%9d-izasla-iz-stampe\/","title":{"rendered":"Knjiga \u201d Fenomen Muftija\u201d iza\u0161la iz \u0161tampe"},"content":{"rendered":"<p><strong><a href=\"https:\/\/sandzakpress.net\/arhiva\/wp-content\/uploads\/2012\/10\/fenomen_muftija-212x300.png\"><img loading=\"lazy\" decoding=\"async\" class=\"alignleft size-full wp-image-52442\" title=\"fenomen_muftija-212x300\" src=\"https:\/\/sandzakpress.net\/arhiva\/wp-content\/uploads\/2012\/10\/fenomen_muftija-212x300.png\" alt=\"\" width=\"212\" height=\"300\" \/><\/a>Sand\u017eak, BIH &#8211; Izdava\u010dka ku\u0107a \u201cEl-Kelimeh\u201d, koja radi u okrilju Islamske zajednice u Srbiji, obavje\u0161tava javnost da je iz \u0161tampe iza\u0161la knjiga akademika Muhameda Filipovi\u0107a: \u201cFenomen Muftija\u201c. Rije\u010d je o nesvakida\u0161njoj sintezi dvadesetogodi\u0161njeg djelovanja Muamera ef. Zukorli\u0107a.<\/strong><\/p>\n<p>Izdava\u010dka ku\u0107e El-Kelimeh ima \u010dast, zadovoljstvo i privilegiju izdati knjigu o jednom od najve\u0107ih \u017eivih Bo\u0161njaka, koja govori o harizmati\u010dnom lideru. Knjiga \u0107e sad\u017eati slijede\u0107a poglavlja:<\/p>\n<p>Muftija Muamer ef. Zukorli\u0107 zna\u010daj njegove pojave za Bo\u0161njake,<\/p>\n<p>Sand\u017ea\u010dke deklaracije,<\/p>\n<p>Agresija na jedinstvo Islamske zajednice,<\/p>\n<p>Bo\u0161nja\u010dko nacionalno vije\u0107e,<\/p>\n<p>Muftija kandidat za predsjednika Srbije,<\/p>\n<p>Borba za Sand\u017eak,<\/p>\n<p>Bo\u0161nja\u010dka akademija nauka i umjetnosti,<\/p>\n<p>te integrisani tekst pod autorstvom Muftije Zukorli\u0107a: \u201cMoj pogled na Bosnu i Bo\u0161njake\u201d.<\/p>\n<p>(Sand\u017eak TV)<\/p>\n","protected":false},"excerpt":{"rendered":"<p>Sand\u017eak, BIH &#8211; Izdava\u010dka ku\u0107a \u201cEl-Kelimeh\u201d, koja radi u okrilju Islamske zajednice u Srbiji, obavje\u0161tava javnost da je iz \u0161tampe iza\u0161la knjiga akademika Muhameda Filipovi\u0107a: \u201cFenomen Muftija\u201c. Rije\u010d je o nesvakida\u0161njoj sintezi dvadesetogodi\u0161njeg djelovanja Muamera ef. Zukorli\u0107a. Izdava\u010dka ku\u0107e El-Kelimeh ima \u010dast, zadovoljstvo i privilegiju izdati knjigu o jednom od najve\u0107ih \u017eivih Bo\u0161njaka, koja govori [&hellip;]<\/p>\n","protected":false},"author":16,"featured_media":52442,"comment_status":"open","ping_status":"open","sticky":false,"template":"","format":"standard","meta":{"footnotes":""},"categories":[72,398,800,2860,52,327,392,393,395,394,399],"tags":[],"class_list":{"0":"post-52440","1":"post","2":"type-post","3":"status-publish","4":"format-standard","5":"has-post-thumbnail","7":"category-novi-pazar","8":"category-rozaje","9":"category-nacija","10":"category-bosna-i-hercegovina-gradovi","11":"category-sjenica","12":"category-tutin","13":"category-prijepolje_","14":"category-priboj","15":"category-pljevlja_","16":"category-nova-varos","17":"category-plav_"},"yoast_head":"<!-- This site is optimized with the Yoast SEO Premium plugin v23.1 (Yoast SEO v24.9) - https:\/\/yoast.com\/wordpress\/plugins\/seo\/ -->\n<title>Knjiga \u201d Fenomen Muftija\u201d iza\u0161la iz \u0161tampe<\/title>\n<meta name=\"robots\" content=\"index, follow, max-snippet:-1, max-image-preview:large, max-video-preview:-1\" \/>\n<link rel=\"canonical\" href=\"https:\/\/sandzakpress.net\/arhiva\/knjiga-\u201d-fenomen-muftija\u201d-izasla-iz-stampe\/\" \/>\n<meta property=\"og:locale\" content=\"bs_BA\" \/>\n<meta property=\"og:type\" content=\"article\" \/>\n<meta property=\"og:title\" content=\"Knjiga \u201d Fenomen Muftija\u201d iza\u0161la iz \u0161tampe\" \/>\n<meta property=\"og:description\" content=\"Sand\u017eak, BIH &#8211; Izdava\u010dka ku\u0107a \u201cEl-Kelimeh\u201d, koja radi u okrilju Islamske zajednice u Srbiji, obavje\u0161tava javnost da je iz \u0161tampe iza\u0161la knjiga akademika Muhameda Filipovi\u0107a: \u201cFenomen Muftija\u201c. Rije\u010d je o nesvakida\u0161njoj sintezi dvadesetogodi\u0161njeg djelovanja Muamera ef. Zukorli\u0107a. Izdava\u010dka ku\u0107e El-Kelimeh ima \u010dast, zadovoljstvo i privilegiju izdati knjigu o jednom od najve\u0107ih \u017eivih Bo\u0161njaka, koja govori [&hellip;]\" \/>\n<meta property=\"og:url\" content=\"https:\/\/sandzakpress.net\/arhiva\/knjiga-\u201d-fenomen-muftija\u201d-izasla-iz-stampe\/\" \/>\n<meta property=\"og:site_name\" content=\"Sand\u017eak PRESS\" \/>\n<meta property=\"article:published_time\" content=\"2012-10-05T21:55:25+00:00\" \/>\n<meta property=\"article:modified_time\" content=\"2012-10-06T16:37:49+00:00\" \/>\n<meta property=\"og:image\" content=\"https:\/\/sandzakpress.net\/arhiva\/wp-content\/uploads\/2012\/10\/fenomen_muftija-212x300.png\" \/>\n\t<meta property=\"og:image:width\" content=\"212\" \/>\n\t<meta property=\"og:image:height\" content=\"300\" \/>\n\t<meta property=\"og:image:type\" content=\"image\/png\" \/>\n<meta name=\"twitter:card\" content=\"summary_large_image\" \/>\n<meta name=\"twitter:label1\" content=\"Written by\" \/>\n\t<meta name=\"twitter:data1\" content=\"\" \/>\n\t<meta name=\"twitter:label2\" content=\"Est. reading time\" \/>\n\t<meta name=\"twitter:data2\" content=\"1 minuta\" \/>\n<script type=\"application\/ld+json\" class=\"yoast-schema-graph\">{\"@context\":\"https:\/\/schema.org\",\"@graph\":[{\"@type\":\"Article\",\"@id\":\"https:\/\/sandzakpress.net\/arhiva\/knjiga-%e2%80%9d-fenomen-muftija%e2%80%9d-izasla-iz-stampe\/#article\",\"isPartOf\":{\"@id\":\"https:\/\/sandzakpress.net\/arhiva\/knjiga-%e2%80%9d-fenomen-muftija%e2%80%9d-izasla-iz-stampe\/\"},\"author\":{\"name\":\"\",\"@id\":\"\"},\"headline\":\"Knjiga \u201d Fenomen Muftija\u201d iza\u0161la iz \u0161tampe\",\"datePublished\":\"2012-10-05T21:55:25+00:00\",\"dateModified\":\"2012-10-06T16:37:49+00:00\",\"mainEntityOfPage\":{\"@id\":\"https:\/\/sandzakpress.net\/arhiva\/knjiga-%e2%80%9d-fenomen-muftija%e2%80%9d-izasla-iz-stampe\/\"},\"wordCount\":146,\"commentCount\":7,\"publisher\":{\"@id\":\"https:\/\/sandzakpress.net\/arhiva\/#\/schema\/person\/6e72b67d6e51910a1117b3b483ba20bd\"},\"image\":{\"@id\":\"https:\/\/sandzakpress.net\/arhiva\/knjiga-%e2%80%9d-fenomen-muftija%e2%80%9d-izasla-iz-stampe\/#primaryimage\"},\"thumbnailUrl\":\"https:\/\/sandzakpress.net\/arhiva\/wp-content\/uploads\/2012\/10\/fenomen_muftija-212x300.png\",\"articleSection\":[\"Novi Pazar\",\"Ro\u017eaje\",\"Nacija\",\"Bosna i Hercegovina\",\"Sjenica\",\"Tutin\",\"Prijepolje\",\"Priboj\",\"Pljevlja\",\"Nova Varo\u0161\",\"Plav\"],\"inLanguage\":\"bs-BA\",\"potentialAction\":[{\"@type\":\"CommentAction\",\"name\":\"Comment\",\"target\":[\"https:\/\/sandzakpress.net\/arhiva\/knjiga-%e2%80%9d-fenomen-muftija%e2%80%9d-izasla-iz-stampe\/#respond\"]}]},{\"@type\":\"WebPage\",\"@id\":\"https:\/\/sandzakpress.net\/arhiva\/knjiga-%e2%80%9d-fenomen-muftija%e2%80%9d-izasla-iz-stampe\/\",\"url\":\"https:\/\/sandzakpress.net\/arhiva\/knjiga-%e2%80%9d-fenomen-muftija%e2%80%9d-izasla-iz-stampe\/\",\"name\":\"Knjiga \u201d Fenomen Muftija\u201d iza\u0161la iz \u0161tampe\",\"isPartOf\":{\"@id\":\"https:\/\/sandzakpress.net\/arhiva\/#website\"},\"primaryImageOfPage\":{\"@id\":\"https:\/\/sandzakpress.net\/arhiva\/knjiga-%e2%80%9d-fenomen-muftija%e2%80%9d-izasla-iz-stampe\/#primaryimage\"},\"image\":{\"@id\":\"https:\/\/sandzakpress.net\/arhiva\/knjiga-%e2%80%9d-fenomen-muftija%e2%80%9d-izasla-iz-stampe\/#primaryimage\"},\"thumbnailUrl\":\"https:\/\/sandzakpress.net\/arhiva\/wp-content\/uploads\/2012\/10\/fenomen_muftija-212x300.png\",\"datePublished\":\"2012-10-05T21:55:25+00:00\",\"dateModified\":\"2012-10-06T16:37:49+00:00\",\"breadcrumb\":{\"@id\":\"https:\/\/sandzakpress.net\/arhiva\/knjiga-%e2%80%9d-fenomen-muftija%e2%80%9d-izasla-iz-stampe\/#breadcrumb\"},\"inLanguage\":\"bs-BA\",\"potentialAction\":[{\"@type\":\"ReadAction\",\"target\":[\"https:\/\/sandzakpress.net\/arhiva\/knjiga-%e2%80%9d-fenomen-muftija%e2%80%9d-izasla-iz-stampe\/\"]}]},{\"@type\":\"ImageObject\",\"inLanguage\":\"bs-BA\",\"@id\":\"https:\/\/sandzakpress.net\/arhiva\/knjiga-%e2%80%9d-fenomen-muftija%e2%80%9d-izasla-iz-stampe\/#primaryimage\",\"url\":\"https:\/\/sandzakpress.net\/arhiva\/wp-content\/uploads\/2012\/10\/fenomen_muftija-212x300.png\",\"contentUrl\":\"https:\/\/sandzakpress.net\/arhiva\/wp-content\/uploads\/2012\/10\/fenomen_muftija-212x300.png\",\"width\":212,\"height\":300},{\"@type\":\"BreadcrumbList\",\"@id\":\"https:\/\/sandzakpress.net\/arhiva\/knjiga-%e2%80%9d-fenomen-muftija%e2%80%9d-izasla-iz-stampe\/#breadcrumb\",\"itemListElement\":[{\"@type\":\"ListItem\",\"position\":1,\"name\":\"Home\",\"item\":\"https:\/\/sandzakpress.net\/arhiva\/\"},{\"@type\":\"ListItem\",\"position\":2,\"name\":\"Knjiga \u201d Fenomen Muftija\u201d iza\u0161la iz \u0161tampe\"}]},{\"@type\":\"WebSite\",\"@id\":\"https:\/\/sandzakpress.net\/arhiva\/#website\",\"url\":\"https:\/\/sandzakpress.net\/arhiva\/\",\"name\":\"Sand\u017eak PRESS\",\"description\":\"Prve elektronske novine u Sand\u017eaku\",\"publisher\":{\"@id\":\"https:\/\/sandzakpress.net\/arhiva\/#\/schema\/person\/6e72b67d6e51910a1117b3b483ba20bd\"},\"potentialAction\":[{\"@type\":\"SearchAction\",\"target\":{\"@type\":\"EntryPoint\",\"urlTemplate\":\"https:\/\/sandzakpress.net\/arhiva\/?s={search_term_string}\"},\"query-input\":{\"@type\":\"PropertyValueSpecification\",\"valueRequired\":true,\"valueName\":\"search_term_string\"}}],\"inLanguage\":\"bs-BA\"},{\"@type\":[\"Person\",\"Organization\"],\"@id\":\"https:\/\/sandzakpress.net\/arhiva\/#\/schema\/person\/6e72b67d6e51910a1117b3b483ba20bd\",\"name\":\"Kul\",\"image\":{\"@type\":\"ImageObject\",\"inLanguage\":\"bs-BA\",\"@id\":\"https:\/\/sandzakpress.net\/arhiva\/#\/schema\/person\/image\/\",\"url\":\"https:\/\/secure.gravatar.com\/avatar\/42263f39aa27ac04c43cab85c280eb2e?s=96&d=mm&r=pg\",\"contentUrl\":\"https:\/\/secure.gravatar.com\/avatar\/42263f39aa27ac04c43cab85c280eb2e?s=96&d=mm&r=pg\",\"caption\":\"Kul\"},\"logo\":{\"@id\":\"https:\/\/sandzakpress.net\/arhiva\/#\/schema\/person\/image\/\"}},{\"@type\":\"Person\",\"@id\":\"\",\"url\":\"https:\/\/sandzakpress.net\/arhiva\/author\/\"}]}<\/script>\n<!-- \/ Yoast SEO Premium plugin. -->","yoast_head_json":{"title":"Knjiga \u201d Fenomen Muftija\u201d iza\u0161la iz \u0161tampe","robots":{"index":"index","follow":"follow","max-snippet":"max-snippet:-1","max-image-preview":"max-image-preview:large","max-video-preview":"max-video-preview:-1"},"canonical":"https:\/\/sandzakpress.net\/arhiva\/knjiga-\u201d-fenomen-muftija\u201d-izasla-iz-stampe\/","og_locale":"bs_BA","og_type":"article","og_title":"Knjiga \u201d Fenomen Muftija\u201d iza\u0161la iz \u0161tampe","og_description":"Sand\u017eak, BIH &#8211; Izdava\u010dka ku\u0107a \u201cEl-Kelimeh\u201d, koja radi u okrilju Islamske zajednice u Srbiji, obavje\u0161tava javnost da je iz \u0161tampe iza\u0161la knjiga akademika Muhameda Filipovi\u0107a: \u201cFenomen Muftija\u201c. Rije\u010d je o nesvakida\u0161njoj sintezi dvadesetogodi\u0161njeg djelovanja Muamera ef. Zukorli\u0107a. Izdava\u010dka ku\u0107e El-Kelimeh ima \u010dast, zadovoljstvo i privilegiju izdati knjigu o jednom od najve\u0107ih \u017eivih Bo\u0161njaka, koja govori [&hellip;]","og_url":"https:\/\/sandzakpress.net\/arhiva\/knjiga-\u201d-fenomen-muftija\u201d-izasla-iz-stampe\/","og_site_name":"Sand\u017eak PRESS","article_published_time":"2012-10-05T21:55:25+00:00","article_modified_time":"2012-10-06T16:37:49+00:00","og_image":[{"width":212,"height":300,"url":"https:\/\/sandzakpress.net\/arhiva\/wp-content\/uploads\/2012\/10\/fenomen_muftija-212x300.png","type":"image\/png"}],"twitter_card":"summary_large_image","twitter_misc":{"Written by":"","Est. reading time":"1 minuta"},"schema":{"@context":"https:\/\/schema.org","@graph":[{"@type":"Article","@id":"https:\/\/sandzakpress.net\/arhiva\/knjiga-%e2%80%9d-fenomen-muftija%e2%80%9d-izasla-iz-stampe\/#article","isPartOf":{"@id":"https:\/\/sandzakpress.net\/arhiva\/knjiga-%e2%80%9d-fenomen-muftija%e2%80%9d-izasla-iz-stampe\/"},"author":{"name":"","@id":""},"headline":"Knjiga \u201d Fenomen Muftija\u201d iza\u0161la iz \u0161tampe","datePublished":"2012-10-05T21:55:25+00:00","dateModified":"2012-10-06T16:37:49+00:00","mainEntityOfPage":{"@id":"https:\/\/sandzakpress.net\/arhiva\/knjiga-%e2%80%9d-fenomen-muftija%e2%80%9d-izasla-iz-stampe\/"},"wordCount":146,"commentCount":7,"publisher":{"@id":"https:\/\/sandzakpress.net\/arhiva\/#\/schema\/person\/6e72b67d6e51910a1117b3b483ba20bd"},"image":{"@id":"https:\/\/sandzakpress.net\/arhiva\/knjiga-%e2%80%9d-fenomen-muftija%e2%80%9d-izasla-iz-stampe\/#primaryimage"},"thumbnailUrl":"https:\/\/sandzakpress.net\/arhiva\/wp-content\/uploads\/2012\/10\/fenomen_muftija-212x300.png","articleSection":["Novi Pazar","Ro\u017eaje","Nacija","Bosna i Hercegovina","Sjenica","Tutin","Prijepolje","Priboj","Pljevlja","Nova Varo\u0161","Plav"],"inLanguage":"bs-BA","potentialAction":[{"@type":"CommentAction","name":"Comment","target":["https:\/\/sandzakpress.net\/arhiva\/knjiga-%e2%80%9d-fenomen-muftija%e2%80%9d-izasla-iz-stampe\/#respond"]}]},{"@type":"WebPage","@id":"https:\/\/sandzakpress.net\/arhiva\/knjiga-%e2%80%9d-fenomen-muftija%e2%80%9d-izasla-iz-stampe\/","url":"https:\/\/sandzakpress.net\/arhiva\/knjiga-%e2%80%9d-fenomen-muftija%e2%80%9d-izasla-iz-stampe\/","name":"Knjiga \u201d Fenomen Muftija\u201d iza\u0161la iz \u0161tampe","isPartOf":{"@id":"https:\/\/sandzakpress.net\/arhiva\/#website"},"primaryImageOfPage":{"@id":"https:\/\/sandzakpress.net\/arhiva\/knjiga-%e2%80%9d-fenomen-muftija%e2%80%9d-izasla-iz-stampe\/#primaryimage"},"image":{"@id":"https:\/\/sandzakpress.net\/arhiva\/knjiga-%e2%80%9d-fenomen-muftija%e2%80%9d-izasla-iz-stampe\/#primaryimage"},"thumbnailUrl":"https:\/\/sandzakpress.net\/arhiva\/wp-content\/uploads\/2012\/10\/fenomen_muftija-212x300.png","datePublished":"2012-10-05T21:55:25+00:00","dateModified":"2012-10-06T16:37:49+00:00","breadcrumb":{"@id":"https:\/\/sandzakpress.net\/arhiva\/knjiga-%e2%80%9d-fenomen-muftija%e2%80%9d-izasla-iz-stampe\/#breadcrumb"},"inLanguage":"bs-BA","potentialAction":[{"@type":"ReadAction","target":["https:\/\/sandzakpress.net\/arhiva\/knjiga-%e2%80%9d-fenomen-muftija%e2%80%9d-izasla-iz-stampe\/"]}]},{"@type":"ImageObject","inLanguage":"bs-BA","@id":"https:\/\/sandzakpress.net\/arhiva\/knjiga-%e2%80%9d-fenomen-muftija%e2%80%9d-izasla-iz-stampe\/#primaryimage","url":"https:\/\/sandzakpress.net\/arhiva\/wp-content\/uploads\/2012\/10\/fenomen_muftija-212x300.png","contentUrl":"https:\/\/sandzakpress.net\/arhiva\/wp-content\/uploads\/2012\/10\/fenomen_muftija-212x300.png","width":212,"height":300},{"@type":"BreadcrumbList","@id":"https:\/\/sandzakpress.net\/arhiva\/knjiga-%e2%80%9d-fenomen-muftija%e2%80%9d-izasla-iz-stampe\/#breadcrumb","itemListElement":[{"@type":"ListItem","position":1,"name":"Home","item":"https:\/\/sandzakpress.net\/arhiva\/"},{"@type":"ListItem","position":2,"name":"Knjiga \u201d Fenomen Muftija\u201d iza\u0161la iz \u0161tampe"}]},{"@type":"WebSite","@id":"https:\/\/sandzakpress.net\/arhiva\/#website","url":"https:\/\/sandzakpress.net\/arhiva\/","name":"Sand\u017eak PRESS","description":"Prve elektronske novine u Sand\u017eaku","publisher":{"@id":"https:\/\/sandzakpress.net\/arhiva\/#\/schema\/person\/6e72b67d6e51910a1117b3b483ba20bd"},"potentialAction":[{"@type":"SearchAction","target":{"@type":"EntryPoint","urlTemplate":"https:\/\/sandzakpress.net\/arhiva\/?s={search_term_string}"},"query-input":{"@type":"PropertyValueSpecification","valueRequired":true,"valueName":"search_term_string"}}],"inLanguage":"bs-BA"},{"@type":["Person","Organization"],"@id":"https:\/\/sandzakpress.net\/arhiva\/#\/schema\/person\/6e72b67d6e51910a1117b3b483ba20bd","name":"Kul","image":{"@type":"ImageObject","inLanguage":"bs-BA","@id":"https:\/\/sandzakpress.net\/arhiva\/#\/schema\/person\/image\/","url":"https:\/\/secure.gravatar.com\/avatar\/42263f39aa27ac04c43cab85c280eb2e?s=96&d=mm&r=pg","contentUrl":"https:\/\/secure.gravatar.com\/avatar\/42263f39aa27ac04c43cab85c280eb2e?s=96&d=mm&r=pg","caption":"Kul"},"logo":{"@id":"https:\/\/sandzakpress.net\/arhiva\/#\/schema\/person\/image\/"}},{"@type":"Person","@id":"","url":"https:\/\/sandzakpress.net\/arhiva\/author\/"}]}},"_links":{"self":[{"href":"https:\/\/sandzakpress.net\/arhiva\/wp-json\/wp\/v2\/posts\/52440"}],"collection":[{"href":"https:\/\/sandzakpress.net\/arhiva\/wp-json\/wp\/v2\/posts"}],"about":[{"href":"https:\/\/sandzakpress.net\/arhiva\/wp-json\/wp\/v2\/types\/post"}],"author":[{"embeddable":true,"href":"https:\/\/sandzakpress.net\/arhiva\/wp-json\/wp\/v2\/users\/16"}],"replies":[{"embeddable":true,"href":"https:\/\/sandzakpress.net\/arhiva\/wp-json\/wp\/v2\/comments?post=52440"}],"version-history":[{"count":0,"href":"https:\/\/sandzakpress.net\/arhiva\/wp-json\/wp\/v2\/posts\/52440\/revisions"}],"wp:featuredmedia":[{"embeddable":true,"href":"https:\/\/sandzakpress.net\/arhiva\/wp-json\/wp\/v2\/media\/52442"}],"wp:attachment":[{"href":"https:\/\/sandzakpress.net\/arhiva\/wp-json\/wp\/v2\/media?parent=52440"}],"wp:term":[{"taxonomy":"category","embeddable":true,"href":"https:\/\/sandzakpress.net\/arhiva\/wp-json\/wp\/v2\/categories?post=52440"},{"taxonomy":"post_tag","embeddable":true,"href":"https:\/\/sandzakpress.net\/arhiva\/wp-json\/wp\/v2\/tags?post=52440"}],"curies":[{"name":"wp","href":"https:\/\/api.w.org\/{rel}","templated":true}]}}