{"id":52348,"date":"2012-10-04T17:40:28","date_gmt":"2012-10-04T15:40:28","guid":{"rendered":"https:\/\/sandzakpress.net\/arhiva\/?p=52348"},"modified":"2012-10-04T17:41:10","modified_gmt":"2012-10-04T15:41:10","slug":"formiran-stab-za-zastitu-prava-vjeroucitelja-i-ocuvanje-vjeronauke","status":"publish","type":"post","link":"https:\/\/sandzakpress.net\/arhiva\/formiran-stab-za-zastitu-prava-vjeroucitelja-i-ocuvanje-vjeronauke\/","title":{"rendered":"Formiran &#8220;\u0160tab za za\u0161titu prava vjerou\u010ditelja i o\u010duvanje vjeronauke&#8221;"},"content":{"rendered":"<p><strong><a href=\"https:\/\/sandzakpress.net\/arhiva\/wp-content\/uploads\/2012\/10\/fotografija1.jpg\"><img loading=\"lazy\" decoding=\"async\" class=\"alignleft size-medium wp-image-52392\" title=\"fotografija\" src=\"https:\/\/sandzakpress.net\/arhiva\/wp-content\/uploads\/2012\/10\/fotografija1-300x225.jpg\" alt=\"\" width=\"300\" height=\"225\" \/><\/a>Novi Pazar &#8211; Zbog \u010dinjenice da je i ove godine nastavljen obra\u010dun re\u017eima sa predava\u010dima islamske vjeronauke, te da je Ministarstvo prosvjete u potpunosti zanemarilo listu vjerou\u010ditelja koju je dostavio Me\u0161ihat Islamske zajednice u Srbiji, \u010dime je prekr\u0161en zakon i nanijeta \u0161teta projektu islamske vjeronauke sa nesagledivim posljedicama te pri\u010dinjena nepravda vjerou\u010diteljima, koji su istjerani sa svojih radnih mjesta, Me\u0161ihat Islamske zajednice formirao je \u0160tab za za\u0161titu prava vjerou\u010ditelja i o\u010duvanje vjeronauke, a za koordinatora \u0160taba imenovan je potpredsjednik Me\u0161ihata Re\u0161ad ef. Plojovi\u0107.<\/strong><!--more--><\/p>\n<p>\u0160tab \u0107e se svakodnevno baviti nastalim problemima i koordinirati svim akcijama koje imaju za cilj rje\u0161avanje ovog pitanja i za\u0161titu prava djece da poha\u0111aju islamsku vjeronauku, te za\u0161titu prava vjerou\u010ditelja i njihovog dostojanstva.<\/p>\n<p>Izvor: <strong>Mesihat.org<\/strong><\/p>\n","protected":false},"excerpt":{"rendered":"<p>Novi Pazar &#8211; Zbog \u010dinjenice da je i ove godine nastavljen obra\u010dun re\u017eima sa predava\u010dima islamske vjeronauke, te da je Ministarstvo prosvjete u potpunosti zanemarilo listu vjerou\u010ditelja koju je dostavio Me\u0161ihat Islamske zajednice u Srbiji, \u010dime je prekr\u0161en zakon i nanijeta \u0161teta projektu islamske vjeronauke sa nesagledivim posljedicama te pri\u010dinjena nepravda vjerou\u010diteljima, koji su istjerani [&hellip;]<\/p>\n","protected":false},"author":83,"featured_media":52392,"comment_status":"open","ping_status":"open","sticky":false,"template":"","format":"standard","meta":{"footnotes":""},"categories":[72,802,8957],"tags":[],"class_list":{"0":"post-52348","1":"post","2":"type-post","3":"status-publish","4":"format-standard","5":"has-post-thumbnail","7":"category-novi-pazar","8":"category-islamska_zajednica","9":"category-vijesti-dana"},"yoast_head":"<!-- This site is optimized with the Yoast SEO Premium plugin v23.1 (Yoast SEO v24.9) - https:\/\/yoast.com\/wordpress\/plugins\/seo\/ -->\n<title>Formiran &quot;\u0160tab za za\u0161titu prava vjerou\u010ditelja i o\u010duvanje vjeronauke&quot;<\/title>\n<meta name=\"robots\" content=\"index, follow, max-snippet:-1, max-image-preview:large, max-video-preview:-1\" \/>\n<link rel=\"canonical\" href=\"https:\/\/sandzakpress.net\/arhiva\/formiran-stab-za-zastitu-prava-vjeroucitelja-i-ocuvanje-vjeronauke\/\" \/>\n<meta property=\"og:locale\" content=\"bs_BA\" \/>\n<meta property=\"og:type\" content=\"article\" \/>\n<meta property=\"og:title\" content=\"Formiran &quot;\u0160tab za za\u0161titu prava vjerou\u010ditelja i o\u010duvanje vjeronauke&quot;\" \/>\n<meta property=\"og:description\" content=\"Novi Pazar &#8211; Zbog \u010dinjenice da je i ove godine nastavljen obra\u010dun re\u017eima sa predava\u010dima islamske vjeronauke, te da je Ministarstvo prosvjete u potpunosti zanemarilo listu vjerou\u010ditelja koju je dostavio Me\u0161ihat Islamske zajednice u Srbiji, \u010dime je prekr\u0161en zakon i nanijeta \u0161teta projektu islamske vjeronauke sa nesagledivim posljedicama te pri\u010dinjena nepravda vjerou\u010diteljima, koji su istjerani [&hellip;]\" \/>\n<meta property=\"og:url\" content=\"https:\/\/sandzakpress.net\/arhiva\/formiran-stab-za-zastitu-prava-vjeroucitelja-i-ocuvanje-vjeronauke\/\" \/>\n<meta property=\"og:site_name\" content=\"Sand\u017eak PRESS\" \/>\n<meta property=\"article:published_time\" content=\"2012-10-04T15:40:28+00:00\" \/>\n<meta property=\"article:modified_time\" content=\"2012-10-04T15:41:10+00:00\" \/>\n<meta property=\"og:image\" content=\"https:\/\/sandzakpress.net\/arhiva\/wp-content\/uploads\/2012\/10\/fotografija1.jpg\" \/>\n\t<meta property=\"og:image:width\" content=\"616\" \/>\n\t<meta property=\"og:image:height\" content=\"462\" \/>\n\t<meta property=\"og:image:type\" content=\"image\/jpeg\" \/>\n<meta name=\"author\" content=\"bosniak\" \/>\n<meta name=\"twitter:card\" content=\"summary_large_image\" \/>\n<meta name=\"twitter:label1\" content=\"Written by\" \/>\n\t<meta name=\"twitter:data1\" content=\"bosniak\" \/>\n\t<meta name=\"twitter:label2\" content=\"Est. reading time\" \/>\n\t<meta name=\"twitter:data2\" content=\"1 minuta\" \/>\n<script type=\"application\/ld+json\" class=\"yoast-schema-graph\">{\"@context\":\"https:\/\/schema.org\",\"@graph\":[{\"@type\":\"Article\",\"@id\":\"https:\/\/sandzakpress.net\/arhiva\/formiran-stab-za-zastitu-prava-vjeroucitelja-i-ocuvanje-vjeronauke\/#article\",\"isPartOf\":{\"@id\":\"https:\/\/sandzakpress.net\/arhiva\/formiran-stab-za-zastitu-prava-vjeroucitelja-i-ocuvanje-vjeronauke\/\"},\"author\":{\"name\":\"bosniak\",\"@id\":\"https:\/\/sandzakpress.net\/arhiva\/#\/schema\/person\/c8baee722073534b583ea7bdb2e36c02\"},\"headline\":\"Formiran &#8220;\u0160tab za za\u0161titu prava vjerou\u010ditelja i o\u010duvanje vjeronauke&#8221;\",\"datePublished\":\"2012-10-04T15:40:28+00:00\",\"dateModified\":\"2012-10-04T15:41:10+00:00\",\"mainEntityOfPage\":{\"@id\":\"https:\/\/sandzakpress.net\/arhiva\/formiran-stab-za-zastitu-prava-vjeroucitelja-i-ocuvanje-vjeronauke\/\"},\"wordCount\":150,\"commentCount\":2,\"publisher\":{\"@id\":\"https:\/\/sandzakpress.net\/arhiva\/#\/schema\/person\/6e72b67d6e51910a1117b3b483ba20bd\"},\"image\":{\"@id\":\"https:\/\/sandzakpress.net\/arhiva\/formiran-stab-za-zastitu-prava-vjeroucitelja-i-ocuvanje-vjeronauke\/#primaryimage\"},\"thumbnailUrl\":\"https:\/\/sandzakpress.net\/arhiva\/wp-content\/uploads\/2012\/10\/fotografija1.jpg\",\"articleSection\":[\"Novi Pazar\",\"Islamska zajednica\",\"VIJESTI DANA\"],\"inLanguage\":\"bs-BA\",\"potentialAction\":[{\"@type\":\"CommentAction\",\"name\":\"Comment\",\"target\":[\"https:\/\/sandzakpress.net\/arhiva\/formiran-stab-za-zastitu-prava-vjeroucitelja-i-ocuvanje-vjeronauke\/#respond\"]}]},{\"@type\":\"WebPage\",\"@id\":\"https:\/\/sandzakpress.net\/arhiva\/formiran-stab-za-zastitu-prava-vjeroucitelja-i-ocuvanje-vjeronauke\/\",\"url\":\"https:\/\/sandzakpress.net\/arhiva\/formiran-stab-za-zastitu-prava-vjeroucitelja-i-ocuvanje-vjeronauke\/\",\"name\":\"Formiran \\\"\u0160tab za za\u0161titu prava vjerou\u010ditelja i o\u010duvanje vjeronauke\\\"\",\"isPartOf\":{\"@id\":\"https:\/\/sandzakpress.net\/arhiva\/#website\"},\"primaryImageOfPage\":{\"@id\":\"https:\/\/sandzakpress.net\/arhiva\/formiran-stab-za-zastitu-prava-vjeroucitelja-i-ocuvanje-vjeronauke\/#primaryimage\"},\"image\":{\"@id\":\"https:\/\/sandzakpress.net\/arhiva\/formiran-stab-za-zastitu-prava-vjeroucitelja-i-ocuvanje-vjeronauke\/#primaryimage\"},\"thumbnailUrl\":\"https:\/\/sandzakpress.net\/arhiva\/wp-content\/uploads\/2012\/10\/fotografija1.jpg\",\"datePublished\":\"2012-10-04T15:40:28+00:00\",\"dateModified\":\"2012-10-04T15:41:10+00:00\",\"breadcrumb\":{\"@id\":\"https:\/\/sandzakpress.net\/arhiva\/formiran-stab-za-zastitu-prava-vjeroucitelja-i-ocuvanje-vjeronauke\/#breadcrumb\"},\"inLanguage\":\"bs-BA\",\"potentialAction\":[{\"@type\":\"ReadAction\",\"target\":[\"https:\/\/sandzakpress.net\/arhiva\/formiran-stab-za-zastitu-prava-vjeroucitelja-i-ocuvanje-vjeronauke\/\"]}]},{\"@type\":\"ImageObject\",\"inLanguage\":\"bs-BA\",\"@id\":\"https:\/\/sandzakpress.net\/arhiva\/formiran-stab-za-zastitu-prava-vjeroucitelja-i-ocuvanje-vjeronauke\/#primaryimage\",\"url\":\"https:\/\/sandzakpress.net\/arhiva\/wp-content\/uploads\/2012\/10\/fotografija1.jpg\",\"contentUrl\":\"https:\/\/sandzakpress.net\/arhiva\/wp-content\/uploads\/2012\/10\/fotografija1.jpg\",\"width\":616,\"height\":462},{\"@type\":\"BreadcrumbList\",\"@id\":\"https:\/\/sandzakpress.net\/arhiva\/formiran-stab-za-zastitu-prava-vjeroucitelja-i-ocuvanje-vjeronauke\/#breadcrumb\",\"itemListElement\":[{\"@type\":\"ListItem\",\"position\":1,\"name\":\"Home\",\"item\":\"https:\/\/sandzakpress.net\/arhiva\/\"},{\"@type\":\"ListItem\",\"position\":2,\"name\":\"Formiran &#8220;\u0160tab za za\u0161titu prava vjerou\u010ditelja i o\u010duvanje vjeronauke&#8221;\"}]},{\"@type\":\"WebSite\",\"@id\":\"https:\/\/sandzakpress.net\/arhiva\/#website\",\"url\":\"https:\/\/sandzakpress.net\/arhiva\/\",\"name\":\"Sand\u017eak PRESS\",\"description\":\"Prve elektronske novine u Sand\u017eaku\",\"publisher\":{\"@id\":\"https:\/\/sandzakpress.net\/arhiva\/#\/schema\/person\/6e72b67d6e51910a1117b3b483ba20bd\"},\"potentialAction\":[{\"@type\":\"SearchAction\",\"target\":{\"@type\":\"EntryPoint\",\"urlTemplate\":\"https:\/\/sandzakpress.net\/arhiva\/?s={search_term_string}\"},\"query-input\":{\"@type\":\"PropertyValueSpecification\",\"valueRequired\":true,\"valueName\":\"search_term_string\"}}],\"inLanguage\":\"bs-BA\"},{\"@type\":[\"Person\",\"Organization\"],\"@id\":\"https:\/\/sandzakpress.net\/arhiva\/#\/schema\/person\/6e72b67d6e51910a1117b3b483ba20bd\",\"name\":\"Kul\",\"image\":{\"@type\":\"ImageObject\",\"inLanguage\":\"bs-BA\",\"@id\":\"https:\/\/sandzakpress.net\/arhiva\/#\/schema\/person\/image\/\",\"url\":\"https:\/\/secure.gravatar.com\/avatar\/42263f39aa27ac04c43cab85c280eb2e?s=96&d=mm&r=pg\",\"contentUrl\":\"https:\/\/secure.gravatar.com\/avatar\/42263f39aa27ac04c43cab85c280eb2e?s=96&d=mm&r=pg\",\"caption\":\"Kul\"},\"logo\":{\"@id\":\"https:\/\/sandzakpress.net\/arhiva\/#\/schema\/person\/image\/\"}},{\"@type\":\"Person\",\"@id\":\"https:\/\/sandzakpress.net\/arhiva\/#\/schema\/person\/c8baee722073534b583ea7bdb2e36c02\",\"name\":\"bosniak\",\"image\":{\"@type\":\"ImageObject\",\"inLanguage\":\"bs-BA\",\"@id\":\"https:\/\/sandzakpress.net\/arhiva\/#\/schema\/person\/image\/\",\"url\":\"https:\/\/secure.gravatar.com\/avatar\/a04fd330bfe3a36a72a0ad4a6d89fca7?s=96&d=mm&r=pg\",\"contentUrl\":\"https:\/\/secure.gravatar.com\/avatar\/a04fd330bfe3a36a72a0ad4a6d89fca7?s=96&d=mm&r=pg\",\"caption\":\"bosniak\"},\"url\":\"https:\/\/sandzakpress.net\/arhiva\/author\/bosniak\/\"}]}<\/script>\n<!-- \/ Yoast SEO Premium plugin. -->","yoast_head_json":{"title":"Formiran \"\u0160tab za za\u0161titu prava vjerou\u010ditelja i o\u010duvanje vjeronauke\"","robots":{"index":"index","follow":"follow","max-snippet":"max-snippet:-1","max-image-preview":"max-image-preview:large","max-video-preview":"max-video-preview:-1"},"canonical":"https:\/\/sandzakpress.net\/arhiva\/formiran-stab-za-zastitu-prava-vjeroucitelja-i-ocuvanje-vjeronauke\/","og_locale":"bs_BA","og_type":"article","og_title":"Formiran \"\u0160tab za za\u0161titu prava vjerou\u010ditelja i o\u010duvanje vjeronauke\"","og_description":"Novi Pazar &#8211; Zbog \u010dinjenice da je i ove godine nastavljen obra\u010dun re\u017eima sa predava\u010dima islamske vjeronauke, te da je Ministarstvo prosvjete u potpunosti zanemarilo listu vjerou\u010ditelja koju je dostavio Me\u0161ihat Islamske zajednice u Srbiji, \u010dime je prekr\u0161en zakon i nanijeta \u0161teta projektu islamske vjeronauke sa nesagledivim posljedicama te pri\u010dinjena nepravda vjerou\u010diteljima, koji su istjerani [&hellip;]","og_url":"https:\/\/sandzakpress.net\/arhiva\/formiran-stab-za-zastitu-prava-vjeroucitelja-i-ocuvanje-vjeronauke\/","og_site_name":"Sand\u017eak PRESS","article_published_time":"2012-10-04T15:40:28+00:00","article_modified_time":"2012-10-04T15:41:10+00:00","og_image":[{"width":616,"height":462,"url":"https:\/\/sandzakpress.net\/arhiva\/wp-content\/uploads\/2012\/10\/fotografija1.jpg","type":"image\/jpeg"}],"author":"bosniak","twitter_card":"summary_large_image","twitter_misc":{"Written by":"bosniak","Est. reading time":"1 minuta"},"schema":{"@context":"https:\/\/schema.org","@graph":[{"@type":"Article","@id":"https:\/\/sandzakpress.net\/arhiva\/formiran-stab-za-zastitu-prava-vjeroucitelja-i-ocuvanje-vjeronauke\/#article","isPartOf":{"@id":"https:\/\/sandzakpress.net\/arhiva\/formiran-stab-za-zastitu-prava-vjeroucitelja-i-ocuvanje-vjeronauke\/"},"author":{"name":"bosniak","@id":"https:\/\/sandzakpress.net\/arhiva\/#\/schema\/person\/c8baee722073534b583ea7bdb2e36c02"},"headline":"Formiran &#8220;\u0160tab za za\u0161titu prava vjerou\u010ditelja i o\u010duvanje vjeronauke&#8221;","datePublished":"2012-10-04T15:40:28+00:00","dateModified":"2012-10-04T15:41:10+00:00","mainEntityOfPage":{"@id":"https:\/\/sandzakpress.net\/arhiva\/formiran-stab-za-zastitu-prava-vjeroucitelja-i-ocuvanje-vjeronauke\/"},"wordCount":150,"commentCount":2,"publisher":{"@id":"https:\/\/sandzakpress.net\/arhiva\/#\/schema\/person\/6e72b67d6e51910a1117b3b483ba20bd"},"image":{"@id":"https:\/\/sandzakpress.net\/arhiva\/formiran-stab-za-zastitu-prava-vjeroucitelja-i-ocuvanje-vjeronauke\/#primaryimage"},"thumbnailUrl":"https:\/\/sandzakpress.net\/arhiva\/wp-content\/uploads\/2012\/10\/fotografija1.jpg","articleSection":["Novi Pazar","Islamska zajednica","VIJESTI DANA"],"inLanguage":"bs-BA","potentialAction":[{"@type":"CommentAction","name":"Comment","target":["https:\/\/sandzakpress.net\/arhiva\/formiran-stab-za-zastitu-prava-vjeroucitelja-i-ocuvanje-vjeronauke\/#respond"]}]},{"@type":"WebPage","@id":"https:\/\/sandzakpress.net\/arhiva\/formiran-stab-za-zastitu-prava-vjeroucitelja-i-ocuvanje-vjeronauke\/","url":"https:\/\/sandzakpress.net\/arhiva\/formiran-stab-za-zastitu-prava-vjeroucitelja-i-ocuvanje-vjeronauke\/","name":"Formiran \"\u0160tab za za\u0161titu prava vjerou\u010ditelja i o\u010duvanje vjeronauke\"","isPartOf":{"@id":"https:\/\/sandzakpress.net\/arhiva\/#website"},"primaryImageOfPage":{"@id":"https:\/\/sandzakpress.net\/arhiva\/formiran-stab-za-zastitu-prava-vjeroucitelja-i-ocuvanje-vjeronauke\/#primaryimage"},"image":{"@id":"https:\/\/sandzakpress.net\/arhiva\/formiran-stab-za-zastitu-prava-vjeroucitelja-i-ocuvanje-vjeronauke\/#primaryimage"},"thumbnailUrl":"https:\/\/sandzakpress.net\/arhiva\/wp-content\/uploads\/2012\/10\/fotografija1.jpg","datePublished":"2012-10-04T15:40:28+00:00","dateModified":"2012-10-04T15:41:10+00:00","breadcrumb":{"@id":"https:\/\/sandzakpress.net\/arhiva\/formiran-stab-za-zastitu-prava-vjeroucitelja-i-ocuvanje-vjeronauke\/#breadcrumb"},"inLanguage":"bs-BA","potentialAction":[{"@type":"ReadAction","target":["https:\/\/sandzakpress.net\/arhiva\/formiran-stab-za-zastitu-prava-vjeroucitelja-i-ocuvanje-vjeronauke\/"]}]},{"@type":"ImageObject","inLanguage":"bs-BA","@id":"https:\/\/sandzakpress.net\/arhiva\/formiran-stab-za-zastitu-prava-vjeroucitelja-i-ocuvanje-vjeronauke\/#primaryimage","url":"https:\/\/sandzakpress.net\/arhiva\/wp-content\/uploads\/2012\/10\/fotografija1.jpg","contentUrl":"https:\/\/sandzakpress.net\/arhiva\/wp-content\/uploads\/2012\/10\/fotografija1.jpg","width":616,"height":462},{"@type":"BreadcrumbList","@id":"https:\/\/sandzakpress.net\/arhiva\/formiran-stab-za-zastitu-prava-vjeroucitelja-i-ocuvanje-vjeronauke\/#breadcrumb","itemListElement":[{"@type":"ListItem","position":1,"name":"Home","item":"https:\/\/sandzakpress.net\/arhiva\/"},{"@type":"ListItem","position":2,"name":"Formiran &#8220;\u0160tab za za\u0161titu prava vjerou\u010ditelja i o\u010duvanje vjeronauke&#8221;"}]},{"@type":"WebSite","@id":"https:\/\/sandzakpress.net\/arhiva\/#website","url":"https:\/\/sandzakpress.net\/arhiva\/","name":"Sand\u017eak PRESS","description":"Prve elektronske novine u Sand\u017eaku","publisher":{"@id":"https:\/\/sandzakpress.net\/arhiva\/#\/schema\/person\/6e72b67d6e51910a1117b3b483ba20bd"},"potentialAction":[{"@type":"SearchAction","target":{"@type":"EntryPoint","urlTemplate":"https:\/\/sandzakpress.net\/arhiva\/?s={search_term_string}"},"query-input":{"@type":"PropertyValueSpecification","valueRequired":true,"valueName":"search_term_string"}}],"inLanguage":"bs-BA"},{"@type":["Person","Organization"],"@id":"https:\/\/sandzakpress.net\/arhiva\/#\/schema\/person\/6e72b67d6e51910a1117b3b483ba20bd","name":"Kul","image":{"@type":"ImageObject","inLanguage":"bs-BA","@id":"https:\/\/sandzakpress.net\/arhiva\/#\/schema\/person\/image\/","url":"https:\/\/secure.gravatar.com\/avatar\/42263f39aa27ac04c43cab85c280eb2e?s=96&d=mm&r=pg","contentUrl":"https:\/\/secure.gravatar.com\/avatar\/42263f39aa27ac04c43cab85c280eb2e?s=96&d=mm&r=pg","caption":"Kul"},"logo":{"@id":"https:\/\/sandzakpress.net\/arhiva\/#\/schema\/person\/image\/"}},{"@type":"Person","@id":"https:\/\/sandzakpress.net\/arhiva\/#\/schema\/person\/c8baee722073534b583ea7bdb2e36c02","name":"bosniak","image":{"@type":"ImageObject","inLanguage":"bs-BA","@id":"https:\/\/sandzakpress.net\/arhiva\/#\/schema\/person\/image\/","url":"https:\/\/secure.gravatar.com\/avatar\/a04fd330bfe3a36a72a0ad4a6d89fca7?s=96&d=mm&r=pg","contentUrl":"https:\/\/secure.gravatar.com\/avatar\/a04fd330bfe3a36a72a0ad4a6d89fca7?s=96&d=mm&r=pg","caption":"bosniak"},"url":"https:\/\/sandzakpress.net\/arhiva\/author\/bosniak\/"}]}},"_links":{"self":[{"href":"https:\/\/sandzakpress.net\/arhiva\/wp-json\/wp\/v2\/posts\/52348"}],"collection":[{"href":"https:\/\/sandzakpress.net\/arhiva\/wp-json\/wp\/v2\/posts"}],"about":[{"href":"https:\/\/sandzakpress.net\/arhiva\/wp-json\/wp\/v2\/types\/post"}],"author":[{"embeddable":true,"href":"https:\/\/sandzakpress.net\/arhiva\/wp-json\/wp\/v2\/users\/83"}],"replies":[{"embeddable":true,"href":"https:\/\/sandzakpress.net\/arhiva\/wp-json\/wp\/v2\/comments?post=52348"}],"version-history":[{"count":0,"href":"https:\/\/sandzakpress.net\/arhiva\/wp-json\/wp\/v2\/posts\/52348\/revisions"}],"wp:featuredmedia":[{"embeddable":true,"href":"https:\/\/sandzakpress.net\/arhiva\/wp-json\/wp\/v2\/media\/52392"}],"wp:attachment":[{"href":"https:\/\/sandzakpress.net\/arhiva\/wp-json\/wp\/v2\/media?parent=52348"}],"wp:term":[{"taxonomy":"category","embeddable":true,"href":"https:\/\/sandzakpress.net\/arhiva\/wp-json\/wp\/v2\/categories?post=52348"},{"taxonomy":"post_tag","embeddable":true,"href":"https:\/\/sandzakpress.net\/arhiva\/wp-json\/wp\/v2\/tags?post=52348"}],"curies":[{"name":"wp","href":"https:\/\/api.w.org\/{rel}","templated":true}]}}