{"id":52232,"date":"2012-10-03T16:50:26","date_gmt":"2012-10-03T14:50:26","guid":{"rendered":"https:\/\/sandzakpress.net\/arhiva\/?p=52232"},"modified":"2012-10-03T16:50:39","modified_gmt":"2012-10-03T14:50:39","slug":"ponovo-napadnuta-gradska-dzamija-u-prnjavoru-2","status":"publish","type":"post","link":"https:\/\/sandzakpress.net\/arhiva\/ponovo-napadnuta-gradska-dzamija-u-prnjavoru-2\/","title":{"rendered":"Ponovo napadnuta Gradska d\u017eamija u Prnjavoru u BiH"},"content":{"rendered":"<p><strong><a href=\"https:\/\/sandzakpress.net\/arhiva\/wp-content\/uploads\/2012\/10\/01.jpg\"><img loading=\"lazy\" decoding=\"async\" class=\"alignleft size-medium wp-image-52233\" title=\"01\" src=\"https:\/\/sandzakpress.net\/arhiva\/wp-content\/uploads\/2012\/10\/01-225x300.jpg\" alt=\"\" width=\"225\" height=\"300\" \/><\/a>BiH &#8211; Gradska d\u017eamija u Prnjavoru ponovo je napadnuta u no\u0107i 03. oktobra 2012. godine, odnosno 17. zu-l-kadea 1433 h. g. U napadu na Gradsku d\u017eamiju kamenicama je o\u0161te\u0107ena fasada d\u017eamije i prozori.<\/strong><\/p>\n<p>Ovaj napada, kao i mnogi dosada\u0161nji, odmah nakon \u0161to su uo\u010dena o\u0161te\u0107enja, prijavljen je Policijskoj stanici u Prnjavoru, \u010diji slu\u017ebenici su iza\u0161li na lice mjesta te napravili uvi\u0111aj. Iako se d\u017eamija nalazi u strogom centru grada veoma rijetko su bili prona\u0111eni raniji po\u010dinioci ovakvih i sli\u010dnih vandalskih napada. Pored Gradske d\u017eamije, ranija meta napada bili su i ni\u0161ani u haremu Gradske d\u017eamije, koji su ru\u0161eni i lomljeni u vi\u0161e navrata, kao materijalni svjedoci o muslimanima Bo\u0161njacima koji su tu \u017eivjeli i \u017eive preko pet stolje\u0107a, a koji ne mogu sami da se brane od veoma \u201chrabrih\u201d po\u010dinioca ovih gnusnih djela uperenih protiv povratka, ljudske \u010dasti, vjere i su\u017eivota.<\/p>\n<p>Izvr\u0161ni odbor Med\u017elisa Islamske zajednice Prnjavor je najo\u0161trije osudio ovaj \u010din zastra\u0161ivanja Bo\u0161njaka i zatra\u017eio od svih relevantnih institucija da se jednom tom fa\u0161izmu i terorizmu stane u kraj, da se prona\u0111u i po zakonu kazne po\u010dinioci.<\/p>\n<p>\u201eOvaj napad ne\u0107e nas zastra\u0161iti ve\u0107 samo vi\u0161e o\u010dvrsnuti i ujediniti protiv svakog zla koje vlada na svijetu, jo\u0161 vi\u0161e \u0107emo sa \u010destitim ljudima bilo koje vjere i nacije sjedati za isti sto i dogovarati se o miru, su\u017eivotu, toleranciji i ostanku na svome vjekovnom ognji\u0161tu i ku\u0107nom topraku\u201c, poru\u010duju u Med\u017elisu Islamske zajednice Prnjavor.<\/p>\n<p>Admir D\u017eaja<\/p>\n<p>(Rijaset)<\/p>\n","protected":false},"excerpt":{"rendered":"<p>BiH &#8211; Gradska d\u017eamija u Prnjavoru ponovo je napadnuta u no\u0107i 03. oktobra 2012. godine, odnosno 17. zu-l-kadea 1433 h. g. U napadu na Gradsku d\u017eamiju kamenicama je o\u0161te\u0107ena fasada d\u017eamije i prozori. Ovaj napada, kao i mnogi dosada\u0161nji, odmah nakon \u0161to su uo\u010dena o\u0161te\u0107enja, prijavljen je Policijskoj stanici u Prnjavoru, \u010diji slu\u017ebenici su iza\u0161li [&hellip;]<\/p>\n","protected":false},"author":83,"featured_media":52233,"comment_status":"open","ping_status":"open","sticky":false,"template":"","format":"standard","meta":{"footnotes":""},"categories":[2860,802,8957],"tags":[],"class_list":{"0":"post-52232","1":"post","2":"type-post","3":"status-publish","4":"format-standard","5":"has-post-thumbnail","7":"category-bosna-i-hercegovina-gradovi","8":"category-islamska_zajednica","9":"category-vijesti-dana"},"yoast_head":"<!-- This site is optimized with the Yoast SEO Premium plugin v23.1 (Yoast SEO v24.9) - https:\/\/yoast.com\/wordpress\/plugins\/seo\/ -->\n<title>Ponovo napadnuta Gradska d\u017eamija u Prnjavoru u BiH<\/title>\n<meta name=\"robots\" content=\"index, follow, max-snippet:-1, max-image-preview:large, max-video-preview:-1\" \/>\n<link rel=\"canonical\" href=\"https:\/\/sandzakpress.net\/arhiva\/ponovo-napadnuta-gradska-dzamija-u-prnjavoru-2\/\" \/>\n<meta property=\"og:locale\" content=\"bs_BA\" \/>\n<meta property=\"og:type\" content=\"article\" \/>\n<meta property=\"og:title\" content=\"Ponovo napadnuta Gradska d\u017eamija u Prnjavoru u BiH\" \/>\n<meta property=\"og:description\" content=\"BiH &#8211; Gradska d\u017eamija u Prnjavoru ponovo je napadnuta u no\u0107i 03. oktobra 2012. godine, odnosno 17. zu-l-kadea 1433 h. g. U napadu na Gradsku d\u017eamiju kamenicama je o\u0161te\u0107ena fasada d\u017eamije i prozori. Ovaj napada, kao i mnogi dosada\u0161nji, odmah nakon \u0161to su uo\u010dena o\u0161te\u0107enja, prijavljen je Policijskoj stanici u Prnjavoru, \u010diji slu\u017ebenici su iza\u0161li [&hellip;]\" \/>\n<meta property=\"og:url\" content=\"https:\/\/sandzakpress.net\/arhiva\/ponovo-napadnuta-gradska-dzamija-u-prnjavoru-2\/\" \/>\n<meta property=\"og:site_name\" content=\"Sand\u017eak PRESS\" \/>\n<meta property=\"article:published_time\" content=\"2012-10-03T14:50:26+00:00\" \/>\n<meta property=\"article:modified_time\" content=\"2012-10-03T14:50:39+00:00\" \/>\n<meta property=\"og:image\" content=\"https:\/\/sandzakpress.net\/arhiva\/wp-content\/uploads\/2012\/10\/01.jpg\" \/>\n\t<meta property=\"og:image:width\" content=\"616\" \/>\n\t<meta property=\"og:image:height\" content=\"821\" \/>\n\t<meta property=\"og:image:type\" content=\"image\/jpeg\" \/>\n<meta name=\"author\" content=\"bosniak\" \/>\n<meta name=\"twitter:card\" content=\"summary_large_image\" \/>\n<meta name=\"twitter:label1\" content=\"Written by\" \/>\n\t<meta name=\"twitter:data1\" content=\"bosniak\" \/>\n\t<meta name=\"twitter:label2\" content=\"Est. reading time\" \/>\n\t<meta name=\"twitter:data2\" content=\"1 minuta\" \/>\n<script type=\"application\/ld+json\" class=\"yoast-schema-graph\">{\"@context\":\"https:\/\/schema.org\",\"@graph\":[{\"@type\":\"Article\",\"@id\":\"https:\/\/sandzakpress.net\/arhiva\/ponovo-napadnuta-gradska-dzamija-u-prnjavoru-2\/#article\",\"isPartOf\":{\"@id\":\"https:\/\/sandzakpress.net\/arhiva\/ponovo-napadnuta-gradska-dzamija-u-prnjavoru-2\/\"},\"author\":{\"name\":\"bosniak\",\"@id\":\"https:\/\/sandzakpress.net\/arhiva\/#\/schema\/person\/c8baee722073534b583ea7bdb2e36c02\"},\"headline\":\"Ponovo napadnuta Gradska d\u017eamija u Prnjavoru u BiH\",\"datePublished\":\"2012-10-03T14:50:26+00:00\",\"dateModified\":\"2012-10-03T14:50:39+00:00\",\"mainEntityOfPage\":{\"@id\":\"https:\/\/sandzakpress.net\/arhiva\/ponovo-napadnuta-gradska-dzamija-u-prnjavoru-2\/\"},\"wordCount\":287,\"commentCount\":0,\"publisher\":{\"@id\":\"https:\/\/sandzakpress.net\/arhiva\/#\/schema\/person\/6e72b67d6e51910a1117b3b483ba20bd\"},\"image\":{\"@id\":\"https:\/\/sandzakpress.net\/arhiva\/ponovo-napadnuta-gradska-dzamija-u-prnjavoru-2\/#primaryimage\"},\"thumbnailUrl\":\"https:\/\/sandzakpress.net\/arhiva\/wp-content\/uploads\/2012\/10\/01.jpg\",\"articleSection\":[\"Bosna i Hercegovina\",\"Islamska zajednica\",\"VIJESTI DANA\"],\"inLanguage\":\"bs-BA\",\"potentialAction\":[{\"@type\":\"CommentAction\",\"name\":\"Comment\",\"target\":[\"https:\/\/sandzakpress.net\/arhiva\/ponovo-napadnuta-gradska-dzamija-u-prnjavoru-2\/#respond\"]}]},{\"@type\":\"WebPage\",\"@id\":\"https:\/\/sandzakpress.net\/arhiva\/ponovo-napadnuta-gradska-dzamija-u-prnjavoru-2\/\",\"url\":\"https:\/\/sandzakpress.net\/arhiva\/ponovo-napadnuta-gradska-dzamija-u-prnjavoru-2\/\",\"name\":\"Ponovo napadnuta Gradska d\u017eamija u Prnjavoru u BiH\",\"isPartOf\":{\"@id\":\"https:\/\/sandzakpress.net\/arhiva\/#website\"},\"primaryImageOfPage\":{\"@id\":\"https:\/\/sandzakpress.net\/arhiva\/ponovo-napadnuta-gradska-dzamija-u-prnjavoru-2\/#primaryimage\"},\"image\":{\"@id\":\"https:\/\/sandzakpress.net\/arhiva\/ponovo-napadnuta-gradska-dzamija-u-prnjavoru-2\/#primaryimage\"},\"thumbnailUrl\":\"https:\/\/sandzakpress.net\/arhiva\/wp-content\/uploads\/2012\/10\/01.jpg\",\"datePublished\":\"2012-10-03T14:50:26+00:00\",\"dateModified\":\"2012-10-03T14:50:39+00:00\",\"breadcrumb\":{\"@id\":\"https:\/\/sandzakpress.net\/arhiva\/ponovo-napadnuta-gradska-dzamija-u-prnjavoru-2\/#breadcrumb\"},\"inLanguage\":\"bs-BA\",\"potentialAction\":[{\"@type\":\"ReadAction\",\"target\":[\"https:\/\/sandzakpress.net\/arhiva\/ponovo-napadnuta-gradska-dzamija-u-prnjavoru-2\/\"]}]},{\"@type\":\"ImageObject\",\"inLanguage\":\"bs-BA\",\"@id\":\"https:\/\/sandzakpress.net\/arhiva\/ponovo-napadnuta-gradska-dzamija-u-prnjavoru-2\/#primaryimage\",\"url\":\"https:\/\/sandzakpress.net\/arhiva\/wp-content\/uploads\/2012\/10\/01.jpg\",\"contentUrl\":\"https:\/\/sandzakpress.net\/arhiva\/wp-content\/uploads\/2012\/10\/01.jpg\",\"width\":616,\"height\":821},{\"@type\":\"BreadcrumbList\",\"@id\":\"https:\/\/sandzakpress.net\/arhiva\/ponovo-napadnuta-gradska-dzamija-u-prnjavoru-2\/#breadcrumb\",\"itemListElement\":[{\"@type\":\"ListItem\",\"position\":1,\"name\":\"Home\",\"item\":\"https:\/\/sandzakpress.net\/arhiva\/\"},{\"@type\":\"ListItem\",\"position\":2,\"name\":\"Ponovo napadnuta Gradska d\u017eamija u Prnjavoru u BiH\"}]},{\"@type\":\"WebSite\",\"@id\":\"https:\/\/sandzakpress.net\/arhiva\/#website\",\"url\":\"https:\/\/sandzakpress.net\/arhiva\/\",\"name\":\"Sand\u017eak PRESS\",\"description\":\"Prve elektronske novine u Sand\u017eaku\",\"publisher\":{\"@id\":\"https:\/\/sandzakpress.net\/arhiva\/#\/schema\/person\/6e72b67d6e51910a1117b3b483ba20bd\"},\"potentialAction\":[{\"@type\":\"SearchAction\",\"target\":{\"@type\":\"EntryPoint\",\"urlTemplate\":\"https:\/\/sandzakpress.net\/arhiva\/?s={search_term_string}\"},\"query-input\":{\"@type\":\"PropertyValueSpecification\",\"valueRequired\":true,\"valueName\":\"search_term_string\"}}],\"inLanguage\":\"bs-BA\"},{\"@type\":[\"Person\",\"Organization\"],\"@id\":\"https:\/\/sandzakpress.net\/arhiva\/#\/schema\/person\/6e72b67d6e51910a1117b3b483ba20bd\",\"name\":\"Kul\",\"image\":{\"@type\":\"ImageObject\",\"inLanguage\":\"bs-BA\",\"@id\":\"https:\/\/sandzakpress.net\/arhiva\/#\/schema\/person\/image\/\",\"url\":\"https:\/\/secure.gravatar.com\/avatar\/42263f39aa27ac04c43cab85c280eb2e?s=96&d=mm&r=pg\",\"contentUrl\":\"https:\/\/secure.gravatar.com\/avatar\/42263f39aa27ac04c43cab85c280eb2e?s=96&d=mm&r=pg\",\"caption\":\"Kul\"},\"logo\":{\"@id\":\"https:\/\/sandzakpress.net\/arhiva\/#\/schema\/person\/image\/\"}},{\"@type\":\"Person\",\"@id\":\"https:\/\/sandzakpress.net\/arhiva\/#\/schema\/person\/c8baee722073534b583ea7bdb2e36c02\",\"name\":\"bosniak\",\"image\":{\"@type\":\"ImageObject\",\"inLanguage\":\"bs-BA\",\"@id\":\"https:\/\/sandzakpress.net\/arhiva\/#\/schema\/person\/image\/\",\"url\":\"https:\/\/secure.gravatar.com\/avatar\/a04fd330bfe3a36a72a0ad4a6d89fca7?s=96&d=mm&r=pg\",\"contentUrl\":\"https:\/\/secure.gravatar.com\/avatar\/a04fd330bfe3a36a72a0ad4a6d89fca7?s=96&d=mm&r=pg\",\"caption\":\"bosniak\"},\"url\":\"https:\/\/sandzakpress.net\/arhiva\/author\/bosniak\/\"}]}<\/script>\n<!-- \/ Yoast SEO Premium plugin. -->","yoast_head_json":{"title":"Ponovo napadnuta Gradska d\u017eamija u Prnjavoru u BiH","robots":{"index":"index","follow":"follow","max-snippet":"max-snippet:-1","max-image-preview":"max-image-preview:large","max-video-preview":"max-video-preview:-1"},"canonical":"https:\/\/sandzakpress.net\/arhiva\/ponovo-napadnuta-gradska-dzamija-u-prnjavoru-2\/","og_locale":"bs_BA","og_type":"article","og_title":"Ponovo napadnuta Gradska d\u017eamija u Prnjavoru u BiH","og_description":"BiH &#8211; Gradska d\u017eamija u Prnjavoru ponovo je napadnuta u no\u0107i 03. oktobra 2012. godine, odnosno 17. zu-l-kadea 1433 h. g. U napadu na Gradsku d\u017eamiju kamenicama je o\u0161te\u0107ena fasada d\u017eamije i prozori. Ovaj napada, kao i mnogi dosada\u0161nji, odmah nakon \u0161to su uo\u010dena o\u0161te\u0107enja, prijavljen je Policijskoj stanici u Prnjavoru, \u010diji slu\u017ebenici su iza\u0161li [&hellip;]","og_url":"https:\/\/sandzakpress.net\/arhiva\/ponovo-napadnuta-gradska-dzamija-u-prnjavoru-2\/","og_site_name":"Sand\u017eak PRESS","article_published_time":"2012-10-03T14:50:26+00:00","article_modified_time":"2012-10-03T14:50:39+00:00","og_image":[{"width":616,"height":821,"url":"https:\/\/sandzakpress.net\/arhiva\/wp-content\/uploads\/2012\/10\/01.jpg","type":"image\/jpeg"}],"author":"bosniak","twitter_card":"summary_large_image","twitter_misc":{"Written by":"bosniak","Est. reading time":"1 minuta"},"schema":{"@context":"https:\/\/schema.org","@graph":[{"@type":"Article","@id":"https:\/\/sandzakpress.net\/arhiva\/ponovo-napadnuta-gradska-dzamija-u-prnjavoru-2\/#article","isPartOf":{"@id":"https:\/\/sandzakpress.net\/arhiva\/ponovo-napadnuta-gradska-dzamija-u-prnjavoru-2\/"},"author":{"name":"bosniak","@id":"https:\/\/sandzakpress.net\/arhiva\/#\/schema\/person\/c8baee722073534b583ea7bdb2e36c02"},"headline":"Ponovo napadnuta Gradska d\u017eamija u Prnjavoru u BiH","datePublished":"2012-10-03T14:50:26+00:00","dateModified":"2012-10-03T14:50:39+00:00","mainEntityOfPage":{"@id":"https:\/\/sandzakpress.net\/arhiva\/ponovo-napadnuta-gradska-dzamija-u-prnjavoru-2\/"},"wordCount":287,"commentCount":0,"publisher":{"@id":"https:\/\/sandzakpress.net\/arhiva\/#\/schema\/person\/6e72b67d6e51910a1117b3b483ba20bd"},"image":{"@id":"https:\/\/sandzakpress.net\/arhiva\/ponovo-napadnuta-gradska-dzamija-u-prnjavoru-2\/#primaryimage"},"thumbnailUrl":"https:\/\/sandzakpress.net\/arhiva\/wp-content\/uploads\/2012\/10\/01.jpg","articleSection":["Bosna i Hercegovina","Islamska zajednica","VIJESTI DANA"],"inLanguage":"bs-BA","potentialAction":[{"@type":"CommentAction","name":"Comment","target":["https:\/\/sandzakpress.net\/arhiva\/ponovo-napadnuta-gradska-dzamija-u-prnjavoru-2\/#respond"]}]},{"@type":"WebPage","@id":"https:\/\/sandzakpress.net\/arhiva\/ponovo-napadnuta-gradska-dzamija-u-prnjavoru-2\/","url":"https:\/\/sandzakpress.net\/arhiva\/ponovo-napadnuta-gradska-dzamija-u-prnjavoru-2\/","name":"Ponovo napadnuta Gradska d\u017eamija u Prnjavoru u BiH","isPartOf":{"@id":"https:\/\/sandzakpress.net\/arhiva\/#website"},"primaryImageOfPage":{"@id":"https:\/\/sandzakpress.net\/arhiva\/ponovo-napadnuta-gradska-dzamija-u-prnjavoru-2\/#primaryimage"},"image":{"@id":"https:\/\/sandzakpress.net\/arhiva\/ponovo-napadnuta-gradska-dzamija-u-prnjavoru-2\/#primaryimage"},"thumbnailUrl":"https:\/\/sandzakpress.net\/arhiva\/wp-content\/uploads\/2012\/10\/01.jpg","datePublished":"2012-10-03T14:50:26+00:00","dateModified":"2012-10-03T14:50:39+00:00","breadcrumb":{"@id":"https:\/\/sandzakpress.net\/arhiva\/ponovo-napadnuta-gradska-dzamija-u-prnjavoru-2\/#breadcrumb"},"inLanguage":"bs-BA","potentialAction":[{"@type":"ReadAction","target":["https:\/\/sandzakpress.net\/arhiva\/ponovo-napadnuta-gradska-dzamija-u-prnjavoru-2\/"]}]},{"@type":"ImageObject","inLanguage":"bs-BA","@id":"https:\/\/sandzakpress.net\/arhiva\/ponovo-napadnuta-gradska-dzamija-u-prnjavoru-2\/#primaryimage","url":"https:\/\/sandzakpress.net\/arhiva\/wp-content\/uploads\/2012\/10\/01.jpg","contentUrl":"https:\/\/sandzakpress.net\/arhiva\/wp-content\/uploads\/2012\/10\/01.jpg","width":616,"height":821},{"@type":"BreadcrumbList","@id":"https:\/\/sandzakpress.net\/arhiva\/ponovo-napadnuta-gradska-dzamija-u-prnjavoru-2\/#breadcrumb","itemListElement":[{"@type":"ListItem","position":1,"name":"Home","item":"https:\/\/sandzakpress.net\/arhiva\/"},{"@type":"ListItem","position":2,"name":"Ponovo napadnuta Gradska d\u017eamija u Prnjavoru u BiH"}]},{"@type":"WebSite","@id":"https:\/\/sandzakpress.net\/arhiva\/#website","url":"https:\/\/sandzakpress.net\/arhiva\/","name":"Sand\u017eak PRESS","description":"Prve elektronske novine u Sand\u017eaku","publisher":{"@id":"https:\/\/sandzakpress.net\/arhiva\/#\/schema\/person\/6e72b67d6e51910a1117b3b483ba20bd"},"potentialAction":[{"@type":"SearchAction","target":{"@type":"EntryPoint","urlTemplate":"https:\/\/sandzakpress.net\/arhiva\/?s={search_term_string}"},"query-input":{"@type":"PropertyValueSpecification","valueRequired":true,"valueName":"search_term_string"}}],"inLanguage":"bs-BA"},{"@type":["Person","Organization"],"@id":"https:\/\/sandzakpress.net\/arhiva\/#\/schema\/person\/6e72b67d6e51910a1117b3b483ba20bd","name":"Kul","image":{"@type":"ImageObject","inLanguage":"bs-BA","@id":"https:\/\/sandzakpress.net\/arhiva\/#\/schema\/person\/image\/","url":"https:\/\/secure.gravatar.com\/avatar\/42263f39aa27ac04c43cab85c280eb2e?s=96&d=mm&r=pg","contentUrl":"https:\/\/secure.gravatar.com\/avatar\/42263f39aa27ac04c43cab85c280eb2e?s=96&d=mm&r=pg","caption":"Kul"},"logo":{"@id":"https:\/\/sandzakpress.net\/arhiva\/#\/schema\/person\/image\/"}},{"@type":"Person","@id":"https:\/\/sandzakpress.net\/arhiva\/#\/schema\/person\/c8baee722073534b583ea7bdb2e36c02","name":"bosniak","image":{"@type":"ImageObject","inLanguage":"bs-BA","@id":"https:\/\/sandzakpress.net\/arhiva\/#\/schema\/person\/image\/","url":"https:\/\/secure.gravatar.com\/avatar\/a04fd330bfe3a36a72a0ad4a6d89fca7?s=96&d=mm&r=pg","contentUrl":"https:\/\/secure.gravatar.com\/avatar\/a04fd330bfe3a36a72a0ad4a6d89fca7?s=96&d=mm&r=pg","caption":"bosniak"},"url":"https:\/\/sandzakpress.net\/arhiva\/author\/bosniak\/"}]}},"_links":{"self":[{"href":"https:\/\/sandzakpress.net\/arhiva\/wp-json\/wp\/v2\/posts\/52232"}],"collection":[{"href":"https:\/\/sandzakpress.net\/arhiva\/wp-json\/wp\/v2\/posts"}],"about":[{"href":"https:\/\/sandzakpress.net\/arhiva\/wp-json\/wp\/v2\/types\/post"}],"author":[{"embeddable":true,"href":"https:\/\/sandzakpress.net\/arhiva\/wp-json\/wp\/v2\/users\/83"}],"replies":[{"embeddable":true,"href":"https:\/\/sandzakpress.net\/arhiva\/wp-json\/wp\/v2\/comments?post=52232"}],"version-history":[{"count":0,"href":"https:\/\/sandzakpress.net\/arhiva\/wp-json\/wp\/v2\/posts\/52232\/revisions"}],"wp:featuredmedia":[{"embeddable":true,"href":"https:\/\/sandzakpress.net\/arhiva\/wp-json\/wp\/v2\/media\/52233"}],"wp:attachment":[{"href":"https:\/\/sandzakpress.net\/arhiva\/wp-json\/wp\/v2\/media?parent=52232"}],"wp:term":[{"taxonomy":"category","embeddable":true,"href":"https:\/\/sandzakpress.net\/arhiva\/wp-json\/wp\/v2\/categories?post=52232"},{"taxonomy":"post_tag","embeddable":true,"href":"https:\/\/sandzakpress.net\/arhiva\/wp-json\/wp\/v2\/tags?post=52232"}],"curies":[{"name":"wp","href":"https:\/\/api.w.org\/{rel}","templated":true}]}}