{"id":52150,"date":"2012-10-03T10:09:20","date_gmt":"2012-10-03T08:09:20","guid":{"rendered":"https:\/\/sandzakpress.net\/arhiva\/?p=52150"},"modified":"2012-10-03T11:15:05","modified_gmt":"2012-10-03T09:15:05","slug":"sacirovic-zasto-racuni-iz-izborne-kampanje-dolaze-sada","status":"publish","type":"post","link":"https:\/\/sandzakpress.net\/arhiva\/sacirovic-zasto-racuni-iz-izborne-kampanje-dolaze-sada\/","title":{"rendered":"\u0160a\u0107irovi\u0107: &#8220;Za\u0161to ra\u010duni iz izborne kampanje dolaze sada?&#8221;"},"content":{"rendered":"<p><strong><a href=\"https:\/\/sandzakpress.net\/arhiva\/wp-content\/uploads\/2012\/10\/sead-sacirovic-bdz.jpg\"><img loading=\"lazy\" decoding=\"async\" class=\"alignleft size-medium wp-image-52151\" title=\"sead sacirovic bdz\" src=\"https:\/\/sandzakpress.net\/arhiva\/wp-content\/uploads\/2012\/10\/sead-sacirovic-bdz-300x147.jpg\" alt=\"\" width=\"300\" height=\"147\" \/><\/a>Novi Pazar &#8211; \u0160ef odborni\u010dke grupe BDZ-a u Skup\u0161tini Novog Pazara Sead \u0160a\u0107irovi\u0107 na konferenciji za medije odr\u017eanoj 2. oktobra 2012. godine uputio je niz pitanja gradskoj vlasti i gradona\u010deniku Novog Pazara Mehu Mahmutovi\u0107u. On je istakao da BDZ ima saznanja da je JP \u201eDirekcija za izgradnju grada\u201c dobilo ra\u010dun za asfalltiranje u predizbornoj kampanji.<!--more--><\/strong><\/p>\n<p>\u201eVisina ovog ra\u010duna je 2 miliona eura. Za\u0161to se sada ispostavljaju ra\u010duni za ono \u0161to je trebalo biti pla\u0107eno tada kada su radovi izvo\u0111eni od sredstava koja su za to namijenjena bud\u017eetom? Sada se ti ra\u010duni svaljuju na ple\u0107a gra\u0111ana i radnika koji mjesecima ne primaju plate. JP \u201eDirekcija za izgradnju grada\u201c najvjerojatnije ovaj ra\u010dun ne\u0107e mo\u0107i da plati obzirom da radnici u tom preduze\u0107u nemaju novaca da prime plate.\u201c \u2013 rekao je \u0160a\u0107irovi\u0107<\/p>\n<p>On je pretpostavio da \u0107e gradona\u010delnik prolongirati pla\u0107anje ovog ra\u010duna i ostaviti da ga plati neka nova budu\u0107a vlast jer je kako je rekao ova vlast potpuno ne odgovorna i ne racionalna. \u0160a\u0107irovi\u0107 je tako\u0111er postavio pitanje zbog \u010dega kasne tri plate zaposlenima koje su upla\u0107ene na ra\u010dun a nisu ispla\u0107ene radnicima.<\/p>\n<p>\u201eMi imamo pravo da naga\u0111amo, ukoliko nam gradona\u010delnik ne odgovori na pitanje, da li su ti novci zavr\u0161ili za kupovinu glasova prlikom izbora i za finansiranje navija\u010dkih grupa koje izazivaju dirigovane incidente na stadionu i u gradu? Postavljamo pitanje da li su ti novci zavr\u0161ili u ne\u010dijim d\u017eepovima?\u201c \u2013 upitao je \u0160a\u0107irovi\u0107.<\/p>\n<p>On je rekao da je pro\u0161lo dovoljno vremena od izbora i da je do\u0161lo vrijeme da gradona\u010delnik i gradska vlast gra\u0111anima polo\u017ee ra\u010dune i ka\u017eu \u0161ta su to u\u010dinili za gra\u0111ane u ovom periodu.<\/p>\n<p>\u201eDa li su otvorili neku fabriku? Jesu li zaposlili nekog radnika? Jesu li doveli strane investitore u Novi Pazar? Gdje su one silne ma\u0161ine koje su radile tokom izbora i ne racionalno tro\u0161ile novac gra\u0111ana? \u0160ta je sa buster stanicom u Lugu? Svjedoci smo da su gra\u0111ani proveli ljeto i da danas tako\u0111er nema vode u mnogim dijelovima grada. \u0160ta se de\u0161ava sa filterskim postrojenjem? Za\u0161to nije sanirano i renovirano kako su nam obe\u0107ali? \u0160ta se uradilo osim \u0161to imamo suhu demagogiju gradona\u010delnika koji godinama pri\u010da da je Novi Pazar najmla\u0111i grad, lijep grad, sre\u0111en grad. \u0160ta je to u\u010dinjeno da se omladina uposli i da se popravi njihovo ekonomsko stanje?\u201c &#8211; upitao je \u0160a\u0107irovi\u0107.<\/p>\n<h3>Pove\u0107anje poreza<\/h3>\n<p>On se tako\u0111er osvrnuo i na rad ministra Ljaji\u0107a koji se \u010dudi kako su cijene naprasno sko\u010dile sa pove\u0107anjem PDV-a.<\/p>\n<p>\u201eGra\u0111ani su glasali za njega i lijep su poklon dobili u vidu pove\u0107avanja cijena. Kako je Ljaji\u0107 preuzeo ministarstvo trgovine u Srbiji nema osnovnih \u017eivotnih namirnica zejtina i \u0161e\u0107era, a tamo i gdje ih ima one su izuzetno skupe. Pozivam ovog ministra i njegove saradnike da pomognu upo\u0161ljavanje ljudi i da stimuli\u0161u izgradnju fabrika i proizvodnju kako bi na taj na\u010din suzbili podizanje cijena i kako bi ova dr\u017eava oja\u010dala svoju ekonomiju i svoje stanovni\u0161tvo.\u201c \u2013 rekao je \u0160a\u0107irovi\u0107.<\/p>\n<p>On je istakao da \u0107e sva ova pitanja kao \u0161ef odborni\u010dkog kluba postaviti i u pismenoj formi u Skup\u0161tini grada Novog Pazara i da \u0107e obavijestiti javnost o odgovorima koje \u0107e dobiti.<\/p>\n<p>\u201eNa\u0161e je da postavljamo pitanja, da vr\u0161imo pritisak i da kao opozicija opominjemo vlast, a njihovo je da rade za dobro gra\u0111ana. U koliko ne \u017eele da rade u interesu gra\u0111ana gra\u0111ani \u0107e to kazniti na prvim narednim izborima.\u201c \u2013 rekao je \u0160a\u0107irovi\u0107.<\/p>\n<h3>BDZ na Kongresu partije Red\u017eepa Erdoana<\/h3>\n<p>\u0160a\u0107irovi\u0107 se tako\u0111er osvrnuo i na nedavnu posjetu Turskoj predsjednika BDZ-a Emira Elfi\u0107a i istakao da je ovo bitna posjeta u sklapanju kontakata i nala\u017eenju strate\u0161kih partnera BDZ-a u zemlji i inostranstvu.<\/p>\n<p>\u201eGospodin Elfi\u0107 je na pozive Red\u017eepa Taipa Erdoana prisustvovao Kongresu vladaju\u0107e AK partije u Turskoj. Ova posjeta ima veliki zna\u010daj za BDZ a na\u0161 predsjednik ima diplomatskog dara i umije\u0107a i ne\u0107e se zavr\u0161iti na samo ovoj jednoj posjeti. On \u010desto boravi u inostranstvu i uspostavlja politi\u010dke veze sa jakim politi\u010dkim faktorima koji mogu da pomognu u rje\u0161avanju problema Bo\u0161njaka u dr\u017eavi Srbiji.\u201c \u2013 rekao je \u0160a\u0107irovi\u0107.<\/p>\n<h3>O \u010detni\u010dkom Ravnogorskom pokretu<\/h3>\n<p>\u0160a\u0107irovi\u0107 je tako\u0111er pozdravio odluku Ustavnog suda da se proglasi neustavnom uredba Vlade da je Ravnogorski pokret antifa\u0161isti\u010dki i izjedna\u010den sa partizanskim.<\/p>\n<p>\u201eOva odluka nama daje nadu da \u0107e se neke stvari u ovoj dr\u017eavi tretirati kako treba obzirom da se radi o saradnicima okupatora i ljudima koji su vr\u0161ili zlo\u010dine nad pripadnicima naroda kojem ja pripadam. Vjerujem\u00a0 da se ne\u0107e na tome stati i da \u0107e se donijeti odluka da oni nemaju pravo na rehabilitaciju obzirom da se zna kakve su zlo\u010dine oni u\u010dinili nad stanovni\u0161tvom Sand\u017eaka posebno u Limskoj dolini gdje je pobijeno vi\u0161e od 9 000 ljudi.\u201c \u2013 rekao je \u0160a\u0107irovi\u0107 uz konstataciju da se ne mo\u017ee porediti Ravnogorski pokret i dokazani zlo\u010dini koje su oni \u010dinili sa A\u0107ifom Had\u017eiahmetovi\u0107em, legitimnim politi\u010dkim predstavnikom Bo\u0161njaka, kojega optu\u017euju za ne\u0161to za \u0161ta nema dokaza.<\/p>\n<h3>Istjerivanje vjerou\u010ditelja iz \u0161kola<\/h3>\n<p>\u0160a\u0107irovi\u0107 je isklju\u010divanje vjerou\u010ditelja koje je predlo\u017eila Islamska zajednica u Srbiji iz procesa nastave nazvao jo\u0161 jednom provokacijom re\u017eima u Beogradu i kr\u0161enjem prava muslimana.<\/p>\n<p style=\"text-align: left;\">\u201eGodinama se vr\u0161i pritisak na vjerou\u010ditelje i sada je to kulminiralo isklju\u010divanjem 92 vjerou\u010ditelja sa posla. Mi o\u0161tro osu\u0111ujemo takav akt re\u017eima u Beogradu i tra\u017eimo da se nepravda ispravi i da se vjerou\u010ditelji vrate na posao, da se prestane sa napadima na Islamsku zajednicu i da se kona\u010dno po\u010dne vra\u0107ati vakufska imovina islamskoj zajednici.\u201c \u2013 rekao je na kraju \u0160a\u0107irovi\u0107.<\/p>\n<p style=\"text-align: left;\">Autor: Nermin Gici\u0107<\/p>\n<p style=\"text-align: left;\">(Me\u0161ihat)<strong><br \/>\n<\/strong><\/p>\n","protected":false},"excerpt":{"rendered":"<p>Novi Pazar &#8211; \u0160ef odborni\u010dke grupe BDZ-a u Skup\u0161tini Novog Pazara Sead \u0160a\u0107irovi\u0107 na konferenciji za medije odr\u017eanoj 2. oktobra 2012. godine uputio je niz pitanja gradskoj vlasti i gradona\u010deniku Novog Pazara Mehu Mahmutovi\u0107u. On je istakao da BDZ ima saznanja da je JP \u201eDirekcija za izgradnju grada\u201c dobilo ra\u010dun za asfalltiranje u predizbornoj kampanji.<\/p>\n","protected":false},"author":83,"featured_media":52151,"comment_status":"open","ping_status":"open","sticky":false,"template":"","format":"standard","meta":{"footnotes":""},"categories":[72,1,8957],"tags":[],"class_list":{"0":"post-52150","1":"post","2":"type-post","3":"status-publish","4":"format-standard","5":"has-post-thumbnail","7":"category-novi-pazar","8":"category-politika","9":"category-vijesti-dana"},"yoast_head":"<!-- This site is optimized with the Yoast SEO Premium plugin v23.1 (Yoast SEO v24.9) - https:\/\/yoast.com\/wordpress\/plugins\/seo\/ -->\n<title>\u0160a\u0107irovi\u0107: &quot;Za\u0161to ra\u010duni iz izborne kampanje dolaze sada?&quot;<\/title>\n<meta name=\"robots\" content=\"index, follow, max-snippet:-1, max-image-preview:large, max-video-preview:-1\" \/>\n<link rel=\"canonical\" href=\"https:\/\/sandzakpress.net\/arhiva\/sacirovic-zasto-racuni-iz-izborne-kampanje-dolaze-sada\/\" \/>\n<meta property=\"og:locale\" content=\"bs_BA\" \/>\n<meta property=\"og:type\" content=\"article\" \/>\n<meta property=\"og:title\" content=\"\u0160a\u0107irovi\u0107: &quot;Za\u0161to ra\u010duni iz izborne kampanje dolaze sada?&quot;\" \/>\n<meta property=\"og:description\" content=\"Novi Pazar &#8211; \u0160ef odborni\u010dke grupe BDZ-a u Skup\u0161tini Novog Pazara Sead \u0160a\u0107irovi\u0107 na konferenciji za medije odr\u017eanoj 2. oktobra 2012. godine uputio je niz pitanja gradskoj vlasti i gradona\u010deniku Novog Pazara Mehu Mahmutovi\u0107u. On je istakao da BDZ ima saznanja da je JP \u201eDirekcija za izgradnju grada\u201c dobilo ra\u010dun za asfalltiranje u predizbornoj kampanji.\" \/>\n<meta property=\"og:url\" content=\"https:\/\/sandzakpress.net\/arhiva\/sacirovic-zasto-racuni-iz-izborne-kampanje-dolaze-sada\/\" \/>\n<meta property=\"og:site_name\" content=\"Sand\u017eak PRESS\" \/>\n<meta property=\"article:published_time\" content=\"2012-10-03T08:09:20+00:00\" \/>\n<meta property=\"article:modified_time\" content=\"2012-10-03T09:15:05+00:00\" \/>\n<meta property=\"og:image\" content=\"https:\/\/sandzakpress.net\/arhiva\/wp-content\/uploads\/2012\/10\/sead-sacirovic-bdz.jpg\" \/>\n\t<meta property=\"og:image:width\" content=\"616\" \/>\n\t<meta property=\"og:image:height\" content=\"303\" \/>\n\t<meta property=\"og:image:type\" content=\"image\/jpeg\" \/>\n<meta name=\"author\" content=\"bosniak\" \/>\n<meta name=\"twitter:card\" content=\"summary_large_image\" \/>\n<meta name=\"twitter:label1\" content=\"Written by\" \/>\n\t<meta name=\"twitter:data1\" content=\"bosniak\" \/>\n\t<meta name=\"twitter:label2\" content=\"Est. reading time\" \/>\n\t<meta name=\"twitter:data2\" content=\"5 minuta\" \/>\n<script type=\"application\/ld+json\" class=\"yoast-schema-graph\">{\"@context\":\"https:\/\/schema.org\",\"@graph\":[{\"@type\":\"Article\",\"@id\":\"https:\/\/sandzakpress.net\/arhiva\/sacirovic-zasto-racuni-iz-izborne-kampanje-dolaze-sada\/#article\",\"isPartOf\":{\"@id\":\"https:\/\/sandzakpress.net\/arhiva\/sacirovic-zasto-racuni-iz-izborne-kampanje-dolaze-sada\/\"},\"author\":{\"name\":\"bosniak\",\"@id\":\"https:\/\/sandzakpress.net\/arhiva\/#\/schema\/person\/c8baee722073534b583ea7bdb2e36c02\"},\"headline\":\"\u0160a\u0107irovi\u0107: &#8220;Za\u0161to ra\u010duni iz izborne kampanje dolaze sada?&#8221;\",\"datePublished\":\"2012-10-03T08:09:20+00:00\",\"dateModified\":\"2012-10-03T09:15:05+00:00\",\"mainEntityOfPage\":{\"@id\":\"https:\/\/sandzakpress.net\/arhiva\/sacirovic-zasto-racuni-iz-izborne-kampanje-dolaze-sada\/\"},\"wordCount\":1042,\"commentCount\":1,\"publisher\":{\"@id\":\"https:\/\/sandzakpress.net\/arhiva\/#\/schema\/person\/6e72b67d6e51910a1117b3b483ba20bd\"},\"image\":{\"@id\":\"https:\/\/sandzakpress.net\/arhiva\/sacirovic-zasto-racuni-iz-izborne-kampanje-dolaze-sada\/#primaryimage\"},\"thumbnailUrl\":\"https:\/\/sandzakpress.net\/arhiva\/wp-content\/uploads\/2012\/10\/sead-sacirovic-bdz.jpg\",\"articleSection\":[\"Novi Pazar\",\"Politika\",\"VIJESTI DANA\"],\"inLanguage\":\"bs-BA\",\"potentialAction\":[{\"@type\":\"CommentAction\",\"name\":\"Comment\",\"target\":[\"https:\/\/sandzakpress.net\/arhiva\/sacirovic-zasto-racuni-iz-izborne-kampanje-dolaze-sada\/#respond\"]}]},{\"@type\":\"WebPage\",\"@id\":\"https:\/\/sandzakpress.net\/arhiva\/sacirovic-zasto-racuni-iz-izborne-kampanje-dolaze-sada\/\",\"url\":\"https:\/\/sandzakpress.net\/arhiva\/sacirovic-zasto-racuni-iz-izborne-kampanje-dolaze-sada\/\",\"name\":\"\u0160a\u0107irovi\u0107: \\\"Za\u0161to ra\u010duni iz izborne kampanje dolaze sada?\\\"\",\"isPartOf\":{\"@id\":\"https:\/\/sandzakpress.net\/arhiva\/#website\"},\"primaryImageOfPage\":{\"@id\":\"https:\/\/sandzakpress.net\/arhiva\/sacirovic-zasto-racuni-iz-izborne-kampanje-dolaze-sada\/#primaryimage\"},\"image\":{\"@id\":\"https:\/\/sandzakpress.net\/arhiva\/sacirovic-zasto-racuni-iz-izborne-kampanje-dolaze-sada\/#primaryimage\"},\"thumbnailUrl\":\"https:\/\/sandzakpress.net\/arhiva\/wp-content\/uploads\/2012\/10\/sead-sacirovic-bdz.jpg\",\"datePublished\":\"2012-10-03T08:09:20+00:00\",\"dateModified\":\"2012-10-03T09:15:05+00:00\",\"breadcrumb\":{\"@id\":\"https:\/\/sandzakpress.net\/arhiva\/sacirovic-zasto-racuni-iz-izborne-kampanje-dolaze-sada\/#breadcrumb\"},\"inLanguage\":\"bs-BA\",\"potentialAction\":[{\"@type\":\"ReadAction\",\"target\":[\"https:\/\/sandzakpress.net\/arhiva\/sacirovic-zasto-racuni-iz-izborne-kampanje-dolaze-sada\/\"]}]},{\"@type\":\"ImageObject\",\"inLanguage\":\"bs-BA\",\"@id\":\"https:\/\/sandzakpress.net\/arhiva\/sacirovic-zasto-racuni-iz-izborne-kampanje-dolaze-sada\/#primaryimage\",\"url\":\"https:\/\/sandzakpress.net\/arhiva\/wp-content\/uploads\/2012\/10\/sead-sacirovic-bdz.jpg\",\"contentUrl\":\"https:\/\/sandzakpress.net\/arhiva\/wp-content\/uploads\/2012\/10\/sead-sacirovic-bdz.jpg\",\"width\":616,\"height\":303},{\"@type\":\"BreadcrumbList\",\"@id\":\"https:\/\/sandzakpress.net\/arhiva\/sacirovic-zasto-racuni-iz-izborne-kampanje-dolaze-sada\/#breadcrumb\",\"itemListElement\":[{\"@type\":\"ListItem\",\"position\":1,\"name\":\"Home\",\"item\":\"https:\/\/sandzakpress.net\/arhiva\/\"},{\"@type\":\"ListItem\",\"position\":2,\"name\":\"\u0160a\u0107irovi\u0107: &#8220;Za\u0161to ra\u010duni iz izborne kampanje dolaze sada?&#8221;\"}]},{\"@type\":\"WebSite\",\"@id\":\"https:\/\/sandzakpress.net\/arhiva\/#website\",\"url\":\"https:\/\/sandzakpress.net\/arhiva\/\",\"name\":\"Sand\u017eak PRESS\",\"description\":\"Prve elektronske novine u Sand\u017eaku\",\"publisher\":{\"@id\":\"https:\/\/sandzakpress.net\/arhiva\/#\/schema\/person\/6e72b67d6e51910a1117b3b483ba20bd\"},\"potentialAction\":[{\"@type\":\"SearchAction\",\"target\":{\"@type\":\"EntryPoint\",\"urlTemplate\":\"https:\/\/sandzakpress.net\/arhiva\/?s={search_term_string}\"},\"query-input\":{\"@type\":\"PropertyValueSpecification\",\"valueRequired\":true,\"valueName\":\"search_term_string\"}}],\"inLanguage\":\"bs-BA\"},{\"@type\":[\"Person\",\"Organization\"],\"@id\":\"https:\/\/sandzakpress.net\/arhiva\/#\/schema\/person\/6e72b67d6e51910a1117b3b483ba20bd\",\"name\":\"Kul\",\"image\":{\"@type\":\"ImageObject\",\"inLanguage\":\"bs-BA\",\"@id\":\"https:\/\/sandzakpress.net\/arhiva\/#\/schema\/person\/image\/\",\"url\":\"https:\/\/secure.gravatar.com\/avatar\/42263f39aa27ac04c43cab85c280eb2e?s=96&d=mm&r=pg\",\"contentUrl\":\"https:\/\/secure.gravatar.com\/avatar\/42263f39aa27ac04c43cab85c280eb2e?s=96&d=mm&r=pg\",\"caption\":\"Kul\"},\"logo\":{\"@id\":\"https:\/\/sandzakpress.net\/arhiva\/#\/schema\/person\/image\/\"}},{\"@type\":\"Person\",\"@id\":\"https:\/\/sandzakpress.net\/arhiva\/#\/schema\/person\/c8baee722073534b583ea7bdb2e36c02\",\"name\":\"bosniak\",\"image\":{\"@type\":\"ImageObject\",\"inLanguage\":\"bs-BA\",\"@id\":\"https:\/\/sandzakpress.net\/arhiva\/#\/schema\/person\/image\/\",\"url\":\"https:\/\/secure.gravatar.com\/avatar\/a04fd330bfe3a36a72a0ad4a6d89fca7?s=96&d=mm&r=pg\",\"contentUrl\":\"https:\/\/secure.gravatar.com\/avatar\/a04fd330bfe3a36a72a0ad4a6d89fca7?s=96&d=mm&r=pg\",\"caption\":\"bosniak\"},\"url\":\"https:\/\/sandzakpress.net\/arhiva\/author\/bosniak\/\"}]}<\/script>\n<!-- \/ Yoast SEO Premium plugin. -->","yoast_head_json":{"title":"\u0160a\u0107irovi\u0107: \"Za\u0161to ra\u010duni iz izborne kampanje dolaze sada?\"","robots":{"index":"index","follow":"follow","max-snippet":"max-snippet:-1","max-image-preview":"max-image-preview:large","max-video-preview":"max-video-preview:-1"},"canonical":"https:\/\/sandzakpress.net\/arhiva\/sacirovic-zasto-racuni-iz-izborne-kampanje-dolaze-sada\/","og_locale":"bs_BA","og_type":"article","og_title":"\u0160a\u0107irovi\u0107: \"Za\u0161to ra\u010duni iz izborne kampanje dolaze sada?\"","og_description":"Novi Pazar &#8211; \u0160ef odborni\u010dke grupe BDZ-a u Skup\u0161tini Novog Pazara Sead \u0160a\u0107irovi\u0107 na konferenciji za medije odr\u017eanoj 2. oktobra 2012. godine uputio je niz pitanja gradskoj vlasti i gradona\u010deniku Novog Pazara Mehu Mahmutovi\u0107u. On je istakao da BDZ ima saznanja da je JP \u201eDirekcija za izgradnju grada\u201c dobilo ra\u010dun za asfalltiranje u predizbornoj kampanji.","og_url":"https:\/\/sandzakpress.net\/arhiva\/sacirovic-zasto-racuni-iz-izborne-kampanje-dolaze-sada\/","og_site_name":"Sand\u017eak PRESS","article_published_time":"2012-10-03T08:09:20+00:00","article_modified_time":"2012-10-03T09:15:05+00:00","og_image":[{"width":616,"height":303,"url":"https:\/\/sandzakpress.net\/arhiva\/wp-content\/uploads\/2012\/10\/sead-sacirovic-bdz.jpg","type":"image\/jpeg"}],"author":"bosniak","twitter_card":"summary_large_image","twitter_misc":{"Written by":"bosniak","Est. reading time":"5 minuta"},"schema":{"@context":"https:\/\/schema.org","@graph":[{"@type":"Article","@id":"https:\/\/sandzakpress.net\/arhiva\/sacirovic-zasto-racuni-iz-izborne-kampanje-dolaze-sada\/#article","isPartOf":{"@id":"https:\/\/sandzakpress.net\/arhiva\/sacirovic-zasto-racuni-iz-izborne-kampanje-dolaze-sada\/"},"author":{"name":"bosniak","@id":"https:\/\/sandzakpress.net\/arhiva\/#\/schema\/person\/c8baee722073534b583ea7bdb2e36c02"},"headline":"\u0160a\u0107irovi\u0107: &#8220;Za\u0161to ra\u010duni iz izborne kampanje dolaze sada?&#8221;","datePublished":"2012-10-03T08:09:20+00:00","dateModified":"2012-10-03T09:15:05+00:00","mainEntityOfPage":{"@id":"https:\/\/sandzakpress.net\/arhiva\/sacirovic-zasto-racuni-iz-izborne-kampanje-dolaze-sada\/"},"wordCount":1042,"commentCount":1,"publisher":{"@id":"https:\/\/sandzakpress.net\/arhiva\/#\/schema\/person\/6e72b67d6e51910a1117b3b483ba20bd"},"image":{"@id":"https:\/\/sandzakpress.net\/arhiva\/sacirovic-zasto-racuni-iz-izborne-kampanje-dolaze-sada\/#primaryimage"},"thumbnailUrl":"https:\/\/sandzakpress.net\/arhiva\/wp-content\/uploads\/2012\/10\/sead-sacirovic-bdz.jpg","articleSection":["Novi Pazar","Politika","VIJESTI DANA"],"inLanguage":"bs-BA","potentialAction":[{"@type":"CommentAction","name":"Comment","target":["https:\/\/sandzakpress.net\/arhiva\/sacirovic-zasto-racuni-iz-izborne-kampanje-dolaze-sada\/#respond"]}]},{"@type":"WebPage","@id":"https:\/\/sandzakpress.net\/arhiva\/sacirovic-zasto-racuni-iz-izborne-kampanje-dolaze-sada\/","url":"https:\/\/sandzakpress.net\/arhiva\/sacirovic-zasto-racuni-iz-izborne-kampanje-dolaze-sada\/","name":"\u0160a\u0107irovi\u0107: \"Za\u0161to ra\u010duni iz izborne kampanje dolaze sada?\"","isPartOf":{"@id":"https:\/\/sandzakpress.net\/arhiva\/#website"},"primaryImageOfPage":{"@id":"https:\/\/sandzakpress.net\/arhiva\/sacirovic-zasto-racuni-iz-izborne-kampanje-dolaze-sada\/#primaryimage"},"image":{"@id":"https:\/\/sandzakpress.net\/arhiva\/sacirovic-zasto-racuni-iz-izborne-kampanje-dolaze-sada\/#primaryimage"},"thumbnailUrl":"https:\/\/sandzakpress.net\/arhiva\/wp-content\/uploads\/2012\/10\/sead-sacirovic-bdz.jpg","datePublished":"2012-10-03T08:09:20+00:00","dateModified":"2012-10-03T09:15:05+00:00","breadcrumb":{"@id":"https:\/\/sandzakpress.net\/arhiva\/sacirovic-zasto-racuni-iz-izborne-kampanje-dolaze-sada\/#breadcrumb"},"inLanguage":"bs-BA","potentialAction":[{"@type":"ReadAction","target":["https:\/\/sandzakpress.net\/arhiva\/sacirovic-zasto-racuni-iz-izborne-kampanje-dolaze-sada\/"]}]},{"@type":"ImageObject","inLanguage":"bs-BA","@id":"https:\/\/sandzakpress.net\/arhiva\/sacirovic-zasto-racuni-iz-izborne-kampanje-dolaze-sada\/#primaryimage","url":"https:\/\/sandzakpress.net\/arhiva\/wp-content\/uploads\/2012\/10\/sead-sacirovic-bdz.jpg","contentUrl":"https:\/\/sandzakpress.net\/arhiva\/wp-content\/uploads\/2012\/10\/sead-sacirovic-bdz.jpg","width":616,"height":303},{"@type":"BreadcrumbList","@id":"https:\/\/sandzakpress.net\/arhiva\/sacirovic-zasto-racuni-iz-izborne-kampanje-dolaze-sada\/#breadcrumb","itemListElement":[{"@type":"ListItem","position":1,"name":"Home","item":"https:\/\/sandzakpress.net\/arhiva\/"},{"@type":"ListItem","position":2,"name":"\u0160a\u0107irovi\u0107: &#8220;Za\u0161to ra\u010duni iz izborne kampanje dolaze sada?&#8221;"}]},{"@type":"WebSite","@id":"https:\/\/sandzakpress.net\/arhiva\/#website","url":"https:\/\/sandzakpress.net\/arhiva\/","name":"Sand\u017eak PRESS","description":"Prve elektronske novine u Sand\u017eaku","publisher":{"@id":"https:\/\/sandzakpress.net\/arhiva\/#\/schema\/person\/6e72b67d6e51910a1117b3b483ba20bd"},"potentialAction":[{"@type":"SearchAction","target":{"@type":"EntryPoint","urlTemplate":"https:\/\/sandzakpress.net\/arhiva\/?s={search_term_string}"},"query-input":{"@type":"PropertyValueSpecification","valueRequired":true,"valueName":"search_term_string"}}],"inLanguage":"bs-BA"},{"@type":["Person","Organization"],"@id":"https:\/\/sandzakpress.net\/arhiva\/#\/schema\/person\/6e72b67d6e51910a1117b3b483ba20bd","name":"Kul","image":{"@type":"ImageObject","inLanguage":"bs-BA","@id":"https:\/\/sandzakpress.net\/arhiva\/#\/schema\/person\/image\/","url":"https:\/\/secure.gravatar.com\/avatar\/42263f39aa27ac04c43cab85c280eb2e?s=96&d=mm&r=pg","contentUrl":"https:\/\/secure.gravatar.com\/avatar\/42263f39aa27ac04c43cab85c280eb2e?s=96&d=mm&r=pg","caption":"Kul"},"logo":{"@id":"https:\/\/sandzakpress.net\/arhiva\/#\/schema\/person\/image\/"}},{"@type":"Person","@id":"https:\/\/sandzakpress.net\/arhiva\/#\/schema\/person\/c8baee722073534b583ea7bdb2e36c02","name":"bosniak","image":{"@type":"ImageObject","inLanguage":"bs-BA","@id":"https:\/\/sandzakpress.net\/arhiva\/#\/schema\/person\/image\/","url":"https:\/\/secure.gravatar.com\/avatar\/a04fd330bfe3a36a72a0ad4a6d89fca7?s=96&d=mm&r=pg","contentUrl":"https:\/\/secure.gravatar.com\/avatar\/a04fd330bfe3a36a72a0ad4a6d89fca7?s=96&d=mm&r=pg","caption":"bosniak"},"url":"https:\/\/sandzakpress.net\/arhiva\/author\/bosniak\/"}]}},"_links":{"self":[{"href":"https:\/\/sandzakpress.net\/arhiva\/wp-json\/wp\/v2\/posts\/52150"}],"collection":[{"href":"https:\/\/sandzakpress.net\/arhiva\/wp-json\/wp\/v2\/posts"}],"about":[{"href":"https:\/\/sandzakpress.net\/arhiva\/wp-json\/wp\/v2\/types\/post"}],"author":[{"embeddable":true,"href":"https:\/\/sandzakpress.net\/arhiva\/wp-json\/wp\/v2\/users\/83"}],"replies":[{"embeddable":true,"href":"https:\/\/sandzakpress.net\/arhiva\/wp-json\/wp\/v2\/comments?post=52150"}],"version-history":[{"count":0,"href":"https:\/\/sandzakpress.net\/arhiva\/wp-json\/wp\/v2\/posts\/52150\/revisions"}],"wp:featuredmedia":[{"embeddable":true,"href":"https:\/\/sandzakpress.net\/arhiva\/wp-json\/wp\/v2\/media\/52151"}],"wp:attachment":[{"href":"https:\/\/sandzakpress.net\/arhiva\/wp-json\/wp\/v2\/media?parent=52150"}],"wp:term":[{"taxonomy":"category","embeddable":true,"href":"https:\/\/sandzakpress.net\/arhiva\/wp-json\/wp\/v2\/categories?post=52150"},{"taxonomy":"post_tag","embeddable":true,"href":"https:\/\/sandzakpress.net\/arhiva\/wp-json\/wp\/v2\/tags?post=52150"}],"curies":[{"name":"wp","href":"https:\/\/api.w.org\/{rel}","templated":true}]}}