{"id":52073,"date":"2012-10-02T11:27:13","date_gmt":"2012-10-02T09:27:13","guid":{"rendered":"https:\/\/sandzakpress.net\/arhiva\/?p=52073"},"modified":"2012-10-02T11:30:17","modified_gmt":"2012-10-02T09:30:17","slug":"prva-generacija-na-iunp-koja-ce-dobiti-americka-diplome-i-mogucnost-zaposlenja-u-svijetu","status":"publish","type":"post","link":"https:\/\/sandzakpress.net\/arhiva\/prva-generacija-na-iunp-koja-ce-dobiti-americka-diplome-i-mogucnost-zaposlenja-u-svijetu\/","title":{"rendered":"Prva generacija na IUNP koja \u0107e dobiti ameri\u010dka diplome i mogu\u0107nost zaposlenja u svijetu"},"content":{"rendered":"<p style=\"text-align: center;\"><a href=\"https:\/\/sandzakpress.net\/arhiva\/wp-content\/uploads\/2012\/10\/DSC08028.jpg\"><img loading=\"lazy\" decoding=\"async\" class=\"aligncenter size-full wp-image-52076\" title=\"DSC08028\" src=\"https:\/\/sandzakpress.net\/arhiva\/wp-content\/uploads\/2012\/10\/DSC08028.jpg\" alt=\"\" width=\"616\" height=\"330\" \/><\/a><\/p>\n<h3 style=\"text-align: center;\"><span style=\"text-decoration: underline;\">Prijemni ispit u septembarskom upisnom roku 2012<\/span><\/h3>\n<p><strong>Novi Pazar &#8211; Na Internacionalnom univezitetu u Novom Pazaru je\u00a0 10.09.2012. godine, odr\u017ean je prijemni ispit u septembarskom upisnom roku i upisana nova generacija studenata na departmanima Prava, Lingvistike, Ekonomije, Informatike, Pedagogije i Umjetnosti.<\/strong><\/p>\n<p>Od ove godine studenti IUNP imaju \u0161ansu da, pored diplome ovog univerziteta, steknu i diplomu American Heritrage univerziteta. O zna\u010daju ovog vida saradnje govorio je i rektor IUNP prof. dr. Mevlud Dudi\u0107:<\/p>\n<p style=\"text-align: center;\"><a href=\"https:\/\/sandzakpress.net\/arhiva\/wp-content\/uploads\/2012\/10\/DSC_0065_big.jpg\"><img loading=\"lazy\" decoding=\"async\" class=\"aligncenter size-full wp-image-52075\" title=\"DSC_0065_big\" src=\"https:\/\/sandzakpress.net\/arhiva\/wp-content\/uploads\/2012\/10\/DSC_0065_big.jpg\" alt=\"\" width=\"616\" height=\"409\" \/><\/a><\/p>\n<h3 style=\"text-align: center;\"><span style=\"text-decoration: underline;\"><strong>Rektori Novopazarskog i Kalifornijskog univerziteta<\/strong><\/span><\/h3>\n<p>\u201cOvim diplomama na\u0161i studenti dobijaju mogu\u0107nost zapo\u0161ljenja kako u Americi tako i u zemljama Evropske Unije. Sticanjem ove diplome motivirali smo strane studente, naro\u010dito iz Turske, da studiraju na na\u0161em Univerzitetu. IUNP ovim na djelu realizira svoju misiju internacionalizma. Kao \u0161to rekoh, prvi ve\u0107i broj stranih studenata o\u010dekujemo vrlo brzo, i to iz Turske. I naravno, ovaj sporazum sa American Heritrage univerzitetom jeste jo\u0161 jedan u nizu dokaza da smo najbolji Univerzitet u zemlji i regionu.\u201d<\/p>\n<p><a href=\"https:\/\/sandzakpress.net\/arhiva\/wp-content\/uploads\/2012\/10\/americka-diploma-u-novom-pazaru.jpg\"><img loading=\"lazy\" decoding=\"async\" class=\"aligncenter size-full wp-image-52074\" title=\"americka-diploma-u-novom-pazaru\" src=\"https:\/\/sandzakpress.net\/arhiva\/wp-content\/uploads\/2012\/10\/americka-diploma-u-novom-pazaru.jpg\" alt=\"\" width=\"616\" height=\"467\" \/><\/a><\/p>\n<h3 style=\"text-align: center;\"><span style=\"text-decoration: underline;\">Sertifikat za ameri\u010dke diplome u Novom Pazaru<\/span><\/h3>\n<p>Studenti koji zavr\u0161e Engleski jezik, Prava, Ekonomiju i Informatiku sa prosjekom od 8.5 dobijaju pored diplome Univerziteta i Ameri\u010dki diplomu sa kojom \u0107e biti u mogu\u0107nosti raditi u cijelom svijetu.<\/p>\n<p><span style=\"text-decoration: underline;\"><strong>Vidi vi\u0161e:<\/strong><\/span><\/p>\n<h2><a href=\"https:\/\/sandzakpress.net\/arhiva\/internacionalni-univerzitet-u-novom-pazaru-2\">Historijat Internacionalnog univerziteta<\/a><\/h2>\n<h2><a href=\"http:\/\/www.amheritageuniv.net\/\">Web stranica American Heritrage univerziteta<\/a><\/h2>\n","protected":false},"excerpt":{"rendered":"<p>Prijemni ispit u septembarskom upisnom roku 2012 Novi Pazar &#8211; Na Internacionalnom univezitetu u Novom Pazaru je\u00a0 10.09.2012. godine, odr\u017ean je prijemni ispit u septembarskom upisnom roku i upisana nova generacija studenata na departmanima Prava, Lingvistike, Ekonomije, Informatike, Pedagogije i Umjetnosti. Od ove godine studenti IUNP imaju \u0161ansu da, pored diplome ovog univerziteta, steknu i [&hellip;]<\/p>\n","protected":false},"author":83,"featured_media":52076,"comment_status":"open","ping_status":"open","sticky":false,"template":"","format":"standard","meta":{"footnotes":""},"categories":[72,4,8957],"tags":[],"class_list":{"0":"post-52073","1":"post","2":"type-post","3":"status-publish","4":"format-standard","5":"has-post-thumbnail","7":"category-novi-pazar","8":"category-obrazovanje","9":"category-vijesti-dana"},"yoast_head":"<!-- This site is optimized with the Yoast SEO Premium plugin v23.1 (Yoast SEO v24.9) - https:\/\/yoast.com\/wordpress\/plugins\/seo\/ -->\n<title>Prva generacija na IUNP koja \u0107e dobiti ameri\u010dka diplome i mogu\u0107nost zaposlenja u svijetu<\/title>\n<meta name=\"robots\" content=\"index, follow, max-snippet:-1, max-image-preview:large, max-video-preview:-1\" \/>\n<link rel=\"canonical\" href=\"https:\/\/sandzakpress.net\/arhiva\/prva-generacija-na-iunp-koja-ce-dobiti-americka-diplome-i-mogucnost-zaposlenja-u-svijetu\/\" \/>\n<meta property=\"og:locale\" content=\"bs_BA\" \/>\n<meta property=\"og:type\" content=\"article\" \/>\n<meta property=\"og:title\" content=\"Prva generacija na IUNP koja \u0107e dobiti ameri\u010dka diplome i mogu\u0107nost zaposlenja u svijetu\" \/>\n<meta property=\"og:description\" content=\"Prijemni ispit u septembarskom upisnom roku 2012 Novi Pazar &#8211; Na Internacionalnom univezitetu u Novom Pazaru je\u00a0 10.09.2012. godine, odr\u017ean je prijemni ispit u septembarskom upisnom roku i upisana nova generacija studenata na departmanima Prava, Lingvistike, Ekonomije, Informatike, Pedagogije i Umjetnosti. Od ove godine studenti IUNP imaju \u0161ansu da, pored diplome ovog univerziteta, steknu i [&hellip;]\" \/>\n<meta property=\"og:url\" content=\"https:\/\/sandzakpress.net\/arhiva\/prva-generacija-na-iunp-koja-ce-dobiti-americka-diplome-i-mogucnost-zaposlenja-u-svijetu\/\" \/>\n<meta property=\"og:site_name\" content=\"Sand\u017eak PRESS\" \/>\n<meta property=\"article:published_time\" content=\"2012-10-02T09:27:13+00:00\" \/>\n<meta property=\"article:modified_time\" content=\"2012-10-02T09:30:17+00:00\" \/>\n<meta property=\"og:image\" content=\"https:\/\/sandzakpress.net\/arhiva\/wp-content\/uploads\/2012\/10\/DSC08028.jpg\" \/>\n\t<meta property=\"og:image:width\" content=\"616\" \/>\n\t<meta property=\"og:image:height\" content=\"330\" \/>\n\t<meta property=\"og:image:type\" content=\"image\/jpeg\" \/>\n<meta name=\"author\" content=\"bosniak\" \/>\n<meta name=\"twitter:card\" content=\"summary_large_image\" \/>\n<meta name=\"twitter:label1\" content=\"Written by\" \/>\n\t<meta name=\"twitter:data1\" content=\"bosniak\" \/>\n\t<meta name=\"twitter:label2\" content=\"Est. reading time\" \/>\n\t<meta name=\"twitter:data2\" content=\"1 minuta\" \/>\n<script type=\"application\/ld+json\" class=\"yoast-schema-graph\">{\"@context\":\"https:\/\/schema.org\",\"@graph\":[{\"@type\":\"Article\",\"@id\":\"https:\/\/sandzakpress.net\/arhiva\/prva-generacija-na-iunp-koja-ce-dobiti-americka-diplome-i-mogucnost-zaposlenja-u-svijetu\/#article\",\"isPartOf\":{\"@id\":\"https:\/\/sandzakpress.net\/arhiva\/prva-generacija-na-iunp-koja-ce-dobiti-americka-diplome-i-mogucnost-zaposlenja-u-svijetu\/\"},\"author\":{\"name\":\"bosniak\",\"@id\":\"https:\/\/sandzakpress.net\/arhiva\/#\/schema\/person\/c8baee722073534b583ea7bdb2e36c02\"},\"headline\":\"Prva generacija na IUNP koja \u0107e dobiti ameri\u010dka diplome i mogu\u0107nost zaposlenja u svijetu\",\"datePublished\":\"2012-10-02T09:27:13+00:00\",\"dateModified\":\"2012-10-02T09:30:17+00:00\",\"mainEntityOfPage\":{\"@id\":\"https:\/\/sandzakpress.net\/arhiva\/prva-generacija-na-iunp-koja-ce-dobiti-americka-diplome-i-mogucnost-zaposlenja-u-svijetu\/\"},\"wordCount\":228,\"commentCount\":5,\"publisher\":{\"@id\":\"https:\/\/sandzakpress.net\/arhiva\/#\/schema\/person\/6e72b67d6e51910a1117b3b483ba20bd\"},\"image\":{\"@id\":\"https:\/\/sandzakpress.net\/arhiva\/prva-generacija-na-iunp-koja-ce-dobiti-americka-diplome-i-mogucnost-zaposlenja-u-svijetu\/#primaryimage\"},\"thumbnailUrl\":\"https:\/\/sandzakpress.net\/arhiva\/wp-content\/uploads\/2012\/10\/DSC08028.jpg\",\"articleSection\":[\"Novi Pazar\",\"Obrazovanje\",\"VIJESTI DANA\"],\"inLanguage\":\"bs-BA\",\"potentialAction\":[{\"@type\":\"CommentAction\",\"name\":\"Comment\",\"target\":[\"https:\/\/sandzakpress.net\/arhiva\/prva-generacija-na-iunp-koja-ce-dobiti-americka-diplome-i-mogucnost-zaposlenja-u-svijetu\/#respond\"]}]},{\"@type\":\"WebPage\",\"@id\":\"https:\/\/sandzakpress.net\/arhiva\/prva-generacija-na-iunp-koja-ce-dobiti-americka-diplome-i-mogucnost-zaposlenja-u-svijetu\/\",\"url\":\"https:\/\/sandzakpress.net\/arhiva\/prva-generacija-na-iunp-koja-ce-dobiti-americka-diplome-i-mogucnost-zaposlenja-u-svijetu\/\",\"name\":\"Prva generacija na IUNP koja \u0107e dobiti ameri\u010dka diplome i mogu\u0107nost zaposlenja u svijetu\",\"isPartOf\":{\"@id\":\"https:\/\/sandzakpress.net\/arhiva\/#website\"},\"primaryImageOfPage\":{\"@id\":\"https:\/\/sandzakpress.net\/arhiva\/prva-generacija-na-iunp-koja-ce-dobiti-americka-diplome-i-mogucnost-zaposlenja-u-svijetu\/#primaryimage\"},\"image\":{\"@id\":\"https:\/\/sandzakpress.net\/arhiva\/prva-generacija-na-iunp-koja-ce-dobiti-americka-diplome-i-mogucnost-zaposlenja-u-svijetu\/#primaryimage\"},\"thumbnailUrl\":\"https:\/\/sandzakpress.net\/arhiva\/wp-content\/uploads\/2012\/10\/DSC08028.jpg\",\"datePublished\":\"2012-10-02T09:27:13+00:00\",\"dateModified\":\"2012-10-02T09:30:17+00:00\",\"breadcrumb\":{\"@id\":\"https:\/\/sandzakpress.net\/arhiva\/prva-generacija-na-iunp-koja-ce-dobiti-americka-diplome-i-mogucnost-zaposlenja-u-svijetu\/#breadcrumb\"},\"inLanguage\":\"bs-BA\",\"potentialAction\":[{\"@type\":\"ReadAction\",\"target\":[\"https:\/\/sandzakpress.net\/arhiva\/prva-generacija-na-iunp-koja-ce-dobiti-americka-diplome-i-mogucnost-zaposlenja-u-svijetu\/\"]}]},{\"@type\":\"ImageObject\",\"inLanguage\":\"bs-BA\",\"@id\":\"https:\/\/sandzakpress.net\/arhiva\/prva-generacija-na-iunp-koja-ce-dobiti-americka-diplome-i-mogucnost-zaposlenja-u-svijetu\/#primaryimage\",\"url\":\"https:\/\/sandzakpress.net\/arhiva\/wp-content\/uploads\/2012\/10\/DSC08028.jpg\",\"contentUrl\":\"https:\/\/sandzakpress.net\/arhiva\/wp-content\/uploads\/2012\/10\/DSC08028.jpg\",\"width\":616,\"height\":330},{\"@type\":\"BreadcrumbList\",\"@id\":\"https:\/\/sandzakpress.net\/arhiva\/prva-generacija-na-iunp-koja-ce-dobiti-americka-diplome-i-mogucnost-zaposlenja-u-svijetu\/#breadcrumb\",\"itemListElement\":[{\"@type\":\"ListItem\",\"position\":1,\"name\":\"Home\",\"item\":\"https:\/\/sandzakpress.net\/arhiva\/\"},{\"@type\":\"ListItem\",\"position\":2,\"name\":\"Prva generacija na IUNP koja \u0107e dobiti ameri\u010dka diplome i mogu\u0107nost zaposlenja u svijetu\"}]},{\"@type\":\"WebSite\",\"@id\":\"https:\/\/sandzakpress.net\/arhiva\/#website\",\"url\":\"https:\/\/sandzakpress.net\/arhiva\/\",\"name\":\"Sand\u017eak PRESS\",\"description\":\"Prve elektronske novine u Sand\u017eaku\",\"publisher\":{\"@id\":\"https:\/\/sandzakpress.net\/arhiva\/#\/schema\/person\/6e72b67d6e51910a1117b3b483ba20bd\"},\"potentialAction\":[{\"@type\":\"SearchAction\",\"target\":{\"@type\":\"EntryPoint\",\"urlTemplate\":\"https:\/\/sandzakpress.net\/arhiva\/?s={search_term_string}\"},\"query-input\":{\"@type\":\"PropertyValueSpecification\",\"valueRequired\":true,\"valueName\":\"search_term_string\"}}],\"inLanguage\":\"bs-BA\"},{\"@type\":[\"Person\",\"Organization\"],\"@id\":\"https:\/\/sandzakpress.net\/arhiva\/#\/schema\/person\/6e72b67d6e51910a1117b3b483ba20bd\",\"name\":\"Kul\",\"image\":{\"@type\":\"ImageObject\",\"inLanguage\":\"bs-BA\",\"@id\":\"https:\/\/sandzakpress.net\/arhiva\/#\/schema\/person\/image\/\",\"url\":\"https:\/\/secure.gravatar.com\/avatar\/42263f39aa27ac04c43cab85c280eb2e?s=96&d=mm&r=pg\",\"contentUrl\":\"https:\/\/secure.gravatar.com\/avatar\/42263f39aa27ac04c43cab85c280eb2e?s=96&d=mm&r=pg\",\"caption\":\"Kul\"},\"logo\":{\"@id\":\"https:\/\/sandzakpress.net\/arhiva\/#\/schema\/person\/image\/\"}},{\"@type\":\"Person\",\"@id\":\"https:\/\/sandzakpress.net\/arhiva\/#\/schema\/person\/c8baee722073534b583ea7bdb2e36c02\",\"name\":\"bosniak\",\"image\":{\"@type\":\"ImageObject\",\"inLanguage\":\"bs-BA\",\"@id\":\"https:\/\/sandzakpress.net\/arhiva\/#\/schema\/person\/image\/\",\"url\":\"https:\/\/secure.gravatar.com\/avatar\/a04fd330bfe3a36a72a0ad4a6d89fca7?s=96&d=mm&r=pg\",\"contentUrl\":\"https:\/\/secure.gravatar.com\/avatar\/a04fd330bfe3a36a72a0ad4a6d89fca7?s=96&d=mm&r=pg\",\"caption\":\"bosniak\"},\"url\":\"https:\/\/sandzakpress.net\/arhiva\/author\/bosniak\/\"}]}<\/script>\n<!-- \/ Yoast SEO Premium plugin. -->","yoast_head_json":{"title":"Prva generacija na IUNP koja \u0107e dobiti ameri\u010dka diplome i mogu\u0107nost zaposlenja u svijetu","robots":{"index":"index","follow":"follow","max-snippet":"max-snippet:-1","max-image-preview":"max-image-preview:large","max-video-preview":"max-video-preview:-1"},"canonical":"https:\/\/sandzakpress.net\/arhiva\/prva-generacija-na-iunp-koja-ce-dobiti-americka-diplome-i-mogucnost-zaposlenja-u-svijetu\/","og_locale":"bs_BA","og_type":"article","og_title":"Prva generacija na IUNP koja \u0107e dobiti ameri\u010dka diplome i mogu\u0107nost zaposlenja u svijetu","og_description":"Prijemni ispit u septembarskom upisnom roku 2012 Novi Pazar &#8211; Na Internacionalnom univezitetu u Novom Pazaru je\u00a0 10.09.2012. godine, odr\u017ean je prijemni ispit u septembarskom upisnom roku i upisana nova generacija studenata na departmanima Prava, Lingvistike, Ekonomije, Informatike, Pedagogije i Umjetnosti. Od ove godine studenti IUNP imaju \u0161ansu da, pored diplome ovog univerziteta, steknu i [&hellip;]","og_url":"https:\/\/sandzakpress.net\/arhiva\/prva-generacija-na-iunp-koja-ce-dobiti-americka-diplome-i-mogucnost-zaposlenja-u-svijetu\/","og_site_name":"Sand\u017eak PRESS","article_published_time":"2012-10-02T09:27:13+00:00","article_modified_time":"2012-10-02T09:30:17+00:00","og_image":[{"width":616,"height":330,"url":"https:\/\/sandzakpress.net\/arhiva\/wp-content\/uploads\/2012\/10\/DSC08028.jpg","type":"image\/jpeg"}],"author":"bosniak","twitter_card":"summary_large_image","twitter_misc":{"Written by":"bosniak","Est. reading time":"1 minuta"},"schema":{"@context":"https:\/\/schema.org","@graph":[{"@type":"Article","@id":"https:\/\/sandzakpress.net\/arhiva\/prva-generacija-na-iunp-koja-ce-dobiti-americka-diplome-i-mogucnost-zaposlenja-u-svijetu\/#article","isPartOf":{"@id":"https:\/\/sandzakpress.net\/arhiva\/prva-generacija-na-iunp-koja-ce-dobiti-americka-diplome-i-mogucnost-zaposlenja-u-svijetu\/"},"author":{"name":"bosniak","@id":"https:\/\/sandzakpress.net\/arhiva\/#\/schema\/person\/c8baee722073534b583ea7bdb2e36c02"},"headline":"Prva generacija na IUNP koja \u0107e dobiti ameri\u010dka diplome i mogu\u0107nost zaposlenja u svijetu","datePublished":"2012-10-02T09:27:13+00:00","dateModified":"2012-10-02T09:30:17+00:00","mainEntityOfPage":{"@id":"https:\/\/sandzakpress.net\/arhiva\/prva-generacija-na-iunp-koja-ce-dobiti-americka-diplome-i-mogucnost-zaposlenja-u-svijetu\/"},"wordCount":228,"commentCount":5,"publisher":{"@id":"https:\/\/sandzakpress.net\/arhiva\/#\/schema\/person\/6e72b67d6e51910a1117b3b483ba20bd"},"image":{"@id":"https:\/\/sandzakpress.net\/arhiva\/prva-generacija-na-iunp-koja-ce-dobiti-americka-diplome-i-mogucnost-zaposlenja-u-svijetu\/#primaryimage"},"thumbnailUrl":"https:\/\/sandzakpress.net\/arhiva\/wp-content\/uploads\/2012\/10\/DSC08028.jpg","articleSection":["Novi Pazar","Obrazovanje","VIJESTI DANA"],"inLanguage":"bs-BA","potentialAction":[{"@type":"CommentAction","name":"Comment","target":["https:\/\/sandzakpress.net\/arhiva\/prva-generacija-na-iunp-koja-ce-dobiti-americka-diplome-i-mogucnost-zaposlenja-u-svijetu\/#respond"]}]},{"@type":"WebPage","@id":"https:\/\/sandzakpress.net\/arhiva\/prva-generacija-na-iunp-koja-ce-dobiti-americka-diplome-i-mogucnost-zaposlenja-u-svijetu\/","url":"https:\/\/sandzakpress.net\/arhiva\/prva-generacija-na-iunp-koja-ce-dobiti-americka-diplome-i-mogucnost-zaposlenja-u-svijetu\/","name":"Prva generacija na IUNP koja \u0107e dobiti ameri\u010dka diplome i mogu\u0107nost zaposlenja u svijetu","isPartOf":{"@id":"https:\/\/sandzakpress.net\/arhiva\/#website"},"primaryImageOfPage":{"@id":"https:\/\/sandzakpress.net\/arhiva\/prva-generacija-na-iunp-koja-ce-dobiti-americka-diplome-i-mogucnost-zaposlenja-u-svijetu\/#primaryimage"},"image":{"@id":"https:\/\/sandzakpress.net\/arhiva\/prva-generacija-na-iunp-koja-ce-dobiti-americka-diplome-i-mogucnost-zaposlenja-u-svijetu\/#primaryimage"},"thumbnailUrl":"https:\/\/sandzakpress.net\/arhiva\/wp-content\/uploads\/2012\/10\/DSC08028.jpg","datePublished":"2012-10-02T09:27:13+00:00","dateModified":"2012-10-02T09:30:17+00:00","breadcrumb":{"@id":"https:\/\/sandzakpress.net\/arhiva\/prva-generacija-na-iunp-koja-ce-dobiti-americka-diplome-i-mogucnost-zaposlenja-u-svijetu\/#breadcrumb"},"inLanguage":"bs-BA","potentialAction":[{"@type":"ReadAction","target":["https:\/\/sandzakpress.net\/arhiva\/prva-generacija-na-iunp-koja-ce-dobiti-americka-diplome-i-mogucnost-zaposlenja-u-svijetu\/"]}]},{"@type":"ImageObject","inLanguage":"bs-BA","@id":"https:\/\/sandzakpress.net\/arhiva\/prva-generacija-na-iunp-koja-ce-dobiti-americka-diplome-i-mogucnost-zaposlenja-u-svijetu\/#primaryimage","url":"https:\/\/sandzakpress.net\/arhiva\/wp-content\/uploads\/2012\/10\/DSC08028.jpg","contentUrl":"https:\/\/sandzakpress.net\/arhiva\/wp-content\/uploads\/2012\/10\/DSC08028.jpg","width":616,"height":330},{"@type":"BreadcrumbList","@id":"https:\/\/sandzakpress.net\/arhiva\/prva-generacija-na-iunp-koja-ce-dobiti-americka-diplome-i-mogucnost-zaposlenja-u-svijetu\/#breadcrumb","itemListElement":[{"@type":"ListItem","position":1,"name":"Home","item":"https:\/\/sandzakpress.net\/arhiva\/"},{"@type":"ListItem","position":2,"name":"Prva generacija na IUNP koja \u0107e dobiti ameri\u010dka diplome i mogu\u0107nost zaposlenja u svijetu"}]},{"@type":"WebSite","@id":"https:\/\/sandzakpress.net\/arhiva\/#website","url":"https:\/\/sandzakpress.net\/arhiva\/","name":"Sand\u017eak PRESS","description":"Prve elektronske novine u Sand\u017eaku","publisher":{"@id":"https:\/\/sandzakpress.net\/arhiva\/#\/schema\/person\/6e72b67d6e51910a1117b3b483ba20bd"},"potentialAction":[{"@type":"SearchAction","target":{"@type":"EntryPoint","urlTemplate":"https:\/\/sandzakpress.net\/arhiva\/?s={search_term_string}"},"query-input":{"@type":"PropertyValueSpecification","valueRequired":true,"valueName":"search_term_string"}}],"inLanguage":"bs-BA"},{"@type":["Person","Organization"],"@id":"https:\/\/sandzakpress.net\/arhiva\/#\/schema\/person\/6e72b67d6e51910a1117b3b483ba20bd","name":"Kul","image":{"@type":"ImageObject","inLanguage":"bs-BA","@id":"https:\/\/sandzakpress.net\/arhiva\/#\/schema\/person\/image\/","url":"https:\/\/secure.gravatar.com\/avatar\/42263f39aa27ac04c43cab85c280eb2e?s=96&d=mm&r=pg","contentUrl":"https:\/\/secure.gravatar.com\/avatar\/42263f39aa27ac04c43cab85c280eb2e?s=96&d=mm&r=pg","caption":"Kul"},"logo":{"@id":"https:\/\/sandzakpress.net\/arhiva\/#\/schema\/person\/image\/"}},{"@type":"Person","@id":"https:\/\/sandzakpress.net\/arhiva\/#\/schema\/person\/c8baee722073534b583ea7bdb2e36c02","name":"bosniak","image":{"@type":"ImageObject","inLanguage":"bs-BA","@id":"https:\/\/sandzakpress.net\/arhiva\/#\/schema\/person\/image\/","url":"https:\/\/secure.gravatar.com\/avatar\/a04fd330bfe3a36a72a0ad4a6d89fca7?s=96&d=mm&r=pg","contentUrl":"https:\/\/secure.gravatar.com\/avatar\/a04fd330bfe3a36a72a0ad4a6d89fca7?s=96&d=mm&r=pg","caption":"bosniak"},"url":"https:\/\/sandzakpress.net\/arhiva\/author\/bosniak\/"}]}},"_links":{"self":[{"href":"https:\/\/sandzakpress.net\/arhiva\/wp-json\/wp\/v2\/posts\/52073"}],"collection":[{"href":"https:\/\/sandzakpress.net\/arhiva\/wp-json\/wp\/v2\/posts"}],"about":[{"href":"https:\/\/sandzakpress.net\/arhiva\/wp-json\/wp\/v2\/types\/post"}],"author":[{"embeddable":true,"href":"https:\/\/sandzakpress.net\/arhiva\/wp-json\/wp\/v2\/users\/83"}],"replies":[{"embeddable":true,"href":"https:\/\/sandzakpress.net\/arhiva\/wp-json\/wp\/v2\/comments?post=52073"}],"version-history":[{"count":0,"href":"https:\/\/sandzakpress.net\/arhiva\/wp-json\/wp\/v2\/posts\/52073\/revisions"}],"wp:featuredmedia":[{"embeddable":true,"href":"https:\/\/sandzakpress.net\/arhiva\/wp-json\/wp\/v2\/media\/52076"}],"wp:attachment":[{"href":"https:\/\/sandzakpress.net\/arhiva\/wp-json\/wp\/v2\/media?parent=52073"}],"wp:term":[{"taxonomy":"category","embeddable":true,"href":"https:\/\/sandzakpress.net\/arhiva\/wp-json\/wp\/v2\/categories?post=52073"},{"taxonomy":"post_tag","embeddable":true,"href":"https:\/\/sandzakpress.net\/arhiva\/wp-json\/wp\/v2\/tags?post=52073"}],"curies":[{"name":"wp","href":"https:\/\/api.w.org\/{rel}","templated":true}]}}