{"id":51699,"date":"2012-09-27T18:01:52","date_gmt":"2012-09-27T16:01:52","guid":{"rendered":"https:\/\/sandzakpress.net\/arhiva\/?p=51699"},"modified":"2012-09-27T18:01:52","modified_gmt":"2012-09-27T16:01:52","slug":"premijer-turske-cestitao-muftiji-kavazovicu","status":"publish","type":"post","link":"https:\/\/sandzakpress.net\/arhiva\/premijer-turske-cestitao-muftiji-kavazovicu\/","title":{"rendered":"Premijer Turske \u010destitao muftiji Kavazovi\u0107u"},"content":{"rendered":"<p><strong><a href=\"https:\/\/sandzakpress.net\/arhiva\/wp-content\/uploads\/2012\/09\/recep-tayip-erdogan.jpg\"><img loading=\"lazy\" decoding=\"async\" class=\"alignleft size-medium wp-image-51700\" title=\"recep-tayip-erdogan\" src=\"https:\/\/sandzakpress.net\/arhiva\/wp-content\/uploads\/2012\/09\/recep-tayip-erdogan-300x193.jpg\" alt=\"\" width=\"300\" height=\"193\" \/><\/a>BIH, Turska &#8211; Premijer Republike Turske Red\u017eep Tajjip Erdoan danas je razgovarao s muftijom tuzlanskim Huseinom ef. Kavazovi\u0107em i \u010destitao mu izbor za reisu-l-ulemu Islamske zajednice u Bosni i Hercgovini.<\/strong><\/p>\n<p>Premijer Erdoan, u telefonskom razgovoru \u010destitaju\u0107i muftiji Kavazovi\u0107u na izboru za reisu-l-ulemu, naglasio je va\u017enost razvijanja dobrih odnosa izme\u0111u Islamske zajednice u Bosni i Hercegovini i Islamske zajednice u Turskoj i potrebu zajedni\u010dkog rada na promociji mira, razumijevanja i me\u0111uvjerskog dijaloga na Balkanu.<\/p>\n<p>Tako\u0111er premijer Erdoan je izrazio spremnost svoje zemlje za podr\u0161ku projektima Islamske zajednice u Bosni i Hercegovini.<\/p>\n<p>Muftija Kavazovi\u0107 zahvalio se premijeru Erdoanu na \u010destitkama, iskazanom razumijevanju i podr\u0161ci Islamskoj zajednici u Bosni i Hercegovini, te istakao zna\u010daj saradnje islamskih zajednica u Bosni i Hercegovini, Albaniji i Turskoj kao zajednica koje \u010dine autohtoni evropski narodi.<\/p>\n<p>Tako\u0111er dr. Mehmet Gormez reisu-l-ulema Turske, nakon izbora muftije Kavazovi\u0107a za reisu-l-ulemu, u telefonskom razgovoru \u010destitao je tuzlanskom muftiji izbor i za\u017eelio uspje\u0161an rad i kvalitetnu saradnju.<\/p>\n<p>Pismene \u010destitke muftiji Kavazovi\u0107u povodom izbora za reisu-l-ulemu uputio je Seyed Khalid Amir Jaffery, ambasador Islamske Republike Pakistan u Bosni i Hercegovini i Angel Angelov ambasador Republike Bugarske u na\u0161oj zemlji.<\/p>\n","protected":false},"excerpt":{"rendered":"<p>BIH, Turska &#8211; Premijer Republike Turske Red\u017eep Tajjip Erdoan danas je razgovarao s muftijom tuzlanskim Huseinom ef. Kavazovi\u0107em i \u010destitao mu izbor za reisu-l-ulemu Islamske zajednice u Bosni i Hercgovini. Premijer Erdoan, u telefonskom razgovoru \u010destitaju\u0107i muftiji Kavazovi\u0107u na izboru za reisu-l-ulemu, naglasio je va\u017enost razvijanja dobrih odnosa izme\u0111u Islamske zajednice u Bosni i Hercegovini [&hellip;]<\/p>\n","protected":false},"author":16,"featured_media":51700,"comment_status":"open","ping_status":"open","sticky":false,"template":"","format":"standard","meta":{"footnotes":""},"categories":[2860,2692],"tags":[],"class_list":{"0":"post-51699","1":"post","2":"type-post","3":"status-publish","4":"format-standard","5":"has-post-thumbnail","7":"category-bosna-i-hercegovina-gradovi","8":"category-turska-gradovi"},"yoast_head":"<!-- This site is optimized with the Yoast SEO Premium plugin v23.1 (Yoast SEO v24.9) - https:\/\/yoast.com\/wordpress\/plugins\/seo\/ -->\n<title>Premijer Turske \u010destitao muftiji Kavazovi\u0107u<\/title>\n<meta name=\"robots\" content=\"index, follow, max-snippet:-1, max-image-preview:large, max-video-preview:-1\" \/>\n<link rel=\"canonical\" href=\"https:\/\/sandzakpress.net\/arhiva\/premijer-turske-cestitao-muftiji-kavazovicu\/\" \/>\n<meta property=\"og:locale\" content=\"bs_BA\" \/>\n<meta property=\"og:type\" content=\"article\" \/>\n<meta property=\"og:title\" content=\"Premijer Turske \u010destitao muftiji Kavazovi\u0107u\" \/>\n<meta property=\"og:description\" content=\"BIH, Turska &#8211; Premijer Republike Turske Red\u017eep Tajjip Erdoan danas je razgovarao s muftijom tuzlanskim Huseinom ef. Kavazovi\u0107em i \u010destitao mu izbor za reisu-l-ulemu Islamske zajednice u Bosni i Hercgovini. Premijer Erdoan, u telefonskom razgovoru \u010destitaju\u0107i muftiji Kavazovi\u0107u na izboru za reisu-l-ulemu, naglasio je va\u017enost razvijanja dobrih odnosa izme\u0111u Islamske zajednice u Bosni i Hercegovini [&hellip;]\" \/>\n<meta property=\"og:url\" content=\"https:\/\/sandzakpress.net\/arhiva\/premijer-turske-cestitao-muftiji-kavazovicu\/\" \/>\n<meta property=\"og:site_name\" content=\"Sand\u017eak PRESS\" \/>\n<meta property=\"article:published_time\" content=\"2012-09-27T16:01:52+00:00\" \/>\n<meta property=\"og:image\" content=\"https:\/\/sandzakpress.net\/arhiva\/wp-content\/uploads\/2012\/09\/recep-tayip-erdogan.jpg\" \/>\n\t<meta property=\"og:image:width\" content=\"418\" \/>\n\t<meta property=\"og:image:height\" content=\"270\" \/>\n\t<meta property=\"og:image:type\" content=\"image\/jpeg\" \/>\n<meta name=\"twitter:card\" content=\"summary_large_image\" \/>\n<meta name=\"twitter:label1\" content=\"Written by\" \/>\n\t<meta name=\"twitter:data1\" content=\"\" \/>\n\t<meta name=\"twitter:label2\" content=\"Est. reading time\" \/>\n\t<meta name=\"twitter:data2\" content=\"1 minuta\" \/>\n<script type=\"application\/ld+json\" class=\"yoast-schema-graph\">{\"@context\":\"https:\/\/schema.org\",\"@graph\":[{\"@type\":\"Article\",\"@id\":\"https:\/\/sandzakpress.net\/arhiva\/premijer-turske-cestitao-muftiji-kavazovicu\/#article\",\"isPartOf\":{\"@id\":\"https:\/\/sandzakpress.net\/arhiva\/premijer-turske-cestitao-muftiji-kavazovicu\/\"},\"author\":{\"name\":\"\",\"@id\":\"\"},\"headline\":\"Premijer Turske \u010destitao muftiji Kavazovi\u0107u\",\"datePublished\":\"2012-09-27T16:01:52+00:00\",\"mainEntityOfPage\":{\"@id\":\"https:\/\/sandzakpress.net\/arhiva\/premijer-turske-cestitao-muftiji-kavazovicu\/\"},\"wordCount\":210,\"commentCount\":0,\"publisher\":{\"@id\":\"https:\/\/sandzakpress.net\/arhiva\/#\/schema\/person\/6e72b67d6e51910a1117b3b483ba20bd\"},\"image\":{\"@id\":\"https:\/\/sandzakpress.net\/arhiva\/premijer-turske-cestitao-muftiji-kavazovicu\/#primaryimage\"},\"thumbnailUrl\":\"https:\/\/sandzakpress.net\/arhiva\/wp-content\/uploads\/2012\/09\/recep-tayip-erdogan.jpg\",\"articleSection\":[\"Bosna i Hercegovina\",\"Turska\"],\"inLanguage\":\"bs-BA\",\"potentialAction\":[{\"@type\":\"CommentAction\",\"name\":\"Comment\",\"target\":[\"https:\/\/sandzakpress.net\/arhiva\/premijer-turske-cestitao-muftiji-kavazovicu\/#respond\"]}]},{\"@type\":\"WebPage\",\"@id\":\"https:\/\/sandzakpress.net\/arhiva\/premijer-turske-cestitao-muftiji-kavazovicu\/\",\"url\":\"https:\/\/sandzakpress.net\/arhiva\/premijer-turske-cestitao-muftiji-kavazovicu\/\",\"name\":\"Premijer Turske \u010destitao muftiji Kavazovi\u0107u\",\"isPartOf\":{\"@id\":\"https:\/\/sandzakpress.net\/arhiva\/#website\"},\"primaryImageOfPage\":{\"@id\":\"https:\/\/sandzakpress.net\/arhiva\/premijer-turske-cestitao-muftiji-kavazovicu\/#primaryimage\"},\"image\":{\"@id\":\"https:\/\/sandzakpress.net\/arhiva\/premijer-turske-cestitao-muftiji-kavazovicu\/#primaryimage\"},\"thumbnailUrl\":\"https:\/\/sandzakpress.net\/arhiva\/wp-content\/uploads\/2012\/09\/recep-tayip-erdogan.jpg\",\"datePublished\":\"2012-09-27T16:01:52+00:00\",\"breadcrumb\":{\"@id\":\"https:\/\/sandzakpress.net\/arhiva\/premijer-turske-cestitao-muftiji-kavazovicu\/#breadcrumb\"},\"inLanguage\":\"bs-BA\",\"potentialAction\":[{\"@type\":\"ReadAction\",\"target\":[\"https:\/\/sandzakpress.net\/arhiva\/premijer-turske-cestitao-muftiji-kavazovicu\/\"]}]},{\"@type\":\"ImageObject\",\"inLanguage\":\"bs-BA\",\"@id\":\"https:\/\/sandzakpress.net\/arhiva\/premijer-turske-cestitao-muftiji-kavazovicu\/#primaryimage\",\"url\":\"https:\/\/sandzakpress.net\/arhiva\/wp-content\/uploads\/2012\/09\/recep-tayip-erdogan.jpg\",\"contentUrl\":\"https:\/\/sandzakpress.net\/arhiva\/wp-content\/uploads\/2012\/09\/recep-tayip-erdogan.jpg\",\"width\":418,\"height\":270},{\"@type\":\"BreadcrumbList\",\"@id\":\"https:\/\/sandzakpress.net\/arhiva\/premijer-turske-cestitao-muftiji-kavazovicu\/#breadcrumb\",\"itemListElement\":[{\"@type\":\"ListItem\",\"position\":1,\"name\":\"Home\",\"item\":\"https:\/\/sandzakpress.net\/arhiva\/\"},{\"@type\":\"ListItem\",\"position\":2,\"name\":\"Premijer Turske \u010destitao muftiji Kavazovi\u0107u\"}]},{\"@type\":\"WebSite\",\"@id\":\"https:\/\/sandzakpress.net\/arhiva\/#website\",\"url\":\"https:\/\/sandzakpress.net\/arhiva\/\",\"name\":\"Sand\u017eak PRESS\",\"description\":\"Prve elektronske novine u Sand\u017eaku\",\"publisher\":{\"@id\":\"https:\/\/sandzakpress.net\/arhiva\/#\/schema\/person\/6e72b67d6e51910a1117b3b483ba20bd\"},\"potentialAction\":[{\"@type\":\"SearchAction\",\"target\":{\"@type\":\"EntryPoint\",\"urlTemplate\":\"https:\/\/sandzakpress.net\/arhiva\/?s={search_term_string}\"},\"query-input\":{\"@type\":\"PropertyValueSpecification\",\"valueRequired\":true,\"valueName\":\"search_term_string\"}}],\"inLanguage\":\"bs-BA\"},{\"@type\":[\"Person\",\"Organization\"],\"@id\":\"https:\/\/sandzakpress.net\/arhiva\/#\/schema\/person\/6e72b67d6e51910a1117b3b483ba20bd\",\"name\":\"Kul\",\"image\":{\"@type\":\"ImageObject\",\"inLanguage\":\"bs-BA\",\"@id\":\"https:\/\/sandzakpress.net\/arhiva\/#\/schema\/person\/image\/\",\"url\":\"https:\/\/secure.gravatar.com\/avatar\/42263f39aa27ac04c43cab85c280eb2e?s=96&d=mm&r=pg\",\"contentUrl\":\"https:\/\/secure.gravatar.com\/avatar\/42263f39aa27ac04c43cab85c280eb2e?s=96&d=mm&r=pg\",\"caption\":\"Kul\"},\"logo\":{\"@id\":\"https:\/\/sandzakpress.net\/arhiva\/#\/schema\/person\/image\/\"}},{\"@type\":\"Person\",\"@id\":\"\",\"url\":\"https:\/\/sandzakpress.net\/arhiva\/author\/\"}]}<\/script>\n<!-- \/ Yoast SEO Premium plugin. -->","yoast_head_json":{"title":"Premijer Turske \u010destitao muftiji Kavazovi\u0107u","robots":{"index":"index","follow":"follow","max-snippet":"max-snippet:-1","max-image-preview":"max-image-preview:large","max-video-preview":"max-video-preview:-1"},"canonical":"https:\/\/sandzakpress.net\/arhiva\/premijer-turske-cestitao-muftiji-kavazovicu\/","og_locale":"bs_BA","og_type":"article","og_title":"Premijer Turske \u010destitao muftiji Kavazovi\u0107u","og_description":"BIH, Turska &#8211; Premijer Republike Turske Red\u017eep Tajjip Erdoan danas je razgovarao s muftijom tuzlanskim Huseinom ef. Kavazovi\u0107em i \u010destitao mu izbor za reisu-l-ulemu Islamske zajednice u Bosni i Hercgovini. Premijer Erdoan, u telefonskom razgovoru \u010destitaju\u0107i muftiji Kavazovi\u0107u na izboru za reisu-l-ulemu, naglasio je va\u017enost razvijanja dobrih odnosa izme\u0111u Islamske zajednice u Bosni i Hercegovini [&hellip;]","og_url":"https:\/\/sandzakpress.net\/arhiva\/premijer-turske-cestitao-muftiji-kavazovicu\/","og_site_name":"Sand\u017eak PRESS","article_published_time":"2012-09-27T16:01:52+00:00","og_image":[{"width":418,"height":270,"url":"https:\/\/sandzakpress.net\/arhiva\/wp-content\/uploads\/2012\/09\/recep-tayip-erdogan.jpg","type":"image\/jpeg"}],"twitter_card":"summary_large_image","twitter_misc":{"Written by":"","Est. reading time":"1 minuta"},"schema":{"@context":"https:\/\/schema.org","@graph":[{"@type":"Article","@id":"https:\/\/sandzakpress.net\/arhiva\/premijer-turske-cestitao-muftiji-kavazovicu\/#article","isPartOf":{"@id":"https:\/\/sandzakpress.net\/arhiva\/premijer-turske-cestitao-muftiji-kavazovicu\/"},"author":{"name":"","@id":""},"headline":"Premijer Turske \u010destitao muftiji Kavazovi\u0107u","datePublished":"2012-09-27T16:01:52+00:00","mainEntityOfPage":{"@id":"https:\/\/sandzakpress.net\/arhiva\/premijer-turske-cestitao-muftiji-kavazovicu\/"},"wordCount":210,"commentCount":0,"publisher":{"@id":"https:\/\/sandzakpress.net\/arhiva\/#\/schema\/person\/6e72b67d6e51910a1117b3b483ba20bd"},"image":{"@id":"https:\/\/sandzakpress.net\/arhiva\/premijer-turske-cestitao-muftiji-kavazovicu\/#primaryimage"},"thumbnailUrl":"https:\/\/sandzakpress.net\/arhiva\/wp-content\/uploads\/2012\/09\/recep-tayip-erdogan.jpg","articleSection":["Bosna i Hercegovina","Turska"],"inLanguage":"bs-BA","potentialAction":[{"@type":"CommentAction","name":"Comment","target":["https:\/\/sandzakpress.net\/arhiva\/premijer-turske-cestitao-muftiji-kavazovicu\/#respond"]}]},{"@type":"WebPage","@id":"https:\/\/sandzakpress.net\/arhiva\/premijer-turske-cestitao-muftiji-kavazovicu\/","url":"https:\/\/sandzakpress.net\/arhiva\/premijer-turske-cestitao-muftiji-kavazovicu\/","name":"Premijer Turske \u010destitao muftiji Kavazovi\u0107u","isPartOf":{"@id":"https:\/\/sandzakpress.net\/arhiva\/#website"},"primaryImageOfPage":{"@id":"https:\/\/sandzakpress.net\/arhiva\/premijer-turske-cestitao-muftiji-kavazovicu\/#primaryimage"},"image":{"@id":"https:\/\/sandzakpress.net\/arhiva\/premijer-turske-cestitao-muftiji-kavazovicu\/#primaryimage"},"thumbnailUrl":"https:\/\/sandzakpress.net\/arhiva\/wp-content\/uploads\/2012\/09\/recep-tayip-erdogan.jpg","datePublished":"2012-09-27T16:01:52+00:00","breadcrumb":{"@id":"https:\/\/sandzakpress.net\/arhiva\/premijer-turske-cestitao-muftiji-kavazovicu\/#breadcrumb"},"inLanguage":"bs-BA","potentialAction":[{"@type":"ReadAction","target":["https:\/\/sandzakpress.net\/arhiva\/premijer-turske-cestitao-muftiji-kavazovicu\/"]}]},{"@type":"ImageObject","inLanguage":"bs-BA","@id":"https:\/\/sandzakpress.net\/arhiva\/premijer-turske-cestitao-muftiji-kavazovicu\/#primaryimage","url":"https:\/\/sandzakpress.net\/arhiva\/wp-content\/uploads\/2012\/09\/recep-tayip-erdogan.jpg","contentUrl":"https:\/\/sandzakpress.net\/arhiva\/wp-content\/uploads\/2012\/09\/recep-tayip-erdogan.jpg","width":418,"height":270},{"@type":"BreadcrumbList","@id":"https:\/\/sandzakpress.net\/arhiva\/premijer-turske-cestitao-muftiji-kavazovicu\/#breadcrumb","itemListElement":[{"@type":"ListItem","position":1,"name":"Home","item":"https:\/\/sandzakpress.net\/arhiva\/"},{"@type":"ListItem","position":2,"name":"Premijer Turske \u010destitao muftiji Kavazovi\u0107u"}]},{"@type":"WebSite","@id":"https:\/\/sandzakpress.net\/arhiva\/#website","url":"https:\/\/sandzakpress.net\/arhiva\/","name":"Sand\u017eak PRESS","description":"Prve elektronske novine u Sand\u017eaku","publisher":{"@id":"https:\/\/sandzakpress.net\/arhiva\/#\/schema\/person\/6e72b67d6e51910a1117b3b483ba20bd"},"potentialAction":[{"@type":"SearchAction","target":{"@type":"EntryPoint","urlTemplate":"https:\/\/sandzakpress.net\/arhiva\/?s={search_term_string}"},"query-input":{"@type":"PropertyValueSpecification","valueRequired":true,"valueName":"search_term_string"}}],"inLanguage":"bs-BA"},{"@type":["Person","Organization"],"@id":"https:\/\/sandzakpress.net\/arhiva\/#\/schema\/person\/6e72b67d6e51910a1117b3b483ba20bd","name":"Kul","image":{"@type":"ImageObject","inLanguage":"bs-BA","@id":"https:\/\/sandzakpress.net\/arhiva\/#\/schema\/person\/image\/","url":"https:\/\/secure.gravatar.com\/avatar\/42263f39aa27ac04c43cab85c280eb2e?s=96&d=mm&r=pg","contentUrl":"https:\/\/secure.gravatar.com\/avatar\/42263f39aa27ac04c43cab85c280eb2e?s=96&d=mm&r=pg","caption":"Kul"},"logo":{"@id":"https:\/\/sandzakpress.net\/arhiva\/#\/schema\/person\/image\/"}},{"@type":"Person","@id":"","url":"https:\/\/sandzakpress.net\/arhiva\/author\/"}]}},"_links":{"self":[{"href":"https:\/\/sandzakpress.net\/arhiva\/wp-json\/wp\/v2\/posts\/51699"}],"collection":[{"href":"https:\/\/sandzakpress.net\/arhiva\/wp-json\/wp\/v2\/posts"}],"about":[{"href":"https:\/\/sandzakpress.net\/arhiva\/wp-json\/wp\/v2\/types\/post"}],"author":[{"embeddable":true,"href":"https:\/\/sandzakpress.net\/arhiva\/wp-json\/wp\/v2\/users\/16"}],"replies":[{"embeddable":true,"href":"https:\/\/sandzakpress.net\/arhiva\/wp-json\/wp\/v2\/comments?post=51699"}],"version-history":[{"count":0,"href":"https:\/\/sandzakpress.net\/arhiva\/wp-json\/wp\/v2\/posts\/51699\/revisions"}],"wp:featuredmedia":[{"embeddable":true,"href":"https:\/\/sandzakpress.net\/arhiva\/wp-json\/wp\/v2\/media\/51700"}],"wp:attachment":[{"href":"https:\/\/sandzakpress.net\/arhiva\/wp-json\/wp\/v2\/media?parent=51699"}],"wp:term":[{"taxonomy":"category","embeddable":true,"href":"https:\/\/sandzakpress.net\/arhiva\/wp-json\/wp\/v2\/categories?post=51699"},{"taxonomy":"post_tag","embeddable":true,"href":"https:\/\/sandzakpress.net\/arhiva\/wp-json\/wp\/v2\/tags?post=51699"}],"curies":[{"name":"wp","href":"https:\/\/api.w.org\/{rel}","templated":true}]}}