{"id":51618,"date":"2012-09-26T18:07:13","date_gmt":"2012-09-26T16:07:13","guid":{"rendered":"https:\/\/sandzakpress.net\/arhiva\/?p=51618"},"modified":"2012-09-26T18:15:48","modified_gmt":"2012-09-26T16:15:48","slug":"fetva-haram-ucesce-u-skolskoj-vjeronauci-a-farz-upis-djece-u-mektebe","status":"publish","type":"post","link":"https:\/\/sandzakpress.net\/arhiva\/fetva-haram-ucesce-u-skolskoj-vjeronauci-a-farz-upis-djece-u-mektebe\/","title":{"rendered":"FETVA: &#8216;Haram u\u010de\u0161\u0107e u \u0161kolskoj vjeronauci, a Farz upis djece u mektebe&#8217;"},"content":{"rendered":"<p><strong><a href=\"https:\/\/sandzakpress.net\/arhiva\/wp-content\/uploads\/2012\/09\/logo_2.png\"><img loading=\"lazy\" decoding=\"async\" class=\"alignleft size-full wp-image-51619\" title=\"logo_2\" src=\"https:\/\/sandzakpress.net\/arhiva\/wp-content\/uploads\/2012\/09\/logo_2.png\" alt=\"\" width=\"200\" height=\"149\" \/><\/a>Sjeverni Sand\u017eak &#8211; Polaze\u0107i od \u010dinjenice da je za valjano pou\u010davanje vjeri islamu potrebno da vjerou\u010ditelj ispunjava uslov znanja (kompetencija) i uslov ovla\u0161tenja (emanet), kao i \u010dinjenice da su Ministarstvo vjera, odnosno Komisija za odnose sa vjerskim zajednicama i Ministarstvo prosvjete u potpunosti zanemarile predlo\u017eenu listu vjerou\u010ditelja Me\u0161ihata Islamske zajednice i iz procesa izvo\u0111enja vjerske nastave isklju\u010dili skoro sve vjerou\u010ditelje Islamske zajednice, te da ono \u0161to se danas nudi kao islamska vjeronauka jeste krivovjerstvo i poku\u0161aj vaspitavanja djece da robuju Beogradu i njegovim re\u017eimima, na temelju \u0160eriata i Ustava Islamske zajednice, a po ovla\u0161tenju Glavnog muftije, Vije\u0107e za fetve donosi<\/strong><\/p>\n<h2 style=\"text-align: center;\"><strong>F E T V U<\/strong><\/h2>\n<blockquote><p><span style=\"color: #000000;\"><strong>O POHA\u0110ANJU ISLAMSKE VJERONAUKE U OSNOVNIM I SREDNJIM \u0160KOLAMA R. SRBIJE<\/strong><\/span><\/p>\n<p><span style=\"color: #000000;\">&#8211;\u00a0\u00a0\u00a0\u00a0\u00a0\u00a0\u00a0\u00a0\u00a0<strong><span style=\"color: #ff0000;\">HARAM <\/span>&#8211; zabranjeno je poha\u0111anje islamske vjeronauke kod neovla\u0161tenih i nekompetentnih nastavnika, jer je suprotno islamskim propisima, ciljevima i interesima islama, Islamske zajednice i muslimana.<br \/>\n<\/strong><\/span><\/p>\n<p><span style=\"color: #000000;\">&#8211;\u00a0\u00a0\u00a0\u00a0\u00a0\u00a0\u00a0\u00a0\u00a0<strong><span style=\"color: #008000;\">FARZ <\/span>&#8211; obaveza je svakog roditelja da za\u0161titi svoje dijete od poha\u0111anja vjeronauke iz prvog stava ove fetve.<br \/>\n<\/strong><\/span><\/p>\n<p><span style=\"color: #000000;\">&#8211;\u00a0\u00a0\u00a0\u00a0\u00a0\u00a0\u00a0\u00a0\u00a0<strong><span style=\"color: #008000;\">FARZ <\/span>\u2013 obaveza je svakog roditelja da svom djetetu omogu\u0107i poha\u0111anje islamske vjeronauke u d\u017eamiji ili mektebu.<br \/>\n<\/strong><\/span><\/p>\n<p><span style=\"color: #000000;\">&#8211;\u00a0\u00a0\u00a0\u00a0\u00a0\u00a0\u00a0\u00a0\u00a0<strong>Direktori i nastavnici koji vr\u0161e pritisak na u\u010denike radi poha\u0111anja takve vjeronauke \u010dine zlo, \u010dime se svrstavaju u neprijatelje islama, Islamske zajednice i muslimana. <\/strong><\/span><\/p><\/blockquote>\n<p style=\"text-align: center;\"><strong>O B R A Z L O \u017d E N J E<\/strong><strong> <\/strong><\/p>\n<p>Prisustvom \u010dasovima vjeronauke koju izvode neovla\u0161tena i nekompetentna lica kr\u0161e se odredbe \u0160eriata utemeljene na \u010casnom Kuranu:\u00a0<strong><em>\u201eReci, ne mogu se izjedna\u010diti oni koji znaju i oni koji ne znaju.\u201c<\/em><\/strong> (Ez-Zumer, 9), nanosi se \u0161teta djeci, roditeljima i zajednici, koja se mora otkloniti, u skladu sa rije\u010dima Poslanika a.s<strong>.:<em>\u201eKada se emanet &#8211; odgovorni poslovi povjere onima koji za njih nisu kvalifikovani i kompetentni o\u010dekuj propast svijeta\u201c <\/em><\/strong>i rije\u010dima:<strong> <em>\u201eKada ne bude u\u010denih svijetu \u0107e se ponuditi neznalice, koje \u0107e ljudi pitati, a oni \u0107e odgovarati bez ikakvog znanja, tako \u0107e u propast odvesti i sebe i narod.\u201c<\/em> <\/strong>Zbog svega spomenutog poha\u0111anje takve vjeronauke je \u0161tetno, te se iz tog razloga smatra haramom, tj. zabranjuje.<\/p>\n<p>Shodno pomenutom, islamska vjeronauka se kao projekat, sa stanovi\u0161ta Islamske zajednice, smatra uga\u0161enim od strane re\u017eima, a ono \u0161to se danas nudi kao islamska vjeronauka jeste trovanje djece, krivovjerstvo i ubijanje njihovog dostojanstva, \u0161to u krajnjem ima za cilj asimilaciju i pokr\u0161tavanje djece ili pripremu za novi genocid.<\/p>\n<p>Imaju\u0107i u vidu da je jedna od temeljnih obaveza roditelja da svojoj djeci obezbijede kvalitetno vjersko obrazovanje, te kompetentne i pouzdane vjerou\u010ditelje, u skladu sa kur'anskim imperativom:\u00a0<strong><em>\u201eO vjernici \u010duvajte sebe i svoje porodice od vatre\u201c<\/em><\/strong> i\u00a0<strong><em>\u201eNemojte sami sebe upropa\u0161tavati\u201c<\/em><\/strong>, kao i sa rije\u010dima Poslanika a.s<strong><em>: \u201e Svi ste vi pastiri i svako od vas \u0107e biti odgovoran za svoje stado\u201c<\/em><\/strong>, te rije\u010dima\u00a0<strong><em>\u201eRoditelj ne mo\u017ee ni\u0161ta vrjednije ostaviti svome djetetu od lijepog islamskog odgoja i znanja\u201c,<\/em><\/strong> Islamska zajednica obavje\u0161tava sve pripadnike da \u0107e se, dok se nastale okolnosti ne promijene, islamska vjeronauka odr\u017eavati u d\u017eamijama, a izvodit \u0107e je vjerou\u010ditelji koji su silom istjerani sa svojih radnih mjesta, imami i muallimi.<\/p>\n<p>Pritisak direktora i nastavnika na djecu u cilju poha\u0111anja islamske vjeronauke kod neovla\u0161tenih nastavnika direktno je sau\u010desni\u0161tvo u nametanju krivovjerstva i pomaganje agresije na Islamsku zajednicu i muslimane, \u0161to ih svrstava u red otvorenih neprijatelja islama i muslimana.<\/p>\n<p>Fetva-i-emin<\/p>\n<p><strong>Re\u0161ad ef. Plojovi\u0107 <\/strong><\/p>\n<p><span style=\"text-decoration: underline;\"><strong>Vidi vi\u0161e:<\/strong><\/span><\/p>\n<h2><a href=\"https:\/\/sandzakpress.net\/arhiva\/od-danas-u-skolama-djecu-poducavaju-islamu-zilkicevi-vjeroucitelji\">Od danas u \u0161kolama djecu podu\u010davaju islamu Zilki\u0107evi vjerou\u010ditelji<\/a><\/h2>\n<p>(Me\u0161ihat)<\/p>\n","protected":false},"excerpt":{"rendered":"<p>Sjeverni Sand\u017eak &#8211; Polaze\u0107i od \u010dinjenice da je za valjano pou\u010davanje vjeri islamu potrebno da vjerou\u010ditelj ispunjava uslov znanja (kompetencija) i uslov ovla\u0161tenja (emanet), kao i \u010dinjenice da su Ministarstvo vjera, odnosno Komisija za odnose sa vjerskim zajednicama i Ministarstvo prosvjete u potpunosti zanemarile predlo\u017eenu listu vjerou\u010ditelja Me\u0161ihata Islamske zajednice i iz procesa izvo\u0111enja vjerske [&hellip;]<\/p>\n","protected":false},"author":83,"featured_media":51619,"comment_status":"open","ping_status":"open","sticky":false,"template":"","format":"standard","meta":{"footnotes":""},"categories":[72,52,327,392,393,802,394,8957],"tags":[],"class_list":{"0":"post-51618","1":"post","2":"type-post","3":"status-publish","4":"format-standard","5":"has-post-thumbnail","7":"category-novi-pazar","8":"category-sjenica","9":"category-tutin","10":"category-prijepolje_","11":"category-priboj","12":"category-islamska_zajednica","13":"category-nova-varos","14":"category-vijesti-dana"},"yoast_head":"<!-- This site is optimized with the Yoast SEO Premium plugin v23.1 (Yoast SEO v24.9) - https:\/\/yoast.com\/wordpress\/plugins\/seo\/ -->\n<title>FETVA: &#039;Haram u\u010de\u0161\u0107e u \u0161kolskoj vjeronauci, a Farz upis djece u mektebe&#039;<\/title>\n<meta name=\"robots\" content=\"index, follow, max-snippet:-1, max-image-preview:large, max-video-preview:-1\" \/>\n<link rel=\"canonical\" href=\"https:\/\/sandzakpress.net\/arhiva\/fetva-haram-ucesce-u-skolskoj-vjeronauci-a-farz-upis-djece-u-mektebe\/\" \/>\n<meta property=\"og:locale\" content=\"bs_BA\" \/>\n<meta property=\"og:type\" content=\"article\" \/>\n<meta property=\"og:title\" content=\"FETVA: &#039;Haram u\u010de\u0161\u0107e u \u0161kolskoj vjeronauci, a Farz upis djece u mektebe&#039;\" \/>\n<meta property=\"og:description\" content=\"Sjeverni Sand\u017eak &#8211; Polaze\u0107i od \u010dinjenice da je za valjano pou\u010davanje vjeri islamu potrebno da vjerou\u010ditelj ispunjava uslov znanja (kompetencija) i uslov ovla\u0161tenja (emanet), kao i \u010dinjenice da su Ministarstvo vjera, odnosno Komisija za odnose sa vjerskim zajednicama i Ministarstvo prosvjete u potpunosti zanemarile predlo\u017eenu listu vjerou\u010ditelja Me\u0161ihata Islamske zajednice i iz procesa izvo\u0111enja vjerske [&hellip;]\" \/>\n<meta property=\"og:url\" content=\"https:\/\/sandzakpress.net\/arhiva\/fetva-haram-ucesce-u-skolskoj-vjeronauci-a-farz-upis-djece-u-mektebe\/\" \/>\n<meta property=\"og:site_name\" content=\"Sand\u017eak PRESS\" \/>\n<meta property=\"article:published_time\" content=\"2012-09-26T16:07:13+00:00\" \/>\n<meta property=\"article:modified_time\" content=\"2012-09-26T16:15:48+00:00\" \/>\n<meta property=\"og:image\" content=\"https:\/\/sandzakpress.net\/arhiva\/wp-content\/uploads\/2012\/09\/logo_2.png\" \/>\n\t<meta property=\"og:image:width\" content=\"200\" \/>\n\t<meta property=\"og:image:height\" content=\"149\" \/>\n\t<meta property=\"og:image:type\" content=\"image\/png\" \/>\n<meta name=\"author\" content=\"bosniak\" \/>\n<meta name=\"twitter:card\" content=\"summary_large_image\" \/>\n<meta name=\"twitter:label1\" content=\"Written by\" \/>\n\t<meta name=\"twitter:data1\" content=\"bosniak\" \/>\n\t<meta name=\"twitter:label2\" content=\"Est. reading time\" \/>\n\t<meta name=\"twitter:data2\" content=\"3 minute\" \/>\n<script type=\"application\/ld+json\" class=\"yoast-schema-graph\">{\"@context\":\"https:\/\/schema.org\",\"@graph\":[{\"@type\":\"Article\",\"@id\":\"https:\/\/sandzakpress.net\/arhiva\/fetva-haram-ucesce-u-skolskoj-vjeronauci-a-farz-upis-djece-u-mektebe\/#article\",\"isPartOf\":{\"@id\":\"https:\/\/sandzakpress.net\/arhiva\/fetva-haram-ucesce-u-skolskoj-vjeronauci-a-farz-upis-djece-u-mektebe\/\"},\"author\":{\"name\":\"bosniak\",\"@id\":\"https:\/\/sandzakpress.net\/arhiva\/#\/schema\/person\/c8baee722073534b583ea7bdb2e36c02\"},\"headline\":\"FETVA: &#8216;Haram u\u010de\u0161\u0107e u \u0161kolskoj vjeronauci, a Farz upis djece u mektebe&#8217;\",\"datePublished\":\"2012-09-26T16:07:13+00:00\",\"dateModified\":\"2012-09-26T16:15:48+00:00\",\"mainEntityOfPage\":{\"@id\":\"https:\/\/sandzakpress.net\/arhiva\/fetva-haram-ucesce-u-skolskoj-vjeronauci-a-farz-upis-djece-u-mektebe\/\"},\"wordCount\":618,\"commentCount\":17,\"publisher\":{\"@id\":\"https:\/\/sandzakpress.net\/arhiva\/#\/schema\/person\/6e72b67d6e51910a1117b3b483ba20bd\"},\"image\":{\"@id\":\"https:\/\/sandzakpress.net\/arhiva\/fetva-haram-ucesce-u-skolskoj-vjeronauci-a-farz-upis-djece-u-mektebe\/#primaryimage\"},\"thumbnailUrl\":\"https:\/\/sandzakpress.net\/arhiva\/wp-content\/uploads\/2012\/09\/logo_2.png\",\"articleSection\":[\"Novi Pazar\",\"Sjenica\",\"Tutin\",\"Prijepolje\",\"Priboj\",\"Islamska zajednica\",\"Nova Varo\u0161\",\"VIJESTI DANA\"],\"inLanguage\":\"bs-BA\",\"potentialAction\":[{\"@type\":\"CommentAction\",\"name\":\"Comment\",\"target\":[\"https:\/\/sandzakpress.net\/arhiva\/fetva-haram-ucesce-u-skolskoj-vjeronauci-a-farz-upis-djece-u-mektebe\/#respond\"]}]},{\"@type\":\"WebPage\",\"@id\":\"https:\/\/sandzakpress.net\/arhiva\/fetva-haram-ucesce-u-skolskoj-vjeronauci-a-farz-upis-djece-u-mektebe\/\",\"url\":\"https:\/\/sandzakpress.net\/arhiva\/fetva-haram-ucesce-u-skolskoj-vjeronauci-a-farz-upis-djece-u-mektebe\/\",\"name\":\"FETVA: 'Haram u\u010de\u0161\u0107e u \u0161kolskoj vjeronauci, a Farz upis djece u mektebe'\",\"isPartOf\":{\"@id\":\"https:\/\/sandzakpress.net\/arhiva\/#website\"},\"primaryImageOfPage\":{\"@id\":\"https:\/\/sandzakpress.net\/arhiva\/fetva-haram-ucesce-u-skolskoj-vjeronauci-a-farz-upis-djece-u-mektebe\/#primaryimage\"},\"image\":{\"@id\":\"https:\/\/sandzakpress.net\/arhiva\/fetva-haram-ucesce-u-skolskoj-vjeronauci-a-farz-upis-djece-u-mektebe\/#primaryimage\"},\"thumbnailUrl\":\"https:\/\/sandzakpress.net\/arhiva\/wp-content\/uploads\/2012\/09\/logo_2.png\",\"datePublished\":\"2012-09-26T16:07:13+00:00\",\"dateModified\":\"2012-09-26T16:15:48+00:00\",\"breadcrumb\":{\"@id\":\"https:\/\/sandzakpress.net\/arhiva\/fetva-haram-ucesce-u-skolskoj-vjeronauci-a-farz-upis-djece-u-mektebe\/#breadcrumb\"},\"inLanguage\":\"bs-BA\",\"potentialAction\":[{\"@type\":\"ReadAction\",\"target\":[\"https:\/\/sandzakpress.net\/arhiva\/fetva-haram-ucesce-u-skolskoj-vjeronauci-a-farz-upis-djece-u-mektebe\/\"]}]},{\"@type\":\"ImageObject\",\"inLanguage\":\"bs-BA\",\"@id\":\"https:\/\/sandzakpress.net\/arhiva\/fetva-haram-ucesce-u-skolskoj-vjeronauci-a-farz-upis-djece-u-mektebe\/#primaryimage\",\"url\":\"https:\/\/sandzakpress.net\/arhiva\/wp-content\/uploads\/2012\/09\/logo_2.png\",\"contentUrl\":\"https:\/\/sandzakpress.net\/arhiva\/wp-content\/uploads\/2012\/09\/logo_2.png\",\"width\":200,\"height\":149},{\"@type\":\"BreadcrumbList\",\"@id\":\"https:\/\/sandzakpress.net\/arhiva\/fetva-haram-ucesce-u-skolskoj-vjeronauci-a-farz-upis-djece-u-mektebe\/#breadcrumb\",\"itemListElement\":[{\"@type\":\"ListItem\",\"position\":1,\"name\":\"Home\",\"item\":\"https:\/\/sandzakpress.net\/arhiva\/\"},{\"@type\":\"ListItem\",\"position\":2,\"name\":\"FETVA: &#8216;Haram u\u010de\u0161\u0107e u \u0161kolskoj vjeronauci, a Farz upis djece u mektebe&#8217;\"}]},{\"@type\":\"WebSite\",\"@id\":\"https:\/\/sandzakpress.net\/arhiva\/#website\",\"url\":\"https:\/\/sandzakpress.net\/arhiva\/\",\"name\":\"Sand\u017eak PRESS\",\"description\":\"Prve elektronske novine u Sand\u017eaku\",\"publisher\":{\"@id\":\"https:\/\/sandzakpress.net\/arhiva\/#\/schema\/person\/6e72b67d6e51910a1117b3b483ba20bd\"},\"potentialAction\":[{\"@type\":\"SearchAction\",\"target\":{\"@type\":\"EntryPoint\",\"urlTemplate\":\"https:\/\/sandzakpress.net\/arhiva\/?s={search_term_string}\"},\"query-input\":{\"@type\":\"PropertyValueSpecification\",\"valueRequired\":true,\"valueName\":\"search_term_string\"}}],\"inLanguage\":\"bs-BA\"},{\"@type\":[\"Person\",\"Organization\"],\"@id\":\"https:\/\/sandzakpress.net\/arhiva\/#\/schema\/person\/6e72b67d6e51910a1117b3b483ba20bd\",\"name\":\"Kul\",\"image\":{\"@type\":\"ImageObject\",\"inLanguage\":\"bs-BA\",\"@id\":\"https:\/\/sandzakpress.net\/arhiva\/#\/schema\/person\/image\/\",\"url\":\"https:\/\/secure.gravatar.com\/avatar\/42263f39aa27ac04c43cab85c280eb2e?s=96&d=mm&r=pg\",\"contentUrl\":\"https:\/\/secure.gravatar.com\/avatar\/42263f39aa27ac04c43cab85c280eb2e?s=96&d=mm&r=pg\",\"caption\":\"Kul\"},\"logo\":{\"@id\":\"https:\/\/sandzakpress.net\/arhiva\/#\/schema\/person\/image\/\"}},{\"@type\":\"Person\",\"@id\":\"https:\/\/sandzakpress.net\/arhiva\/#\/schema\/person\/c8baee722073534b583ea7bdb2e36c02\",\"name\":\"bosniak\",\"image\":{\"@type\":\"ImageObject\",\"inLanguage\":\"bs-BA\",\"@id\":\"https:\/\/sandzakpress.net\/arhiva\/#\/schema\/person\/image\/\",\"url\":\"https:\/\/secure.gravatar.com\/avatar\/a04fd330bfe3a36a72a0ad4a6d89fca7?s=96&d=mm&r=pg\",\"contentUrl\":\"https:\/\/secure.gravatar.com\/avatar\/a04fd330bfe3a36a72a0ad4a6d89fca7?s=96&d=mm&r=pg\",\"caption\":\"bosniak\"},\"url\":\"https:\/\/sandzakpress.net\/arhiva\/author\/bosniak\/\"}]}<\/script>\n<!-- \/ Yoast SEO Premium plugin. -->","yoast_head_json":{"title":"FETVA: 'Haram u\u010de\u0161\u0107e u \u0161kolskoj vjeronauci, a Farz upis djece u mektebe'","robots":{"index":"index","follow":"follow","max-snippet":"max-snippet:-1","max-image-preview":"max-image-preview:large","max-video-preview":"max-video-preview:-1"},"canonical":"https:\/\/sandzakpress.net\/arhiva\/fetva-haram-ucesce-u-skolskoj-vjeronauci-a-farz-upis-djece-u-mektebe\/","og_locale":"bs_BA","og_type":"article","og_title":"FETVA: 'Haram u\u010de\u0161\u0107e u \u0161kolskoj vjeronauci, a Farz upis djece u mektebe'","og_description":"Sjeverni Sand\u017eak &#8211; Polaze\u0107i od \u010dinjenice da je za valjano pou\u010davanje vjeri islamu potrebno da vjerou\u010ditelj ispunjava uslov znanja (kompetencija) i uslov ovla\u0161tenja (emanet), kao i \u010dinjenice da su Ministarstvo vjera, odnosno Komisija za odnose sa vjerskim zajednicama i Ministarstvo prosvjete u potpunosti zanemarile predlo\u017eenu listu vjerou\u010ditelja Me\u0161ihata Islamske zajednice i iz procesa izvo\u0111enja vjerske [&hellip;]","og_url":"https:\/\/sandzakpress.net\/arhiva\/fetva-haram-ucesce-u-skolskoj-vjeronauci-a-farz-upis-djece-u-mektebe\/","og_site_name":"Sand\u017eak PRESS","article_published_time":"2012-09-26T16:07:13+00:00","article_modified_time":"2012-09-26T16:15:48+00:00","og_image":[{"width":200,"height":149,"url":"https:\/\/sandzakpress.net\/arhiva\/wp-content\/uploads\/2012\/09\/logo_2.png","type":"image\/png"}],"author":"bosniak","twitter_card":"summary_large_image","twitter_misc":{"Written by":"bosniak","Est. reading time":"3 minute"},"schema":{"@context":"https:\/\/schema.org","@graph":[{"@type":"Article","@id":"https:\/\/sandzakpress.net\/arhiva\/fetva-haram-ucesce-u-skolskoj-vjeronauci-a-farz-upis-djece-u-mektebe\/#article","isPartOf":{"@id":"https:\/\/sandzakpress.net\/arhiva\/fetva-haram-ucesce-u-skolskoj-vjeronauci-a-farz-upis-djece-u-mektebe\/"},"author":{"name":"bosniak","@id":"https:\/\/sandzakpress.net\/arhiva\/#\/schema\/person\/c8baee722073534b583ea7bdb2e36c02"},"headline":"FETVA: &#8216;Haram u\u010de\u0161\u0107e u \u0161kolskoj vjeronauci, a Farz upis djece u mektebe&#8217;","datePublished":"2012-09-26T16:07:13+00:00","dateModified":"2012-09-26T16:15:48+00:00","mainEntityOfPage":{"@id":"https:\/\/sandzakpress.net\/arhiva\/fetva-haram-ucesce-u-skolskoj-vjeronauci-a-farz-upis-djece-u-mektebe\/"},"wordCount":618,"commentCount":17,"publisher":{"@id":"https:\/\/sandzakpress.net\/arhiva\/#\/schema\/person\/6e72b67d6e51910a1117b3b483ba20bd"},"image":{"@id":"https:\/\/sandzakpress.net\/arhiva\/fetva-haram-ucesce-u-skolskoj-vjeronauci-a-farz-upis-djece-u-mektebe\/#primaryimage"},"thumbnailUrl":"https:\/\/sandzakpress.net\/arhiva\/wp-content\/uploads\/2012\/09\/logo_2.png","articleSection":["Novi Pazar","Sjenica","Tutin","Prijepolje","Priboj","Islamska zajednica","Nova Varo\u0161","VIJESTI DANA"],"inLanguage":"bs-BA","potentialAction":[{"@type":"CommentAction","name":"Comment","target":["https:\/\/sandzakpress.net\/arhiva\/fetva-haram-ucesce-u-skolskoj-vjeronauci-a-farz-upis-djece-u-mektebe\/#respond"]}]},{"@type":"WebPage","@id":"https:\/\/sandzakpress.net\/arhiva\/fetva-haram-ucesce-u-skolskoj-vjeronauci-a-farz-upis-djece-u-mektebe\/","url":"https:\/\/sandzakpress.net\/arhiva\/fetva-haram-ucesce-u-skolskoj-vjeronauci-a-farz-upis-djece-u-mektebe\/","name":"FETVA: 'Haram u\u010de\u0161\u0107e u \u0161kolskoj vjeronauci, a Farz upis djece u mektebe'","isPartOf":{"@id":"https:\/\/sandzakpress.net\/arhiva\/#website"},"primaryImageOfPage":{"@id":"https:\/\/sandzakpress.net\/arhiva\/fetva-haram-ucesce-u-skolskoj-vjeronauci-a-farz-upis-djece-u-mektebe\/#primaryimage"},"image":{"@id":"https:\/\/sandzakpress.net\/arhiva\/fetva-haram-ucesce-u-skolskoj-vjeronauci-a-farz-upis-djece-u-mektebe\/#primaryimage"},"thumbnailUrl":"https:\/\/sandzakpress.net\/arhiva\/wp-content\/uploads\/2012\/09\/logo_2.png","datePublished":"2012-09-26T16:07:13+00:00","dateModified":"2012-09-26T16:15:48+00:00","breadcrumb":{"@id":"https:\/\/sandzakpress.net\/arhiva\/fetva-haram-ucesce-u-skolskoj-vjeronauci-a-farz-upis-djece-u-mektebe\/#breadcrumb"},"inLanguage":"bs-BA","potentialAction":[{"@type":"ReadAction","target":["https:\/\/sandzakpress.net\/arhiva\/fetva-haram-ucesce-u-skolskoj-vjeronauci-a-farz-upis-djece-u-mektebe\/"]}]},{"@type":"ImageObject","inLanguage":"bs-BA","@id":"https:\/\/sandzakpress.net\/arhiva\/fetva-haram-ucesce-u-skolskoj-vjeronauci-a-farz-upis-djece-u-mektebe\/#primaryimage","url":"https:\/\/sandzakpress.net\/arhiva\/wp-content\/uploads\/2012\/09\/logo_2.png","contentUrl":"https:\/\/sandzakpress.net\/arhiva\/wp-content\/uploads\/2012\/09\/logo_2.png","width":200,"height":149},{"@type":"BreadcrumbList","@id":"https:\/\/sandzakpress.net\/arhiva\/fetva-haram-ucesce-u-skolskoj-vjeronauci-a-farz-upis-djece-u-mektebe\/#breadcrumb","itemListElement":[{"@type":"ListItem","position":1,"name":"Home","item":"https:\/\/sandzakpress.net\/arhiva\/"},{"@type":"ListItem","position":2,"name":"FETVA: &#8216;Haram u\u010de\u0161\u0107e u \u0161kolskoj vjeronauci, a Farz upis djece u mektebe&#8217;"}]},{"@type":"WebSite","@id":"https:\/\/sandzakpress.net\/arhiva\/#website","url":"https:\/\/sandzakpress.net\/arhiva\/","name":"Sand\u017eak PRESS","description":"Prve elektronske novine u Sand\u017eaku","publisher":{"@id":"https:\/\/sandzakpress.net\/arhiva\/#\/schema\/person\/6e72b67d6e51910a1117b3b483ba20bd"},"potentialAction":[{"@type":"SearchAction","target":{"@type":"EntryPoint","urlTemplate":"https:\/\/sandzakpress.net\/arhiva\/?s={search_term_string}"},"query-input":{"@type":"PropertyValueSpecification","valueRequired":true,"valueName":"search_term_string"}}],"inLanguage":"bs-BA"},{"@type":["Person","Organization"],"@id":"https:\/\/sandzakpress.net\/arhiva\/#\/schema\/person\/6e72b67d6e51910a1117b3b483ba20bd","name":"Kul","image":{"@type":"ImageObject","inLanguage":"bs-BA","@id":"https:\/\/sandzakpress.net\/arhiva\/#\/schema\/person\/image\/","url":"https:\/\/secure.gravatar.com\/avatar\/42263f39aa27ac04c43cab85c280eb2e?s=96&d=mm&r=pg","contentUrl":"https:\/\/secure.gravatar.com\/avatar\/42263f39aa27ac04c43cab85c280eb2e?s=96&d=mm&r=pg","caption":"Kul"},"logo":{"@id":"https:\/\/sandzakpress.net\/arhiva\/#\/schema\/person\/image\/"}},{"@type":"Person","@id":"https:\/\/sandzakpress.net\/arhiva\/#\/schema\/person\/c8baee722073534b583ea7bdb2e36c02","name":"bosniak","image":{"@type":"ImageObject","inLanguage":"bs-BA","@id":"https:\/\/sandzakpress.net\/arhiva\/#\/schema\/person\/image\/","url":"https:\/\/secure.gravatar.com\/avatar\/a04fd330bfe3a36a72a0ad4a6d89fca7?s=96&d=mm&r=pg","contentUrl":"https:\/\/secure.gravatar.com\/avatar\/a04fd330bfe3a36a72a0ad4a6d89fca7?s=96&d=mm&r=pg","caption":"bosniak"},"url":"https:\/\/sandzakpress.net\/arhiva\/author\/bosniak\/"}]}},"_links":{"self":[{"href":"https:\/\/sandzakpress.net\/arhiva\/wp-json\/wp\/v2\/posts\/51618"}],"collection":[{"href":"https:\/\/sandzakpress.net\/arhiva\/wp-json\/wp\/v2\/posts"}],"about":[{"href":"https:\/\/sandzakpress.net\/arhiva\/wp-json\/wp\/v2\/types\/post"}],"author":[{"embeddable":true,"href":"https:\/\/sandzakpress.net\/arhiva\/wp-json\/wp\/v2\/users\/83"}],"replies":[{"embeddable":true,"href":"https:\/\/sandzakpress.net\/arhiva\/wp-json\/wp\/v2\/comments?post=51618"}],"version-history":[{"count":0,"href":"https:\/\/sandzakpress.net\/arhiva\/wp-json\/wp\/v2\/posts\/51618\/revisions"}],"wp:featuredmedia":[{"embeddable":true,"href":"https:\/\/sandzakpress.net\/arhiva\/wp-json\/wp\/v2\/media\/51619"}],"wp:attachment":[{"href":"https:\/\/sandzakpress.net\/arhiva\/wp-json\/wp\/v2\/media?parent=51618"}],"wp:term":[{"taxonomy":"category","embeddable":true,"href":"https:\/\/sandzakpress.net\/arhiva\/wp-json\/wp\/v2\/categories?post=51618"},{"taxonomy":"post_tag","embeddable":true,"href":"https:\/\/sandzakpress.net\/arhiva\/wp-json\/wp\/v2\/tags?post=51618"}],"curies":[{"name":"wp","href":"https:\/\/api.w.org\/{rel}","templated":true}]}}