{"id":51614,"date":"2012-09-26T17:53:00","date_gmt":"2012-09-26T15:53:00","guid":{"rendered":"https:\/\/sandzakpress.net\/arhiva\/?p=51614"},"modified":"2012-09-26T17:53:00","modified_gmt":"2012-09-26T15:53:00","slug":"izasao-novi-broj-magazina-%e2%80%9cpan-bosnjak%e2%80%9d-2","status":"publish","type":"post","link":"https:\/\/sandzakpress.net\/arhiva\/izasao-novi-broj-magazina-%e2%80%9cpan-bosnjak%e2%80%9d-2\/","title":{"rendered":"Iza\u0161ao novi broj magazina \u201cPan Bo\u0161njak\u201d"},"content":{"rendered":"<p><strong><a href=\"https:\/\/sandzakpress.net\/arhiva\/wp-content\/uploads\/2012\/09\/viewer.png\"><img loading=\"lazy\" decoding=\"async\" class=\"alignleft size-medium wp-image-51615\" title=\"viewer\" src=\"https:\/\/sandzakpress.net\/arhiva\/wp-content\/uploads\/2012\/09\/viewer-227x300.png\" alt=\"\" width=\"227\" height=\"300\" \/><\/a>BiH &#8211; Iz \u0161tampe je iza\u0161ao novi broj \u010dasopisa \u201ePan Bo\u0161njak\u201d. \u010casopis \u201ePan Bo\u0161njak\u201d je svebo\u0161nja\u010dki nacionalni mjese\u010dnik koji\u00a0 se bavi dru\u0161tvenim i politi\u010dkim temama, te geopoliti\u010dkim i strategijskim istra\u017eivanjima.<\/strong><\/p>\n<p>U novom broju lista Pan Bo\u0161njak izmedju ostalog \u010ditajte :<\/p>\n<p>Na naslovnoj strani lista . Ko su \u010dlanovi Masonijske lo\u017ee \u201d Ivo Andri\u0107 u Sarajevu\u201d.<\/p>\n<p>Bo\u0161njak nije mogao braniti boje Jugoslavije na olimpijadi u Rimu.<\/p>\n<p>Muftija Zukorli\u0107 \u201d Nisu uspjeli da me pokolebaju \u201d<\/p>\n<p>Pan Bo\u0161njak prvi objavljuje imena lo\u017ea i imena klju\u010dnih masona u Bosni i Hercegovini. Ko su masoni u vrhu vlasti?<\/p>\n<p>Pored brojnih i zanimljivih tema \u010ditajte i:<\/p>\n<p>Rije\u010di neprijatelja i \u0161utnja prijatelja- pi\u0161e akademik Ferid Muhi\u0107<br \/>\nOvaj magazin je namijenjen Bo\u0161njacima Bosne i Hercegovine, Sand\u017eaka i Dijaspore, a u izdanju Bo\u0161nja\u010dke kulturne zajednice \u0161tampa se u Novom Pazaru i New Yorku.<\/p>\n<p>A. \u0160aboti\u0107<\/p>\n<p>(Sand\u017eak TV)<\/p>\n","protected":false},"excerpt":{"rendered":"<p>BiH &#8211; Iz \u0161tampe je iza\u0161ao novi broj \u010dasopisa \u201ePan Bo\u0161njak\u201d. \u010casopis \u201ePan Bo\u0161njak\u201d je svebo\u0161nja\u010dki nacionalni mjese\u010dnik koji\u00a0 se bavi dru\u0161tvenim i politi\u010dkim temama, te geopoliti\u010dkim i strategijskim istra\u017eivanjima. U novom broju lista Pan Bo\u0161njak izmedju ostalog \u010ditajte : Na naslovnoj strani lista . Ko su \u010dlanovi Masonijske lo\u017ee \u201d Ivo Andri\u0107 u Sarajevu\u201d. [&hellip;]<\/p>\n","protected":false},"author":83,"featured_media":51615,"comment_status":"open","ping_status":"open","sticky":false,"template":"","format":"standard","meta":{"footnotes":""},"categories":[800,2860,8957],"tags":[],"class_list":{"0":"post-51614","1":"post","2":"type-post","3":"status-publish","4":"format-standard","5":"has-post-thumbnail","7":"category-nacija","8":"category-bosna-i-hercegovina-gradovi","9":"category-vijesti-dana"},"yoast_head":"<!-- This site is optimized with the Yoast SEO Premium plugin v23.1 (Yoast SEO v24.9) - https:\/\/yoast.com\/wordpress\/plugins\/seo\/ -->\n<title>Iza\u0161ao novi broj magazina \u201cPan Bo\u0161njak\u201d<\/title>\n<meta name=\"robots\" content=\"index, follow, max-snippet:-1, max-image-preview:large, max-video-preview:-1\" \/>\n<link rel=\"canonical\" href=\"https:\/\/sandzakpress.net\/arhiva\/izasao-novi-broj-magazina-\u201cpan-bosnjak\u201d-2\/\" \/>\n<meta property=\"og:locale\" content=\"bs_BA\" \/>\n<meta property=\"og:type\" content=\"article\" \/>\n<meta property=\"og:title\" content=\"Iza\u0161ao novi broj magazina \u201cPan Bo\u0161njak\u201d\" \/>\n<meta property=\"og:description\" content=\"BiH &#8211; Iz \u0161tampe je iza\u0161ao novi broj \u010dasopisa \u201ePan Bo\u0161njak\u201d. \u010casopis \u201ePan Bo\u0161njak\u201d je svebo\u0161nja\u010dki nacionalni mjese\u010dnik koji\u00a0 se bavi dru\u0161tvenim i politi\u010dkim temama, te geopoliti\u010dkim i strategijskim istra\u017eivanjima. U novom broju lista Pan Bo\u0161njak izmedju ostalog \u010ditajte : Na naslovnoj strani lista . Ko su \u010dlanovi Masonijske lo\u017ee \u201d Ivo Andri\u0107 u Sarajevu\u201d. [&hellip;]\" \/>\n<meta property=\"og:url\" content=\"https:\/\/sandzakpress.net\/arhiva\/izasao-novi-broj-magazina-\u201cpan-bosnjak\u201d-2\/\" \/>\n<meta property=\"og:site_name\" content=\"Sand\u017eak PRESS\" \/>\n<meta property=\"article:published_time\" content=\"2012-09-26T15:53:00+00:00\" \/>\n<meta property=\"og:image\" content=\"https:\/\/sandzakpress.net\/arhiva\/wp-content\/uploads\/2012\/09\/viewer.png\" \/>\n\t<meta property=\"og:image:width\" content=\"793\" \/>\n\t<meta property=\"og:image:height\" content=\"1046\" \/>\n\t<meta property=\"og:image:type\" content=\"image\/png\" \/>\n<meta name=\"author\" content=\"bosniak\" \/>\n<meta name=\"twitter:card\" content=\"summary_large_image\" \/>\n<meta name=\"twitter:label1\" content=\"Written by\" \/>\n\t<meta name=\"twitter:data1\" content=\"bosniak\" \/>\n\t<meta name=\"twitter:label2\" content=\"Est. reading time\" \/>\n\t<meta name=\"twitter:data2\" content=\"1 minuta\" \/>\n<script type=\"application\/ld+json\" class=\"yoast-schema-graph\">{\"@context\":\"https:\/\/schema.org\",\"@graph\":[{\"@type\":\"Article\",\"@id\":\"https:\/\/sandzakpress.net\/arhiva\/izasao-novi-broj-magazina-%e2%80%9cpan-bosnjak%e2%80%9d-2\/#article\",\"isPartOf\":{\"@id\":\"https:\/\/sandzakpress.net\/arhiva\/izasao-novi-broj-magazina-%e2%80%9cpan-bosnjak%e2%80%9d-2\/\"},\"author\":{\"name\":\"bosniak\",\"@id\":\"https:\/\/sandzakpress.net\/arhiva\/#\/schema\/person\/c8baee722073534b583ea7bdb2e36c02\"},\"headline\":\"Iza\u0161ao novi broj magazina \u201cPan Bo\u0161njak\u201d\",\"datePublished\":\"2012-09-26T15:53:00+00:00\",\"mainEntityOfPage\":{\"@id\":\"https:\/\/sandzakpress.net\/arhiva\/izasao-novi-broj-magazina-%e2%80%9cpan-bosnjak%e2%80%9d-2\/\"},\"wordCount\":165,\"commentCount\":5,\"publisher\":{\"@id\":\"https:\/\/sandzakpress.net\/arhiva\/#\/schema\/person\/6e72b67d6e51910a1117b3b483ba20bd\"},\"image\":{\"@id\":\"https:\/\/sandzakpress.net\/arhiva\/izasao-novi-broj-magazina-%e2%80%9cpan-bosnjak%e2%80%9d-2\/#primaryimage\"},\"thumbnailUrl\":\"https:\/\/sandzakpress.net\/arhiva\/wp-content\/uploads\/2012\/09\/viewer.png\",\"articleSection\":[\"Nacija\",\"Bosna i Hercegovina\",\"VIJESTI DANA\"],\"inLanguage\":\"bs-BA\",\"potentialAction\":[{\"@type\":\"CommentAction\",\"name\":\"Comment\",\"target\":[\"https:\/\/sandzakpress.net\/arhiva\/izasao-novi-broj-magazina-%e2%80%9cpan-bosnjak%e2%80%9d-2\/#respond\"]}]},{\"@type\":\"WebPage\",\"@id\":\"https:\/\/sandzakpress.net\/arhiva\/izasao-novi-broj-magazina-%e2%80%9cpan-bosnjak%e2%80%9d-2\/\",\"url\":\"https:\/\/sandzakpress.net\/arhiva\/izasao-novi-broj-magazina-%e2%80%9cpan-bosnjak%e2%80%9d-2\/\",\"name\":\"Iza\u0161ao novi broj magazina \u201cPan Bo\u0161njak\u201d\",\"isPartOf\":{\"@id\":\"https:\/\/sandzakpress.net\/arhiva\/#website\"},\"primaryImageOfPage\":{\"@id\":\"https:\/\/sandzakpress.net\/arhiva\/izasao-novi-broj-magazina-%e2%80%9cpan-bosnjak%e2%80%9d-2\/#primaryimage\"},\"image\":{\"@id\":\"https:\/\/sandzakpress.net\/arhiva\/izasao-novi-broj-magazina-%e2%80%9cpan-bosnjak%e2%80%9d-2\/#primaryimage\"},\"thumbnailUrl\":\"https:\/\/sandzakpress.net\/arhiva\/wp-content\/uploads\/2012\/09\/viewer.png\",\"datePublished\":\"2012-09-26T15:53:00+00:00\",\"breadcrumb\":{\"@id\":\"https:\/\/sandzakpress.net\/arhiva\/izasao-novi-broj-magazina-%e2%80%9cpan-bosnjak%e2%80%9d-2\/#breadcrumb\"},\"inLanguage\":\"bs-BA\",\"potentialAction\":[{\"@type\":\"ReadAction\",\"target\":[\"https:\/\/sandzakpress.net\/arhiva\/izasao-novi-broj-magazina-%e2%80%9cpan-bosnjak%e2%80%9d-2\/\"]}]},{\"@type\":\"ImageObject\",\"inLanguage\":\"bs-BA\",\"@id\":\"https:\/\/sandzakpress.net\/arhiva\/izasao-novi-broj-magazina-%e2%80%9cpan-bosnjak%e2%80%9d-2\/#primaryimage\",\"url\":\"https:\/\/sandzakpress.net\/arhiva\/wp-content\/uploads\/2012\/09\/viewer.png\",\"contentUrl\":\"https:\/\/sandzakpress.net\/arhiva\/wp-content\/uploads\/2012\/09\/viewer.png\",\"width\":793,\"height\":1046},{\"@type\":\"BreadcrumbList\",\"@id\":\"https:\/\/sandzakpress.net\/arhiva\/izasao-novi-broj-magazina-%e2%80%9cpan-bosnjak%e2%80%9d-2\/#breadcrumb\",\"itemListElement\":[{\"@type\":\"ListItem\",\"position\":1,\"name\":\"Home\",\"item\":\"https:\/\/sandzakpress.net\/arhiva\/\"},{\"@type\":\"ListItem\",\"position\":2,\"name\":\"Iza\u0161ao novi broj magazina \u201cPan Bo\u0161njak\u201d\"}]},{\"@type\":\"WebSite\",\"@id\":\"https:\/\/sandzakpress.net\/arhiva\/#website\",\"url\":\"https:\/\/sandzakpress.net\/arhiva\/\",\"name\":\"Sand\u017eak PRESS\",\"description\":\"Prve elektronske novine u Sand\u017eaku\",\"publisher\":{\"@id\":\"https:\/\/sandzakpress.net\/arhiva\/#\/schema\/person\/6e72b67d6e51910a1117b3b483ba20bd\"},\"potentialAction\":[{\"@type\":\"SearchAction\",\"target\":{\"@type\":\"EntryPoint\",\"urlTemplate\":\"https:\/\/sandzakpress.net\/arhiva\/?s={search_term_string}\"},\"query-input\":{\"@type\":\"PropertyValueSpecification\",\"valueRequired\":true,\"valueName\":\"search_term_string\"}}],\"inLanguage\":\"bs-BA\"},{\"@type\":[\"Person\",\"Organization\"],\"@id\":\"https:\/\/sandzakpress.net\/arhiva\/#\/schema\/person\/6e72b67d6e51910a1117b3b483ba20bd\",\"name\":\"Kul\",\"image\":{\"@type\":\"ImageObject\",\"inLanguage\":\"bs-BA\",\"@id\":\"https:\/\/sandzakpress.net\/arhiva\/#\/schema\/person\/image\/\",\"url\":\"https:\/\/secure.gravatar.com\/avatar\/42263f39aa27ac04c43cab85c280eb2e?s=96&d=mm&r=pg\",\"contentUrl\":\"https:\/\/secure.gravatar.com\/avatar\/42263f39aa27ac04c43cab85c280eb2e?s=96&d=mm&r=pg\",\"caption\":\"Kul\"},\"logo\":{\"@id\":\"https:\/\/sandzakpress.net\/arhiva\/#\/schema\/person\/image\/\"}},{\"@type\":\"Person\",\"@id\":\"https:\/\/sandzakpress.net\/arhiva\/#\/schema\/person\/c8baee722073534b583ea7bdb2e36c02\",\"name\":\"bosniak\",\"image\":{\"@type\":\"ImageObject\",\"inLanguage\":\"bs-BA\",\"@id\":\"https:\/\/sandzakpress.net\/arhiva\/#\/schema\/person\/image\/\",\"url\":\"https:\/\/secure.gravatar.com\/avatar\/a04fd330bfe3a36a72a0ad4a6d89fca7?s=96&d=mm&r=pg\",\"contentUrl\":\"https:\/\/secure.gravatar.com\/avatar\/a04fd330bfe3a36a72a0ad4a6d89fca7?s=96&d=mm&r=pg\",\"caption\":\"bosniak\"},\"url\":\"https:\/\/sandzakpress.net\/arhiva\/author\/bosniak\/\"}]}<\/script>\n<!-- \/ Yoast SEO Premium plugin. -->","yoast_head_json":{"title":"Iza\u0161ao novi broj magazina \u201cPan Bo\u0161njak\u201d","robots":{"index":"index","follow":"follow","max-snippet":"max-snippet:-1","max-image-preview":"max-image-preview:large","max-video-preview":"max-video-preview:-1"},"canonical":"https:\/\/sandzakpress.net\/arhiva\/izasao-novi-broj-magazina-\u201cpan-bosnjak\u201d-2\/","og_locale":"bs_BA","og_type":"article","og_title":"Iza\u0161ao novi broj magazina \u201cPan Bo\u0161njak\u201d","og_description":"BiH &#8211; Iz \u0161tampe je iza\u0161ao novi broj \u010dasopisa \u201ePan Bo\u0161njak\u201d. \u010casopis \u201ePan Bo\u0161njak\u201d je svebo\u0161nja\u010dki nacionalni mjese\u010dnik koji\u00a0 se bavi dru\u0161tvenim i politi\u010dkim temama, te geopoliti\u010dkim i strategijskim istra\u017eivanjima. U novom broju lista Pan Bo\u0161njak izmedju ostalog \u010ditajte : Na naslovnoj strani lista . Ko su \u010dlanovi Masonijske lo\u017ee \u201d Ivo Andri\u0107 u Sarajevu\u201d. [&hellip;]","og_url":"https:\/\/sandzakpress.net\/arhiva\/izasao-novi-broj-magazina-\u201cpan-bosnjak\u201d-2\/","og_site_name":"Sand\u017eak PRESS","article_published_time":"2012-09-26T15:53:00+00:00","og_image":[{"width":793,"height":1046,"url":"https:\/\/sandzakpress.net\/arhiva\/wp-content\/uploads\/2012\/09\/viewer.png","type":"image\/png"}],"author":"bosniak","twitter_card":"summary_large_image","twitter_misc":{"Written by":"bosniak","Est. reading time":"1 minuta"},"schema":{"@context":"https:\/\/schema.org","@graph":[{"@type":"Article","@id":"https:\/\/sandzakpress.net\/arhiva\/izasao-novi-broj-magazina-%e2%80%9cpan-bosnjak%e2%80%9d-2\/#article","isPartOf":{"@id":"https:\/\/sandzakpress.net\/arhiva\/izasao-novi-broj-magazina-%e2%80%9cpan-bosnjak%e2%80%9d-2\/"},"author":{"name":"bosniak","@id":"https:\/\/sandzakpress.net\/arhiva\/#\/schema\/person\/c8baee722073534b583ea7bdb2e36c02"},"headline":"Iza\u0161ao novi broj magazina \u201cPan Bo\u0161njak\u201d","datePublished":"2012-09-26T15:53:00+00:00","mainEntityOfPage":{"@id":"https:\/\/sandzakpress.net\/arhiva\/izasao-novi-broj-magazina-%e2%80%9cpan-bosnjak%e2%80%9d-2\/"},"wordCount":165,"commentCount":5,"publisher":{"@id":"https:\/\/sandzakpress.net\/arhiva\/#\/schema\/person\/6e72b67d6e51910a1117b3b483ba20bd"},"image":{"@id":"https:\/\/sandzakpress.net\/arhiva\/izasao-novi-broj-magazina-%e2%80%9cpan-bosnjak%e2%80%9d-2\/#primaryimage"},"thumbnailUrl":"https:\/\/sandzakpress.net\/arhiva\/wp-content\/uploads\/2012\/09\/viewer.png","articleSection":["Nacija","Bosna i Hercegovina","VIJESTI DANA"],"inLanguage":"bs-BA","potentialAction":[{"@type":"CommentAction","name":"Comment","target":["https:\/\/sandzakpress.net\/arhiva\/izasao-novi-broj-magazina-%e2%80%9cpan-bosnjak%e2%80%9d-2\/#respond"]}]},{"@type":"WebPage","@id":"https:\/\/sandzakpress.net\/arhiva\/izasao-novi-broj-magazina-%e2%80%9cpan-bosnjak%e2%80%9d-2\/","url":"https:\/\/sandzakpress.net\/arhiva\/izasao-novi-broj-magazina-%e2%80%9cpan-bosnjak%e2%80%9d-2\/","name":"Iza\u0161ao novi broj magazina \u201cPan Bo\u0161njak\u201d","isPartOf":{"@id":"https:\/\/sandzakpress.net\/arhiva\/#website"},"primaryImageOfPage":{"@id":"https:\/\/sandzakpress.net\/arhiva\/izasao-novi-broj-magazina-%e2%80%9cpan-bosnjak%e2%80%9d-2\/#primaryimage"},"image":{"@id":"https:\/\/sandzakpress.net\/arhiva\/izasao-novi-broj-magazina-%e2%80%9cpan-bosnjak%e2%80%9d-2\/#primaryimage"},"thumbnailUrl":"https:\/\/sandzakpress.net\/arhiva\/wp-content\/uploads\/2012\/09\/viewer.png","datePublished":"2012-09-26T15:53:00+00:00","breadcrumb":{"@id":"https:\/\/sandzakpress.net\/arhiva\/izasao-novi-broj-magazina-%e2%80%9cpan-bosnjak%e2%80%9d-2\/#breadcrumb"},"inLanguage":"bs-BA","potentialAction":[{"@type":"ReadAction","target":["https:\/\/sandzakpress.net\/arhiva\/izasao-novi-broj-magazina-%e2%80%9cpan-bosnjak%e2%80%9d-2\/"]}]},{"@type":"ImageObject","inLanguage":"bs-BA","@id":"https:\/\/sandzakpress.net\/arhiva\/izasao-novi-broj-magazina-%e2%80%9cpan-bosnjak%e2%80%9d-2\/#primaryimage","url":"https:\/\/sandzakpress.net\/arhiva\/wp-content\/uploads\/2012\/09\/viewer.png","contentUrl":"https:\/\/sandzakpress.net\/arhiva\/wp-content\/uploads\/2012\/09\/viewer.png","width":793,"height":1046},{"@type":"BreadcrumbList","@id":"https:\/\/sandzakpress.net\/arhiva\/izasao-novi-broj-magazina-%e2%80%9cpan-bosnjak%e2%80%9d-2\/#breadcrumb","itemListElement":[{"@type":"ListItem","position":1,"name":"Home","item":"https:\/\/sandzakpress.net\/arhiva\/"},{"@type":"ListItem","position":2,"name":"Iza\u0161ao novi broj magazina \u201cPan Bo\u0161njak\u201d"}]},{"@type":"WebSite","@id":"https:\/\/sandzakpress.net\/arhiva\/#website","url":"https:\/\/sandzakpress.net\/arhiva\/","name":"Sand\u017eak PRESS","description":"Prve elektronske novine u Sand\u017eaku","publisher":{"@id":"https:\/\/sandzakpress.net\/arhiva\/#\/schema\/person\/6e72b67d6e51910a1117b3b483ba20bd"},"potentialAction":[{"@type":"SearchAction","target":{"@type":"EntryPoint","urlTemplate":"https:\/\/sandzakpress.net\/arhiva\/?s={search_term_string}"},"query-input":{"@type":"PropertyValueSpecification","valueRequired":true,"valueName":"search_term_string"}}],"inLanguage":"bs-BA"},{"@type":["Person","Organization"],"@id":"https:\/\/sandzakpress.net\/arhiva\/#\/schema\/person\/6e72b67d6e51910a1117b3b483ba20bd","name":"Kul","image":{"@type":"ImageObject","inLanguage":"bs-BA","@id":"https:\/\/sandzakpress.net\/arhiva\/#\/schema\/person\/image\/","url":"https:\/\/secure.gravatar.com\/avatar\/42263f39aa27ac04c43cab85c280eb2e?s=96&d=mm&r=pg","contentUrl":"https:\/\/secure.gravatar.com\/avatar\/42263f39aa27ac04c43cab85c280eb2e?s=96&d=mm&r=pg","caption":"Kul"},"logo":{"@id":"https:\/\/sandzakpress.net\/arhiva\/#\/schema\/person\/image\/"}},{"@type":"Person","@id":"https:\/\/sandzakpress.net\/arhiva\/#\/schema\/person\/c8baee722073534b583ea7bdb2e36c02","name":"bosniak","image":{"@type":"ImageObject","inLanguage":"bs-BA","@id":"https:\/\/sandzakpress.net\/arhiva\/#\/schema\/person\/image\/","url":"https:\/\/secure.gravatar.com\/avatar\/a04fd330bfe3a36a72a0ad4a6d89fca7?s=96&d=mm&r=pg","contentUrl":"https:\/\/secure.gravatar.com\/avatar\/a04fd330bfe3a36a72a0ad4a6d89fca7?s=96&d=mm&r=pg","caption":"bosniak"},"url":"https:\/\/sandzakpress.net\/arhiva\/author\/bosniak\/"}]}},"_links":{"self":[{"href":"https:\/\/sandzakpress.net\/arhiva\/wp-json\/wp\/v2\/posts\/51614"}],"collection":[{"href":"https:\/\/sandzakpress.net\/arhiva\/wp-json\/wp\/v2\/posts"}],"about":[{"href":"https:\/\/sandzakpress.net\/arhiva\/wp-json\/wp\/v2\/types\/post"}],"author":[{"embeddable":true,"href":"https:\/\/sandzakpress.net\/arhiva\/wp-json\/wp\/v2\/users\/83"}],"replies":[{"embeddable":true,"href":"https:\/\/sandzakpress.net\/arhiva\/wp-json\/wp\/v2\/comments?post=51614"}],"version-history":[{"count":0,"href":"https:\/\/sandzakpress.net\/arhiva\/wp-json\/wp\/v2\/posts\/51614\/revisions"}],"wp:featuredmedia":[{"embeddable":true,"href":"https:\/\/sandzakpress.net\/arhiva\/wp-json\/wp\/v2\/media\/51615"}],"wp:attachment":[{"href":"https:\/\/sandzakpress.net\/arhiva\/wp-json\/wp\/v2\/media?parent=51614"}],"wp:term":[{"taxonomy":"category","embeddable":true,"href":"https:\/\/sandzakpress.net\/arhiva\/wp-json\/wp\/v2\/categories?post=51614"},{"taxonomy":"post_tag","embeddable":true,"href":"https:\/\/sandzakpress.net\/arhiva\/wp-json\/wp\/v2\/tags?post=51614"}],"curies":[{"name":"wp","href":"https:\/\/api.w.org\/{rel}","templated":true}]}}