{"id":5150,"date":"2010-06-22T11:11:02","date_gmt":"2010-06-22T11:11:02","guid":{"rendered":"https:\/\/sandzakpress.net\/arhiva\/?p=5150"},"modified":"2010-06-22T11:11:02","modified_gmt":"2010-06-22T11:11:02","slug":"nista-od-politickog-jedinstva","status":"publish","type":"post","link":"https:\/\/sandzakpress.net\/arhiva\/nista-od-politickog-jedinstva\/","title":{"rendered":"Ni\u0161ta od politi\u010dkog jedinstva"},"content":{"rendered":"<p><strong><a href=\"https:\/\/sandzakpress.net\/arhiva\/wp-content\/uploads\/2010\/06\/Rifat_Veskovic_222.jpg\"><img loading=\"lazy\" decoding=\"async\" class=\"alignleft size-full wp-image-5151\" title=\"Rifat_Veskovic_222\" src=\"https:\/\/sandzakpress.net\/arhiva\/wp-content\/uploads\/2010\/06\/Rifat_Veskovic_222.jpg\" alt=\"\" width=\"290\" height=\"190\" \/><\/a>Bijelo Polje &#8211; Pona\u0161anje Socijalisti\u010dke narodne partije, Nove srpske demokratije i Pokreta za promjene je veliko razo\u010darenje. Opoziciona koalicija bez su\u0161tinskih transformacija ne mo\u017ee biti pandan vlasti \u2013 ka\u017ee se u pismu predsjednika Demokratske zajednice Muslimana i Bo\u0161njaka Rifata Veskovi\u0107a liderima opozicije.<\/strong><\/p>\n<p>&#8211; Kada su se za izbore 23. maja na listi Bolja Crna Gora ujedinili skoro svi opozicioni subjekti raznih politi\u010dkih profilacija, nijesam mogao povjerovati da \u0107e lideri parlamentarnih stranaka pokazati takav politi\u010dki diletantizam, egoizam i nedotatak sluha za politi\u010dko jedinstvo koje se tek za\u010delo u Crnoj Gori. Izgleda da je parlamentarna opozicija pozvala vanparlamentarne partije u koaliciju da bi ih asimilovala, marginalizovala i na kraju uni\u0161tila \u2013 ka\u017ee se u pismu Rifata Veskovi\u0107a.<\/p>\n<p>On dalje navodi da je predizbornim sporazumom dogovoren minimum uce\u0161\u0107a odborni\u010dkih kandidata DZMB sa po jednim \u010dlanom na listama u Podgorici, Beranama, Pljevljima, Bijelom Polju, uz podr\u0161ku listama koalicije u Ulcinju, Baru i Plavu, ali da od d\u017eentlmenskog dogovora skoro nema ni\u0161ta. On ka\u017ee da se uvjerio da koalicioni partneri nijesu imali iskrene namjere prema njima.<\/p>\n<p>&#8211; Sada naknadno pokazuju nekakve koalicione sporazume koje su sa predstavnicima op\u0161tinskih odbora u Pljevljima i Podgorici potpisilivali, \u0161to je neistina. Nikakve koalicione sporazume na op\u0161tinskim nivoima, bez saglasnosti centrale stranke, nijesu se mogli potpisati. Mi nijesmo u\u0161li u koaliciju iz \u0161i\u0107ard\u017eijskih pobuda na koje ste vi, izgleda, u startu ra\u010dunali. Mi smo u\u0161li u koaliciju iz drugih namjera &#8211; tvrdi Veskovi\u0107.<\/p>\n<p>&#8211; Imali smo ogromne pritiske, od vlasti i pripadnika naroda kome pripadamo, jer na\u0161 narod nije shvatio cilj na\u0161e politi\u010dke borbe, kao ni principe politi\u010dki heterogene opozicije. To nas i ne \u010dudi, nego neshvatanje na\u0161ih koalicionih partnera \u2013 kazao je on.<\/p>\n<p>Veskovi\u0107 u pismu navodi da i dalje pored svega vjeruje da je koalicija jedini na\u010din da se smijeni ,,kriminalni re\u017eim u Crnoj Gori&#8221;, ali da je to nemogu\u0107e bez su\u0161tinskih transformacija unutar koalicije i pravog istinskog dogovora svih njenih politi\u010dkih subjekata.<\/p>\n<p>Izvor: <strong>Pobjeda.co.me<\/strong><\/p>\n","protected":false},"excerpt":{"rendered":"<p>Bijelo Polje &#8211; Pona\u0161anje Socijalisti\u010dke narodne partije, Nove srpske demokratije i Pokreta za promjene je veliko razo\u010darenje. Opoziciona koalicija bez su\u0161tinskih transformacija ne mo\u017ee biti pandan vlasti \u2013 ka\u017ee se u pismu predsjednika Demokratske zajednice Muslimana i Bo\u0161njaka Rifata Veskovi\u0107a liderima opozicije. &#8211; Kada su se za izbore 23. maja na listi Bolja Crna Gora [&hellip;]<\/p>\n","protected":false},"author":83,"featured_media":5151,"comment_status":"open","ping_status":"open","sticky":false,"template":"","format":"standard","meta":{"footnotes":""},"categories":[1,396],"tags":[],"class_list":{"0":"post-5150","1":"post","2":"type-post","3":"status-publish","4":"format-standard","5":"has-post-thumbnail","7":"category-politika","8":"category-bijelo_polje"},"yoast_head":"<!-- This site is optimized with the Yoast SEO Premium plugin v23.1 (Yoast SEO v24.9) - https:\/\/yoast.com\/wordpress\/plugins\/seo\/ -->\n<title>Ni\u0161ta od politi\u010dkog jedinstva<\/title>\n<meta name=\"robots\" content=\"index, follow, max-snippet:-1, max-image-preview:large, max-video-preview:-1\" \/>\n<link rel=\"canonical\" href=\"https:\/\/sandzakpress.net\/arhiva\/nista-od-politickog-jedinstva\/\" \/>\n<meta property=\"og:locale\" content=\"bs_BA\" \/>\n<meta property=\"og:type\" content=\"article\" \/>\n<meta property=\"og:title\" content=\"Ni\u0161ta od politi\u010dkog jedinstva\" \/>\n<meta property=\"og:description\" content=\"Bijelo Polje &#8211; Pona\u0161anje Socijalisti\u010dke narodne partije, Nove srpske demokratije i Pokreta za promjene je veliko razo\u010darenje. Opoziciona koalicija bez su\u0161tinskih transformacija ne mo\u017ee biti pandan vlasti \u2013 ka\u017ee se u pismu predsjednika Demokratske zajednice Muslimana i Bo\u0161njaka Rifata Veskovi\u0107a liderima opozicije. &#8211; Kada su se za izbore 23. maja na listi Bolja Crna Gora [&hellip;]\" \/>\n<meta property=\"og:url\" content=\"https:\/\/sandzakpress.net\/arhiva\/nista-od-politickog-jedinstva\/\" \/>\n<meta property=\"og:site_name\" content=\"Sand\u017eak PRESS\" \/>\n<meta property=\"article:published_time\" content=\"2010-06-22T11:11:02+00:00\" \/>\n<meta property=\"og:image\" content=\"https:\/\/sandzakpress.net\/arhiva\/wp-content\/uploads\/2010\/06\/Rifat_Veskovic_222.jpg\" \/>\n\t<meta property=\"og:image:width\" content=\"290\" \/>\n\t<meta property=\"og:image:height\" content=\"190\" \/>\n\t<meta property=\"og:image:type\" content=\"image\/jpeg\" \/>\n<meta name=\"author\" content=\"bosniak\" \/>\n<meta name=\"twitter:card\" content=\"summary_large_image\" \/>\n<meta name=\"twitter:label1\" content=\"Written by\" \/>\n\t<meta name=\"twitter:data1\" content=\"bosniak\" \/>\n\t<meta name=\"twitter:label2\" content=\"Est. reading time\" \/>\n\t<meta name=\"twitter:data2\" content=\"2 minute\" \/>\n<script type=\"application\/ld+json\" class=\"yoast-schema-graph\">{\"@context\":\"https:\/\/schema.org\",\"@graph\":[{\"@type\":\"Article\",\"@id\":\"https:\/\/sandzakpress.net\/arhiva\/nista-od-politickog-jedinstva\/#article\",\"isPartOf\":{\"@id\":\"https:\/\/sandzakpress.net\/arhiva\/nista-od-politickog-jedinstva\/\"},\"author\":{\"name\":\"bosniak\",\"@id\":\"https:\/\/sandzakpress.net\/arhiva\/#\/schema\/person\/c8baee722073534b583ea7bdb2e36c02\"},\"headline\":\"Ni\u0161ta od politi\u010dkog jedinstva\",\"datePublished\":\"2010-06-22T11:11:02+00:00\",\"mainEntityOfPage\":{\"@id\":\"https:\/\/sandzakpress.net\/arhiva\/nista-od-politickog-jedinstva\/\"},\"wordCount\":358,\"commentCount\":0,\"publisher\":{\"@id\":\"https:\/\/sandzakpress.net\/arhiva\/#\/schema\/person\/6e72b67d6e51910a1117b3b483ba20bd\"},\"image\":{\"@id\":\"https:\/\/sandzakpress.net\/arhiva\/nista-od-politickog-jedinstva\/#primaryimage\"},\"thumbnailUrl\":\"https:\/\/sandzakpress.net\/arhiva\/wp-content\/uploads\/2010\/06\/Rifat_Veskovic_222.jpg\",\"articleSection\":[\"Politika\",\"Bijelo Polje\"],\"inLanguage\":\"bs-BA\",\"potentialAction\":[{\"@type\":\"CommentAction\",\"name\":\"Comment\",\"target\":[\"https:\/\/sandzakpress.net\/arhiva\/nista-od-politickog-jedinstva\/#respond\"]}]},{\"@type\":\"WebPage\",\"@id\":\"https:\/\/sandzakpress.net\/arhiva\/nista-od-politickog-jedinstva\/\",\"url\":\"https:\/\/sandzakpress.net\/arhiva\/nista-od-politickog-jedinstva\/\",\"name\":\"Ni\u0161ta od politi\u010dkog jedinstva\",\"isPartOf\":{\"@id\":\"https:\/\/sandzakpress.net\/arhiva\/#website\"},\"primaryImageOfPage\":{\"@id\":\"https:\/\/sandzakpress.net\/arhiva\/nista-od-politickog-jedinstva\/#primaryimage\"},\"image\":{\"@id\":\"https:\/\/sandzakpress.net\/arhiva\/nista-od-politickog-jedinstva\/#primaryimage\"},\"thumbnailUrl\":\"https:\/\/sandzakpress.net\/arhiva\/wp-content\/uploads\/2010\/06\/Rifat_Veskovic_222.jpg\",\"datePublished\":\"2010-06-22T11:11:02+00:00\",\"breadcrumb\":{\"@id\":\"https:\/\/sandzakpress.net\/arhiva\/nista-od-politickog-jedinstva\/#breadcrumb\"},\"inLanguage\":\"bs-BA\",\"potentialAction\":[{\"@type\":\"ReadAction\",\"target\":[\"https:\/\/sandzakpress.net\/arhiva\/nista-od-politickog-jedinstva\/\"]}]},{\"@type\":\"ImageObject\",\"inLanguage\":\"bs-BA\",\"@id\":\"https:\/\/sandzakpress.net\/arhiva\/nista-od-politickog-jedinstva\/#primaryimage\",\"url\":\"https:\/\/sandzakpress.net\/arhiva\/wp-content\/uploads\/2010\/06\/Rifat_Veskovic_222.jpg\",\"contentUrl\":\"https:\/\/sandzakpress.net\/arhiva\/wp-content\/uploads\/2010\/06\/Rifat_Veskovic_222.jpg\",\"width\":290,\"height\":190},{\"@type\":\"BreadcrumbList\",\"@id\":\"https:\/\/sandzakpress.net\/arhiva\/nista-od-politickog-jedinstva\/#breadcrumb\",\"itemListElement\":[{\"@type\":\"ListItem\",\"position\":1,\"name\":\"Home\",\"item\":\"https:\/\/sandzakpress.net\/arhiva\/\"},{\"@type\":\"ListItem\",\"position\":2,\"name\":\"Ni\u0161ta od politi\u010dkog jedinstva\"}]},{\"@type\":\"WebSite\",\"@id\":\"https:\/\/sandzakpress.net\/arhiva\/#website\",\"url\":\"https:\/\/sandzakpress.net\/arhiva\/\",\"name\":\"Sand\u017eak PRESS\",\"description\":\"Prve elektronske novine u Sand\u017eaku\",\"publisher\":{\"@id\":\"https:\/\/sandzakpress.net\/arhiva\/#\/schema\/person\/6e72b67d6e51910a1117b3b483ba20bd\"},\"potentialAction\":[{\"@type\":\"SearchAction\",\"target\":{\"@type\":\"EntryPoint\",\"urlTemplate\":\"https:\/\/sandzakpress.net\/arhiva\/?s={search_term_string}\"},\"query-input\":{\"@type\":\"PropertyValueSpecification\",\"valueRequired\":true,\"valueName\":\"search_term_string\"}}],\"inLanguage\":\"bs-BA\"},{\"@type\":[\"Person\",\"Organization\"],\"@id\":\"https:\/\/sandzakpress.net\/arhiva\/#\/schema\/person\/6e72b67d6e51910a1117b3b483ba20bd\",\"name\":\"Kul\",\"image\":{\"@type\":\"ImageObject\",\"inLanguage\":\"bs-BA\",\"@id\":\"https:\/\/sandzakpress.net\/arhiva\/#\/schema\/person\/image\/\",\"url\":\"https:\/\/secure.gravatar.com\/avatar\/42263f39aa27ac04c43cab85c280eb2e?s=96&d=mm&r=pg\",\"contentUrl\":\"https:\/\/secure.gravatar.com\/avatar\/42263f39aa27ac04c43cab85c280eb2e?s=96&d=mm&r=pg\",\"caption\":\"Kul\"},\"logo\":{\"@id\":\"https:\/\/sandzakpress.net\/arhiva\/#\/schema\/person\/image\/\"}},{\"@type\":\"Person\",\"@id\":\"https:\/\/sandzakpress.net\/arhiva\/#\/schema\/person\/c8baee722073534b583ea7bdb2e36c02\",\"name\":\"bosniak\",\"image\":{\"@type\":\"ImageObject\",\"inLanguage\":\"bs-BA\",\"@id\":\"https:\/\/sandzakpress.net\/arhiva\/#\/schema\/person\/image\/\",\"url\":\"https:\/\/secure.gravatar.com\/avatar\/a04fd330bfe3a36a72a0ad4a6d89fca7?s=96&d=mm&r=pg\",\"contentUrl\":\"https:\/\/secure.gravatar.com\/avatar\/a04fd330bfe3a36a72a0ad4a6d89fca7?s=96&d=mm&r=pg\",\"caption\":\"bosniak\"},\"url\":\"https:\/\/sandzakpress.net\/arhiva\/author\/bosniak\/\"}]}<\/script>\n<!-- \/ Yoast SEO Premium plugin. -->","yoast_head_json":{"title":"Ni\u0161ta od politi\u010dkog jedinstva","robots":{"index":"index","follow":"follow","max-snippet":"max-snippet:-1","max-image-preview":"max-image-preview:large","max-video-preview":"max-video-preview:-1"},"canonical":"https:\/\/sandzakpress.net\/arhiva\/nista-od-politickog-jedinstva\/","og_locale":"bs_BA","og_type":"article","og_title":"Ni\u0161ta od politi\u010dkog jedinstva","og_description":"Bijelo Polje &#8211; Pona\u0161anje Socijalisti\u010dke narodne partije, Nove srpske demokratije i Pokreta za promjene je veliko razo\u010darenje. Opoziciona koalicija bez su\u0161tinskih transformacija ne mo\u017ee biti pandan vlasti \u2013 ka\u017ee se u pismu predsjednika Demokratske zajednice Muslimana i Bo\u0161njaka Rifata Veskovi\u0107a liderima opozicije. &#8211; Kada su se za izbore 23. maja na listi Bolja Crna Gora [&hellip;]","og_url":"https:\/\/sandzakpress.net\/arhiva\/nista-od-politickog-jedinstva\/","og_site_name":"Sand\u017eak PRESS","article_published_time":"2010-06-22T11:11:02+00:00","og_image":[{"width":290,"height":190,"url":"https:\/\/sandzakpress.net\/arhiva\/wp-content\/uploads\/2010\/06\/Rifat_Veskovic_222.jpg","type":"image\/jpeg"}],"author":"bosniak","twitter_card":"summary_large_image","twitter_misc":{"Written by":"bosniak","Est. reading time":"2 minute"},"schema":{"@context":"https:\/\/schema.org","@graph":[{"@type":"Article","@id":"https:\/\/sandzakpress.net\/arhiva\/nista-od-politickog-jedinstva\/#article","isPartOf":{"@id":"https:\/\/sandzakpress.net\/arhiva\/nista-od-politickog-jedinstva\/"},"author":{"name":"bosniak","@id":"https:\/\/sandzakpress.net\/arhiva\/#\/schema\/person\/c8baee722073534b583ea7bdb2e36c02"},"headline":"Ni\u0161ta od politi\u010dkog jedinstva","datePublished":"2010-06-22T11:11:02+00:00","mainEntityOfPage":{"@id":"https:\/\/sandzakpress.net\/arhiva\/nista-od-politickog-jedinstva\/"},"wordCount":358,"commentCount":0,"publisher":{"@id":"https:\/\/sandzakpress.net\/arhiva\/#\/schema\/person\/6e72b67d6e51910a1117b3b483ba20bd"},"image":{"@id":"https:\/\/sandzakpress.net\/arhiva\/nista-od-politickog-jedinstva\/#primaryimage"},"thumbnailUrl":"https:\/\/sandzakpress.net\/arhiva\/wp-content\/uploads\/2010\/06\/Rifat_Veskovic_222.jpg","articleSection":["Politika","Bijelo Polje"],"inLanguage":"bs-BA","potentialAction":[{"@type":"CommentAction","name":"Comment","target":["https:\/\/sandzakpress.net\/arhiva\/nista-od-politickog-jedinstva\/#respond"]}]},{"@type":"WebPage","@id":"https:\/\/sandzakpress.net\/arhiva\/nista-od-politickog-jedinstva\/","url":"https:\/\/sandzakpress.net\/arhiva\/nista-od-politickog-jedinstva\/","name":"Ni\u0161ta od politi\u010dkog jedinstva","isPartOf":{"@id":"https:\/\/sandzakpress.net\/arhiva\/#website"},"primaryImageOfPage":{"@id":"https:\/\/sandzakpress.net\/arhiva\/nista-od-politickog-jedinstva\/#primaryimage"},"image":{"@id":"https:\/\/sandzakpress.net\/arhiva\/nista-od-politickog-jedinstva\/#primaryimage"},"thumbnailUrl":"https:\/\/sandzakpress.net\/arhiva\/wp-content\/uploads\/2010\/06\/Rifat_Veskovic_222.jpg","datePublished":"2010-06-22T11:11:02+00:00","breadcrumb":{"@id":"https:\/\/sandzakpress.net\/arhiva\/nista-od-politickog-jedinstva\/#breadcrumb"},"inLanguage":"bs-BA","potentialAction":[{"@type":"ReadAction","target":["https:\/\/sandzakpress.net\/arhiva\/nista-od-politickog-jedinstva\/"]}]},{"@type":"ImageObject","inLanguage":"bs-BA","@id":"https:\/\/sandzakpress.net\/arhiva\/nista-od-politickog-jedinstva\/#primaryimage","url":"https:\/\/sandzakpress.net\/arhiva\/wp-content\/uploads\/2010\/06\/Rifat_Veskovic_222.jpg","contentUrl":"https:\/\/sandzakpress.net\/arhiva\/wp-content\/uploads\/2010\/06\/Rifat_Veskovic_222.jpg","width":290,"height":190},{"@type":"BreadcrumbList","@id":"https:\/\/sandzakpress.net\/arhiva\/nista-od-politickog-jedinstva\/#breadcrumb","itemListElement":[{"@type":"ListItem","position":1,"name":"Home","item":"https:\/\/sandzakpress.net\/arhiva\/"},{"@type":"ListItem","position":2,"name":"Ni\u0161ta od politi\u010dkog jedinstva"}]},{"@type":"WebSite","@id":"https:\/\/sandzakpress.net\/arhiva\/#website","url":"https:\/\/sandzakpress.net\/arhiva\/","name":"Sand\u017eak PRESS","description":"Prve elektronske novine u Sand\u017eaku","publisher":{"@id":"https:\/\/sandzakpress.net\/arhiva\/#\/schema\/person\/6e72b67d6e51910a1117b3b483ba20bd"},"potentialAction":[{"@type":"SearchAction","target":{"@type":"EntryPoint","urlTemplate":"https:\/\/sandzakpress.net\/arhiva\/?s={search_term_string}"},"query-input":{"@type":"PropertyValueSpecification","valueRequired":true,"valueName":"search_term_string"}}],"inLanguage":"bs-BA"},{"@type":["Person","Organization"],"@id":"https:\/\/sandzakpress.net\/arhiva\/#\/schema\/person\/6e72b67d6e51910a1117b3b483ba20bd","name":"Kul","image":{"@type":"ImageObject","inLanguage":"bs-BA","@id":"https:\/\/sandzakpress.net\/arhiva\/#\/schema\/person\/image\/","url":"https:\/\/secure.gravatar.com\/avatar\/42263f39aa27ac04c43cab85c280eb2e?s=96&d=mm&r=pg","contentUrl":"https:\/\/secure.gravatar.com\/avatar\/42263f39aa27ac04c43cab85c280eb2e?s=96&d=mm&r=pg","caption":"Kul"},"logo":{"@id":"https:\/\/sandzakpress.net\/arhiva\/#\/schema\/person\/image\/"}},{"@type":"Person","@id":"https:\/\/sandzakpress.net\/arhiva\/#\/schema\/person\/c8baee722073534b583ea7bdb2e36c02","name":"bosniak","image":{"@type":"ImageObject","inLanguage":"bs-BA","@id":"https:\/\/sandzakpress.net\/arhiva\/#\/schema\/person\/image\/","url":"https:\/\/secure.gravatar.com\/avatar\/a04fd330bfe3a36a72a0ad4a6d89fca7?s=96&d=mm&r=pg","contentUrl":"https:\/\/secure.gravatar.com\/avatar\/a04fd330bfe3a36a72a0ad4a6d89fca7?s=96&d=mm&r=pg","caption":"bosniak"},"url":"https:\/\/sandzakpress.net\/arhiva\/author\/bosniak\/"}]}},"_links":{"self":[{"href":"https:\/\/sandzakpress.net\/arhiva\/wp-json\/wp\/v2\/posts\/5150"}],"collection":[{"href":"https:\/\/sandzakpress.net\/arhiva\/wp-json\/wp\/v2\/posts"}],"about":[{"href":"https:\/\/sandzakpress.net\/arhiva\/wp-json\/wp\/v2\/types\/post"}],"author":[{"embeddable":true,"href":"https:\/\/sandzakpress.net\/arhiva\/wp-json\/wp\/v2\/users\/83"}],"replies":[{"embeddable":true,"href":"https:\/\/sandzakpress.net\/arhiva\/wp-json\/wp\/v2\/comments?post=5150"}],"version-history":[{"count":0,"href":"https:\/\/sandzakpress.net\/arhiva\/wp-json\/wp\/v2\/posts\/5150\/revisions"}],"wp:featuredmedia":[{"embeddable":true,"href":"https:\/\/sandzakpress.net\/arhiva\/wp-json\/wp\/v2\/media\/5151"}],"wp:attachment":[{"href":"https:\/\/sandzakpress.net\/arhiva\/wp-json\/wp\/v2\/media?parent=5150"}],"wp:term":[{"taxonomy":"category","embeddable":true,"href":"https:\/\/sandzakpress.net\/arhiva\/wp-json\/wp\/v2\/categories?post=5150"},{"taxonomy":"post_tag","embeddable":true,"href":"https:\/\/sandzakpress.net\/arhiva\/wp-json\/wp\/v2\/tags?post=5150"}],"curies":[{"name":"wp","href":"https:\/\/api.w.org\/{rel}","templated":true}]}}